{"id":1400,"date":"2008-09-04T21:20:49","date_gmt":"2008-09-05T04:20:49","guid":{"rendered":"http:\/\/www.elojocojo.org\/blog2\/?p=1400"},"modified":"2025-09-22T23:10:45","modified_gmt":"2025-09-22T21:10:45","slug":"hiyab","status":"publish","type":"post","link":"https:\/\/elojocojo.org\/hiyab\/","title":{"rendered":"Hiyab"},"content":{"rendered":"<p>T\u00cdTULO: Hiyab<br \/>T\u00cdTULO ORIGINAL: Hiyab<br \/>A\u00d1O: 2005<br \/>DIRECTOR: Xavi Sala<br \/>G\u00c9NERO: Ficci\u00f3n<br \/>DURACI\u00d3N: 8\u2019<br \/>PA\u00cdS: Espa\u00f1a<br \/>FORMATO ORIGINAL: Cine 35 mm<br \/>TIPO: Color<br \/>IDIOMA ORIGINAL: Castellano<br \/>INT\u00c9RPRETES: Ana Wagener, Lorena Rosado y Jos\u00e9 Luis Torrijo<br \/>PRODUCCI\u00d3N: Xavi Sala<br \/>GUI\u00d3N: Xavi Sala<br \/>DIRECCI\u00d3N DE FOTOGRAF\u00cdA: Ignacio Gim\u00e9nez Rico<br \/>EDICI\u00d3N\/MONTAJE: Nino Mart\u00ednez Sosa<br \/>SONIDO: Alex F. Capilla<br \/>M\u00daSICA: Coke Rioboo<\/p>\n<h2>Sinopsis:<\/h2>\n<h2 data-start=\"156\" data-end=\"196\"><strong data-start=\"160\" data-end=\"196\">El Aula como Campo de Batalla<\/strong><\/h2>\n<p data-start=\"198\" data-end=\"539\">F\u00e1tima entra al aula como cada ma\u00f1ana, con su cuaderno, su mochila\u2026 y su velo. Para ella, es parte de su identidad, de su fe, de su familia. Pero ese d\u00eda algo cambia. Su profesora la detiene en la puerta y le pide que se lo quite. F\u00e1tima, tranquila pero firme, se niega. Comienza as\u00ed un conflicto que va m\u00e1s all\u00e1 de un simple pedazo de tela.<\/p>\n<h2 data-start=\"198\" data-end=\"539\"><strong data-start=\"545\" data-end=\"570\">M\u00e1s que una Prenda<\/strong><\/h2>\n<p data-start=\"572\" data-end=\"917\">Para F\u00e1tima, el velo no es una imposici\u00f3n ni una moda. Es elecci\u00f3n, es pertenencia. Es la manera en que expresa su fe en un mundo que muchas veces no la comprende. Sin embargo, en la mirada de algunos adultos, el velo representa lo opuesto: sumisi\u00f3n, diferencia, amenaza. Dos mundos chocan en el aula, frente a una clase que observa en silencio.<\/p>\n<h2 data-start=\"919\" data-end=\"949\"><strong data-start=\"923\" data-end=\"949\">La Voz que No Calla<\/strong><\/h2>\n<p data-start=\"951\" data-end=\"1241\">A pesar de la presi\u00f3n, F\u00e1tima no cede. No levanta la voz, pero sus palabras son claras. No busca confrontar, sino explicar. Exige respeto, no privilegios. Quiere aprender, no esconderse. Frente a la autoridad, se mantiene firme, recordando que la escuela tambi\u00e9n deber\u00eda ense\u00f1ar a convivir.<\/p>\n<h2 data-start=\"1243\" data-end=\"1271\"><strong data-start=\"1247\" data-end=\"1271\">Ecos del Silencio<\/strong><\/h2>\n<p data-start=\"1273\" data-end=\"1541\">Sus compa\u00f1eros dudan, murmuran. Algunos bajan la mirada, otros la apoyan en privado. El silencio pesa m\u00e1s que el grito. En casa, F\u00e1tima llora, pero no se arrepiente. Sabe que no est\u00e1 sola, aunque a veces as\u00ed lo parezca. Su familia la abraza. Su convicci\u00f3n la sostiene.<\/p>\n<h2 data-start=\"1543\" data-end=\"1576\"><strong data-start=\"1547\" data-end=\"1576\">Una Lecci\u00f3n Inesperada<\/strong><\/h2>\n<p data-start=\"1578\" data-end=\"1811\">La profesora, lentamente, comienza a escuchar. No entiende del todo, pero algo cambia. F\u00e1tima no solo defendi\u00f3 su derecho, tambi\u00e9n abri\u00f3 una puerta. Una lecci\u00f3n que no estaba en el temario: la del respeto, la identidad y la dignidad.<\/p>\n<p>Palmar\u00e9s:<br \/>&#8211;\u00a0\u00a0\u00a0 Premio Valores Humanos y Sociales Festival de Cortometrajes Caja Madrid 2006<br \/>&#8211;\u00a0\u00a0\u00a0 Primer Premio Festival de Cortometrajes de Madrid<\/p>\n<p><img decoding=\"async\" class=\"aligncenter\" src=\"https:\/\/elojocojo.org\/wp-content\/uploads\/2020\/05\/Hiyab_C-744008773-large-299x360.jpg\" alt=\"La imagen actual no tiene texto alternativo. El nombre del archivo es: Hiyab_C-744008773-large-scaled.jpg\" \/><\/p>\n\n\n<p>El filme Hiyab particip\u00f3 en la edici\u00f3n <strong>2007<\/strong> del <a href=\"https:\/\/elojocojo.org\/category\/festival-2007\/\"><strong>Festival de cine el ojO cojo<\/strong> <\/a>en ese sentido nos sentimos honrados de haberla exhibido.<\/p>\n\n\n\n<p>Visita nuestro <a href=\"https:\/\/el-ojocojo.blogspot.com\/\">blog<\/a><\/p>\n\n\n\n<p><\/p>\n","protected":false},"excerpt":{"rendered":"<p>F\u00e1tima, una adolescente, se enfrenta a su profesora del instituto porque no quiere quitarse el velo isl\u00e1mico. <\/p>\n","protected":false},"author":3,"featured_media":21218,"comment_status":"closed","ping_status":"open","sticky":false,"template":"","format":"standard","meta":{"_monsterinsights_skip_tracking":false,"_monsterinsights_sitenote_active":false,"_monsterinsights_sitenote_note":"","_monsterinsights_sitenote_category":0,"footnotes":""},"categories":[1460,983,30],"tags":[1923,895,26,892,995,1403,138,2119,2191,1981,1982,1628,1547,998,1086,1231,123],"class_list":{"0":"post-1400","1":"post","2":"type-post","3":"status-publish","4":"format-standard","5":"has-post-thumbnail","7":"category-cortometraje","8":"category-festival-2007","9":"category-ficcion","10":"tag-1923","11":"tag-adolescentes","12":"tag-discriminacion","13":"tag-diversidad-cultural","14":"tag-educacion","15":"tag-educacion-de-calidad","16":"tag-espana","17":"tag-espanol","18":"tag-esperanza","19":"tag-festival-de-cine","20":"tag-festival-el-ojo-cojo","21":"tag-ficcion","22":"tag-guerra","23":"tag-interculturalidad","24":"tag-paz-y-justicia-e-instituciones-solidas","25":"tag-reduccion-de-las-desigualdades","26":"tag-religion","27":"czr-hentry"},"yoast_head":"<!-- This site is optimized with the Yoast SEO plugin v27.1.1 - https:\/\/yoast.com\/product\/yoast-seo-wordpress\/ -->\n<title>Hiyab - el ojO cojo<\/title>\n<meta name=\"description\" content=\"Pel\u00edcula Hiyab exhibida en la edici\u00f3n 2007 del Festival el ojO cojo. Pa\u00eds de origen, Espa\u00f1a. Dirigido por Xavi Sala.\" \/>\n<meta name=\"robots\" content=\"index, follow, max-snippet:-1, max-image-preview:large, max-video-preview:-1\" \/>\n<link rel=\"canonical\" href=\"https:\/\/elojocojo.org\/hiyab\/\" \/>\n<meta property=\"og:locale\" content=\"es_ES\" \/>\n<meta property=\"og:type\" content=\"article\" \/>\n<meta property=\"og:title\" content=\"Hiyab - el ojO cojo\" \/>\n<meta property=\"og:description\" content=\"Pel\u00edcula Hiyab exhibida en la edici\u00f3n 2007 del Festival el ojO cojo. Pa\u00eds de origen, Espa\u00f1a. Dirigido por Xavi Sala.\" \/>\n<meta property=\"og:url\" content=\"https:\/\/elojocojo.org\/hiyab\/\" \/>\n<meta property=\"og:site_name\" content=\"el ojO cojo\" \/>\n<meta property=\"article:publisher\" content=\"https:\/\/www.facebook.com\/elojocojo\" \/>\n<meta property=\"article:published_time\" content=\"2008-09-05T04:20:49+00:00\" \/>\n<meta property=\"article:modified_time\" content=\"2025-09-22T21:10:45+00:00\" \/>\n<meta property=\"og:image\" content=\"https:\/\/elojocojo.org\/wp-content\/uploads\/2020\/05\/Hiyab_C-744008773-large-scaled.jpg\" \/>\n\t<meta property=\"og:image:width\" content=\"391\" \/>\n\t<meta property=\"og:image:height\" content=\"470\" \/>\n\t<meta property=\"og:image:type\" content=\"image\/jpeg\" \/>\n<meta name=\"twitter:card\" content=\"summary_large_image\" \/>\n<meta name=\"twitter:creator\" content=\"@elojocojo\" \/>\n<meta name=\"twitter:site\" content=\"@elojocojo\" \/>\n<meta name=\"twitter:label1\" content=\"Escrito por\" \/>\n\t<meta name=\"twitter:data1\" content=\"\" \/>\n\t<meta name=\"twitter:label2\" content=\"Tiempo de lectura\" \/>\n\t<meta name=\"twitter:data2\" content=\"2 minutos\" \/>\n<script type=\"application\/ld+json\" class=\"yoast-schema-graph\">{\"@context\":\"https:\/\/schema.org\",\"@graph\":[{\"@type\":\"Article\",\"@id\":\"https:\/\/elojocojo.org\/hiyab\/#article\",\"isPartOf\":{\"@id\":\"https:\/\/elojocojo.org\/hiyab\/\"},\"author\":{\"name\":\"\",\"@id\":\"\"},\"headline\":\"Hiyab\",\"datePublished\":\"2008-09-05T04:20:49+00:00\",\"dateModified\":\"2025-09-22T21:10:45+00:00\",\"mainEntityOfPage\":{\"@id\":\"https:\/\/elojocojo.org\/hiyab\/\"},\"wordCount\":414,\"publisher\":{\"@id\":\"https:\/\/elojocojo.org\/#organization\"},\"image\":{\"@id\":\"https:\/\/elojocojo.org\/hiyab\/#primaryimage\"},\"thumbnailUrl\":\"https:\/\/elojocojo.org\/wp-content\/uploads\/2020\/05\/Hiyab_C-744008773-large-scaled.jpg\",\"keywords\":[\"2007\",\"Adolescentes\",\"discriminaci\u00f3n\",\"diversidad cultural\",\"educaci\u00f3n\",\"Educaci\u00f3n de calidad\",\"Espa\u00f1a\",\"espa\u00f1ol\",\"esperanza\",\"festival de cine\",\"Festival el Ojo cojo\",\"ficci\u00f3n\",\"guerra\",\"interculturalidad\",\"Paz y justicia e instituciones s\u00f3lidas\",\"Reducci\u00f3n de las desigualdades\",\"religi\u00f3n\"],\"articleSection\":[\"Cortometraje\",\"Festival 2007\",\"Ficci\u00f3n\"],\"inLanguage\":\"es\"},{\"@type\":\"WebPage\",\"@id\":\"https:\/\/elojocojo.org\/hiyab\/\",\"url\":\"https:\/\/elojocojo.org\/hiyab\/\",\"name\":\"Hiyab - el ojO cojo\",\"isPartOf\":{\"@id\":\"https:\/\/elojocojo.org\/#website\"},\"primaryImageOfPage\":{\"@id\":\"https:\/\/elojocojo.org\/hiyab\/#primaryimage\"},\"image\":{\"@id\":\"https:\/\/elojocojo.org\/hiyab\/#primaryimage\"},\"thumbnailUrl\":\"https:\/\/elojocojo.org\/wp-content\/uploads\/2020\/05\/Hiyab_C-744008773-large-scaled.jpg\",\"datePublished\":\"2008-09-05T04:20:49+00:00\",\"dateModified\":\"2025-09-22T21:10:45+00:00\",\"description\":\"Pel\u00edcula Hiyab exhibida en la edici\u00f3n 2007 del Festival el ojO cojo. Pa\u00eds de origen, Espa\u00f1a. Dirigido por Xavi Sala.\",\"breadcrumb\":{\"@id\":\"https:\/\/elojocojo.org\/hiyab\/#breadcrumb\"},\"inLanguage\":\"es\",\"potentialAction\":[{\"@type\":\"ReadAction\",\"target\":[\"https:\/\/elojocojo.org\/hiyab\/\"]}]},{\"@type\":\"ImageObject\",\"inLanguage\":\"es\",\"@id\":\"https:\/\/elojocojo.org\/hiyab\/#primaryimage\",\"url\":\"https:\/\/elojocojo.org\/wp-content\/uploads\/2020\/05\/Hiyab_C-744008773-large-scaled.jpg\",\"contentUrl\":\"https:\/\/elojocojo.org\/wp-content\/uploads\/2020\/05\/Hiyab_C-744008773-large-scaled.jpg\",\"width\":391,\"height\":470},{\"@type\":\"BreadcrumbList\",\"@id\":\"https:\/\/elojocojo.org\/hiyab\/#breadcrumb\",\"itemListElement\":[{\"@type\":\"ListItem\",\"position\":1,\"name\":\"Portada\",\"item\":\"https:\/\/elojocojo.org\/\"},{\"@type\":\"ListItem\",\"position\":2,\"name\":\"2007\",\"item\":\"https:\/\/elojocojo.org\/tag\/2007\/\"},{\"@type\":\"ListItem\",\"position\":3,\"name\":\"Hiyab\"}]},{\"@type\":\"WebSite\",\"@id\":\"https:\/\/elojocojo.org\/#website\",\"url\":\"https:\/\/elojocojo.org\/\",\"name\":\"el ojO cojo\",\"description\":\"Todos estamos hechos de la misma esencia\",\"publisher\":{\"@id\":\"https:\/\/elojocojo.org\/#organization\"},\"potentialAction\":[{\"@type\":\"SearchAction\",\"target\":{\"@type\":\"EntryPoint\",\"urlTemplate\":\"https:\/\/elojocojo.org\/?s={search_term_string}\"},\"query-input\":{\"@type\":\"PropertyValueSpecification\",\"valueRequired\":true,\"valueName\":\"search_term_string\"}}],\"inLanguage\":\"es\"},{\"@type\":\"Organization\",\"@id\":\"https:\/\/elojocojo.org\/#organization\",\"name\":\"Meigas da r\u00faa\",\"url\":\"https:\/\/elojocojo.org\/\",\"logo\":{\"@type\":\"ImageObject\",\"inLanguage\":\"es\",\"@id\":\"https:\/\/elojocojo.org\/#\/schema\/logo\/image\/\",\"url\":\"https:\/\/meigasdarua.org\/wp-content\/uploads\/2020\/09\/cropped-logo-meigas-5.png\",\"contentUrl\":\"https:\/\/meigasdarua.org\/wp-content\/uploads\/2020\/09\/cropped-logo-meigas-5.png\",\"width\":109,\"height\":200,\"caption\":\"Meigas da r\u00faa\"},\"image\":{\"@id\":\"https:\/\/elojocojo.org\/#\/schema\/logo\/image\/\"},\"sameAs\":[\"https:\/\/www.facebook.com\/elojocojo\",\"https:\/\/x.com\/elojocojo\",\"https:\/\/www.instagram.com\/elojocojo\/?hl=es\",\"https:\/\/www.linkedin.com\/in\/el-ojo-cojo-b52b7769\/\",\"https:\/\/www.pinterest.es\/elojocojo\/_saved\/\",\"https:\/\/www.youtube.com\/channel\/UCkFtFTV0Bms7zH7vq8FZxZg\"]},{\"@type\":\"Person\",\"@id\":\"\",\"url\":\"https:\/\/elojocojo.org\/author\/\"}]}<\/script>\n<!-- \/ Yoast SEO plugin. -->","yoast_head_json":{"title":"Hiyab - el ojO cojo","description":"Pel\u00edcula Hiyab exhibida en la edici\u00f3n 2007 del Festival el ojO cojo. Pa\u00eds de origen, Espa\u00f1a. Dirigido por Xavi Sala.","robots":{"index":"index","follow":"follow","max-snippet":"max-snippet:-1","max-image-preview":"max-image-preview:large","max-video-preview":"max-video-preview:-1"},"canonical":"https:\/\/elojocojo.org\/hiyab\/","og_locale":"es_ES","og_type":"article","og_title":"Hiyab - el ojO cojo","og_description":"Pel\u00edcula Hiyab exhibida en la edici\u00f3n 2007 del Festival el ojO cojo. Pa\u00eds de origen, Espa\u00f1a. Dirigido por Xavi Sala.","og_url":"https:\/\/elojocojo.org\/hiyab\/","og_site_name":"el ojO cojo","article_publisher":"https:\/\/www.facebook.com\/elojocojo","article_published_time":"2008-09-05T04:20:49+00:00","article_modified_time":"2025-09-22T21:10:45+00:00","og_image":[{"width":391,"height":470,"url":"https:\/\/elojocojo.org\/wp-content\/uploads\/2020\/05\/Hiyab_C-744008773-large-scaled.jpg","type":"image\/jpeg"}],"twitter_card":"summary_large_image","twitter_creator":"@elojocojo","twitter_site":"@elojocojo","twitter_misc":{"Escrito por":"","Tiempo de lectura":"2 minutos"},"schema":{"@context":"https:\/\/schema.org","@graph":[{"@type":"Article","@id":"https:\/\/elojocojo.org\/hiyab\/#article","isPartOf":{"@id":"https:\/\/elojocojo.org\/hiyab\/"},"author":{"name":"","@id":""},"headline":"Hiyab","datePublished":"2008-09-05T04:20:49+00:00","dateModified":"2025-09-22T21:10:45+00:00","mainEntityOfPage":{"@id":"https:\/\/elojocojo.org\/hiyab\/"},"wordCount":414,"publisher":{"@id":"https:\/\/elojocojo.org\/#organization"},"image":{"@id":"https:\/\/elojocojo.org\/hiyab\/#primaryimage"},"thumbnailUrl":"https:\/\/elojocojo.org\/wp-content\/uploads\/2020\/05\/Hiyab_C-744008773-large-scaled.jpg","keywords":["2007","Adolescentes","discriminaci\u00f3n","diversidad cultural","educaci\u00f3n","Educaci\u00f3n de calidad","Espa\u00f1a","espa\u00f1ol","esperanza","festival de cine","Festival el Ojo cojo","ficci\u00f3n","guerra","interculturalidad","Paz y justicia e instituciones s\u00f3lidas","Reducci\u00f3n de las desigualdades","religi\u00f3n"],"articleSection":["Cortometraje","Festival 2007","Ficci\u00f3n"],"inLanguage":"es"},{"@type":"WebPage","@id":"https:\/\/elojocojo.org\/hiyab\/","url":"https:\/\/elojocojo.org\/hiyab\/","name":"Hiyab - el ojO cojo","isPartOf":{"@id":"https:\/\/elojocojo.org\/#website"},"primaryImageOfPage":{"@id":"https:\/\/elojocojo.org\/hiyab\/#primaryimage"},"image":{"@id":"https:\/\/elojocojo.org\/hiyab\/#primaryimage"},"thumbnailUrl":"https:\/\/elojocojo.org\/wp-content\/uploads\/2020\/05\/Hiyab_C-744008773-large-scaled.jpg","datePublished":"2008-09-05T04:20:49+00:00","dateModified":"2025-09-22T21:10:45+00:00","description":"Pel\u00edcula Hiyab exhibida en la edici\u00f3n 2007 del Festival el ojO cojo. Pa\u00eds de origen, Espa\u00f1a. Dirigido por Xavi Sala.","breadcrumb":{"@id":"https:\/\/elojocojo.org\/hiyab\/#breadcrumb"},"inLanguage":"es","potentialAction":[{"@type":"ReadAction","target":["https:\/\/elojocojo.org\/hiyab\/"]}]},{"@type":"ImageObject","inLanguage":"es","@id":"https:\/\/elojocojo.org\/hiyab\/#primaryimage","url":"https:\/\/elojocojo.org\/wp-content\/uploads\/2020\/05\/Hiyab_C-744008773-large-scaled.jpg","contentUrl":"https:\/\/elojocojo.org\/wp-content\/uploads\/2020\/05\/Hiyab_C-744008773-large-scaled.jpg","width":391,"height":470},{"@type":"BreadcrumbList","@id":"https:\/\/elojocojo.org\/hiyab\/#breadcrumb","itemListElement":[{"@type":"ListItem","position":1,"name":"Portada","item":"https:\/\/elojocojo.org\/"},{"@type":"ListItem","position":2,"name":"2007","item":"https:\/\/elojocojo.org\/tag\/2007\/"},{"@type":"ListItem","position":3,"name":"Hiyab"}]},{"@type":"WebSite","@id":"https:\/\/elojocojo.org\/#website","url":"https:\/\/elojocojo.org\/","name":"el ojO cojo","description":"Todos estamos hechos de la misma esencia","publisher":{"@id":"https:\/\/elojocojo.org\/#organization"},"potentialAction":[{"@type":"SearchAction","target":{"@type":"EntryPoint","urlTemplate":"https:\/\/elojocojo.org\/?s={search_term_string}"},"query-input":{"@type":"PropertyValueSpecification","valueRequired":true,"valueName":"search_term_string"}}],"inLanguage":"es"},{"@type":"Organization","@id":"https:\/\/elojocojo.org\/#organization","name":"Meigas da r\u00faa","url":"https:\/\/elojocojo.org\/","logo":{"@type":"ImageObject","inLanguage":"es","@id":"https:\/\/elojocojo.org\/#\/schema\/logo\/image\/","url":"https:\/\/meigasdarua.org\/wp-content\/uploads\/2020\/09\/cropped-logo-meigas-5.png","contentUrl":"https:\/\/meigasdarua.org\/wp-content\/uploads\/2020\/09\/cropped-logo-meigas-5.png","width":109,"height":200,"caption":"Meigas da r\u00faa"},"image":{"@id":"https:\/\/elojocojo.org\/#\/schema\/logo\/image\/"},"sameAs":["https:\/\/www.facebook.com\/elojocojo","https:\/\/x.com\/elojocojo","https:\/\/www.instagram.com\/elojocojo\/?hl=es","https:\/\/www.linkedin.com\/in\/el-ojo-cojo-b52b7769\/","https:\/\/www.pinterest.es\/elojocojo\/_saved\/","https:\/\/www.youtube.com\/channel\/UCkFtFTV0Bms7zH7vq8FZxZg"]},{"@type":"Person","@id":"","url":"https:\/\/elojocojo.org\/author\/"}]}},"_links":{"self":[{"href":"https:\/\/elojocojo.org\/wp-json\/wp\/v2\/posts\/1400","targetHints":{"allow":["GET"]}}],"collection":[{"href":"https:\/\/elojocojo.org\/wp-json\/wp\/v2\/posts"}],"about":[{"href":"https:\/\/elojocojo.org\/wp-json\/wp\/v2\/types\/post"}],"author":[{"embeddable":true,"href":"https:\/\/elojocojo.org\/wp-json\/wp\/v2\/users\/3"}],"replies":[{"embeddable":true,"href":"https:\/\/elojocojo.org\/wp-json\/wp\/v2\/comments?post=1400"}],"version-history":[{"count":4,"href":"https:\/\/elojocojo.org\/wp-json\/wp\/v2\/posts\/1400\/revisions"}],"predecessor-version":[{"id":69692,"href":"https:\/\/elojocojo.org\/wp-json\/wp\/v2\/posts\/1400\/revisions\/69692"}],"wp:featuredmedia":[{"embeddable":true,"href":"https:\/\/elojocojo.org\/wp-json\/wp\/v2\/media\/21218"}],"wp:attachment":[{"href":"https:\/\/elojocojo.org\/wp-json\/wp\/v2\/media?parent=1400"}],"wp:term":[{"taxonomy":"category","embeddable":true,"href":"https:\/\/elojocojo.org\/wp-json\/wp\/v2\/categories?post=1400"},{"taxonomy":"post_tag","embeddable":true,"href":"https:\/\/elojocojo.org\/wp-json\/wp\/v2\/tags?post=1400"}],"curies":[{"name":"wp","href":"https:\/\/api.w.org\/{rel}","templated":true}]}}