{"id":1396,"date":"2008-09-04T21:19:47","date_gmt":"2008-09-05T04:19:47","guid":{"rendered":"http:\/\/www.elojocojo.org\/blog2\/?p=1396"},"modified":"2025-09-23T10:38:27","modified_gmt":"2025-09-23T08:38:27","slug":"in-vitro","status":"publish","type":"post","link":"https:\/\/elojocojo.org\/in-vitro\/","title":{"rendered":"In Vitro"},"content":{"rendered":"<p>T\u00cdTULO: In Vitro<br \/>T\u00cdTULO ORIGINAL: In Vitro<br \/>A\u00d1O: 2006<br \/>G\u00c9NERO: Experimental<br \/>DIRECTOR: Antonio Pomar Barcel\u00f3<br \/><span style=\"font-size: inherit;\">DURACI\u00d3N: 2&#8242; 53\u00bb<br \/><\/span>PA\u00cdS: Espa\u00f1a<br \/>FORMATO ORIGINAL: DVD<br \/>TIPO: Color<br \/>IDIOMA ORIGINAL: Castellano e Ingl\u00e9s<br \/>SUBTITULOS: Castellano<br \/>PRODUCCI\u00d3N: Antonio Pomar Barcel\u00f3<br \/>GUI\u00d3N: Antonio Pomar Barcel\u00f3<br \/>DIRECCI\u00d3N DE FOTOGRAF\u00cdA: Antonio Pomar Barcel\u00f3<br \/>EDICI\u00d3N\/MONTAJE: Antonio Pomar Barcel\u00f3<br \/>SONIDO: Antonio Pomar Barcel\u00f3<br \/>M\u00daSICA: Antonio Pomar Barcel\u00f3<\/p>\n<p>Opera prima<\/p>\n<h2>Sinopsis:<\/h2>\n<p>La t\u00e9cnica de fecundaci\u00f3n asistida ha cambiado la vida de muchas familias. Esta t\u00e9cnica ha sido un milagro para parejas con problemas de fertilidad, ofreciendo esperanza renovada.<\/p>\n<p>A lo largo de los a\u00f1os, la fecundaci\u00f3n asistida ha avanzado mucho. La integraci\u00f3n de tecnolog\u00eda de punta y m\u00e9todos cient\u00edficos precisos ha aumentado las tasas de \u00e9xito.<\/p>\n<p>Desde la fertilizaci\u00f3n in vitro (FIV) hasta la donaci\u00f3n de \u00f3vulos y espermatozoides, estas t\u00e9cnicas han proporcionado soluciones a muchos problemas reproductivos. As\u00ed, miles de familias han podido experimentar la alegr\u00eda de la paternidad.<\/p>\n<p>Este tributo a la fecundaci\u00f3n asistida tambi\u00e9n resalta el apoyo emocional y psicol\u00f3gico necesario. Las cl\u00ednicas especializadas ofrecen un entorno de cuidado y comprensi\u00f3n fundamental.<\/p>\n<p>En resumen, la fecundaci\u00f3n asistida es una luz de esperanza para muchas familias. Es un testimonio del poder de la ciencia y la medicina. Ha cambiado vidas, generando nuevas generaciones y brindando felicidad a quienes habr\u00edan perdido la esperanza.<br \/><br \/>Como resultado el director decide realizar el merecido homenaje a esta t\u00e9cnica tan importante.\u00a0<\/p>\n<p>Palmar\u00e9s<\/p>\n\n\n<p>El filme In Vitro particip\u00f3 en la edici\u00f3n <strong>2007<\/strong> del <a href=\"https:\/\/elojocojo.org\/category\/festival-2007\/\"><strong>Festival de cine el ojO cojo<\/strong> <\/a>en ese sentido nos sentimos honrados de haberla exhibido.<\/p>\n\n\n\n<p>Visita nuestro <a href=\"https:\/\/el-ojocojo.blogspot.com\/\">blog<\/a> <\/p>\n\n\n\n<p><\/p>\n","protected":false},"excerpt":{"rendered":"<p>Tributo a la t\u00e9cnica de fecundaci\u00f3n asistida que tantas alegr\u00edas ha llevado a muchas familias.<\/p>\n","protected":false},"author":3,"featured_media":23840,"comment_status":"closed","ping_status":"open","sticky":false,"template":"","format":"standard","meta":{"_monsterinsights_skip_tracking":false,"_monsterinsights_sitenote_active":false,"_monsterinsights_sitenote_note":"","_monsterinsights_sitenote_category":0,"footnotes":""},"categories":[1460,992,983],"tags":[1923,946,2119,2191,2150,15,1981,1982,2118,85,150],"class_list":{"0":"post-1396","1":"post","2":"type-post","3":"status-publish","4":"format-standard","5":"has-post-thumbnail","7":"category-cortometraje","8":"category-experimental","9":"category-festival-2007","10":"tag-1923","11":"tag-diversidad-sexual","12":"tag-espanol","13":"tag-esperanza","14":"tag-experimental","15":"tag-familia","16":"tag-festival-de-cine","17":"tag-festival-el-ojo-cojo","18":"tag-ingles","19":"tag-pareja","20":"tag-sexualidad","21":"czr-hentry"},"yoast_head":"<!-- This site is optimized with the Yoast SEO plugin v27.1.1 - https:\/\/yoast.com\/product\/yoast-seo-wordpress\/ -->\n<title>In Vitro - el ojO cojo<\/title>\n<meta name=\"description\" content=\"Pel\u00edcula In Vitro exhibida en la edici\u00f3n 2007 del Festival el ojO cojo. Pa\u00eds de origen, Espa\u00f1a. Dirigido por Antonio Pomar Barcel\u00f3.\" \/>\n<meta name=\"robots\" content=\"index, follow, max-snippet:-1, max-image-preview:large, max-video-preview:-1\" \/>\n<link rel=\"canonical\" href=\"https:\/\/elojocojo.org\/in-vitro\/\" \/>\n<meta property=\"og:locale\" content=\"es_ES\" \/>\n<meta property=\"og:type\" content=\"article\" \/>\n<meta property=\"og:title\" content=\"In Vitro - el ojO cojo\" \/>\n<meta property=\"og:description\" content=\"Pel\u00edcula In Vitro exhibida en la edici\u00f3n 2007 del Festival el ojO cojo. Pa\u00eds de origen, Espa\u00f1a. Dirigido por Antonio Pomar Barcel\u00f3.\" \/>\n<meta property=\"og:url\" content=\"https:\/\/elojocojo.org\/in-vitro\/\" \/>\n<meta property=\"og:site_name\" content=\"el ojO cojo\" \/>\n<meta property=\"article:publisher\" content=\"https:\/\/www.facebook.com\/elojocojo\" \/>\n<meta property=\"article:published_time\" content=\"2008-09-05T04:19:47+00:00\" \/>\n<meta property=\"article:modified_time\" content=\"2025-09-23T08:38:27+00:00\" \/>\n<meta property=\"og:image\" content=\"https:\/\/elojocojo.org\/wp-content\/uploads\/2020\/07\/Invitro2.png\" \/>\n\t<meta property=\"og:image:width\" content=\"640\" \/>\n\t<meta property=\"og:image:height\" content=\"480\" \/>\n\t<meta property=\"og:image:type\" content=\"image\/png\" \/>\n<meta name=\"twitter:card\" content=\"summary_large_image\" \/>\n<meta name=\"twitter:creator\" content=\"@elojocojo\" \/>\n<meta name=\"twitter:site\" content=\"@elojocojo\" \/>\n<meta name=\"twitter:label1\" content=\"Escrito por\" \/>\n\t<meta name=\"twitter:data1\" content=\"\" \/>\n\t<meta name=\"twitter:label2\" content=\"Tiempo de lectura\" \/>\n\t<meta name=\"twitter:data2\" content=\"1 minuto\" \/>\n<script type=\"application\/ld+json\" class=\"yoast-schema-graph\">{\"@context\":\"https:\/\/schema.org\",\"@graph\":[{\"@type\":\"Article\",\"@id\":\"https:\/\/elojocojo.org\/in-vitro\/#article\",\"isPartOf\":{\"@id\":\"https:\/\/elojocojo.org\/in-vitro\/\"},\"author\":{\"name\":\"\",\"@id\":\"\"},\"headline\":\"In Vitro\",\"datePublished\":\"2008-09-05T04:19:47+00:00\",\"dateModified\":\"2025-09-23T08:38:27+00:00\",\"mainEntityOfPage\":{\"@id\":\"https:\/\/elojocojo.org\/in-vitro\/\"},\"wordCount\":285,\"publisher\":{\"@id\":\"https:\/\/elojocojo.org\/#organization\"},\"image\":{\"@id\":\"https:\/\/elojocojo.org\/in-vitro\/#primaryimage\"},\"thumbnailUrl\":\"https:\/\/elojocojo.org\/wp-content\/uploads\/2020\/07\/Invitro2.png\",\"keywords\":[\"2007\",\"diversidad sexual\",\"espa\u00f1ol\",\"esperanza\",\"experimental\",\"familia\",\"festival de cine\",\"Festival el Ojo cojo\",\"ingl\u00e9s\",\"pareja\",\"sexualidad\"],\"articleSection\":[\"Cortometraje\",\"Experimental\",\"Festival 2007\"],\"inLanguage\":\"es\"},{\"@type\":\"WebPage\",\"@id\":\"https:\/\/elojocojo.org\/in-vitro\/\",\"url\":\"https:\/\/elojocojo.org\/in-vitro\/\",\"name\":\"In Vitro - el ojO cojo\",\"isPartOf\":{\"@id\":\"https:\/\/elojocojo.org\/#website\"},\"primaryImageOfPage\":{\"@id\":\"https:\/\/elojocojo.org\/in-vitro\/#primaryimage\"},\"image\":{\"@id\":\"https:\/\/elojocojo.org\/in-vitro\/#primaryimage\"},\"thumbnailUrl\":\"https:\/\/elojocojo.org\/wp-content\/uploads\/2020\/07\/Invitro2.png\",\"datePublished\":\"2008-09-05T04:19:47+00:00\",\"dateModified\":\"2025-09-23T08:38:27+00:00\",\"description\":\"Pel\u00edcula In Vitro exhibida en la edici\u00f3n 2007 del Festival el ojO cojo. Pa\u00eds de origen, Espa\u00f1a. Dirigido por Antonio Pomar Barcel\u00f3.\",\"breadcrumb\":{\"@id\":\"https:\/\/elojocojo.org\/in-vitro\/#breadcrumb\"},\"inLanguage\":\"es\",\"potentialAction\":[{\"@type\":\"ReadAction\",\"target\":[\"https:\/\/elojocojo.org\/in-vitro\/\"]}]},{\"@type\":\"ImageObject\",\"inLanguage\":\"es\",\"@id\":\"https:\/\/elojocojo.org\/in-vitro\/#primaryimage\",\"url\":\"https:\/\/elojocojo.org\/wp-content\/uploads\/2020\/07\/Invitro2.png\",\"contentUrl\":\"https:\/\/elojocojo.org\/wp-content\/uploads\/2020\/07\/Invitro2.png\",\"width\":640,\"height\":480},{\"@type\":\"BreadcrumbList\",\"@id\":\"https:\/\/elojocojo.org\/in-vitro\/#breadcrumb\",\"itemListElement\":[{\"@type\":\"ListItem\",\"position\":1,\"name\":\"Portada\",\"item\":\"https:\/\/elojocojo.org\/\"},{\"@type\":\"ListItem\",\"position\":2,\"name\":\"2007\",\"item\":\"https:\/\/elojocojo.org\/tag\/2007\/\"},{\"@type\":\"ListItem\",\"position\":3,\"name\":\"In Vitro\"}]},{\"@type\":\"WebSite\",\"@id\":\"https:\/\/elojocojo.org\/#website\",\"url\":\"https:\/\/elojocojo.org\/\",\"name\":\"el ojO cojo\",\"description\":\"Todos estamos hechos de la misma esencia\",\"publisher\":{\"@id\":\"https:\/\/elojocojo.org\/#organization\"},\"potentialAction\":[{\"@type\":\"SearchAction\",\"target\":{\"@type\":\"EntryPoint\",\"urlTemplate\":\"https:\/\/elojocojo.org\/?s={search_term_string}\"},\"query-input\":{\"@type\":\"PropertyValueSpecification\",\"valueRequired\":true,\"valueName\":\"search_term_string\"}}],\"inLanguage\":\"es\"},{\"@type\":\"Organization\",\"@id\":\"https:\/\/elojocojo.org\/#organization\",\"name\":\"Meigas da r\u00faa\",\"url\":\"https:\/\/elojocojo.org\/\",\"logo\":{\"@type\":\"ImageObject\",\"inLanguage\":\"es\",\"@id\":\"https:\/\/elojocojo.org\/#\/schema\/logo\/image\/\",\"url\":\"https:\/\/meigasdarua.org\/wp-content\/uploads\/2020\/09\/cropped-logo-meigas-5.png\",\"contentUrl\":\"https:\/\/meigasdarua.org\/wp-content\/uploads\/2020\/09\/cropped-logo-meigas-5.png\",\"width\":109,\"height\":200,\"caption\":\"Meigas da r\u00faa\"},\"image\":{\"@id\":\"https:\/\/elojocojo.org\/#\/schema\/logo\/image\/\"},\"sameAs\":[\"https:\/\/www.facebook.com\/elojocojo\",\"https:\/\/x.com\/elojocojo\",\"https:\/\/www.instagram.com\/elojocojo\/?hl=es\",\"https:\/\/www.linkedin.com\/in\/el-ojo-cojo-b52b7769\/\",\"https:\/\/www.pinterest.es\/elojocojo\/_saved\/\",\"https:\/\/www.youtube.com\/channel\/UCkFtFTV0Bms7zH7vq8FZxZg\"]},{\"@type\":\"Person\",\"@id\":\"\",\"url\":\"https:\/\/elojocojo.org\/author\/\"}]}<\/script>\n<!-- \/ Yoast SEO plugin. -->","yoast_head_json":{"title":"In Vitro - el ojO cojo","description":"Pel\u00edcula In Vitro exhibida en la edici\u00f3n 2007 del Festival el ojO cojo. Pa\u00eds de origen, Espa\u00f1a. Dirigido por Antonio Pomar Barcel\u00f3.","robots":{"index":"index","follow":"follow","max-snippet":"max-snippet:-1","max-image-preview":"max-image-preview:large","max-video-preview":"max-video-preview:-1"},"canonical":"https:\/\/elojocojo.org\/in-vitro\/","og_locale":"es_ES","og_type":"article","og_title":"In Vitro - el ojO cojo","og_description":"Pel\u00edcula In Vitro exhibida en la edici\u00f3n 2007 del Festival el ojO cojo. Pa\u00eds de origen, Espa\u00f1a. Dirigido por Antonio Pomar Barcel\u00f3.","og_url":"https:\/\/elojocojo.org\/in-vitro\/","og_site_name":"el ojO cojo","article_publisher":"https:\/\/www.facebook.com\/elojocojo","article_published_time":"2008-09-05T04:19:47+00:00","article_modified_time":"2025-09-23T08:38:27+00:00","og_image":[{"width":640,"height":480,"url":"https:\/\/elojocojo.org\/wp-content\/uploads\/2020\/07\/Invitro2.png","type":"image\/png"}],"twitter_card":"summary_large_image","twitter_creator":"@elojocojo","twitter_site":"@elojocojo","twitter_misc":{"Escrito por":"","Tiempo de lectura":"1 minuto"},"schema":{"@context":"https:\/\/schema.org","@graph":[{"@type":"Article","@id":"https:\/\/elojocojo.org\/in-vitro\/#article","isPartOf":{"@id":"https:\/\/elojocojo.org\/in-vitro\/"},"author":{"name":"","@id":""},"headline":"In Vitro","datePublished":"2008-09-05T04:19:47+00:00","dateModified":"2025-09-23T08:38:27+00:00","mainEntityOfPage":{"@id":"https:\/\/elojocojo.org\/in-vitro\/"},"wordCount":285,"publisher":{"@id":"https:\/\/elojocojo.org\/#organization"},"image":{"@id":"https:\/\/elojocojo.org\/in-vitro\/#primaryimage"},"thumbnailUrl":"https:\/\/elojocojo.org\/wp-content\/uploads\/2020\/07\/Invitro2.png","keywords":["2007","diversidad sexual","espa\u00f1ol","esperanza","experimental","familia","festival de cine","Festival el Ojo cojo","ingl\u00e9s","pareja","sexualidad"],"articleSection":["Cortometraje","Experimental","Festival 2007"],"inLanguage":"es"},{"@type":"WebPage","@id":"https:\/\/elojocojo.org\/in-vitro\/","url":"https:\/\/elojocojo.org\/in-vitro\/","name":"In Vitro - el ojO cojo","isPartOf":{"@id":"https:\/\/elojocojo.org\/#website"},"primaryImageOfPage":{"@id":"https:\/\/elojocojo.org\/in-vitro\/#primaryimage"},"image":{"@id":"https:\/\/elojocojo.org\/in-vitro\/#primaryimage"},"thumbnailUrl":"https:\/\/elojocojo.org\/wp-content\/uploads\/2020\/07\/Invitro2.png","datePublished":"2008-09-05T04:19:47+00:00","dateModified":"2025-09-23T08:38:27+00:00","description":"Pel\u00edcula In Vitro exhibida en la edici\u00f3n 2007 del Festival el ojO cojo. Pa\u00eds de origen, Espa\u00f1a. Dirigido por Antonio Pomar Barcel\u00f3.","breadcrumb":{"@id":"https:\/\/elojocojo.org\/in-vitro\/#breadcrumb"},"inLanguage":"es","potentialAction":[{"@type":"ReadAction","target":["https:\/\/elojocojo.org\/in-vitro\/"]}]},{"@type":"ImageObject","inLanguage":"es","@id":"https:\/\/elojocojo.org\/in-vitro\/#primaryimage","url":"https:\/\/elojocojo.org\/wp-content\/uploads\/2020\/07\/Invitro2.png","contentUrl":"https:\/\/elojocojo.org\/wp-content\/uploads\/2020\/07\/Invitro2.png","width":640,"height":480},{"@type":"BreadcrumbList","@id":"https:\/\/elojocojo.org\/in-vitro\/#breadcrumb","itemListElement":[{"@type":"ListItem","position":1,"name":"Portada","item":"https:\/\/elojocojo.org\/"},{"@type":"ListItem","position":2,"name":"2007","item":"https:\/\/elojocojo.org\/tag\/2007\/"},{"@type":"ListItem","position":3,"name":"In Vitro"}]},{"@type":"WebSite","@id":"https:\/\/elojocojo.org\/#website","url":"https:\/\/elojocojo.org\/","name":"el ojO cojo","description":"Todos estamos hechos de la misma esencia","publisher":{"@id":"https:\/\/elojocojo.org\/#organization"},"potentialAction":[{"@type":"SearchAction","target":{"@type":"EntryPoint","urlTemplate":"https:\/\/elojocojo.org\/?s={search_term_string}"},"query-input":{"@type":"PropertyValueSpecification","valueRequired":true,"valueName":"search_term_string"}}],"inLanguage":"es"},{"@type":"Organization","@id":"https:\/\/elojocojo.org\/#organization","name":"Meigas da r\u00faa","url":"https:\/\/elojocojo.org\/","logo":{"@type":"ImageObject","inLanguage":"es","@id":"https:\/\/elojocojo.org\/#\/schema\/logo\/image\/","url":"https:\/\/meigasdarua.org\/wp-content\/uploads\/2020\/09\/cropped-logo-meigas-5.png","contentUrl":"https:\/\/meigasdarua.org\/wp-content\/uploads\/2020\/09\/cropped-logo-meigas-5.png","width":109,"height":200,"caption":"Meigas da r\u00faa"},"image":{"@id":"https:\/\/elojocojo.org\/#\/schema\/logo\/image\/"},"sameAs":["https:\/\/www.facebook.com\/elojocojo","https:\/\/x.com\/elojocojo","https:\/\/www.instagram.com\/elojocojo\/?hl=es","https:\/\/www.linkedin.com\/in\/el-ojo-cojo-b52b7769\/","https:\/\/www.pinterest.es\/elojocojo\/_saved\/","https:\/\/www.youtube.com\/channel\/UCkFtFTV0Bms7zH7vq8FZxZg"]},{"@type":"Person","@id":"","url":"https:\/\/elojocojo.org\/author\/"}]}},"_links":{"self":[{"href":"https:\/\/elojocojo.org\/wp-json\/wp\/v2\/posts\/1396","targetHints":{"allow":["GET"]}}],"collection":[{"href":"https:\/\/elojocojo.org\/wp-json\/wp\/v2\/posts"}],"about":[{"href":"https:\/\/elojocojo.org\/wp-json\/wp\/v2\/types\/post"}],"author":[{"embeddable":true,"href":"https:\/\/elojocojo.org\/wp-json\/wp\/v2\/users\/3"}],"replies":[{"embeddable":true,"href":"https:\/\/elojocojo.org\/wp-json\/wp\/v2\/comments?post=1396"}],"version-history":[{"count":3,"href":"https:\/\/elojocojo.org\/wp-json\/wp\/v2\/posts\/1396\/revisions"}],"predecessor-version":[{"id":57323,"href":"https:\/\/elojocojo.org\/wp-json\/wp\/v2\/posts\/1396\/revisions\/57323"}],"wp:featuredmedia":[{"embeddable":true,"href":"https:\/\/elojocojo.org\/wp-json\/wp\/v2\/media\/23840"}],"wp:attachment":[{"href":"https:\/\/elojocojo.org\/wp-json\/wp\/v2\/media?parent=1396"}],"wp:term":[{"taxonomy":"category","embeddable":true,"href":"https:\/\/elojocojo.org\/wp-json\/wp\/v2\/categories?post=1396"},{"taxonomy":"post_tag","embeddable":true,"href":"https:\/\/elojocojo.org\/wp-json\/wp\/v2\/tags?post=1396"}],"curies":[{"name":"wp","href":"https:\/\/api.w.org\/{rel}","templated":true}]}}