{"id":1394,"date":"2008-09-04T21:19:18","date_gmt":"2008-09-05T04:19:18","guid":{"rendered":"http:\/\/www.elojocojo.org\/blog2\/?p=1394"},"modified":"2025-09-23T10:38:41","modified_gmt":"2025-09-23T08:38:41","slug":"ipanema","status":"publish","type":"post","link":"https:\/\/elojocojo.org\/ipanema\/","title":{"rendered":"Ipanema"},"content":{"rendered":"\n<p>T\u00edtulo:<em> Ipanema<\/em><\/p>\n\n\n\n<p>A\u00f1o: 2005<\/p>\n\n\n\n<p>Director: Gustavo Postiglione<\/p>\n\n\n\n<p>G\u00e9nero: Drama<\/p>\n\n\n\n<p>Duraci\u00f3n: 70\u2019<\/p>\n\n\n\n<p>Pa\u00eds: Argentina<\/p>\n\n\n\n<p>Formato original: V\u00eddeo Digital<\/p>\n\n\n\n<p>Tipo: Color<\/p>\n\n\n\n<p>Idioma original: Castellano<\/p>\n\n\n\n<p>Int\u00e9rpretes: Mauricio Dayub, Carlos Resta y Paula Siero<\/p>\n\n\n\n<p>Producci\u00f3n: Gustavo Postiglione<\/p>\n\n\n\n<p>Gui\u00f3n: Gustavo Postiglione<\/p>\n\n\n\n<p>Edici\u00f3n\/Montaje: Lucio Garc\u00eda<\/p>\n\n\n\n<p>Direcci\u00f3n de fotograf\u00eda: H\u00e9ctor Molina<\/p>\n\n\n\n<p>Sonido: Carlos Rossano<\/p>\n\n\n\n<p>M\u00fasica: Coki Debernardi<\/p>\n\n\n\n<h2 class=\"wp-block-heading\"><strong>SINOPSIS<\/strong><\/h2>\n\n\n\n<h3 class=\"wp-block-heading\"><strong>La calma antes de la tormenta<\/strong><\/h3>\n\n\n\n<p>Rosario amanece con aire tenso el 19 de diciembre de 2001. En la plaza, la gente se re\u00fane en peque\u00f1os grupos; el murmullo de la protesta es todo lo que se escucha. Juan y Valeria est\u00e1n desayunando frente al televisor: ignoran a\u00fan la magnitud de la jornada que amenaza con quebrar la cotidianidad de toda la ciudad y, quiz\u00e1s, del pa\u00eds entero.<\/p>\n\n\n\n<h3 class=\"wp-block-heading\"><strong>Reflejos de indignaci\u00f3n<\/strong><\/h3>\n\n\n\n<p>Mientras el alba se convierte en mediod\u00eda, las im\u00e1genes en la pantalla muestran columnas de vecinos marchando y pancartas improvisadas. La pareja observa c\u00f3mo la multitud crece y los gritos de reclamo es trasmutan en palabras de rabia, ahora conscientes de que el desborde social es imparable.<\/p>\n\n\n\n<h3 class=\"wp-block-heading\"><strong>El estallido colectivo<\/strong><\/h3>\n\n\n\n<p>Al caer la tarde, las noticias informan sobre saqueos en comercios cercanos al centro y enfrentamientos con la polic\u00eda. Juan sujeta el control remoto como si fuera un salvavidas, mientras Valeria cubre su rostro con las manos. <\/p>\n\n\n\n<h3 class=\"wp-block-heading\"><strong>Recordando el pasado<\/strong><\/h3>\n\n\n\n<p>Entre cortes publicitarios, la pareja conversa en voz baja. Valeria recuerda las conversaciones con sus padres, que vivieron crisis similares en los ochenta; Juan repasa fotos antiguas de marchas estudiantiles. Sus palabras se entrelazan con la trasmisi\u00f3n en directo: la televisi\u00f3n no solo refleja la protesta, sino que dicta la pauta de sus emociones y alimenta un sentido de urgencia compartido.<\/p>\n\n\n\n<h3 class=\"wp-block-heading\"><strong>Un nuevo d\u00eda incierto<\/strong><\/h3>\n\n\n\n<p>Cuando la noche cae, las luces de Rosario parpadean inciertas. En la pantalla, renuncia el presidente y estallan los aplausos en la plaza. Valeria apaga el televisor y se mira con Juan: hay alivio, pero tambi\u00e9n un miedo difuso a lo que vendr\u00e1. El pa\u00eds despierta con un futuro por escribirse.<\/p>\n\n\n\n<p>El filme <em>Ipanema<\/em> particip\u00f3 en la edici\u00f3n <strong><a href=\"https:\/\/elojocojo.org\/category\/festival-2007\/\">2007<\/a><\/strong> del <a href=\"https:\/\/elojocojo.org\/bienvenida\/festivalelojocojo\/\"><strong>Festival de cine el ojO cojo<\/strong> <\/a>en ese sentido nos sentimos honrados de haberla exhibido.<\/p>\n\n\n\n<p>Visita nuestro <a href=\"https:\/\/el-ojocojo.blogspot.com\/\"><strong>blog<\/strong><\/a>.<\/p>\n\n\n\n<p class=\"has-text-align-left\"><a href=\"https:\/\/www.imdb.com\/es\/title\/tt0356747\/?ref_=nm_flmg_job_1_cdt_t_16\">IMDb<\/a> 6.2\/10<\/p>\n\n\n\n<p><\/p>\n","protected":false},"excerpt":{"rendered":"<p>Rosario amanece con aire tenso el 19 de diciembre de 2001. En la plaza, la gente se re\u00fane en peque\u00f1os grupos. Director: Gustavo Postiglione. <\/p>\n","protected":false},"author":3,"featured_media":67461,"comment_status":"closed","ping_status":"open","sticky":false,"template":"","format":"standard","meta":{"_monsterinsights_skip_tracking":false,"_monsterinsights_sitenote_active":false,"_monsterinsights_sitenote_note":"","_monsterinsights_sitenote_category":0,"footnotes":""},"categories":[991,983],"tags":[1923,88,420,1434,1587,1737,1067,2119,1981,1982,1092,1086,1438,1011],"class_list":{"0":"post-1394","1":"post","2":"type-post","3":"status-publish","4":"format-standard","5":"has-post-thumbnail","7":"category-drama","8":"category-festival-2007","9":"tag-1923","10":"tag-america-latina","11":"tag-argentina","12":"tag-conflicto","13":"tag-crisis","14":"tag-drama","15":"tag-economia","16":"tag-espanol","17":"tag-festival-de-cine","18":"tag-festival-el-ojo-cojo","19":"tag-fin-de-la-pobreza","20":"tag-paz-y-justicia-e-instituciones-solidas","21":"tag-pobreza","22":"tag-violencia-policial","23":"czr-hentry"},"yoast_head":"<!-- This site is optimized with the Yoast SEO plugin v27.1.1 - https:\/\/yoast.com\/product\/yoast-seo-wordpress\/ -->\n<title>Ipanema - el ojO cojo<\/title>\n<meta name=\"description\" content=\"Pel\u00edcula Ipanema exhibida en la edici\u00f3n 2007 del Festival el ojO cojo. Pa\u00eds de origen, Argentina. Dirigido por Gustavo Postiglione.\" \/>\n<meta name=\"robots\" content=\"index, follow, max-snippet:-1, max-image-preview:large, max-video-preview:-1\" \/>\n<link rel=\"canonical\" href=\"https:\/\/elojocojo.org\/ipanema\/\" \/>\n<meta property=\"og:locale\" content=\"es_ES\" \/>\n<meta property=\"og:type\" content=\"article\" \/>\n<meta property=\"og:title\" content=\"Ipanema - el ojO cojo\" \/>\n<meta property=\"og:description\" content=\"Pel\u00edcula Ipanema exhibida en la edici\u00f3n 2007 del Festival el ojO cojo. Pa\u00eds de origen, Argentina. Dirigido por Gustavo Postiglione.\" \/>\n<meta property=\"og:url\" content=\"https:\/\/elojocojo.org\/ipanema\/\" \/>\n<meta property=\"og:site_name\" content=\"el ojO cojo\" \/>\n<meta property=\"article:publisher\" content=\"https:\/\/www.facebook.com\/elojocojo\" \/>\n<meta property=\"article:published_time\" content=\"2008-09-05T04:19:18+00:00\" \/>\n<meta property=\"article:modified_time\" content=\"2025-09-23T08:38:41+00:00\" \/>\n<meta property=\"og:image\" content=\"https:\/\/elojocojo.org\/wp-content\/uploads\/2008\/09\/Ipanema1-400x240-1.jpg\" \/>\n\t<meta property=\"og:image:width\" content=\"800\" \/>\n\t<meta property=\"og:image:height\" content=\"480\" \/>\n\t<meta property=\"og:image:type\" content=\"image\/jpeg\" \/>\n<meta name=\"twitter:card\" content=\"summary_large_image\" \/>\n<meta name=\"twitter:creator\" content=\"@elojocojo\" \/>\n<meta name=\"twitter:site\" content=\"@elojocojo\" \/>\n<meta name=\"twitter:label1\" content=\"Escrito por\" \/>\n\t<meta name=\"twitter:data1\" content=\"\" \/>\n\t<meta name=\"twitter:label2\" content=\"Tiempo de lectura\" \/>\n\t<meta name=\"twitter:data2\" content=\"2 minutos\" \/>\n<script type=\"application\/ld+json\" class=\"yoast-schema-graph\">{\"@context\":\"https:\/\/schema.org\",\"@graph\":[{\"@type\":\"Article\",\"@id\":\"https:\/\/elojocojo.org\/ipanema\/#article\",\"isPartOf\":{\"@id\":\"https:\/\/elojocojo.org\/ipanema\/\"},\"author\":{\"name\":\"\",\"@id\":\"\"},\"headline\":\"Ipanema\",\"datePublished\":\"2008-09-05T04:19:18+00:00\",\"dateModified\":\"2025-09-23T08:38:41+00:00\",\"mainEntityOfPage\":{\"@id\":\"https:\/\/elojocojo.org\/ipanema\/\"},\"wordCount\":385,\"publisher\":{\"@id\":\"https:\/\/elojocojo.org\/#organization\"},\"image\":{\"@id\":\"https:\/\/elojocojo.org\/ipanema\/#primaryimage\"},\"thumbnailUrl\":\"https:\/\/elojocojo.org\/wp-content\/uploads\/2008\/09\/Ipanema1-400x240-1.jpg\",\"keywords\":[\"2007\",\"Am\u00e9rica Latina\",\"Argentina\",\"conflicto\",\"crisis\",\"drama\",\"econom\u00eda\",\"espa\u00f1ol\",\"festival de cine\",\"Festival el Ojo cojo\",\"Fin de la pobreza\",\"Paz y justicia e instituciones s\u00f3lidas\",\"pobreza\",\"violencia policial\"],\"articleSection\":[\"Drama\",\"Festival 2007\"],\"inLanguage\":\"es\"},{\"@type\":\"WebPage\",\"@id\":\"https:\/\/elojocojo.org\/ipanema\/\",\"url\":\"https:\/\/elojocojo.org\/ipanema\/\",\"name\":\"Ipanema - el ojO cojo\",\"isPartOf\":{\"@id\":\"https:\/\/elojocojo.org\/#website\"},\"primaryImageOfPage\":{\"@id\":\"https:\/\/elojocojo.org\/ipanema\/#primaryimage\"},\"image\":{\"@id\":\"https:\/\/elojocojo.org\/ipanema\/#primaryimage\"},\"thumbnailUrl\":\"https:\/\/elojocojo.org\/wp-content\/uploads\/2008\/09\/Ipanema1-400x240-1.jpg\",\"datePublished\":\"2008-09-05T04:19:18+00:00\",\"dateModified\":\"2025-09-23T08:38:41+00:00\",\"description\":\"Pel\u00edcula Ipanema exhibida en la edici\u00f3n 2007 del Festival el ojO cojo. Pa\u00eds de origen, Argentina. Dirigido por Gustavo Postiglione.\",\"breadcrumb\":{\"@id\":\"https:\/\/elojocojo.org\/ipanema\/#breadcrumb\"},\"inLanguage\":\"es\",\"potentialAction\":[{\"@type\":\"ReadAction\",\"target\":[\"https:\/\/elojocojo.org\/ipanema\/\"]}]},{\"@type\":\"ImageObject\",\"inLanguage\":\"es\",\"@id\":\"https:\/\/elojocojo.org\/ipanema\/#primaryimage\",\"url\":\"https:\/\/elojocojo.org\/wp-content\/uploads\/2008\/09\/Ipanema1-400x240-1.jpg\",\"contentUrl\":\"https:\/\/elojocojo.org\/wp-content\/uploads\/2008\/09\/Ipanema1-400x240-1.jpg\",\"width\":800,\"height\":480,\"caption\":\"ipanema\"},{\"@type\":\"BreadcrumbList\",\"@id\":\"https:\/\/elojocojo.org\/ipanema\/#breadcrumb\",\"itemListElement\":[{\"@type\":\"ListItem\",\"position\":1,\"name\":\"Portada\",\"item\":\"https:\/\/elojocojo.org\/\"},{\"@type\":\"ListItem\",\"position\":2,\"name\":\"2007\",\"item\":\"https:\/\/elojocojo.org\/tag\/2007\/\"},{\"@type\":\"ListItem\",\"position\":3,\"name\":\"Ipanema\"}]},{\"@type\":\"WebSite\",\"@id\":\"https:\/\/elojocojo.org\/#website\",\"url\":\"https:\/\/elojocojo.org\/\",\"name\":\"el ojO cojo\",\"description\":\"Todos estamos hechos de la misma esencia\",\"publisher\":{\"@id\":\"https:\/\/elojocojo.org\/#organization\"},\"potentialAction\":[{\"@type\":\"SearchAction\",\"target\":{\"@type\":\"EntryPoint\",\"urlTemplate\":\"https:\/\/elojocojo.org\/?s={search_term_string}\"},\"query-input\":{\"@type\":\"PropertyValueSpecification\",\"valueRequired\":true,\"valueName\":\"search_term_string\"}}],\"inLanguage\":\"es\"},{\"@type\":\"Organization\",\"@id\":\"https:\/\/elojocojo.org\/#organization\",\"name\":\"Meigas da r\u00faa\",\"url\":\"https:\/\/elojocojo.org\/\",\"logo\":{\"@type\":\"ImageObject\",\"inLanguage\":\"es\",\"@id\":\"https:\/\/elojocojo.org\/#\/schema\/logo\/image\/\",\"url\":\"https:\/\/meigasdarua.org\/wp-content\/uploads\/2020\/09\/cropped-logo-meigas-5.png\",\"contentUrl\":\"https:\/\/meigasdarua.org\/wp-content\/uploads\/2020\/09\/cropped-logo-meigas-5.png\",\"width\":109,\"height\":200,\"caption\":\"Meigas da r\u00faa\"},\"image\":{\"@id\":\"https:\/\/elojocojo.org\/#\/schema\/logo\/image\/\"},\"sameAs\":[\"https:\/\/www.facebook.com\/elojocojo\",\"https:\/\/x.com\/elojocojo\",\"https:\/\/www.instagram.com\/elojocojo\/?hl=es\",\"https:\/\/www.linkedin.com\/in\/el-ojo-cojo-b52b7769\/\",\"https:\/\/www.pinterest.es\/elojocojo\/_saved\/\",\"https:\/\/www.youtube.com\/channel\/UCkFtFTV0Bms7zH7vq8FZxZg\"]},{\"@type\":\"Person\",\"@id\":\"\",\"url\":\"https:\/\/elojocojo.org\/author\/\"}]}<\/script>\n<!-- \/ Yoast SEO plugin. -->","yoast_head_json":{"title":"Ipanema - el ojO cojo","description":"Pel\u00edcula Ipanema exhibida en la edici\u00f3n 2007 del Festival el ojO cojo. Pa\u00eds de origen, Argentina. Dirigido por Gustavo Postiglione.","robots":{"index":"index","follow":"follow","max-snippet":"max-snippet:-1","max-image-preview":"max-image-preview:large","max-video-preview":"max-video-preview:-1"},"canonical":"https:\/\/elojocojo.org\/ipanema\/","og_locale":"es_ES","og_type":"article","og_title":"Ipanema - el ojO cojo","og_description":"Pel\u00edcula Ipanema exhibida en la edici\u00f3n 2007 del Festival el ojO cojo. Pa\u00eds de origen, Argentina. Dirigido por Gustavo Postiglione.","og_url":"https:\/\/elojocojo.org\/ipanema\/","og_site_name":"el ojO cojo","article_publisher":"https:\/\/www.facebook.com\/elojocojo","article_published_time":"2008-09-05T04:19:18+00:00","article_modified_time":"2025-09-23T08:38:41+00:00","og_image":[{"width":800,"height":480,"url":"https:\/\/elojocojo.org\/wp-content\/uploads\/2008\/09\/Ipanema1-400x240-1.jpg","type":"image\/jpeg"}],"twitter_card":"summary_large_image","twitter_creator":"@elojocojo","twitter_site":"@elojocojo","twitter_misc":{"Escrito por":"","Tiempo de lectura":"2 minutos"},"schema":{"@context":"https:\/\/schema.org","@graph":[{"@type":"Article","@id":"https:\/\/elojocojo.org\/ipanema\/#article","isPartOf":{"@id":"https:\/\/elojocojo.org\/ipanema\/"},"author":{"name":"","@id":""},"headline":"Ipanema","datePublished":"2008-09-05T04:19:18+00:00","dateModified":"2025-09-23T08:38:41+00:00","mainEntityOfPage":{"@id":"https:\/\/elojocojo.org\/ipanema\/"},"wordCount":385,"publisher":{"@id":"https:\/\/elojocojo.org\/#organization"},"image":{"@id":"https:\/\/elojocojo.org\/ipanema\/#primaryimage"},"thumbnailUrl":"https:\/\/elojocojo.org\/wp-content\/uploads\/2008\/09\/Ipanema1-400x240-1.jpg","keywords":["2007","Am\u00e9rica Latina","Argentina","conflicto","crisis","drama","econom\u00eda","espa\u00f1ol","festival de cine","Festival el Ojo cojo","Fin de la pobreza","Paz y justicia e instituciones s\u00f3lidas","pobreza","violencia policial"],"articleSection":["Drama","Festival 2007"],"inLanguage":"es"},{"@type":"WebPage","@id":"https:\/\/elojocojo.org\/ipanema\/","url":"https:\/\/elojocojo.org\/ipanema\/","name":"Ipanema - el ojO cojo","isPartOf":{"@id":"https:\/\/elojocojo.org\/#website"},"primaryImageOfPage":{"@id":"https:\/\/elojocojo.org\/ipanema\/#primaryimage"},"image":{"@id":"https:\/\/elojocojo.org\/ipanema\/#primaryimage"},"thumbnailUrl":"https:\/\/elojocojo.org\/wp-content\/uploads\/2008\/09\/Ipanema1-400x240-1.jpg","datePublished":"2008-09-05T04:19:18+00:00","dateModified":"2025-09-23T08:38:41+00:00","description":"Pel\u00edcula Ipanema exhibida en la edici\u00f3n 2007 del Festival el ojO cojo. Pa\u00eds de origen, Argentina. Dirigido por Gustavo Postiglione.","breadcrumb":{"@id":"https:\/\/elojocojo.org\/ipanema\/#breadcrumb"},"inLanguage":"es","potentialAction":[{"@type":"ReadAction","target":["https:\/\/elojocojo.org\/ipanema\/"]}]},{"@type":"ImageObject","inLanguage":"es","@id":"https:\/\/elojocojo.org\/ipanema\/#primaryimage","url":"https:\/\/elojocojo.org\/wp-content\/uploads\/2008\/09\/Ipanema1-400x240-1.jpg","contentUrl":"https:\/\/elojocojo.org\/wp-content\/uploads\/2008\/09\/Ipanema1-400x240-1.jpg","width":800,"height":480,"caption":"ipanema"},{"@type":"BreadcrumbList","@id":"https:\/\/elojocojo.org\/ipanema\/#breadcrumb","itemListElement":[{"@type":"ListItem","position":1,"name":"Portada","item":"https:\/\/elojocojo.org\/"},{"@type":"ListItem","position":2,"name":"2007","item":"https:\/\/elojocojo.org\/tag\/2007\/"},{"@type":"ListItem","position":3,"name":"Ipanema"}]},{"@type":"WebSite","@id":"https:\/\/elojocojo.org\/#website","url":"https:\/\/elojocojo.org\/","name":"el ojO cojo","description":"Todos estamos hechos de la misma esencia","publisher":{"@id":"https:\/\/elojocojo.org\/#organization"},"potentialAction":[{"@type":"SearchAction","target":{"@type":"EntryPoint","urlTemplate":"https:\/\/elojocojo.org\/?s={search_term_string}"},"query-input":{"@type":"PropertyValueSpecification","valueRequired":true,"valueName":"search_term_string"}}],"inLanguage":"es"},{"@type":"Organization","@id":"https:\/\/elojocojo.org\/#organization","name":"Meigas da r\u00faa","url":"https:\/\/elojocojo.org\/","logo":{"@type":"ImageObject","inLanguage":"es","@id":"https:\/\/elojocojo.org\/#\/schema\/logo\/image\/","url":"https:\/\/meigasdarua.org\/wp-content\/uploads\/2020\/09\/cropped-logo-meigas-5.png","contentUrl":"https:\/\/meigasdarua.org\/wp-content\/uploads\/2020\/09\/cropped-logo-meigas-5.png","width":109,"height":200,"caption":"Meigas da r\u00faa"},"image":{"@id":"https:\/\/elojocojo.org\/#\/schema\/logo\/image\/"},"sameAs":["https:\/\/www.facebook.com\/elojocojo","https:\/\/x.com\/elojocojo","https:\/\/www.instagram.com\/elojocojo\/?hl=es","https:\/\/www.linkedin.com\/in\/el-ojo-cojo-b52b7769\/","https:\/\/www.pinterest.es\/elojocojo\/_saved\/","https:\/\/www.youtube.com\/channel\/UCkFtFTV0Bms7zH7vq8FZxZg"]},{"@type":"Person","@id":"","url":"https:\/\/elojocojo.org\/author\/"}]}},"_links":{"self":[{"href":"https:\/\/elojocojo.org\/wp-json\/wp\/v2\/posts\/1394","targetHints":{"allow":["GET"]}}],"collection":[{"href":"https:\/\/elojocojo.org\/wp-json\/wp\/v2\/posts"}],"about":[{"href":"https:\/\/elojocojo.org\/wp-json\/wp\/v2\/types\/post"}],"author":[{"embeddable":true,"href":"https:\/\/elojocojo.org\/wp-json\/wp\/v2\/users\/3"}],"replies":[{"embeddable":true,"href":"https:\/\/elojocojo.org\/wp-json\/wp\/v2\/comments?post=1394"}],"version-history":[{"count":8,"href":"https:\/\/elojocojo.org\/wp-json\/wp\/v2\/posts\/1394\/revisions"}],"predecessor-version":[{"id":69584,"href":"https:\/\/elojocojo.org\/wp-json\/wp\/v2\/posts\/1394\/revisions\/69584"}],"wp:featuredmedia":[{"embeddable":true,"href":"https:\/\/elojocojo.org\/wp-json\/wp\/v2\/media\/67461"}],"wp:attachment":[{"href":"https:\/\/elojocojo.org\/wp-json\/wp\/v2\/media?parent=1394"}],"wp:term":[{"taxonomy":"category","embeddable":true,"href":"https:\/\/elojocojo.org\/wp-json\/wp\/v2\/categories?post=1394"},{"taxonomy":"post_tag","embeddable":true,"href":"https:\/\/elojocojo.org\/wp-json\/wp\/v2\/tags?post=1394"}],"curies":[{"name":"wp","href":"https:\/\/api.w.org\/{rel}","templated":true}]}}