{"id":1390,"date":"2008-09-04T21:18:03","date_gmt":"2008-09-05T04:18:03","guid":{"rendered":"http:\/\/www.elojocojo.org\/blog2\/?p=1390"},"modified":"2025-09-23T10:39:11","modified_gmt":"2025-09-23T08:39:11","slug":"josef-m","status":"publish","type":"post","link":"https:\/\/elojocojo.org\/josef-m\/","title":{"rendered":"Josef M."},"content":{"rendered":"<p><strong>T\u00cdTULO:<\/strong> Josef M.<\/p>\n<p><strong>T\u00cdTULO ORIGINAL:<\/strong> Josef M.<\/p>\n<p><strong>A\u00d1O:<\/strong> 2007<\/p>\n<p><strong>G\u00c9NERO:<\/strong> Animaci\u00f3n<\/p>\n<p><strong>DIRECTOR:<\/strong> Juan Antonio Pascual Albarranch<\/p>\n<p><strong>DURACI\u00d3N:<\/strong> 5\u2019<\/p>\n<p><strong>PA\u00cdS:<\/strong> Espa\u00f1a<\/p>\n<p><strong>FORMATO ORIGINAL:<\/strong> DVD<\/p>\n<p><strong>TIPO:<\/strong> Color<\/p>\n<p><strong>IDIOMA ORIGINAL:<\/strong> Castellano<\/p>\n<p><strong>PRODUCCI\u00d3N:<\/strong> Juan Antonio Pascual Albarranch<\/p>\n<p><strong>GUI\u00d3N:<\/strong> Juan Antonio Pascual Albarranch<\/p>\n<p><strong>DIRECCI\u00d3N DE FOTOGRAF\u00cdA:<\/strong> Juan Antonio Pascual Albarranch<\/p>\n<p><strong>EDICI\u00d3N\/MONTAJE:<\/strong> Juan Antonio Pascual Albarranch<\/p>\n<p><strong>SONIDO:<\/strong> Pedro Ibarra Ortega<\/p>\n<p><strong>M\u00daSICA:<\/strong> Pedro Ibarra Ortega<\/p>\n<h3><strong>Opera prima<\/strong><\/h3>\n<h2>Sinopsis:<\/h2>\n<h2 data-start=\"200\" data-end=\"235\">Un hombre encerrado en su mundo<\/h2>\n<p data-start=\"237\" data-end=\"598\">Josef M. despierta en una celda blanca, sin ventanas ni relojes.<br class=\"yoast-text-mark\" data-start=\"301\" data-end=\"304\" \/>No sabe cu\u00e1nto tiempo lleva all\u00ed.<br class=\"yoast-text-mark\" data-start=\"337\" data-end=\"340\" \/>No hay se\u00f1ales del exterior.<br data-start=\"384\" data-end=\"387\" \/>Se siente aislado, sin saber si su encierro es real o imaginario.<br data-start=\"452\" data-end=\"455\" \/>La habitaci\u00f3n es fr\u00eda y vac\u00eda.<br data-start=\"485\" data-end=\"488\" \/>A veces cree que alguien lo observa, pero no lo puede comprobar.<br data-start=\"552\" data-end=\"555\" \/>Por momentos, duda incluso de estar vivo.<\/p>\n<h2 data-start=\"600\" data-end=\"624\">La rutina del olvido<\/h2>\n<p data-start=\"626\" data-end=\"1013\">Cada d\u00eda repite movimientos sin sentido.<br data-start=\"666\" data-end=\"669\" \/>Camina en c\u00edrculos. Cuenta los pasos.<br data-start=\"706\" data-end=\"709\" \/>Se habla a s\u00ed mismo para no desaparecer del todo.<br data-start=\"758\" data-end=\"761\" \/>Reconstruye recuerdos que tal vez nunca ocurrieron.<br data-start=\"812\" data-end=\"815\" \/>Poco a poco, sus pensamientos se mezclan con visiones.<br data-start=\"869\" data-end=\"872\" \/>Sin embargo, se aferra a la costumbre para no enloquecer.<br data-start=\"929\" data-end=\"932\" \/>El tiempo no pasa, pero la angustia crece.<br data-start=\"974\" data-end=\"977\" \/>Su \u00fanica certeza es la repetici\u00f3n.<\/p>\n<h2 data-start=\"1015\" data-end=\"1049\">Una identidad que se desmorona<\/h2>\n<p data-start=\"1051\" data-end=\"1401\">Josef M. cree haber sido alguien importante.<br data-start=\"1095\" data-end=\"1098\" \/>Tal vez fue un funcionario. Tal vez un traidor.<br data-start=\"1145\" data-end=\"1148\" \/>No hay pruebas de nada. Solo tiene su nombre.<br data-start=\"1193\" data-end=\"1196\" \/>Comienza a dudar de su propia historia.<br data-start=\"1235\" data-end=\"1238\" \/>Cada intento de recordar lo aleja m\u00e1s de la verdad.<br data-start=\"1289\" data-end=\"1292\" \/>La identidad se le escapa como arena entre los dedos.<br data-start=\"1345\" data-end=\"1348\" \/>Incluso su rostro en el espejo ya le resulta ajeno.<\/p>\n<h2 data-start=\"1403\" data-end=\"1446\">Una met\u00e1fora sobre el poder y el olvido<\/h2>\n<p data-start=\"1448\" data-end=\"1708\">Josef M. es un s\u00edmbolo de los olvidados.<br data-start=\"1488\" data-end=\"1491\" \/>Su encierro evoca reg\u00edmenes que controlan el pensamiento.<br data-start=\"1548\" data-end=\"1551\" \/>La historia recuerda a Kafka, pero tambi\u00e9n a la realidad.<br data-start=\"1608\" data-end=\"1611\" \/>El cortometraje cuestiona el castigo sin explicaci\u00f3n.<br data-start=\"1664\" data-end=\"1667\" \/>Tambi\u00e9n habla del miedo a ser olvidado.<\/p>\n<h2 data-start=\"1710\" data-end=\"1736\">Un final sin respuesta<\/h2>\n<p data-start=\"1738\" data-end=\"1941\" data-is-last-node=\"\" data-is-only-node=\"\">La puerta nunca se abre.<br data-start=\"1762\" data-end=\"1765\" \/>Josef M. queda solo, atrapado en su mente.<br data-start=\"1807\" data-end=\"1810\" \/>No sabemos si hay vigilantes o solo sombras.<br data-start=\"1854\" data-end=\"1857\" \/>El silencio responde a todas sus preguntas.<br data-start=\"1900\" data-end=\"1903\" \/>Y ninguna respuesta calma su angustia.<\/p>\n\n\n<h3 class=\"wp-block-heading\">Palmar\u00e9s:<\/h3>\n\n\n\n<ul class=\"wp-block-list\">\n<li><strong>Marat\u00f3n de Cortos Fant\u00e1sticos y de Terror de Sants<\/strong> (Barcelona, 2007): Este evento se especializa en la exhibici\u00f3n de cortometrajes de g\u00e9neros fant\u00e1stico y de terror.<\/li>\n<\/ul>\n\n\n\n<ul class=\"wp-block-list\">\n<li><strong>Festival ALCINE<\/strong> (Alcal\u00e1 de Henares, 2007): En su 37\u00aa edici\u00f3n, este festival incluy\u00f3 \u00abJosef M.\u00bb en su programaci\u00f3n.<\/li>\n<\/ul>\n\n\n\n<ul class=\"wp-block-list\">\n<li>Mejor Producci\u00f3n Local, Mostra Cinema D\u2019Elx<\/li>\n<\/ul>\n\n\n\n<p>El filme Josef M. particip\u00f3 en la edici\u00f3n <strong>2007<\/strong> del <a href=\"https:\/\/elojocojo.org\/category\/festival-2007\/\"><strong>Festival de cine el ojO cojo<\/strong> <\/a>en ese sentido nos sentimos honrados de haberla exhibido.<\/p>\n\n\n\n<p>Visita nuestro <a href=\"https:\/\/el-ojocojo.blogspot.com\/\">blog<\/a><\/p>\n\n\n\n<p><a href=\"https:\/\/www.imdb.com\/es\/title\/tt1855575\">IMDB<\/a>: 7\/10<\/p>\n","protected":false},"excerpt":{"rendered":"<p>El ocaso de una vida, la muerte como tel\u00f3n de una estancia salpicada de dolor y venganza. <\/p>\n","protected":false},"author":3,"featured_media":23842,"comment_status":"closed","ping_status":"open","sticky":false,"template":"","format":"standard","meta":{"_monsterinsights_skip_tracking":false,"_monsterinsights_sitenote_active":false,"_monsterinsights_sitenote_note":"","_monsterinsights_sitenote_category":0,"footnotes":""},"categories":[32,1460,983],"tags":[1923,1833,1132,1193,1497,1024,26,1893,2119,1981,1982,288,226,1023,179,1484,25,136,1496],"class_list":{"0":"post-1390","1":"post","2":"type-post","3":"status-publish","4":"format-standard","5":"has-post-thumbnail","7":"category-animacion","8":"category-cortometraje","9":"category-festival-2007","10":"tag-1923","11":"tag-animacion","12":"tag-barcelona","13":"tag-derechos-humanos","14":"tag-desapariciones","15":"tag-dictadura","16":"tag-discriminacion","17":"tag-educar-en-valores","18":"tag-espanol","19":"tag-festival-de-cine","20":"tag-festival-el-ojo-cojo","21":"tag-jovenes","22":"tag-libertad","23":"tag-memoria-historica","24":"tag-politica","25":"tag-salud-mental","26":"tag-soledad","27":"tag-violencia","28":"tag-violencia-institucional","29":"czr-hentry"},"yoast_head":"<!-- This site is optimized with the Yoast SEO plugin v27.1.1 - https:\/\/yoast.com\/product\/yoast-seo-wordpress\/ -->\n<title>Josef M. - el ojO cojo<\/title>\n<meta name=\"description\" content=\"Pel\u00edcula Josef M. exhibida en la edici\u00f3n 2007 del Festival el ojO cojo. Pa\u00eds de origen, Espa\u00f1a. Dirigido por Juan Antonio Pascual Albarranch.\" \/>\n<meta name=\"robots\" content=\"index, follow, max-snippet:-1, max-image-preview:large, max-video-preview:-1\" \/>\n<link rel=\"canonical\" href=\"https:\/\/elojocojo.org\/josef-m\/\" \/>\n<meta property=\"og:locale\" content=\"es_ES\" \/>\n<meta property=\"og:type\" content=\"article\" \/>\n<meta property=\"og:title\" content=\"Josef M. - el ojO cojo\" \/>\n<meta property=\"og:description\" content=\"Pel\u00edcula Josef M. exhibida en la edici\u00f3n 2007 del Festival el ojO cojo. Pa\u00eds de origen, Espa\u00f1a. Dirigido por Juan Antonio Pascual Albarranch.\" \/>\n<meta property=\"og:url\" content=\"https:\/\/elojocojo.org\/josef-m\/\" \/>\n<meta property=\"og:site_name\" content=\"el ojO cojo\" \/>\n<meta property=\"article:publisher\" content=\"https:\/\/www.facebook.com\/elojocojo\" \/>\n<meta property=\"article:published_time\" content=\"2008-09-05T04:18:03+00:00\" \/>\n<meta property=\"article:modified_time\" content=\"2025-09-23T08:39:11+00:00\" \/>\n<meta property=\"og:image\" content=\"https:\/\/elojocojo.org\/wp-content\/uploads\/2020\/07\/JOSEF-M.-18.jpg\" \/>\n\t<meta property=\"og:image:width\" content=\"720\" \/>\n\t<meta property=\"og:image:height\" content=\"576\" \/>\n\t<meta property=\"og:image:type\" content=\"image\/jpeg\" \/>\n<meta name=\"twitter:card\" content=\"summary_large_image\" \/>\n<meta name=\"twitter:creator\" content=\"@elojocojo\" \/>\n<meta name=\"twitter:site\" content=\"@elojocojo\" \/>\n<meta name=\"twitter:label1\" content=\"Escrito por\" \/>\n\t<meta name=\"twitter:data1\" content=\"\" \/>\n\t<meta name=\"twitter:label2\" content=\"Tiempo de lectura\" \/>\n\t<meta name=\"twitter:data2\" content=\"2 minutos\" \/>\n<script type=\"application\/ld+json\" class=\"yoast-schema-graph\">{\"@context\":\"https:\/\/schema.org\",\"@graph\":[{\"@type\":\"Article\",\"@id\":\"https:\/\/elojocojo.org\/josef-m\/#article\",\"isPartOf\":{\"@id\":\"https:\/\/elojocojo.org\/josef-m\/\"},\"author\":{\"name\":\"\",\"@id\":\"\"},\"headline\":\"Josef M.\",\"datePublished\":\"2008-09-05T04:18:03+00:00\",\"dateModified\":\"2025-09-23T08:39:11+00:00\",\"mainEntityOfPage\":{\"@id\":\"https:\/\/elojocojo.org\/josef-m\/\"},\"wordCount\":462,\"publisher\":{\"@id\":\"https:\/\/elojocojo.org\/#organization\"},\"image\":{\"@id\":\"https:\/\/elojocojo.org\/josef-m\/#primaryimage\"},\"thumbnailUrl\":\"https:\/\/elojocojo.org\/wp-content\/uploads\/2020\/07\/JOSEF-M.-18.jpg\",\"keywords\":[\"2007\",\"animaci\u00f3n\",\"Barcelona\",\"Derechos Humanos\",\"desapariciones\",\"dictadura\",\"discriminaci\u00f3n\",\"educar en valores\",\"espa\u00f1ol\",\"festival de cine\",\"Festival el Ojo cojo\",\"j\u00f3venes\",\"libertad\",\"memoria hist\u00f3rica\",\"pol\u00edtica\",\"salud mental\",\"soledad\",\"violencia\",\"violencia institucional\"],\"articleSection\":[\"Animaci\u00f3n\",\"Cortometraje\",\"Festival 2007\"],\"inLanguage\":\"es\"},{\"@type\":\"WebPage\",\"@id\":\"https:\/\/elojocojo.org\/josef-m\/\",\"url\":\"https:\/\/elojocojo.org\/josef-m\/\",\"name\":\"Josef M. - el ojO cojo\",\"isPartOf\":{\"@id\":\"https:\/\/elojocojo.org\/#website\"},\"primaryImageOfPage\":{\"@id\":\"https:\/\/elojocojo.org\/josef-m\/#primaryimage\"},\"image\":{\"@id\":\"https:\/\/elojocojo.org\/josef-m\/#primaryimage\"},\"thumbnailUrl\":\"https:\/\/elojocojo.org\/wp-content\/uploads\/2020\/07\/JOSEF-M.-18.jpg\",\"datePublished\":\"2008-09-05T04:18:03+00:00\",\"dateModified\":\"2025-09-23T08:39:11+00:00\",\"description\":\"Pel\u00edcula Josef M. exhibida en la edici\u00f3n 2007 del Festival el ojO cojo. Pa\u00eds de origen, Espa\u00f1a. Dirigido por Juan Antonio Pascual Albarranch.\",\"breadcrumb\":{\"@id\":\"https:\/\/elojocojo.org\/josef-m\/#breadcrumb\"},\"inLanguage\":\"es\",\"potentialAction\":[{\"@type\":\"ReadAction\",\"target\":[\"https:\/\/elojocojo.org\/josef-m\/\"]}]},{\"@type\":\"ImageObject\",\"inLanguage\":\"es\",\"@id\":\"https:\/\/elojocojo.org\/josef-m\/#primaryimage\",\"url\":\"https:\/\/elojocojo.org\/wp-content\/uploads\/2020\/07\/JOSEF-M.-18.jpg\",\"contentUrl\":\"https:\/\/elojocojo.org\/wp-content\/uploads\/2020\/07\/JOSEF-M.-18.jpg\",\"width\":720,\"height\":576},{\"@type\":\"BreadcrumbList\",\"@id\":\"https:\/\/elojocojo.org\/josef-m\/#breadcrumb\",\"itemListElement\":[{\"@type\":\"ListItem\",\"position\":1,\"name\":\"Portada\",\"item\":\"https:\/\/elojocojo.org\/\"},{\"@type\":\"ListItem\",\"position\":2,\"name\":\"2007\",\"item\":\"https:\/\/elojocojo.org\/tag\/2007\/\"},{\"@type\":\"ListItem\",\"position\":3,\"name\":\"Josef M.\"}]},{\"@type\":\"WebSite\",\"@id\":\"https:\/\/elojocojo.org\/#website\",\"url\":\"https:\/\/elojocojo.org\/\",\"name\":\"el ojO cojo\",\"description\":\"Todos estamos hechos de la misma esencia\",\"publisher\":{\"@id\":\"https:\/\/elojocojo.org\/#organization\"},\"potentialAction\":[{\"@type\":\"SearchAction\",\"target\":{\"@type\":\"EntryPoint\",\"urlTemplate\":\"https:\/\/elojocojo.org\/?s={search_term_string}\"},\"query-input\":{\"@type\":\"PropertyValueSpecification\",\"valueRequired\":true,\"valueName\":\"search_term_string\"}}],\"inLanguage\":\"es\"},{\"@type\":\"Organization\",\"@id\":\"https:\/\/elojocojo.org\/#organization\",\"name\":\"Meigas da r\u00faa\",\"url\":\"https:\/\/elojocojo.org\/\",\"logo\":{\"@type\":\"ImageObject\",\"inLanguage\":\"es\",\"@id\":\"https:\/\/elojocojo.org\/#\/schema\/logo\/image\/\",\"url\":\"https:\/\/meigasdarua.org\/wp-content\/uploads\/2020\/09\/cropped-logo-meigas-5.png\",\"contentUrl\":\"https:\/\/meigasdarua.org\/wp-content\/uploads\/2020\/09\/cropped-logo-meigas-5.png\",\"width\":109,\"height\":200,\"caption\":\"Meigas da r\u00faa\"},\"image\":{\"@id\":\"https:\/\/elojocojo.org\/#\/schema\/logo\/image\/\"},\"sameAs\":[\"https:\/\/www.facebook.com\/elojocojo\",\"https:\/\/x.com\/elojocojo\",\"https:\/\/www.instagram.com\/elojocojo\/?hl=es\",\"https:\/\/www.linkedin.com\/in\/el-ojo-cojo-b52b7769\/\",\"https:\/\/www.pinterest.es\/elojocojo\/_saved\/\",\"https:\/\/www.youtube.com\/channel\/UCkFtFTV0Bms7zH7vq8FZxZg\"]},{\"@type\":\"Person\",\"@id\":\"\",\"url\":\"https:\/\/elojocojo.org\/author\/\"}]}<\/script>\n<!-- \/ Yoast SEO plugin. -->","yoast_head_json":{"title":"Josef M. - el ojO cojo","description":"Pel\u00edcula Josef M. exhibida en la edici\u00f3n 2007 del Festival el ojO cojo. Pa\u00eds de origen, Espa\u00f1a. Dirigido por Juan Antonio Pascual Albarranch.","robots":{"index":"index","follow":"follow","max-snippet":"max-snippet:-1","max-image-preview":"max-image-preview:large","max-video-preview":"max-video-preview:-1"},"canonical":"https:\/\/elojocojo.org\/josef-m\/","og_locale":"es_ES","og_type":"article","og_title":"Josef M. - el ojO cojo","og_description":"Pel\u00edcula Josef M. exhibida en la edici\u00f3n 2007 del Festival el ojO cojo. Pa\u00eds de origen, Espa\u00f1a. Dirigido por Juan Antonio Pascual Albarranch.","og_url":"https:\/\/elojocojo.org\/josef-m\/","og_site_name":"el ojO cojo","article_publisher":"https:\/\/www.facebook.com\/elojocojo","article_published_time":"2008-09-05T04:18:03+00:00","article_modified_time":"2025-09-23T08:39:11+00:00","og_image":[{"width":720,"height":576,"url":"https:\/\/elojocojo.org\/wp-content\/uploads\/2020\/07\/JOSEF-M.-18.jpg","type":"image\/jpeg"}],"twitter_card":"summary_large_image","twitter_creator":"@elojocojo","twitter_site":"@elojocojo","twitter_misc":{"Escrito por":"","Tiempo de lectura":"2 minutos"},"schema":{"@context":"https:\/\/schema.org","@graph":[{"@type":"Article","@id":"https:\/\/elojocojo.org\/josef-m\/#article","isPartOf":{"@id":"https:\/\/elojocojo.org\/josef-m\/"},"author":{"name":"","@id":""},"headline":"Josef M.","datePublished":"2008-09-05T04:18:03+00:00","dateModified":"2025-09-23T08:39:11+00:00","mainEntityOfPage":{"@id":"https:\/\/elojocojo.org\/josef-m\/"},"wordCount":462,"publisher":{"@id":"https:\/\/elojocojo.org\/#organization"},"image":{"@id":"https:\/\/elojocojo.org\/josef-m\/#primaryimage"},"thumbnailUrl":"https:\/\/elojocojo.org\/wp-content\/uploads\/2020\/07\/JOSEF-M.-18.jpg","keywords":["2007","animaci\u00f3n","Barcelona","Derechos Humanos","desapariciones","dictadura","discriminaci\u00f3n","educar en valores","espa\u00f1ol","festival de cine","Festival el Ojo cojo","j\u00f3venes","libertad","memoria hist\u00f3rica","pol\u00edtica","salud mental","soledad","violencia","violencia institucional"],"articleSection":["Animaci\u00f3n","Cortometraje","Festival 2007"],"inLanguage":"es"},{"@type":"WebPage","@id":"https:\/\/elojocojo.org\/josef-m\/","url":"https:\/\/elojocojo.org\/josef-m\/","name":"Josef M. - el ojO cojo","isPartOf":{"@id":"https:\/\/elojocojo.org\/#website"},"primaryImageOfPage":{"@id":"https:\/\/elojocojo.org\/josef-m\/#primaryimage"},"image":{"@id":"https:\/\/elojocojo.org\/josef-m\/#primaryimage"},"thumbnailUrl":"https:\/\/elojocojo.org\/wp-content\/uploads\/2020\/07\/JOSEF-M.-18.jpg","datePublished":"2008-09-05T04:18:03+00:00","dateModified":"2025-09-23T08:39:11+00:00","description":"Pel\u00edcula Josef M. exhibida en la edici\u00f3n 2007 del Festival el ojO cojo. Pa\u00eds de origen, Espa\u00f1a. Dirigido por Juan Antonio Pascual Albarranch.","breadcrumb":{"@id":"https:\/\/elojocojo.org\/josef-m\/#breadcrumb"},"inLanguage":"es","potentialAction":[{"@type":"ReadAction","target":["https:\/\/elojocojo.org\/josef-m\/"]}]},{"@type":"ImageObject","inLanguage":"es","@id":"https:\/\/elojocojo.org\/josef-m\/#primaryimage","url":"https:\/\/elojocojo.org\/wp-content\/uploads\/2020\/07\/JOSEF-M.-18.jpg","contentUrl":"https:\/\/elojocojo.org\/wp-content\/uploads\/2020\/07\/JOSEF-M.-18.jpg","width":720,"height":576},{"@type":"BreadcrumbList","@id":"https:\/\/elojocojo.org\/josef-m\/#breadcrumb","itemListElement":[{"@type":"ListItem","position":1,"name":"Portada","item":"https:\/\/elojocojo.org\/"},{"@type":"ListItem","position":2,"name":"2007","item":"https:\/\/elojocojo.org\/tag\/2007\/"},{"@type":"ListItem","position":3,"name":"Josef M."}]},{"@type":"WebSite","@id":"https:\/\/elojocojo.org\/#website","url":"https:\/\/elojocojo.org\/","name":"el ojO cojo","description":"Todos estamos hechos de la misma esencia","publisher":{"@id":"https:\/\/elojocojo.org\/#organization"},"potentialAction":[{"@type":"SearchAction","target":{"@type":"EntryPoint","urlTemplate":"https:\/\/elojocojo.org\/?s={search_term_string}"},"query-input":{"@type":"PropertyValueSpecification","valueRequired":true,"valueName":"search_term_string"}}],"inLanguage":"es"},{"@type":"Organization","@id":"https:\/\/elojocojo.org\/#organization","name":"Meigas da r\u00faa","url":"https:\/\/elojocojo.org\/","logo":{"@type":"ImageObject","inLanguage":"es","@id":"https:\/\/elojocojo.org\/#\/schema\/logo\/image\/","url":"https:\/\/meigasdarua.org\/wp-content\/uploads\/2020\/09\/cropped-logo-meigas-5.png","contentUrl":"https:\/\/meigasdarua.org\/wp-content\/uploads\/2020\/09\/cropped-logo-meigas-5.png","width":109,"height":200,"caption":"Meigas da r\u00faa"},"image":{"@id":"https:\/\/elojocojo.org\/#\/schema\/logo\/image\/"},"sameAs":["https:\/\/www.facebook.com\/elojocojo","https:\/\/x.com\/elojocojo","https:\/\/www.instagram.com\/elojocojo\/?hl=es","https:\/\/www.linkedin.com\/in\/el-ojo-cojo-b52b7769\/","https:\/\/www.pinterest.es\/elojocojo\/_saved\/","https:\/\/www.youtube.com\/channel\/UCkFtFTV0Bms7zH7vq8FZxZg"]},{"@type":"Person","@id":"","url":"https:\/\/elojocojo.org\/author\/"}]}},"_links":{"self":[{"href":"https:\/\/elojocojo.org\/wp-json\/wp\/v2\/posts\/1390","targetHints":{"allow":["GET"]}}],"collection":[{"href":"https:\/\/elojocojo.org\/wp-json\/wp\/v2\/posts"}],"about":[{"href":"https:\/\/elojocojo.org\/wp-json\/wp\/v2\/types\/post"}],"author":[{"embeddable":true,"href":"https:\/\/elojocojo.org\/wp-json\/wp\/v2\/users\/3"}],"replies":[{"embeddable":true,"href":"https:\/\/elojocojo.org\/wp-json\/wp\/v2\/comments?post=1390"}],"version-history":[{"count":13,"href":"https:\/\/elojocojo.org\/wp-json\/wp\/v2\/posts\/1390\/revisions"}],"predecessor-version":[{"id":68015,"href":"https:\/\/elojocojo.org\/wp-json\/wp\/v2\/posts\/1390\/revisions\/68015"}],"wp:featuredmedia":[{"embeddable":true,"href":"https:\/\/elojocojo.org\/wp-json\/wp\/v2\/media\/23842"}],"wp:attachment":[{"href":"https:\/\/elojocojo.org\/wp-json\/wp\/v2\/media?parent=1390"}],"wp:term":[{"taxonomy":"category","embeddable":true,"href":"https:\/\/elojocojo.org\/wp-json\/wp\/v2\/categories?post=1390"},{"taxonomy":"post_tag","embeddable":true,"href":"https:\/\/elojocojo.org\/wp-json\/wp\/v2\/tags?post=1390"}],"curies":[{"name":"wp","href":"https:\/\/api.w.org\/{rel}","templated":true}]}}