{"id":1388,"date":"2008-09-04T21:17:18","date_gmt":"2008-09-05T04:17:18","guid":{"rendered":"http:\/\/www.elojocojo.org\/blog2\/?p=1388"},"modified":"2025-09-23T10:39:26","modified_gmt":"2025-09-23T08:39:26","slug":"joyce","status":"publish","type":"post","link":"https:\/\/elojocojo.org\/joyce\/","title":{"rendered":"Joyce"},"content":{"rendered":"<p>T\u00cdTULO: Joyce<br \/>A\u00d1O: 2006<br \/>G\u00c9NERO: Ficci\u00f3n<br \/>DIRECTOR: Caroline Leone<br \/>INT\u00c9RPRETES: Edilaine Marques Goldim, Larissa Marques Goldim y Jos\u00e9 Trassi<br \/>T\u00cdTULO ORIGINAL: Joyce<br \/>FORMATO ORIGINAL: Cine 16 mm<br \/>TIPO: Color<br \/>IDIOMA ORIGINAL: Portugu\u00e9s<br \/>SUBT\u00cdTULOS: Castellano<br \/>DURACI\u00d3N: 14\u2019<br \/>PA\u00cdS: Brasil<br \/>PRODUCCI\u00d3N: Bruna Campello<br \/>GUI\u00d3N: Caroline Leone<br \/>DIRECCI\u00d3N DE FOTOGRAF\u00cdA: Claudio Leone<br \/>EDICI\u00d3N\/MONTAJE: Martin Subira<br \/>SONIDO: Jos\u00e9 Melito y Guilherme Ayrosa<br \/>M\u00daSICA: Martin Grinaschi<\/p>\n<p>Sinopsis<\/p>\n<p><strong>Joyce<\/strong> es una historia conmovedora que sigue la vida de una ni\u00f1a de 12 a\u00f1os, llena de sue\u00f1os y aspiraciones. La protagonista, es una joven que anhela experimentar el amor, la felicidad y alcanzar su meta de convertirse en una famosa bailarina de televisi\u00f3n. Estas aspiraciones la mantienen motivada y la llenan de esperanza en su d\u00eda a d\u00eda.<\/p>\n<p>Una noche, Joyce y su hermana deciden salir de paseo por su vecindario, disfrutando de un tiempo juntas y compartiendo sus pensamientos y deseos. Durante su paseo, Joyce se encuentra por casualidad con el chico del que ha estado enamorada en secreto. Este encuentro inesperado le da a Joyce la oportunidad de acercarse a \u00e9l y, superando su timidez y nerviosismo, decide entregarle una carta de amor que hab\u00eda escrito para \u00e9l. Este acto de valent\u00eda y honestidad revela la profundidad de sus sentimientos y su deseo de ser comprendida y amada.<\/p>\n<p>Palmar\u00e9s<br \/>&#8211;\u00a0\u00a0\u00a0 Mejor pel\u00edcula del Festival Internacional Cinematogr\u00e1fico de R\u00edo de Janeiro, Brasil, 2006<br \/>&#8211;\u00a0 \u00a0 Curta-Se, Festival Luso Brasile\u00f1o de corto metrajes de Sergipe, Brasil, 2007<br \/>&#8211;\u00a0\u00a0\u00a0 Mejor fotograf\u00eda del 11 Cine PE, Recife, Brasil, 2007<\/p>\n\n\n<figure class=\"wp-block-image size-large\"><img decoding=\"async\" width=\"230\" height=\"345\" src=\"https:\/\/elojocojo.org\/wp-content\/uploads\/2021\/03\/aaaaaaa.jpg\" alt=\"Foto filme Joyce\" class=\"wp-image-28569\"\/><\/figure>\n\n\n\n<p>El filme&nbsp;Joyce&nbsp;particip\u00f3 en la edici\u00f3n&nbsp;<strong>2014<\/strong>&nbsp;del <a href=\"https:\/\/elojocojo.org\/category\/festival-2014\/\"><strong>Festival<\/strong><\/a><a href=\"https:\/\/elojocojo.org\/category\/festival-2013\/\"><strong> de cine el ojO cojo<\/strong> <\/a>en ese sentido nos sentimos honrados de haberla exhibido.<\/p>\n\n\n\n<p>Visita nuestro <a href=\"https:\/\/el-ojocojo.blogspot.com\/\">blog<\/a> <\/p>\n","protected":false},"excerpt":{"rendered":"<p>T\u00cdTULO: JoyceA\u00d1O: 2006G\u00c9NERO: Ficci\u00f3nDIRECTOR: Caroline LeoneINT\u00c9RPRETES: Edilaine Marques Goldim, Larissa Marques Goldim y Jos\u00e9 TrassiT\u00cdTULO ORIGINAL: JoyceFORMATO ORIGINAL: Cine 16 mmTIPO: ColorIDIOMA ORIGINAL: Portugu\u00e9sSUBT\u00cdTULOS: CastellanoDURACI\u00d3N: 14\u2019PA\u00cdS: BrasilPRODUCCI\u00d3N: Bruna CampelloGUI\u00d3N: Caroline LeoneDIRECCI\u00d3N DE FOTOGRAF\u00cdA: Claudio LeoneEDICI\u00d3N\/MONTAJE: Martin SubiraSONIDO: Jos\u00e9 Melito y Guilherme AyrosaM\u00daSICA: Martin Grinaschi Sinopsis Joyce es una historia conmovedora que sigue la vida de [&hellip;]<\/p>\n","protected":false},"author":3,"featured_media":26307,"comment_status":"closed","ping_status":"open","sticky":false,"template":"","format":"standard","meta":{"_monsterinsights_skip_tracking":false,"_monsterinsights_sitenote_active":false,"_monsterinsights_sitenote_note":"","_monsterinsights_sitenote_category":0,"footnotes":""},"categories":[1460,7,30],"tags":[1999,895,169,112,962,89,1470,2119,2191,1981,1982,1628,91,1712,1526],"class_list":{"0":"post-1388","1":"post","2":"type-post","3":"status-publish","4":"format-standard","5":"has-post-thumbnail","7":"category-cortometraje","8":"category-festival-2014","9":"category-ficcion","10":"tag-1999","11":"tag-adolescentes","12":"tag-amistad","13":"tag-amor","14":"tag-amor-filial","15":"tag-brasil","16":"tag-documental","17":"tag-espanol","18":"tag-esperanza","19":"tag-festival-de-cine","20":"tag-festival-el-ojo-cojo","21":"tag-ficcion","22":"tag-mujer","23":"tag-peliculas-para-adolescentes","24":"tag-portugal","25":"czr-hentry"},"yoast_head":"<!-- This site is optimized with the Yoast SEO plugin v27.1.1 - https:\/\/yoast.com\/product\/yoast-seo-wordpress\/ -->\n<title>Joyce - el ojO cojo<\/title>\n<meta name=\"description\" content=\"Pel\u00edcula Joyce exhibida en la edici\u00f3n 2014 del Festival el ojO cojo. Pa\u00eds de origen, Brasil. Dirigido por Caroline Leone.\" \/>\n<meta name=\"robots\" content=\"index, follow, max-snippet:-1, max-image-preview:large, max-video-preview:-1\" \/>\n<link rel=\"canonical\" href=\"https:\/\/elojocojo.org\/joyce\/\" \/>\n<meta property=\"og:locale\" content=\"es_ES\" \/>\n<meta property=\"og:type\" content=\"article\" \/>\n<meta property=\"og:title\" content=\"Joyce - el ojO cojo\" \/>\n<meta property=\"og:description\" content=\"Pel\u00edcula Joyce exhibida en la edici\u00f3n 2014 del Festival el ojO cojo. Pa\u00eds de origen, Brasil. Dirigido por Caroline Leone.\" \/>\n<meta property=\"og:url\" content=\"https:\/\/elojocojo.org\/joyce\/\" \/>\n<meta property=\"og:site_name\" content=\"el ojO cojo\" \/>\n<meta property=\"article:publisher\" content=\"https:\/\/www.facebook.com\/elojocojo\" \/>\n<meta property=\"article:published_time\" content=\"2008-09-05T04:17:18+00:00\" \/>\n<meta property=\"article:modified_time\" content=\"2025-09-23T08:39:26+00:00\" \/>\n<meta property=\"og:image\" content=\"https:\/\/elojocojo.org\/wp-content\/uploads\/2008\/09\/joyce.jpg\" \/>\n\t<meta property=\"og:image:width\" content=\"813\" \/>\n\t<meta property=\"og:image:height\" content=\"1000\" \/>\n\t<meta property=\"og:image:type\" content=\"image\/jpeg\" \/>\n<meta name=\"twitter:card\" content=\"summary_large_image\" \/>\n<meta name=\"twitter:creator\" content=\"@elojocojo\" \/>\n<meta name=\"twitter:site\" content=\"@elojocojo\" \/>\n<meta name=\"twitter:label1\" content=\"Escrito por\" \/>\n\t<meta name=\"twitter:data1\" content=\"\" \/>\n\t<meta name=\"twitter:label2\" content=\"Tiempo de lectura\" \/>\n\t<meta name=\"twitter:data2\" content=\"1 minuto\" \/>\n<script type=\"application\/ld+json\" class=\"yoast-schema-graph\">{\"@context\":\"https:\/\/schema.org\",\"@graph\":[{\"@type\":\"Article\",\"@id\":\"https:\/\/elojocojo.org\/joyce\/#article\",\"isPartOf\":{\"@id\":\"https:\/\/elojocojo.org\/joyce\/\"},\"author\":{\"name\":\"\",\"@id\":\"\"},\"headline\":\"Joyce\",\"datePublished\":\"2008-09-05T04:17:18+00:00\",\"dateModified\":\"2025-09-23T08:39:26+00:00\",\"mainEntityOfPage\":{\"@id\":\"https:\/\/elojocojo.org\/joyce\/\"},\"wordCount\":288,\"publisher\":{\"@id\":\"https:\/\/elojocojo.org\/#organization\"},\"image\":{\"@id\":\"https:\/\/elojocojo.org\/joyce\/#primaryimage\"},\"thumbnailUrl\":\"https:\/\/elojocojo.org\/wp-content\/uploads\/2008\/09\/joyce.jpg\",\"keywords\":[\"2014\",\"Adolescentes\",\"amistad\",\"amor\",\"amor filial\",\"Brasil\",\"documental\",\"espa\u00f1ol\",\"esperanza\",\"festival de cine\",\"Festival el Ojo cojo\",\"ficci\u00f3n\",\"mujer\",\"pel\u00edculas para adolescentes\",\"Portugal\"],\"articleSection\":[\"Cortometraje\",\"Festival 2014\",\"Ficci\u00f3n\"],\"inLanguage\":\"es\"},{\"@type\":\"WebPage\",\"@id\":\"https:\/\/elojocojo.org\/joyce\/\",\"url\":\"https:\/\/elojocojo.org\/joyce\/\",\"name\":\"Joyce - el ojO cojo\",\"isPartOf\":{\"@id\":\"https:\/\/elojocojo.org\/#website\"},\"primaryImageOfPage\":{\"@id\":\"https:\/\/elojocojo.org\/joyce\/#primaryimage\"},\"image\":{\"@id\":\"https:\/\/elojocojo.org\/joyce\/#primaryimage\"},\"thumbnailUrl\":\"https:\/\/elojocojo.org\/wp-content\/uploads\/2008\/09\/joyce.jpg\",\"datePublished\":\"2008-09-05T04:17:18+00:00\",\"dateModified\":\"2025-09-23T08:39:26+00:00\",\"description\":\"Pel\u00edcula Joyce exhibida en la edici\u00f3n 2014 del Festival el ojO cojo. Pa\u00eds de origen, Brasil. Dirigido por Caroline Leone.\",\"breadcrumb\":{\"@id\":\"https:\/\/elojocojo.org\/joyce\/#breadcrumb\"},\"inLanguage\":\"es\",\"potentialAction\":[{\"@type\":\"ReadAction\",\"target\":[\"https:\/\/elojocojo.org\/joyce\/\"]}]},{\"@type\":\"ImageObject\",\"inLanguage\":\"es\",\"@id\":\"https:\/\/elojocojo.org\/joyce\/#primaryimage\",\"url\":\"https:\/\/elojocojo.org\/wp-content\/uploads\/2008\/09\/joyce.jpg\",\"contentUrl\":\"https:\/\/elojocojo.org\/wp-content\/uploads\/2008\/09\/joyce.jpg\",\"width\":813,\"height\":1000},{\"@type\":\"BreadcrumbList\",\"@id\":\"https:\/\/elojocojo.org\/joyce\/#breadcrumb\",\"itemListElement\":[{\"@type\":\"ListItem\",\"position\":1,\"name\":\"Portada\",\"item\":\"https:\/\/elojocojo.org\/\"},{\"@type\":\"ListItem\",\"position\":2,\"name\":\"2014\",\"item\":\"https:\/\/elojocojo.org\/tag\/2014\/\"},{\"@type\":\"ListItem\",\"position\":3,\"name\":\"Joyce\"}]},{\"@type\":\"WebSite\",\"@id\":\"https:\/\/elojocojo.org\/#website\",\"url\":\"https:\/\/elojocojo.org\/\",\"name\":\"el ojO cojo\",\"description\":\"Todos estamos hechos de la misma esencia\",\"publisher\":{\"@id\":\"https:\/\/elojocojo.org\/#organization\"},\"potentialAction\":[{\"@type\":\"SearchAction\",\"target\":{\"@type\":\"EntryPoint\",\"urlTemplate\":\"https:\/\/elojocojo.org\/?s={search_term_string}\"},\"query-input\":{\"@type\":\"PropertyValueSpecification\",\"valueRequired\":true,\"valueName\":\"search_term_string\"}}],\"inLanguage\":\"es\"},{\"@type\":\"Organization\",\"@id\":\"https:\/\/elojocojo.org\/#organization\",\"name\":\"Meigas da r\u00faa\",\"url\":\"https:\/\/elojocojo.org\/\",\"logo\":{\"@type\":\"ImageObject\",\"inLanguage\":\"es\",\"@id\":\"https:\/\/elojocojo.org\/#\/schema\/logo\/image\/\",\"url\":\"https:\/\/meigasdarua.org\/wp-content\/uploads\/2020\/09\/cropped-logo-meigas-5.png\",\"contentUrl\":\"https:\/\/meigasdarua.org\/wp-content\/uploads\/2020\/09\/cropped-logo-meigas-5.png\",\"width\":109,\"height\":200,\"caption\":\"Meigas da r\u00faa\"},\"image\":{\"@id\":\"https:\/\/elojocojo.org\/#\/schema\/logo\/image\/\"},\"sameAs\":[\"https:\/\/www.facebook.com\/elojocojo\",\"https:\/\/x.com\/elojocojo\",\"https:\/\/www.instagram.com\/elojocojo\/?hl=es\",\"https:\/\/www.linkedin.com\/in\/el-ojo-cojo-b52b7769\/\",\"https:\/\/www.pinterest.es\/elojocojo\/_saved\/\",\"https:\/\/www.youtube.com\/channel\/UCkFtFTV0Bms7zH7vq8FZxZg\"]},{\"@type\":\"Person\",\"@id\":\"\",\"url\":\"https:\/\/elojocojo.org\/author\/\"}]}<\/script>\n<!-- \/ Yoast SEO plugin. -->","yoast_head_json":{"title":"Joyce - el ojO cojo","description":"Pel\u00edcula Joyce exhibida en la edici\u00f3n 2014 del Festival el ojO cojo. Pa\u00eds de origen, Brasil. Dirigido por Caroline Leone.","robots":{"index":"index","follow":"follow","max-snippet":"max-snippet:-1","max-image-preview":"max-image-preview:large","max-video-preview":"max-video-preview:-1"},"canonical":"https:\/\/elojocojo.org\/joyce\/","og_locale":"es_ES","og_type":"article","og_title":"Joyce - el ojO cojo","og_description":"Pel\u00edcula Joyce exhibida en la edici\u00f3n 2014 del Festival el ojO cojo. Pa\u00eds de origen, Brasil. Dirigido por Caroline Leone.","og_url":"https:\/\/elojocojo.org\/joyce\/","og_site_name":"el ojO cojo","article_publisher":"https:\/\/www.facebook.com\/elojocojo","article_published_time":"2008-09-05T04:17:18+00:00","article_modified_time":"2025-09-23T08:39:26+00:00","og_image":[{"width":813,"height":1000,"url":"https:\/\/elojocojo.org\/wp-content\/uploads\/2008\/09\/joyce.jpg","type":"image\/jpeg"}],"twitter_card":"summary_large_image","twitter_creator":"@elojocojo","twitter_site":"@elojocojo","twitter_misc":{"Escrito por":"","Tiempo de lectura":"1 minuto"},"schema":{"@context":"https:\/\/schema.org","@graph":[{"@type":"Article","@id":"https:\/\/elojocojo.org\/joyce\/#article","isPartOf":{"@id":"https:\/\/elojocojo.org\/joyce\/"},"author":{"name":"","@id":""},"headline":"Joyce","datePublished":"2008-09-05T04:17:18+00:00","dateModified":"2025-09-23T08:39:26+00:00","mainEntityOfPage":{"@id":"https:\/\/elojocojo.org\/joyce\/"},"wordCount":288,"publisher":{"@id":"https:\/\/elojocojo.org\/#organization"},"image":{"@id":"https:\/\/elojocojo.org\/joyce\/#primaryimage"},"thumbnailUrl":"https:\/\/elojocojo.org\/wp-content\/uploads\/2008\/09\/joyce.jpg","keywords":["2014","Adolescentes","amistad","amor","amor filial","Brasil","documental","espa\u00f1ol","esperanza","festival de cine","Festival el Ojo cojo","ficci\u00f3n","mujer","pel\u00edculas para adolescentes","Portugal"],"articleSection":["Cortometraje","Festival 2014","Ficci\u00f3n"],"inLanguage":"es"},{"@type":"WebPage","@id":"https:\/\/elojocojo.org\/joyce\/","url":"https:\/\/elojocojo.org\/joyce\/","name":"Joyce - el ojO cojo","isPartOf":{"@id":"https:\/\/elojocojo.org\/#website"},"primaryImageOfPage":{"@id":"https:\/\/elojocojo.org\/joyce\/#primaryimage"},"image":{"@id":"https:\/\/elojocojo.org\/joyce\/#primaryimage"},"thumbnailUrl":"https:\/\/elojocojo.org\/wp-content\/uploads\/2008\/09\/joyce.jpg","datePublished":"2008-09-05T04:17:18+00:00","dateModified":"2025-09-23T08:39:26+00:00","description":"Pel\u00edcula Joyce exhibida en la edici\u00f3n 2014 del Festival el ojO cojo. Pa\u00eds de origen, Brasil. Dirigido por Caroline Leone.","breadcrumb":{"@id":"https:\/\/elojocojo.org\/joyce\/#breadcrumb"},"inLanguage":"es","potentialAction":[{"@type":"ReadAction","target":["https:\/\/elojocojo.org\/joyce\/"]}]},{"@type":"ImageObject","inLanguage":"es","@id":"https:\/\/elojocojo.org\/joyce\/#primaryimage","url":"https:\/\/elojocojo.org\/wp-content\/uploads\/2008\/09\/joyce.jpg","contentUrl":"https:\/\/elojocojo.org\/wp-content\/uploads\/2008\/09\/joyce.jpg","width":813,"height":1000},{"@type":"BreadcrumbList","@id":"https:\/\/elojocojo.org\/joyce\/#breadcrumb","itemListElement":[{"@type":"ListItem","position":1,"name":"Portada","item":"https:\/\/elojocojo.org\/"},{"@type":"ListItem","position":2,"name":"2014","item":"https:\/\/elojocojo.org\/tag\/2014\/"},{"@type":"ListItem","position":3,"name":"Joyce"}]},{"@type":"WebSite","@id":"https:\/\/elojocojo.org\/#website","url":"https:\/\/elojocojo.org\/","name":"el ojO cojo","description":"Todos estamos hechos de la misma esencia","publisher":{"@id":"https:\/\/elojocojo.org\/#organization"},"potentialAction":[{"@type":"SearchAction","target":{"@type":"EntryPoint","urlTemplate":"https:\/\/elojocojo.org\/?s={search_term_string}"},"query-input":{"@type":"PropertyValueSpecification","valueRequired":true,"valueName":"search_term_string"}}],"inLanguage":"es"},{"@type":"Organization","@id":"https:\/\/elojocojo.org\/#organization","name":"Meigas da r\u00faa","url":"https:\/\/elojocojo.org\/","logo":{"@type":"ImageObject","inLanguage":"es","@id":"https:\/\/elojocojo.org\/#\/schema\/logo\/image\/","url":"https:\/\/meigasdarua.org\/wp-content\/uploads\/2020\/09\/cropped-logo-meigas-5.png","contentUrl":"https:\/\/meigasdarua.org\/wp-content\/uploads\/2020\/09\/cropped-logo-meigas-5.png","width":109,"height":200,"caption":"Meigas da r\u00faa"},"image":{"@id":"https:\/\/elojocojo.org\/#\/schema\/logo\/image\/"},"sameAs":["https:\/\/www.facebook.com\/elojocojo","https:\/\/x.com\/elojocojo","https:\/\/www.instagram.com\/elojocojo\/?hl=es","https:\/\/www.linkedin.com\/in\/el-ojo-cojo-b52b7769\/","https:\/\/www.pinterest.es\/elojocojo\/_saved\/","https:\/\/www.youtube.com\/channel\/UCkFtFTV0Bms7zH7vq8FZxZg"]},{"@type":"Person","@id":"","url":"https:\/\/elojocojo.org\/author\/"}]}},"_links":{"self":[{"href":"https:\/\/elojocojo.org\/wp-json\/wp\/v2\/posts\/1388","targetHints":{"allow":["GET"]}}],"collection":[{"href":"https:\/\/elojocojo.org\/wp-json\/wp\/v2\/posts"}],"about":[{"href":"https:\/\/elojocojo.org\/wp-json\/wp\/v2\/types\/post"}],"author":[{"embeddable":true,"href":"https:\/\/elojocojo.org\/wp-json\/wp\/v2\/users\/3"}],"replies":[{"embeddable":true,"href":"https:\/\/elojocojo.org\/wp-json\/wp\/v2\/comments?post=1388"}],"version-history":[{"count":3,"href":"https:\/\/elojocojo.org\/wp-json\/wp\/v2\/posts\/1388\/revisions"}],"predecessor-version":[{"id":58048,"href":"https:\/\/elojocojo.org\/wp-json\/wp\/v2\/posts\/1388\/revisions\/58048"}],"wp:featuredmedia":[{"embeddable":true,"href":"https:\/\/elojocojo.org\/wp-json\/wp\/v2\/media\/26307"}],"wp:attachment":[{"href":"https:\/\/elojocojo.org\/wp-json\/wp\/v2\/media?parent=1388"}],"wp:term":[{"taxonomy":"category","embeddable":true,"href":"https:\/\/elojocojo.org\/wp-json\/wp\/v2\/categories?post=1388"},{"taxonomy":"post_tag","embeddable":true,"href":"https:\/\/elojocojo.org\/wp-json\/wp\/v2\/tags?post=1388"}],"curies":[{"name":"wp","href":"https:\/\/api.w.org\/{rel}","templated":true}]}}