{"id":1382,"date":"2008-09-04T21:15:07","date_gmt":"2008-09-05T04:15:07","guid":{"rendered":"http:\/\/www.elojocojo.org\/blog2\/?p=1382"},"modified":"2025-09-23T10:40:08","modified_gmt":"2025-09-23T08:40:08","slug":"kings-queens","status":"publish","type":"post","link":"https:\/\/elojocojo.org\/kings-queens\/","title":{"rendered":"Kings &#038; Queens"},"content":{"rendered":"<p><strong>T\u00cdTULO:<\/strong> Kings &amp; Queens<br \/><strong>T\u00cdTULO ORIGINAL:<\/strong> Kings \u201cn\u201d Queens<br \/><strong>A\u00d1O:<\/strong> 2005<br \/><strong>DIRECTOR:<\/strong> Lu\u00eds Fernando Fallas Fallas<br \/><strong>G\u00c9NERO cinematogr\u00e1fico:<\/strong> Animaci\u00f3n<br \/><strong>INT\u00c9RPRETES:<\/strong> T-4 (Esther Tucker, Dinia Tucker, Harline Tucker y Denia Tucker)<br \/><strong>FORMATO ORIGINAL:<\/strong> DVCAM NTSC<br \/><strong>TIPO:<\/strong> Color<br \/><strong>IDIOMA ORIGINAL:<\/strong> Castellano<br \/><strong>DURACI\u00d3N:<\/strong> 19&#8217;30\u201d<br \/><strong>PA\u00cdS:<\/strong> Costa Rica<br \/><strong>PRODUCCI\u00d3N:<\/strong> Sonia Jones, Jos\u00e9 Pablo Castillo y Lu\u00eds Fernando Fallas Fallas<br \/><strong>GUI\u00d3N:<\/strong> Lu\u00eds Fernando Fallas Fallas<br \/><strong>EDICI\u00d3N\/MONTAJE:<\/strong> Jos\u00e9 Pablo Coto<br \/><strong>DIRECCI\u00d3N DE FOTOGRAF\u00cdA:<\/strong> Abraham Montoya y Adalberto Blanco<br \/><strong>SONIDO:<\/strong> Abraham Montoya y Adalberto Blanco<br \/><strong>M\u00daSICA:<\/strong> \u201cSomewhere over the rainbow\u201d<\/p>\n<h1>Sinopsis<\/h1>\n<h2 data-start=\"209\" data-end=\"237\"><strong data-start=\"209\" data-end=\"237\">Un hombre, una misi\u00f3n<\/strong><\/h2>\n<p class=\"\" data-start=\"239\" data-end=\"620\">Alfred King dedic\u00f3 su vida a la provincia de Lim\u00f3n, Costa Rica.<br data-start=\"302\" data-end=\"305\" \/>En este contexto, se convirti\u00f3 en una figura clave para su comunidad.<br data-start=\"378\" data-end=\"381\" \/>Es decir, su trabajo no fue pol\u00edtico ni empresarial, sino profundamente humano.<br data-start=\"464\" data-end=\"467\" \/>Por lo tanto, su legado sigue vivo en el coraz\u00f3n de quienes lo conocieron.<br data-start=\"545\" data-end=\"548\" \/>Aun as\u00ed, muchos fuera de Lim\u00f3n desconocen la magnitud de su impacto.<\/p>\n<h2 data-start=\"622\" data-end=\"652\"><strong data-start=\"622\" data-end=\"652\">El carnaval como puente<\/strong><\/h2>\n<p class=\"\" data-start=\"654\" data-end=\"1161\">King organiz\u00f3 durante a\u00f1os el carnaval m\u00e1s importante de la regi\u00f3n.<br data-start=\"721\" data-end=\"724\" \/>De hecho, lo transform\u00f3 en un s\u00edmbolo de orgullo cultural y resistencia.<br data-start=\"800\" data-end=\"803\" \/>Por un lado, era una fiesta; por otro lado, era un acto de afirmaci\u00f3n social.<br data-start=\"888\" data-end=\"891\" \/>Dicho de otro modo, el carnaval no solo celebraba, tambi\u00e9n educaba e inclu\u00eda.<br data-start=\"972\" data-end=\"975\" \/>As\u00ed mismo, funcionaba como plataforma para artistas, j\u00f3venes y l\u00edderes emergentes.<br data-start=\"1061\" data-end=\"1064\" \/>Como resultado, fortaleci\u00f3 los lazos comunitarios a trav\u00e9s de la m\u00fasica, la danza y el color.<\/p>\n<h2 data-start=\"1163\" data-end=\"1193\"><strong data-start=\"1163\" data-end=\"1193\">Unidad en la diversidad<\/strong><\/h2>\n<p class=\"\" data-start=\"1195\" data-end=\"1629\">El mensaje de Alfred King siempre fue claro: celebrar lo que nos hace diferentes.<br data-start=\"1276\" data-end=\"1279\" \/>Adem\u00e1s, defendi\u00f3 con pasi\u00f3n la herencia afrocaribe\u00f1a de Lim\u00f3n.<br data-start=\"1345\" data-end=\"1348\" \/>En consecuencia, impuls\u00f3 espacios de di\u00e1logo y respeto entre distintas culturas costarricenses.<br data-start=\"1447\" data-end=\"1450\" \/>A su vez, promovi\u00f3 oportunidades para los m\u00e1s necesitados, especialmente j\u00f3venes y ni\u00f1os.<br data-start=\"1543\" data-end=\"1546\" \/>En otras palabras, su labor fue profundamente social, m\u00e1s all\u00e1 del espect\u00e1culo.<\/p>\n<h2 data-start=\"1631\" data-end=\"1652\"><strong data-start=\"1631\" data-end=\"1652\">Un legado vivo<\/strong><\/h2>\n<p class=\"\" data-start=\"1654\" data-end=\"1978\">Hoy, el esp\u00edritu de Alfred King sigue presente en cada edici\u00f3n del carnaval.<br data-start=\"1730\" data-end=\"1733\" \/>En resumen, su vida fue una lecci\u00f3n de entrega, alegr\u00eda y compromiso.<br data-start=\"1806\" data-end=\"1809\" \/>Finalmente, este documental honra su historia con m\u00fasica, testimonios y memoria viva.<br data-start=\"1898\" data-end=\"1901\" \/>Por ende, conocer a Alfred King es tambi\u00e9n conocer a Lim\u00f3n en su esencia.<\/p>\n\n\n<p>El filme Kings &amp; Queens particip\u00f3 en la edici\u00f3n <strong>2006<\/strong>&nbsp;del <a href=\"https:\/\/elojocojo.org\/category\/festival-2006\/\"><strong>Festival de cine el ojO cojo<\/strong> <\/a>en ese sentido nos sentimos honrados de haberla exhibido.<\/p>\n\n\n\n<p>Visita nuestro blog <a href=\"https:\/\/el-ojocojo.blogspot.com\/\">https:\/\/el-ojocojo.blogspot.com\/<\/a><\/p>\n","protected":false},"excerpt":{"rendered":"<p>T\u00cdTULO: Kings &amp; QueensT\u00cdTULO ORIGINAL: Kings \u201cn\u201d QueensA\u00d1O: 2005DIRECTOR: Lu\u00eds Fernando Fallas FallasG\u00c9NERO cinematogr\u00e1fico: Animaci\u00f3nINT\u00c9RPRETES: T-4 (Esther Tucker, Dinia Tucker, Harline Tucker y Denia Tucker)FORMATO ORIGINAL: DVCAM NTSCTIPO: ColorIDIOMA ORIGINAL: CastellanoDURACI\u00d3N: 19&#8217;30\u201dPA\u00cdS: Costa RicaPRODUCCI\u00d3N: Sonia Jones, Jos\u00e9 Pablo Castillo y Lu\u00eds Fernando Fallas FallasGUI\u00d3N: Lu\u00eds Fernando Fallas FallasEDICI\u00d3N\/MONTAJE: Jos\u00e9 Pablo CotoDIRECCI\u00d3N DE FOTOGRAF\u00cdA: Abraham Montoya [&hellip;]<\/p>\n","protected":false},"author":3,"featured_media":59862,"comment_status":"closed","ping_status":"open","sticky":false,"template":"","format":"standard","meta":{"_monsterinsights_skip_tracking":false,"_monsterinsights_sitenote_active":false,"_monsterinsights_sitenote_note":"","_monsterinsights_sitenote_category":0,"footnotes":""},"categories":[32,1460,428],"tags":[1927,19,1126,1833,936,1682,1346,1779,997,892,2119,1981,1982,1092,288,74,1057],"class_list":{"0":"post-1382","1":"post","2":"type-post","3":"status-publish","4":"format-standard","5":"has-post-thumbnail","7":"category-animacion","8":"category-cortometraje","9":"category-festival-2006","10":"tag-1927","11":"tag-activismo-cultural","12":"tag-alianzas-para-lograr-objetivos","13":"tag-animacion","14":"tag-artista","15":"tag-compromiso","16":"tag-costa-rica","17":"tag-cultura","18":"tag-diversidad","19":"tag-diversidad-cultural","20":"tag-espanol","21":"tag-festival-de-cine","22":"tag-festival-el-ojo-cojo","23":"tag-fin-de-la-pobreza","24":"tag-jovenes","25":"tag-solidaridad","26":"tag-trabajo-decente-y-crecimiento-economico","27":"czr-hentry"},"yoast_head":"<!-- This site is optimized with the Yoast SEO plugin v27.1.1 - https:\/\/yoast.com\/product\/yoast-seo-wordpress\/ -->\n<title>Kings &amp; Queens - el ojO cojo<\/title>\n<meta name=\"description\" content=\"Pel\u00edcula Kings &amp; Queens exhibida en la edici\u00f3n 2006 del Festival el ojO cojo. Pa\u00eds de origen, Costa Rica. Dirigido por Lu\u00eds Fernando Fallas Fallas.\" \/>\n<meta name=\"robots\" content=\"index, follow, max-snippet:-1, max-image-preview:large, max-video-preview:-1\" \/>\n<link rel=\"canonical\" href=\"https:\/\/elojocojo.org\/kings-queens\/\" \/>\n<meta property=\"og:locale\" content=\"es_ES\" \/>\n<meta property=\"og:type\" content=\"article\" \/>\n<meta property=\"og:title\" content=\"Kings &amp; Queens - el ojO cojo\" \/>\n<meta property=\"og:description\" content=\"Pel\u00edcula Kings &amp; Queens exhibida en la edici\u00f3n 2006 del Festival el ojO cojo. Pa\u00eds de origen, Costa Rica. Dirigido por Lu\u00eds Fernando Fallas Fallas.\" \/>\n<meta property=\"og:url\" content=\"https:\/\/elojocojo.org\/kings-queens\/\" \/>\n<meta property=\"og:site_name\" content=\"el ojO cojo\" \/>\n<meta property=\"article:publisher\" content=\"https:\/\/www.facebook.com\/elojocojo\" \/>\n<meta property=\"article:published_time\" content=\"2008-09-05T04:15:07+00:00\" \/>\n<meta property=\"article:modified_time\" content=\"2025-09-23T08:40:08+00:00\" \/>\n<meta property=\"og:image\" content=\"https:\/\/elojocojo.org\/wp-content\/uploads\/2008\/09\/kings.jpg\" \/>\n\t<meta property=\"og:image:width\" content=\"274\" \/>\n\t<meta property=\"og:image:height\" content=\"208\" \/>\n\t<meta property=\"og:image:type\" content=\"image\/jpeg\" \/>\n<meta name=\"twitter:card\" content=\"summary_large_image\" \/>\n<meta name=\"twitter:creator\" content=\"@elojocojo\" \/>\n<meta name=\"twitter:site\" content=\"@elojocojo\" \/>\n<meta name=\"twitter:label1\" content=\"Escrito por\" \/>\n\t<meta name=\"twitter:data1\" content=\"\" \/>\n\t<meta name=\"twitter:label2\" content=\"Tiempo de lectura\" \/>\n\t<meta name=\"twitter:data2\" content=\"2 minutos\" \/>\n<script type=\"application\/ld+json\" class=\"yoast-schema-graph\">{\"@context\":\"https:\/\/schema.org\",\"@graph\":[{\"@type\":\"Article\",\"@id\":\"https:\/\/elojocojo.org\/kings-queens\/#article\",\"isPartOf\":{\"@id\":\"https:\/\/elojocojo.org\/kings-queens\/\"},\"author\":{\"name\":\"\",\"@id\":\"\"},\"headline\":\"Kings &#038; Queens\",\"datePublished\":\"2008-09-05T04:15:07+00:00\",\"dateModified\":\"2025-09-23T08:40:08+00:00\",\"mainEntityOfPage\":{\"@id\":\"https:\/\/elojocojo.org\/kings-queens\/\"},\"wordCount\":436,\"publisher\":{\"@id\":\"https:\/\/elojocojo.org\/#organization\"},\"image\":{\"@id\":\"https:\/\/elojocojo.org\/kings-queens\/#primaryimage\"},\"thumbnailUrl\":\"https:\/\/elojocojo.org\/wp-content\/uploads\/2008\/09\/kings.jpg\",\"keywords\":[\"2006\",\"activismo cultural\",\"Alianzas para lograr objetivos\",\"animaci\u00f3n\",\"artista\",\"compromiso\",\"Costa Rica\",\"cultura\",\"diversidad\",\"diversidad cultural\",\"espa\u00f1ol\",\"festival de cine\",\"Festival el Ojo cojo\",\"Fin de la pobreza\",\"j\u00f3venes\",\"solidaridad\",\"Trabajo decente y crecimiento econ\u00f3mico\"],\"articleSection\":[\"Animaci\u00f3n\",\"Cortometraje\",\"Festival 2006\"],\"inLanguage\":\"es\"},{\"@type\":\"WebPage\",\"@id\":\"https:\/\/elojocojo.org\/kings-queens\/\",\"url\":\"https:\/\/elojocojo.org\/kings-queens\/\",\"name\":\"Kings & Queens - el ojO cojo\",\"isPartOf\":{\"@id\":\"https:\/\/elojocojo.org\/#website\"},\"primaryImageOfPage\":{\"@id\":\"https:\/\/elojocojo.org\/kings-queens\/#primaryimage\"},\"image\":{\"@id\":\"https:\/\/elojocojo.org\/kings-queens\/#primaryimage\"},\"thumbnailUrl\":\"https:\/\/elojocojo.org\/wp-content\/uploads\/2008\/09\/kings.jpg\",\"datePublished\":\"2008-09-05T04:15:07+00:00\",\"dateModified\":\"2025-09-23T08:40:08+00:00\",\"description\":\"Pel\u00edcula Kings & Queens exhibida en la edici\u00f3n 2006 del Festival el ojO cojo. Pa\u00eds de origen, Costa Rica. Dirigido por Lu\u00eds Fernando Fallas Fallas.\",\"breadcrumb\":{\"@id\":\"https:\/\/elojocojo.org\/kings-queens\/#breadcrumb\"},\"inLanguage\":\"es\",\"potentialAction\":[{\"@type\":\"ReadAction\",\"target\":[\"https:\/\/elojocojo.org\/kings-queens\/\"]}]},{\"@type\":\"ImageObject\",\"inLanguage\":\"es\",\"@id\":\"https:\/\/elojocojo.org\/kings-queens\/#primaryimage\",\"url\":\"https:\/\/elojocojo.org\/wp-content\/uploads\/2008\/09\/kings.jpg\",\"contentUrl\":\"https:\/\/elojocojo.org\/wp-content\/uploads\/2008\/09\/kings.jpg\",\"width\":274,\"height\":208},{\"@type\":\"BreadcrumbList\",\"@id\":\"https:\/\/elojocojo.org\/kings-queens\/#breadcrumb\",\"itemListElement\":[{\"@type\":\"ListItem\",\"position\":1,\"name\":\"Portada\",\"item\":\"https:\/\/elojocojo.org\/\"},{\"@type\":\"ListItem\",\"position\":2,\"name\":\"2006\",\"item\":\"https:\/\/elojocojo.org\/tag\/2006\/\"},{\"@type\":\"ListItem\",\"position\":3,\"name\":\"Kings &#038; Queens\"}]},{\"@type\":\"WebSite\",\"@id\":\"https:\/\/elojocojo.org\/#website\",\"url\":\"https:\/\/elojocojo.org\/\",\"name\":\"el ojO cojo\",\"description\":\"Todos estamos hechos de la misma esencia\",\"publisher\":{\"@id\":\"https:\/\/elojocojo.org\/#organization\"},\"potentialAction\":[{\"@type\":\"SearchAction\",\"target\":{\"@type\":\"EntryPoint\",\"urlTemplate\":\"https:\/\/elojocojo.org\/?s={search_term_string}\"},\"query-input\":{\"@type\":\"PropertyValueSpecification\",\"valueRequired\":true,\"valueName\":\"search_term_string\"}}],\"inLanguage\":\"es\"},{\"@type\":\"Organization\",\"@id\":\"https:\/\/elojocojo.org\/#organization\",\"name\":\"Meigas da r\u00faa\",\"url\":\"https:\/\/elojocojo.org\/\",\"logo\":{\"@type\":\"ImageObject\",\"inLanguage\":\"es\",\"@id\":\"https:\/\/elojocojo.org\/#\/schema\/logo\/image\/\",\"url\":\"https:\/\/meigasdarua.org\/wp-content\/uploads\/2020\/09\/cropped-logo-meigas-5.png\",\"contentUrl\":\"https:\/\/meigasdarua.org\/wp-content\/uploads\/2020\/09\/cropped-logo-meigas-5.png\",\"width\":109,\"height\":200,\"caption\":\"Meigas da r\u00faa\"},\"image\":{\"@id\":\"https:\/\/elojocojo.org\/#\/schema\/logo\/image\/\"},\"sameAs\":[\"https:\/\/www.facebook.com\/elojocojo\",\"https:\/\/x.com\/elojocojo\",\"https:\/\/www.instagram.com\/elojocojo\/?hl=es\",\"https:\/\/www.linkedin.com\/in\/el-ojo-cojo-b52b7769\/\",\"https:\/\/www.pinterest.es\/elojocojo\/_saved\/\",\"https:\/\/www.youtube.com\/channel\/UCkFtFTV0Bms7zH7vq8FZxZg\"]},{\"@type\":\"Person\",\"@id\":\"\",\"url\":\"https:\/\/elojocojo.org\/author\/\"}]}<\/script>\n<!-- \/ Yoast SEO plugin. -->","yoast_head_json":{"title":"Kings & Queens - el ojO cojo","description":"Pel\u00edcula Kings & Queens exhibida en la edici\u00f3n 2006 del Festival el ojO cojo. Pa\u00eds de origen, Costa Rica. Dirigido por Lu\u00eds Fernando Fallas Fallas.","robots":{"index":"index","follow":"follow","max-snippet":"max-snippet:-1","max-image-preview":"max-image-preview:large","max-video-preview":"max-video-preview:-1"},"canonical":"https:\/\/elojocojo.org\/kings-queens\/","og_locale":"es_ES","og_type":"article","og_title":"Kings & Queens - el ojO cojo","og_description":"Pel\u00edcula Kings & Queens exhibida en la edici\u00f3n 2006 del Festival el ojO cojo. Pa\u00eds de origen, Costa Rica. Dirigido por Lu\u00eds Fernando Fallas Fallas.","og_url":"https:\/\/elojocojo.org\/kings-queens\/","og_site_name":"el ojO cojo","article_publisher":"https:\/\/www.facebook.com\/elojocojo","article_published_time":"2008-09-05T04:15:07+00:00","article_modified_time":"2025-09-23T08:40:08+00:00","og_image":[{"width":274,"height":208,"url":"https:\/\/elojocojo.org\/wp-content\/uploads\/2008\/09\/kings.jpg","type":"image\/jpeg"}],"twitter_card":"summary_large_image","twitter_creator":"@elojocojo","twitter_site":"@elojocojo","twitter_misc":{"Escrito por":"","Tiempo de lectura":"2 minutos"},"schema":{"@context":"https:\/\/schema.org","@graph":[{"@type":"Article","@id":"https:\/\/elojocojo.org\/kings-queens\/#article","isPartOf":{"@id":"https:\/\/elojocojo.org\/kings-queens\/"},"author":{"name":"","@id":""},"headline":"Kings &#038; Queens","datePublished":"2008-09-05T04:15:07+00:00","dateModified":"2025-09-23T08:40:08+00:00","mainEntityOfPage":{"@id":"https:\/\/elojocojo.org\/kings-queens\/"},"wordCount":436,"publisher":{"@id":"https:\/\/elojocojo.org\/#organization"},"image":{"@id":"https:\/\/elojocojo.org\/kings-queens\/#primaryimage"},"thumbnailUrl":"https:\/\/elojocojo.org\/wp-content\/uploads\/2008\/09\/kings.jpg","keywords":["2006","activismo cultural","Alianzas para lograr objetivos","animaci\u00f3n","artista","compromiso","Costa Rica","cultura","diversidad","diversidad cultural","espa\u00f1ol","festival de cine","Festival el Ojo cojo","Fin de la pobreza","j\u00f3venes","solidaridad","Trabajo decente y crecimiento econ\u00f3mico"],"articleSection":["Animaci\u00f3n","Cortometraje","Festival 2006"],"inLanguage":"es"},{"@type":"WebPage","@id":"https:\/\/elojocojo.org\/kings-queens\/","url":"https:\/\/elojocojo.org\/kings-queens\/","name":"Kings & Queens - el ojO cojo","isPartOf":{"@id":"https:\/\/elojocojo.org\/#website"},"primaryImageOfPage":{"@id":"https:\/\/elojocojo.org\/kings-queens\/#primaryimage"},"image":{"@id":"https:\/\/elojocojo.org\/kings-queens\/#primaryimage"},"thumbnailUrl":"https:\/\/elojocojo.org\/wp-content\/uploads\/2008\/09\/kings.jpg","datePublished":"2008-09-05T04:15:07+00:00","dateModified":"2025-09-23T08:40:08+00:00","description":"Pel\u00edcula Kings & Queens exhibida en la edici\u00f3n 2006 del Festival el ojO cojo. Pa\u00eds de origen, Costa Rica. Dirigido por Lu\u00eds Fernando Fallas Fallas.","breadcrumb":{"@id":"https:\/\/elojocojo.org\/kings-queens\/#breadcrumb"},"inLanguage":"es","potentialAction":[{"@type":"ReadAction","target":["https:\/\/elojocojo.org\/kings-queens\/"]}]},{"@type":"ImageObject","inLanguage":"es","@id":"https:\/\/elojocojo.org\/kings-queens\/#primaryimage","url":"https:\/\/elojocojo.org\/wp-content\/uploads\/2008\/09\/kings.jpg","contentUrl":"https:\/\/elojocojo.org\/wp-content\/uploads\/2008\/09\/kings.jpg","width":274,"height":208},{"@type":"BreadcrumbList","@id":"https:\/\/elojocojo.org\/kings-queens\/#breadcrumb","itemListElement":[{"@type":"ListItem","position":1,"name":"Portada","item":"https:\/\/elojocojo.org\/"},{"@type":"ListItem","position":2,"name":"2006","item":"https:\/\/elojocojo.org\/tag\/2006\/"},{"@type":"ListItem","position":3,"name":"Kings &#038; Queens"}]},{"@type":"WebSite","@id":"https:\/\/elojocojo.org\/#website","url":"https:\/\/elojocojo.org\/","name":"el ojO cojo","description":"Todos estamos hechos de la misma esencia","publisher":{"@id":"https:\/\/elojocojo.org\/#organization"},"potentialAction":[{"@type":"SearchAction","target":{"@type":"EntryPoint","urlTemplate":"https:\/\/elojocojo.org\/?s={search_term_string}"},"query-input":{"@type":"PropertyValueSpecification","valueRequired":true,"valueName":"search_term_string"}}],"inLanguage":"es"},{"@type":"Organization","@id":"https:\/\/elojocojo.org\/#organization","name":"Meigas da r\u00faa","url":"https:\/\/elojocojo.org\/","logo":{"@type":"ImageObject","inLanguage":"es","@id":"https:\/\/elojocojo.org\/#\/schema\/logo\/image\/","url":"https:\/\/meigasdarua.org\/wp-content\/uploads\/2020\/09\/cropped-logo-meigas-5.png","contentUrl":"https:\/\/meigasdarua.org\/wp-content\/uploads\/2020\/09\/cropped-logo-meigas-5.png","width":109,"height":200,"caption":"Meigas da r\u00faa"},"image":{"@id":"https:\/\/elojocojo.org\/#\/schema\/logo\/image\/"},"sameAs":["https:\/\/www.facebook.com\/elojocojo","https:\/\/x.com\/elojocojo","https:\/\/www.instagram.com\/elojocojo\/?hl=es","https:\/\/www.linkedin.com\/in\/el-ojo-cojo-b52b7769\/","https:\/\/www.pinterest.es\/elojocojo\/_saved\/","https:\/\/www.youtube.com\/channel\/UCkFtFTV0Bms7zH7vq8FZxZg"]},{"@type":"Person","@id":"","url":"https:\/\/elojocojo.org\/author\/"}]}},"_links":{"self":[{"href":"https:\/\/elojocojo.org\/wp-json\/wp\/v2\/posts\/1382","targetHints":{"allow":["GET"]}}],"collection":[{"href":"https:\/\/elojocojo.org\/wp-json\/wp\/v2\/posts"}],"about":[{"href":"https:\/\/elojocojo.org\/wp-json\/wp\/v2\/types\/post"}],"author":[{"embeddable":true,"href":"https:\/\/elojocojo.org\/wp-json\/wp\/v2\/users\/3"}],"replies":[{"embeddable":true,"href":"https:\/\/elojocojo.org\/wp-json\/wp\/v2\/comments?post=1382"}],"version-history":[{"count":3,"href":"https:\/\/elojocojo.org\/wp-json\/wp\/v2\/posts\/1382\/revisions"}],"predecessor-version":[{"id":59863,"href":"https:\/\/elojocojo.org\/wp-json\/wp\/v2\/posts\/1382\/revisions\/59863"}],"wp:featuredmedia":[{"embeddable":true,"href":"https:\/\/elojocojo.org\/wp-json\/wp\/v2\/media\/59862"}],"wp:attachment":[{"href":"https:\/\/elojocojo.org\/wp-json\/wp\/v2\/media?parent=1382"}],"wp:term":[{"taxonomy":"category","embeddable":true,"href":"https:\/\/elojocojo.org\/wp-json\/wp\/v2\/categories?post=1382"},{"taxonomy":"post_tag","embeddable":true,"href":"https:\/\/elojocojo.org\/wp-json\/wp\/v2\/tags?post=1382"}],"curies":[{"name":"wp","href":"https:\/\/api.w.org\/{rel}","templated":true}]}}