{"id":13743,"date":"2018-09-23T08:37:28","date_gmt":"2018-09-23T15:37:28","guid":{"rendered":"http:\/\/www.elojocojo.org\/?p=13743"},"modified":"2025-09-30T18:47:19","modified_gmt":"2025-09-30T16:47:19","slug":"sawubona","status":"publish","type":"post","link":"https:\/\/elojocojo.org\/sawubona\/","title":{"rendered":"Sawubona"},"content":{"rendered":"\n<figure class=\"wp-block-embed is-type-video is-provider-youtube wp-block-embed-youtube wp-embed-aspect-16-9 wp-has-aspect-ratio\"><div class=\"wp-block-embed__wrapper\">\n<iframe title=\"Trailer4   Sawubona\" width=\"1140\" height=\"641\" src=\"https:\/\/www.youtube.com\/embed\/t6CR1QWlkdo?feature=oembed\" frameborder=\"0\" allow=\"accelerometer; autoplay; clipboard-write; encrypted-media; gyroscope; picture-in-picture; web-share\" referrerpolicy=\"strict-origin-when-cross-origin\" allowfullscreen><\/iframe>\n<\/div><\/figure>\n\n\n\n<p>T\u00edtulo: <em>Sawubona.<\/em><\/p>\n\n\n\n<p>A\u00f1o: 2015<\/p>\n\n\n\n<p>Director: Lungelo Kuzwayo.<\/p>\n\n\n\n<p>G\u00e9nero: Ficci\u00f3n.<\/p>\n\n\n\n<p>Duraci\u00f3n: 11&#8242;<\/p>\n\n\n\n<p>Pa\u00eds: Sud\u00e1frica.<\/p>\n\n\n\n<p>Formato original: Digital.<\/p>\n\n\n\n<p>Tipo: Color.<\/p>\n\n\n\n<p>Idioma original: Zul\u00fa e Ingl\u00e9s.<\/p>\n\n\n\n<p>Subt\u00edtulos: Espa\u00f1ol.<\/p>\n\n\n\n<p>Int\u00e9rpretes: Esihle Dingwayo, Derek Fisher, McKenzie Franklin, Na\u00b4Imah Graham, Cole Keriazakos, Susan Myburgh, Ursula Lufuno Ndou y Joette Waters.<\/p>\n\n\n\n<p>Producci\u00f3n: Wanda Sondiyazi.<\/p>\n\n\n\n<p>Gui\u00f3n: Wanda Sondiyazi y Lungelo Kuzwayo.<\/p>\n\n\n\n<p>Edici\u00f3n\/Montaje Andrew Niemchick.<\/p>\n\n\n\n<p>Direcci\u00f3n de Fotograf\u00eda: Derek Fisher.<\/p>\n\n\n\n<p>Sonido: Brad Meyer y Abby Young.<\/p>\n\n\n\n<p>M\u00fasica: Andrew Orkin.<\/p>\n\n\n\n<p>Sinopsis:<\/p>\n\n\n\n<h2 class=\"wp-block-heading\"><strong><sub>Un ni\u00f1o, un encuentro, una transformaci\u00f3n<\/sub><\/strong><\/h2>\n\n\n\n<p><em>Sawubona<\/em>, de Lungelo Kuzwayo, es una historia luminosa sobre el poder de la mirada y la empat\u00eda, narrada desde la perspectiva de Mbali, un ni\u00f1o sudafricano de siete a\u00f1os. En primer lugar, Mbali es curioso, alegre y valiente, pero vive en una comunidad donde las normas no se cuestionan. A pesar de su esp\u00edritu libre, ha aprendido a adaptarse a lo que se espera de \u00e9l. De hecho, todo cambia cuando conoce a un ni\u00f1o diferente, venido de lejos. Por eso, su v\u00ednculo nace sin prejuicios, con la espontaneidad propia de la infancia. Y es all\u00ed donde comienza la verdadera transformaci\u00f3n.<\/p>\n\n\n\n<h2 class=\"wp-block-heading\"><strong><sub>Ver con el coraz\u00f3n: el verdadero significado de <em>Sawubona<\/em><\/sub><\/strong><\/h2>\n\n\n\n<p>La palabra zul\u00fa <em>Sawubona<\/em> significa \u201cte veo\u201d, y ese acto se vuelve el centro del relato. Como resultado, Mbali empieza a mirar m\u00e1s all\u00e1 de las apariencias. Al mismo tiempo, su entorno no siempre celebra esa apertura. As\u00ed, surgen tensiones con adultos que temen lo nuevo. Tambi\u00e9n se hacen visibles los prejuicios arraigados en la comunidad. En consecuencia, el saludo se transforma en una declaraci\u00f3n de principios: ver al otro es un acto pol\u00edtico.<\/p>\n\n\n\n<h2 class=\"wp-block-heading\"><strong><sub>Infancia y resistencia silenciosa<\/sub><\/strong><\/h2>\n\n\n\n<p>A la misma vez, los ni\u00f1os enfrentan desaf\u00edos con entereza y ternura. Adem\u00e1s, su amistad se vuelve motor de cambio, aunque sea desde lo m\u00ednimo. Por a\u00f1adidura, algunos adultos comienzan a cuestionar sus certezas. As\u00ed pues, la infancia revela su capacidad de resistencia. En definitiva, el juego se convierte en gesto transformador.<\/p>\n\n\n\n<h2 class=\"wp-block-heading\"><strong><sub><em>Sawubona<\/em>: una semilla de cambio<\/sub><\/strong><\/h2>\n\n\n\n<p>Evidentemente, esta es una historia simple, pero de gran profundidad. Por otra parte, no ofrece lecciones morales, sino ejemplos de apertura. A su vez, pone en valor la mirada limpia de los ni\u00f1os. Tambi\u00e9n nos recuerda que cambiar comienza por ver.<\/p>\n\n\n\n<h2 class=\"wp-block-heading\"><strong><sub>Mirar para transformar<\/sub><\/strong><\/h2>\n\n\n\n<p>En definitiva, <em>Sawubona<\/em> es un canto a la empat\u00eda. Por \u00faltimo, su mensaje atraviesa edades y fronteras. Y entonces, entendemos que ver al otro es el primer paso para cambiar el mundo.<\/p>\n\n\n<div class=\"wp-block-image\">\n<figure class=\"aligncenter size-large\"><img decoding=\"async\" width=\"255\" height=\"360\" src=\"https:\/\/elojocojo.org\/wp-content\/uploads\/2018\/09\/cartel_sawubona-255x360.jpg\" alt=\"Cartel de la pel\u00edcula Sawubona, con dos ni\u00f1os sonrientes montando una bicicleta entre pasillos llenos de flores. \" class=\"wp-image-66318\" srcset=\"https:\/\/elojocojo.org\/wp-content\/uploads\/2018\/09\/cartel_sawubona-255x360.jpg 255w, https:\/\/elojocojo.org\/wp-content\/uploads\/2018\/09\/cartel_sawubona-354x500.jpg 354w, https:\/\/elojocojo.org\/wp-content\/uploads\/2018\/09\/cartel_sawubona-283x400.jpg 283w, https:\/\/elojocojo.org\/wp-content\/uploads\/2018\/09\/cartel_sawubona-150x212.jpg 150w, https:\/\/elojocojo.org\/wp-content\/uploads\/2018\/09\/cartel_sawubona.jpg 566w\" sizes=\"(max-width: 255px) 100vw, 255px\" \/><\/figure>\n<\/div>\n\n\n<p>PALMAR\u00c9S:&nbsp;<\/p>\n\n\n\n<p>2017:<\/p>\n\n\n\n<ul class=\"wp-block-list\">\n<li>Festival Mundial Kolkata &#8211; Premio Mejor cortometraje internacional.<\/li>\n<\/ul>\n\n\n\n<ul class=\"wp-block-list\">\n<li>Festival Cine Kasi Vibe &#8211; Premio Mejor cortometraje.<\/li>\n<\/ul>\n\n\n\n<p>El filme <em>Sawubona<\/em> particip\u00f3 en la edici\u00f3n <strong><a href=\"https:\/\/elojocojo.org\/category\/festival-2018\/\">2018 <\/a><\/strong>del <a href=\"https:\/\/elojocojo.org\/bienvenida\/festivalelojocojo\/\"><strong>Festival de cine el ojO cojo<\/strong> <\/a>en ese sentido, nos sentimos honrados de haberlo exhibido.<\/p>\n\n\n\n<p>Visita nuestro <a href=\"https:\/\/el-ojocojo.blogspot.com\">blog<\/a><\/p>\n\n\n\n<p><\/p>\n\n\n\n<p><\/p>\n","protected":false},"excerpt":{"rendered":"<p>Sawubona narra la amistad entre Mbali y un ni\u00f1o forastero, que desaf\u00eda prejuicios en su comunidad. A trav\u00e9s de esta conexi\u00f3n, Mbali aprende a ver con el coraz\u00f3n, mostrando c\u00f3mo la empat\u00eda puede transformar el mundo. Dirigido por Lungelo Kuzwayo<\/p>\n","protected":false},"author":11,"featured_media":66323,"comment_status":"closed","ping_status":"closed","sticky":false,"template":"","format":"video","meta":{"_monsterinsights_skip_tracking":false,"_monsterinsights_sitenote_active":false,"_monsterinsights_sitenote_note":"","_monsterinsights_sitenote_category":0,"footnotes":""},"categories":[1460,351,30],"tags":[2000,1994,169,1403,1258,2119,2391,1440,1981,1982,1628,2384,1834,2118,128,1910,922,1231,733],"class_list":{"0":"post-13743","1":"post","2":"type-post","3":"status-publish","4":"format-video","5":"has-post-thumbnail","7":"category-cortometraje","8":"category-festival-2018","9":"category-ficcion","10":"tag-2000","11":"tag-1994","12":"tag-amistad","13":"tag-educacion-de-calidad","14":"tag-empoderamiento","15":"tag-espanol","16":"tag-espaol","17":"tag-estados-unidos","18":"tag-festival-de-cine","19":"tag-festival-el-ojo-cojo","20":"tag-ficcion","21":"tag-frontera","22":"tag-fronteras","23":"tag-ingles","24":"tag-ninos","25":"tag-ods","26":"tag-peliculas-para-ninos","27":"tag-reduccion-de-las-desigualdades","28":"tag-sudafrica","29":"post_format-post-format-video","30":"czr-hentry"},"yoast_head":"<!-- This site is optimized with the Yoast SEO plugin v27.1.1 - https:\/\/yoast.com\/product\/yoast-seo-wordpress\/ -->\n<title>Sawubona - el ojO cojo<\/title>\n<meta name=\"description\" content=\"Cortometraje Sawubona exhibido en la edici\u00f3n 2018 del Festival el ojO cojo. Pa\u00eds de origen, Sud\u00e1frica. Dirigido por Lungelo Kuzwayo.\" \/>\n<meta name=\"robots\" content=\"index, follow, max-snippet:-1, max-image-preview:large, max-video-preview:-1\" \/>\n<link rel=\"canonical\" href=\"https:\/\/elojocojo.org\/sawubona\/\" \/>\n<meta property=\"og:locale\" content=\"es_ES\" \/>\n<meta property=\"og:type\" content=\"article\" \/>\n<meta property=\"og:title\" content=\"Sawubona - el ojO cojo\" \/>\n<meta property=\"og:description\" content=\"Cortometraje Sawubona exhibido en la edici\u00f3n 2018 del Festival el ojO cojo. Pa\u00eds de origen, Sud\u00e1frica. Dirigido por Lungelo Kuzwayo.\" \/>\n<meta property=\"og:url\" content=\"https:\/\/elojocojo.org\/sawubona\/\" \/>\n<meta property=\"og:site_name\" content=\"el ojO cojo\" \/>\n<meta property=\"article:publisher\" content=\"https:\/\/www.facebook.com\/elojocojo\" \/>\n<meta property=\"article:published_time\" content=\"2018-09-23T15:37:28+00:00\" \/>\n<meta property=\"article:modified_time\" content=\"2025-09-30T16:47:19+00:00\" \/>\n<meta property=\"og:image\" content=\"https:\/\/elojocojo.org\/wp-content\/uploads\/2018\/09\/sawubona_1.jpg\" \/>\n\t<meta property=\"og:image:width\" content=\"1110\" \/>\n\t<meta property=\"og:image:height\" content=\"250\" \/>\n\t<meta property=\"og:image:type\" content=\"image\/jpeg\" \/>\n<meta name=\"author\" content=\"cojo\" \/>\n<meta name=\"twitter:card\" content=\"summary_large_image\" \/>\n<meta name=\"twitter:creator\" content=\"@elojocojo\" \/>\n<meta name=\"twitter:site\" content=\"@elojocojo\" \/>\n<meta name=\"twitter:label1\" content=\"Escrito por\" \/>\n\t<meta name=\"twitter:data1\" content=\"cojo\" \/>\n\t<meta name=\"twitter:label2\" content=\"Tiempo de lectura\" \/>\n\t<meta name=\"twitter:data2\" content=\"1 minuto\" \/>\n<script type=\"application\/ld+json\" class=\"yoast-schema-graph\">{\"@context\":\"https:\/\/schema.org\",\"@graph\":[{\"@type\":\"Article\",\"@id\":\"https:\/\/elojocojo.org\/sawubona\/#article\",\"isPartOf\":{\"@id\":\"https:\/\/elojocojo.org\/sawubona\/\"},\"author\":{\"name\":\"cojo\",\"@id\":\"https:\/\/elojocojo.org\/#\/schema\/person\/cba15985dd5da095cac31c1ff0d6e23e\"},\"headline\":\"Sawubona\",\"datePublished\":\"2018-09-23T15:37:28+00:00\",\"dateModified\":\"2025-09-30T16:47:19+00:00\",\"mainEntityOfPage\":{\"@id\":\"https:\/\/elojocojo.org\/sawubona\/\"},\"wordCount\":493,\"publisher\":{\"@id\":\"https:\/\/elojocojo.org\/#organization\"},\"image\":{\"@id\":\"https:\/\/elojocojo.org\/sawubona\/#primaryimage\"},\"thumbnailUrl\":\"https:\/\/elojocojo.org\/wp-content\/uploads\/2018\/09\/sawubona_1.jpg\",\"keywords\":[\"2015\",\"2018\",\"amistad\",\"Educaci\u00f3n de calidad\",\"empoderamiento\",\"espa\u00f1ol\",\"espa\u00b1ol\",\"Estados Unidos\",\"festival de cine\",\"Festival el Ojo cojo\",\"ficci\u00f3n\",\"frontera\",\"fronteras\",\"ingl\u00e9s\",\"ni\u00f1os\",\"ODS\",\"pel\u00edculas para ni\u00f1os\",\"Reducci\u00f3n de las desigualdades\",\"Sud\u00e1frica\"],\"articleSection\":[\"Cortometraje\",\"Festival 2018\",\"Ficci\u00f3n\"],\"inLanguage\":\"es\"},{\"@type\":\"WebPage\",\"@id\":\"https:\/\/elojocojo.org\/sawubona\/\",\"url\":\"https:\/\/elojocojo.org\/sawubona\/\",\"name\":\"Sawubona - el ojO cojo\",\"isPartOf\":{\"@id\":\"https:\/\/elojocojo.org\/#website\"},\"primaryImageOfPage\":{\"@id\":\"https:\/\/elojocojo.org\/sawubona\/#primaryimage\"},\"image\":{\"@id\":\"https:\/\/elojocojo.org\/sawubona\/#primaryimage\"},\"thumbnailUrl\":\"https:\/\/elojocojo.org\/wp-content\/uploads\/2018\/09\/sawubona_1.jpg\",\"datePublished\":\"2018-09-23T15:37:28+00:00\",\"dateModified\":\"2025-09-30T16:47:19+00:00\",\"description\":\"Cortometraje Sawubona exhibido en la edici\u00f3n 2018 del Festival el ojO cojo. Pa\u00eds de origen, Sud\u00e1frica. Dirigido por Lungelo Kuzwayo.\",\"breadcrumb\":{\"@id\":\"https:\/\/elojocojo.org\/sawubona\/#breadcrumb\"},\"inLanguage\":\"es\",\"potentialAction\":[{\"@type\":\"ReadAction\",\"target\":[\"https:\/\/elojocojo.org\/sawubona\/\"]}]},{\"@type\":\"ImageObject\",\"inLanguage\":\"es\",\"@id\":\"https:\/\/elojocojo.org\/sawubona\/#primaryimage\",\"url\":\"https:\/\/elojocojo.org\/wp-content\/uploads\/2018\/09\/sawubona_1.jpg\",\"contentUrl\":\"https:\/\/elojocojo.org\/wp-content\/uploads\/2018\/09\/sawubona_1.jpg\",\"width\":1110,\"height\":250,\"caption\":\"Espejo de seguridad que muestra el interior de una tienda con estantes llenos de productos. Dos ni\u00f1os estan subidos a un carrito de la compra\"},{\"@type\":\"BreadcrumbList\",\"@id\":\"https:\/\/elojocojo.org\/sawubona\/#breadcrumb\",\"itemListElement\":[{\"@type\":\"ListItem\",\"position\":1,\"name\":\"Portada\",\"item\":\"https:\/\/elojocojo.org\/\"},{\"@type\":\"ListItem\",\"position\":2,\"name\":\"2015\",\"item\":\"https:\/\/elojocojo.org\/tag\/2015\/\"},{\"@type\":\"ListItem\",\"position\":3,\"name\":\"Sawubona\"}]},{\"@type\":\"WebSite\",\"@id\":\"https:\/\/elojocojo.org\/#website\",\"url\":\"https:\/\/elojocojo.org\/\",\"name\":\"el ojO cojo\",\"description\":\"Todos estamos hechos de la misma esencia\",\"publisher\":{\"@id\":\"https:\/\/elojocojo.org\/#organization\"},\"potentialAction\":[{\"@type\":\"SearchAction\",\"target\":{\"@type\":\"EntryPoint\",\"urlTemplate\":\"https:\/\/elojocojo.org\/?s={search_term_string}\"},\"query-input\":{\"@type\":\"PropertyValueSpecification\",\"valueRequired\":true,\"valueName\":\"search_term_string\"}}],\"inLanguage\":\"es\"},{\"@type\":\"Organization\",\"@id\":\"https:\/\/elojocojo.org\/#organization\",\"name\":\"Meigas da r\u00faa\",\"url\":\"https:\/\/elojocojo.org\/\",\"logo\":{\"@type\":\"ImageObject\",\"inLanguage\":\"es\",\"@id\":\"https:\/\/elojocojo.org\/#\/schema\/logo\/image\/\",\"url\":\"https:\/\/meigasdarua.org\/wp-content\/uploads\/2020\/09\/cropped-logo-meigas-5.png\",\"contentUrl\":\"https:\/\/meigasdarua.org\/wp-content\/uploads\/2020\/09\/cropped-logo-meigas-5.png\",\"width\":109,\"height\":200,\"caption\":\"Meigas da r\u00faa\"},\"image\":{\"@id\":\"https:\/\/elojocojo.org\/#\/schema\/logo\/image\/\"},\"sameAs\":[\"https:\/\/www.facebook.com\/elojocojo\",\"https:\/\/x.com\/elojocojo\",\"https:\/\/www.instagram.com\/elojocojo\/?hl=es\",\"https:\/\/www.linkedin.com\/in\/el-ojo-cojo-b52b7769\/\",\"https:\/\/www.pinterest.es\/elojocojo\/_saved\/\",\"https:\/\/www.youtube.com\/channel\/UCkFtFTV0Bms7zH7vq8FZxZg\"]},{\"@type\":\"Person\",\"@id\":\"https:\/\/elojocojo.org\/#\/schema\/person\/cba15985dd5da095cac31c1ff0d6e23e\",\"name\":\"cojo\",\"url\":\"https:\/\/elojocojo.org\/author\/cojo\/\"}]}<\/script>\n<!-- \/ Yoast SEO plugin. -->","yoast_head_json":{"title":"Sawubona - el ojO cojo","description":"Cortometraje Sawubona exhibido en la edici\u00f3n 2018 del Festival el ojO cojo. Pa\u00eds de origen, Sud\u00e1frica. Dirigido por Lungelo Kuzwayo.","robots":{"index":"index","follow":"follow","max-snippet":"max-snippet:-1","max-image-preview":"max-image-preview:large","max-video-preview":"max-video-preview:-1"},"canonical":"https:\/\/elojocojo.org\/sawubona\/","og_locale":"es_ES","og_type":"article","og_title":"Sawubona - el ojO cojo","og_description":"Cortometraje Sawubona exhibido en la edici\u00f3n 2018 del Festival el ojO cojo. Pa\u00eds de origen, Sud\u00e1frica. Dirigido por Lungelo Kuzwayo.","og_url":"https:\/\/elojocojo.org\/sawubona\/","og_site_name":"el ojO cojo","article_publisher":"https:\/\/www.facebook.com\/elojocojo","article_published_time":"2018-09-23T15:37:28+00:00","article_modified_time":"2025-09-30T16:47:19+00:00","og_image":[{"width":1110,"height":250,"url":"https:\/\/elojocojo.org\/wp-content\/uploads\/2018\/09\/sawubona_1.jpg","type":"image\/jpeg"}],"author":"cojo","twitter_card":"summary_large_image","twitter_creator":"@elojocojo","twitter_site":"@elojocojo","twitter_misc":{"Escrito por":"cojo","Tiempo de lectura":"1 minuto"},"schema":{"@context":"https:\/\/schema.org","@graph":[{"@type":"Article","@id":"https:\/\/elojocojo.org\/sawubona\/#article","isPartOf":{"@id":"https:\/\/elojocojo.org\/sawubona\/"},"author":{"name":"cojo","@id":"https:\/\/elojocojo.org\/#\/schema\/person\/cba15985dd5da095cac31c1ff0d6e23e"},"headline":"Sawubona","datePublished":"2018-09-23T15:37:28+00:00","dateModified":"2025-09-30T16:47:19+00:00","mainEntityOfPage":{"@id":"https:\/\/elojocojo.org\/sawubona\/"},"wordCount":493,"publisher":{"@id":"https:\/\/elojocojo.org\/#organization"},"image":{"@id":"https:\/\/elojocojo.org\/sawubona\/#primaryimage"},"thumbnailUrl":"https:\/\/elojocojo.org\/wp-content\/uploads\/2018\/09\/sawubona_1.jpg","keywords":["2015","2018","amistad","Educaci\u00f3n de calidad","empoderamiento","espa\u00f1ol","espa\u00b1ol","Estados Unidos","festival de cine","Festival el Ojo cojo","ficci\u00f3n","frontera","fronteras","ingl\u00e9s","ni\u00f1os","ODS","pel\u00edculas para ni\u00f1os","Reducci\u00f3n de las desigualdades","Sud\u00e1frica"],"articleSection":["Cortometraje","Festival 2018","Ficci\u00f3n"],"inLanguage":"es"},{"@type":"WebPage","@id":"https:\/\/elojocojo.org\/sawubona\/","url":"https:\/\/elojocojo.org\/sawubona\/","name":"Sawubona - el ojO cojo","isPartOf":{"@id":"https:\/\/elojocojo.org\/#website"},"primaryImageOfPage":{"@id":"https:\/\/elojocojo.org\/sawubona\/#primaryimage"},"image":{"@id":"https:\/\/elojocojo.org\/sawubona\/#primaryimage"},"thumbnailUrl":"https:\/\/elojocojo.org\/wp-content\/uploads\/2018\/09\/sawubona_1.jpg","datePublished":"2018-09-23T15:37:28+00:00","dateModified":"2025-09-30T16:47:19+00:00","description":"Cortometraje Sawubona exhibido en la edici\u00f3n 2018 del Festival el ojO cojo. Pa\u00eds de origen, Sud\u00e1frica. Dirigido por Lungelo Kuzwayo.","breadcrumb":{"@id":"https:\/\/elojocojo.org\/sawubona\/#breadcrumb"},"inLanguage":"es","potentialAction":[{"@type":"ReadAction","target":["https:\/\/elojocojo.org\/sawubona\/"]}]},{"@type":"ImageObject","inLanguage":"es","@id":"https:\/\/elojocojo.org\/sawubona\/#primaryimage","url":"https:\/\/elojocojo.org\/wp-content\/uploads\/2018\/09\/sawubona_1.jpg","contentUrl":"https:\/\/elojocojo.org\/wp-content\/uploads\/2018\/09\/sawubona_1.jpg","width":1110,"height":250,"caption":"Espejo de seguridad que muestra el interior de una tienda con estantes llenos de productos. Dos ni\u00f1os estan subidos a un carrito de la compra"},{"@type":"BreadcrumbList","@id":"https:\/\/elojocojo.org\/sawubona\/#breadcrumb","itemListElement":[{"@type":"ListItem","position":1,"name":"Portada","item":"https:\/\/elojocojo.org\/"},{"@type":"ListItem","position":2,"name":"2015","item":"https:\/\/elojocojo.org\/tag\/2015\/"},{"@type":"ListItem","position":3,"name":"Sawubona"}]},{"@type":"WebSite","@id":"https:\/\/elojocojo.org\/#website","url":"https:\/\/elojocojo.org\/","name":"el ojO cojo","description":"Todos estamos hechos de la misma esencia","publisher":{"@id":"https:\/\/elojocojo.org\/#organization"},"potentialAction":[{"@type":"SearchAction","target":{"@type":"EntryPoint","urlTemplate":"https:\/\/elojocojo.org\/?s={search_term_string}"},"query-input":{"@type":"PropertyValueSpecification","valueRequired":true,"valueName":"search_term_string"}}],"inLanguage":"es"},{"@type":"Organization","@id":"https:\/\/elojocojo.org\/#organization","name":"Meigas da r\u00faa","url":"https:\/\/elojocojo.org\/","logo":{"@type":"ImageObject","inLanguage":"es","@id":"https:\/\/elojocojo.org\/#\/schema\/logo\/image\/","url":"https:\/\/meigasdarua.org\/wp-content\/uploads\/2020\/09\/cropped-logo-meigas-5.png","contentUrl":"https:\/\/meigasdarua.org\/wp-content\/uploads\/2020\/09\/cropped-logo-meigas-5.png","width":109,"height":200,"caption":"Meigas da r\u00faa"},"image":{"@id":"https:\/\/elojocojo.org\/#\/schema\/logo\/image\/"},"sameAs":["https:\/\/www.facebook.com\/elojocojo","https:\/\/x.com\/elojocojo","https:\/\/www.instagram.com\/elojocojo\/?hl=es","https:\/\/www.linkedin.com\/in\/el-ojo-cojo-b52b7769\/","https:\/\/www.pinterest.es\/elojocojo\/_saved\/","https:\/\/www.youtube.com\/channel\/UCkFtFTV0Bms7zH7vq8FZxZg"]},{"@type":"Person","@id":"https:\/\/elojocojo.org\/#\/schema\/person\/cba15985dd5da095cac31c1ff0d6e23e","name":"cojo","url":"https:\/\/elojocojo.org\/author\/cojo\/"}]}},"_links":{"self":[{"href":"https:\/\/elojocojo.org\/wp-json\/wp\/v2\/posts\/13743","targetHints":{"allow":["GET"]}}],"collection":[{"href":"https:\/\/elojocojo.org\/wp-json\/wp\/v2\/posts"}],"about":[{"href":"https:\/\/elojocojo.org\/wp-json\/wp\/v2\/types\/post"}],"author":[{"embeddable":true,"href":"https:\/\/elojocojo.org\/wp-json\/wp\/v2\/users\/11"}],"replies":[{"embeddable":true,"href":"https:\/\/elojocojo.org\/wp-json\/wp\/v2\/comments?post=13743"}],"version-history":[{"count":8,"href":"https:\/\/elojocojo.org\/wp-json\/wp\/v2\/posts\/13743\/revisions"}],"predecessor-version":[{"id":70436,"href":"https:\/\/elojocojo.org\/wp-json\/wp\/v2\/posts\/13743\/revisions\/70436"}],"wp:featuredmedia":[{"embeddable":true,"href":"https:\/\/elojocojo.org\/wp-json\/wp\/v2\/media\/66323"}],"wp:attachment":[{"href":"https:\/\/elojocojo.org\/wp-json\/wp\/v2\/media?parent=13743"}],"wp:term":[{"taxonomy":"category","embeddable":true,"href":"https:\/\/elojocojo.org\/wp-json\/wp\/v2\/categories?post=13743"},{"taxonomy":"post_tag","embeddable":true,"href":"https:\/\/elojocojo.org\/wp-json\/wp\/v2\/tags?post=13743"}],"curies":[{"name":"wp","href":"https:\/\/api.w.org\/{rel}","templated":true}]}}