{"id":13714,"date":"2018-09-23T05:26:33","date_gmt":"2018-09-23T12:26:33","guid":{"rendered":"http:\/\/www.elojocojo.org\/?p=13714"},"modified":"2025-09-18T00:18:33","modified_gmt":"2025-09-17T22:18:33","slug":"ethnophobia","status":"publish","type":"post","link":"https:\/\/elojocojo.org\/ethnophobia\/","title":{"rendered":"Ethnophobia"},"content":{"rendered":"<p><iframe src=\"https:\/\/player.vimeo.com\/video\/190011054\" width=\"840\" height=\"560\" frameborder=\"0\" allowfullscreen=\"allowfullscreen\"><span style=\"display: inline-block; width: 0px; overflow: hidden; line-height: 0;\" data-mce-type=\"bookmark\" class=\"mce_SELRES_start\">\ufeff<\/span><\/iframe><\/p>\n<p><strong>T\u00cdTULO: <\/strong>Ethnophobia<\/p>\n<p><strong>T\u00cdTULO ORIGINAL: <\/strong>Ethnophobia<\/p>\n<p><strong>A\u00d1O: <\/strong>2016<\/p>\n<p><strong>DIRECTOR:<\/strong> Joan Zhonga<\/p>\n<p><strong>G\u00c9NERO cinematogr\u00e1fico: <\/strong>Animaci\u00f3n<\/p>\n<p><strong>DURACI\u00d3N: <\/strong>14&#8242;<\/p>\n<p><strong>PA\u00cdS:<\/strong> Reino Unido<\/p>\n<p><strong>FORMATO ORIGINAL: <\/strong>Digital<\/p>\n<p><strong>TIPO: <\/strong>Color<\/p>\n<p><strong>PRODUCCI\u00d3N: <\/strong>Irida Zhonga, Manolis Sakkadakis, Artan Maku<\/p>\n<p><strong>GUI\u00d3N:<\/strong> Petros Koskinas<\/p>\n<p><strong>EDICI\u00d3N\/MONTAJE:<\/strong> Irida Zhonga<\/p>\n<p><strong>SONIDO: <\/strong>Panos Asimenios, Theologos Linakis<\/p>\n<p><strong>M\u00daSICA: <\/strong>Vanias Apergis<\/p>\n<p><strong>Sinopsis<\/strong><\/p>\n<p>\u00abEthnophobia\u00bb es un cortometraje de animaci\u00f3n dirigido por Joan Zhonga. En un mundo animado, sigue la historia de diferentes culturas enfrentando miedos y prejuicios. Con personajes entra\u00f1ables y una animaci\u00f3n cautivadora, nos invita a reflexionar sobre la intolerancia y la diversidad. Cada escena revela desaf\u00edos y luchas de grupos \u00e9tnicos. A trav\u00e9s de su estilo visual \u00fanico, Zhonga nos sumerge en un mundo de emociones y ense\u00f1anzas. Prep\u00e1rate para un cortometraje con un impacto poderoso y un mensaje duradero. \u00abEthnophobia\u00bb nos inspira a abrazar la diversidad y superar nuestros miedos.<\/p>\n<p><strong>Palmar\u00e9s<\/strong><\/p>\n<p>Premio Voyager (<em>Mejor exhibici\u00f3n<\/em>) y Premio de la cr\u00edtica &#8211; Estados Unidos<br \/>\nFestival de animaci\u00f3n BeThere Corfu, <em>Mejor animaci\u00f3n infanti<\/em>l &#8211; Grecia<br \/>\nAnimfest de Atenas &#8211; <em>Mejor animaci\u00f3n nacional, mejor m\u00fasica<\/em> y <em>segundo premio del p\u00fablico<\/em><\/p>\n<p>Animocje de Polonia &#8211; <em>Premio a la mejor animaci\u00f3n infantil<\/em><\/p>\n<p class=\"p1\">El filme Ethnophobia particip\u00f3 en la edici\u00f3n <span class=\"s1\"><b>2018<\/b><\/span> del <a href=\"https:\/\/elojocojo.org\/category\/festival-2018\/\"><span class=\"s1\"><b>Festival de cine el ojO cojo<\/b> <\/span><\/a>en ese sentido nos sentimos honrados de haberla exhibido.<\/p>\n<p>Visita nuestro blog&nbsp;<a href=\"https:\/\/el-ojocojo.blogspot.com\/\" target=\"_blank\" rel=\"noopener\" data-saferedirecturl=\"https:\/\/www.google.com\/url?q=https:\/\/el-ojocojo.blogspot.com\/&amp;source=gmail&amp;ust=1685525777932000&amp;usg=AOvVaw3ZKTb9WNtPLQB14S76iedu\">https:\/\/el-ojocojo.blogspot.<\/a><\/p>\n","protected":false},"excerpt":{"rendered":"<p>\ufeff T\u00cdTULO: Ethnophobia T\u00cdTULO ORIGINAL: Ethnophobia A\u00d1O: 2016 DIRECTOR: Joan Zhonga G\u00c9NERO cinematogr\u00e1fico: Animaci\u00f3n DURACI\u00d3N: 14&#8242; PA\u00cdS: Reino Unido FORMATO ORIGINAL: Digital TIPO: Color PRODUCCI\u00d3N: Irida Zhonga, Manolis Sakkadakis, Artan Maku GUI\u00d3N: Petros Koskinas EDICI\u00d3N\/MONTAJE: Irida Zhonga SONIDO: Panos Asimenios, Theologos Linakis M\u00daSICA: Vanias Apergis Sinopsis \u00abEthnophobia\u00bb es un cortometraje de animaci\u00f3n dirigido por Joan [&hellip;]<\/p>\n","protected":false},"author":11,"featured_media":13715,"comment_status":"closed","ping_status":"closed","sticky":false,"template":"","format":"video","meta":{"_monsterinsights_skip_tracking":false,"_monsterinsights_sitenote_active":false,"_monsterinsights_sitenote_note":"","_monsterinsights_sitenote_category":0,"footnotes":""},"categories":[32,1460,351],"tags":[2001,1994,663,1833,1779,1443,997,1258,900,1981,1982,1177,1060,1142,91,1086,1712,2369,134,926],"class_list":{"0":"post-13714","1":"post","2":"type-post","3":"status-publish","4":"format-video","5":"has-post-thumbnail","7":"category-animacion","8":"category-cortometraje","9":"category-festival-2018","10":"tag-2001","11":"tag-1994","12":"tag-albania","13":"tag-animacion","14":"tag-cultura","15":"tag-desigualdad","16":"tag-diversidad","17":"tag-empoderamiento","18":"tag-europa","19":"tag-festival-de-cine","20":"tag-festival-el-ojo-cojo","21":"tag-grecia","22":"tag-igualdad-de-genero","23":"tag-machismo","24":"tag-mujer","25":"tag-paz-y-justicia-e-instituciones-solidas","26":"tag-peliculas-para-adolescentes","27":"tag-polonia","28":"tag-reino-unido","29":"tag-violencia-de-genero","30":"post_format-post-format-video","31":"czr-hentry"},"yoast_head":"<!-- This site is optimized with the Yoast SEO plugin v27.1.1 - https:\/\/yoast.com\/product\/yoast-seo-wordpress\/ -->\n<title>Ethnophobia - el ojO cojo<\/title>\n<meta name=\"description\" content=\"Cortometraje Animado Ethnophobia exhibido en la edici\u00f3n 2018 del Festival el ojO cojo. Pa\u00eds de origen, Reino Unido. Dirigido por Joan Zhonga.\" \/>\n<meta name=\"robots\" content=\"index, follow, max-snippet:-1, max-image-preview:large, max-video-preview:-1\" \/>\n<link rel=\"canonical\" href=\"https:\/\/elojocojo.org\/ethnophobia\/\" \/>\n<meta property=\"og:locale\" content=\"es_ES\" \/>\n<meta property=\"og:type\" content=\"article\" \/>\n<meta property=\"og:title\" content=\"Ethnophobia - el ojO cojo\" \/>\n<meta property=\"og:description\" content=\"Cortometraje Animado Ethnophobia exhibido en la edici\u00f3n 2018 del Festival el ojO cojo. Pa\u00eds de origen, Reino Unido. Dirigido por Joan Zhonga.\" \/>\n<meta property=\"og:url\" content=\"https:\/\/elojocojo.org\/ethnophobia\/\" \/>\n<meta property=\"og:site_name\" content=\"el ojO cojo\" \/>\n<meta property=\"article:publisher\" content=\"https:\/\/www.facebook.com\/elojocojo\" \/>\n<meta property=\"article:published_time\" content=\"2018-09-23T12:26:33+00:00\" \/>\n<meta property=\"article:modified_time\" content=\"2025-09-17T22:18:33+00:00\" \/>\n<meta property=\"og:image\" content=\"https:\/\/elojocojo.org\/wp-content\/uploads\/2018\/09\/ETHNOPHOBIA_2-e1537705407863.jpg\" \/>\n\t<meta property=\"og:image:width\" content=\"500\" \/>\n\t<meta property=\"og:image:height\" content=\"290\" \/>\n\t<meta property=\"og:image:type\" content=\"image\/jpeg\" \/>\n<meta name=\"author\" content=\"cojo\" \/>\n<meta name=\"twitter:card\" content=\"summary_large_image\" \/>\n<meta name=\"twitter:creator\" content=\"@elojocojo\" \/>\n<meta name=\"twitter:site\" content=\"@elojocojo\" \/>\n<meta name=\"twitter:label1\" content=\"Escrito por\" \/>\n\t<meta name=\"twitter:data1\" content=\"cojo\" \/>\n\t<meta name=\"twitter:label2\" content=\"Tiempo de lectura\" \/>\n\t<meta name=\"twitter:data2\" content=\"1 minuto\" \/>\n<script type=\"application\/ld+json\" class=\"yoast-schema-graph\">{\"@context\":\"https:\/\/schema.org\",\"@graph\":[{\"@type\":\"Article\",\"@id\":\"https:\/\/elojocojo.org\/ethnophobia\/#article\",\"isPartOf\":{\"@id\":\"https:\/\/elojocojo.org\/ethnophobia\/\"},\"author\":{\"name\":\"cojo\",\"@id\":\"https:\/\/elojocojo.org\/#\/schema\/person\/cba15985dd5da095cac31c1ff0d6e23e\"},\"headline\":\"Ethnophobia\",\"datePublished\":\"2018-09-23T12:26:33+00:00\",\"dateModified\":\"2025-09-17T22:18:33+00:00\",\"mainEntityOfPage\":{\"@id\":\"https:\/\/elojocojo.org\/ethnophobia\/\"},\"wordCount\":241,\"publisher\":{\"@id\":\"https:\/\/elojocojo.org\/#organization\"},\"image\":{\"@id\":\"https:\/\/elojocojo.org\/ethnophobia\/#primaryimage\"},\"thumbnailUrl\":\"https:\/\/elojocojo.org\/wp-content\/uploads\/2018\/09\/ETHNOPHOBIA_2-e1537705407863.jpg\",\"keywords\":[\"2016\",\"2018\",\"Albania\",\"animaci\u00f3n\",\"cultura\",\"desigualdad\",\"diversidad\",\"empoderamiento\",\"Europa\",\"festival de cine\",\"Festival el Ojo cojo\",\"Grecia\",\"igualdad de g\u00e9nero\",\"machismo\",\"mujer\",\"Paz y justicia e instituciones s\u00f3lidas\",\"pel\u00edculas para adolescentes\",\"Polonia\",\"Reino Unido\",\"violencia de g\u00e9nero\"],\"articleSection\":[\"Animaci\u00f3n\",\"Cortometraje\",\"Festival 2018\"],\"inLanguage\":\"es\"},{\"@type\":\"WebPage\",\"@id\":\"https:\/\/elojocojo.org\/ethnophobia\/\",\"url\":\"https:\/\/elojocojo.org\/ethnophobia\/\",\"name\":\"Ethnophobia - el ojO cojo\",\"isPartOf\":{\"@id\":\"https:\/\/elojocojo.org\/#website\"},\"primaryImageOfPage\":{\"@id\":\"https:\/\/elojocojo.org\/ethnophobia\/#primaryimage\"},\"image\":{\"@id\":\"https:\/\/elojocojo.org\/ethnophobia\/#primaryimage\"},\"thumbnailUrl\":\"https:\/\/elojocojo.org\/wp-content\/uploads\/2018\/09\/ETHNOPHOBIA_2-e1537705407863.jpg\",\"datePublished\":\"2018-09-23T12:26:33+00:00\",\"dateModified\":\"2025-09-17T22:18:33+00:00\",\"description\":\"Cortometraje Animado Ethnophobia exhibido en la edici\u00f3n 2018 del Festival el ojO cojo. Pa\u00eds de origen, Reino Unido. Dirigido por Joan Zhonga.\",\"breadcrumb\":{\"@id\":\"https:\/\/elojocojo.org\/ethnophobia\/#breadcrumb\"},\"inLanguage\":\"es\",\"potentialAction\":[{\"@type\":\"ReadAction\",\"target\":[\"https:\/\/elojocojo.org\/ethnophobia\/\"]}]},{\"@type\":\"ImageObject\",\"inLanguage\":\"es\",\"@id\":\"https:\/\/elojocojo.org\/ethnophobia\/#primaryimage\",\"url\":\"https:\/\/elojocojo.org\/wp-content\/uploads\/2018\/09\/ETHNOPHOBIA_2-e1537705407863.jpg\",\"contentUrl\":\"https:\/\/elojocojo.org\/wp-content\/uploads\/2018\/09\/ETHNOPHOBIA_2-e1537705407863.jpg\",\"width\":500,\"height\":290,\"caption\":\"Foto filme Ethnophobia\"},{\"@type\":\"BreadcrumbList\",\"@id\":\"https:\/\/elojocojo.org\/ethnophobia\/#breadcrumb\",\"itemListElement\":[{\"@type\":\"ListItem\",\"position\":1,\"name\":\"Portada\",\"item\":\"https:\/\/elojocojo.org\/\"},{\"@type\":\"ListItem\",\"position\":2,\"name\":\"2016\",\"item\":\"https:\/\/elojocojo.org\/tag\/2016\/\"},{\"@type\":\"ListItem\",\"position\":3,\"name\":\"Ethnophobia\"}]},{\"@type\":\"WebSite\",\"@id\":\"https:\/\/elojocojo.org\/#website\",\"url\":\"https:\/\/elojocojo.org\/\",\"name\":\"el ojO cojo\",\"description\":\"Todos estamos hechos de la misma esencia\",\"publisher\":{\"@id\":\"https:\/\/elojocojo.org\/#organization\"},\"potentialAction\":[{\"@type\":\"SearchAction\",\"target\":{\"@type\":\"EntryPoint\",\"urlTemplate\":\"https:\/\/elojocojo.org\/?s={search_term_string}\"},\"query-input\":{\"@type\":\"PropertyValueSpecification\",\"valueRequired\":true,\"valueName\":\"search_term_string\"}}],\"inLanguage\":\"es\"},{\"@type\":\"Organization\",\"@id\":\"https:\/\/elojocojo.org\/#organization\",\"name\":\"Meigas da r\u00faa\",\"url\":\"https:\/\/elojocojo.org\/\",\"logo\":{\"@type\":\"ImageObject\",\"inLanguage\":\"es\",\"@id\":\"https:\/\/elojocojo.org\/#\/schema\/logo\/image\/\",\"url\":\"https:\/\/meigasdarua.org\/wp-content\/uploads\/2020\/09\/cropped-logo-meigas-5.png\",\"contentUrl\":\"https:\/\/meigasdarua.org\/wp-content\/uploads\/2020\/09\/cropped-logo-meigas-5.png\",\"width\":109,\"height\":200,\"caption\":\"Meigas da r\u00faa\"},\"image\":{\"@id\":\"https:\/\/elojocojo.org\/#\/schema\/logo\/image\/\"},\"sameAs\":[\"https:\/\/www.facebook.com\/elojocojo\",\"https:\/\/x.com\/elojocojo\",\"https:\/\/www.instagram.com\/elojocojo\/?hl=es\",\"https:\/\/www.linkedin.com\/in\/el-ojo-cojo-b52b7769\/\",\"https:\/\/www.pinterest.es\/elojocojo\/_saved\/\",\"https:\/\/www.youtube.com\/channel\/UCkFtFTV0Bms7zH7vq8FZxZg\"]},{\"@type\":\"Person\",\"@id\":\"https:\/\/elojocojo.org\/#\/schema\/person\/cba15985dd5da095cac31c1ff0d6e23e\",\"name\":\"cojo\",\"url\":\"https:\/\/elojocojo.org\/author\/cojo\/\"}]}<\/script>\n<!-- \/ Yoast SEO plugin. -->","yoast_head_json":{"title":"Ethnophobia - el ojO cojo","description":"Cortometraje Animado Ethnophobia exhibido en la edici\u00f3n 2018 del Festival el ojO cojo. Pa\u00eds de origen, Reino Unido. Dirigido por Joan Zhonga.","robots":{"index":"index","follow":"follow","max-snippet":"max-snippet:-1","max-image-preview":"max-image-preview:large","max-video-preview":"max-video-preview:-1"},"canonical":"https:\/\/elojocojo.org\/ethnophobia\/","og_locale":"es_ES","og_type":"article","og_title":"Ethnophobia - el ojO cojo","og_description":"Cortometraje Animado Ethnophobia exhibido en la edici\u00f3n 2018 del Festival el ojO cojo. Pa\u00eds de origen, Reino Unido. Dirigido por Joan Zhonga.","og_url":"https:\/\/elojocojo.org\/ethnophobia\/","og_site_name":"el ojO cojo","article_publisher":"https:\/\/www.facebook.com\/elojocojo","article_published_time":"2018-09-23T12:26:33+00:00","article_modified_time":"2025-09-17T22:18:33+00:00","og_image":[{"width":500,"height":290,"url":"https:\/\/elojocojo.org\/wp-content\/uploads\/2018\/09\/ETHNOPHOBIA_2-e1537705407863.jpg","type":"image\/jpeg"}],"author":"cojo","twitter_card":"summary_large_image","twitter_creator":"@elojocojo","twitter_site":"@elojocojo","twitter_misc":{"Escrito por":"cojo","Tiempo de lectura":"1 minuto"},"schema":{"@context":"https:\/\/schema.org","@graph":[{"@type":"Article","@id":"https:\/\/elojocojo.org\/ethnophobia\/#article","isPartOf":{"@id":"https:\/\/elojocojo.org\/ethnophobia\/"},"author":{"name":"cojo","@id":"https:\/\/elojocojo.org\/#\/schema\/person\/cba15985dd5da095cac31c1ff0d6e23e"},"headline":"Ethnophobia","datePublished":"2018-09-23T12:26:33+00:00","dateModified":"2025-09-17T22:18:33+00:00","mainEntityOfPage":{"@id":"https:\/\/elojocojo.org\/ethnophobia\/"},"wordCount":241,"publisher":{"@id":"https:\/\/elojocojo.org\/#organization"},"image":{"@id":"https:\/\/elojocojo.org\/ethnophobia\/#primaryimage"},"thumbnailUrl":"https:\/\/elojocojo.org\/wp-content\/uploads\/2018\/09\/ETHNOPHOBIA_2-e1537705407863.jpg","keywords":["2016","2018","Albania","animaci\u00f3n","cultura","desigualdad","diversidad","empoderamiento","Europa","festival de cine","Festival el Ojo cojo","Grecia","igualdad de g\u00e9nero","machismo","mujer","Paz y justicia e instituciones s\u00f3lidas","pel\u00edculas para adolescentes","Polonia","Reino Unido","violencia de g\u00e9nero"],"articleSection":["Animaci\u00f3n","Cortometraje","Festival 2018"],"inLanguage":"es"},{"@type":"WebPage","@id":"https:\/\/elojocojo.org\/ethnophobia\/","url":"https:\/\/elojocojo.org\/ethnophobia\/","name":"Ethnophobia - el ojO cojo","isPartOf":{"@id":"https:\/\/elojocojo.org\/#website"},"primaryImageOfPage":{"@id":"https:\/\/elojocojo.org\/ethnophobia\/#primaryimage"},"image":{"@id":"https:\/\/elojocojo.org\/ethnophobia\/#primaryimage"},"thumbnailUrl":"https:\/\/elojocojo.org\/wp-content\/uploads\/2018\/09\/ETHNOPHOBIA_2-e1537705407863.jpg","datePublished":"2018-09-23T12:26:33+00:00","dateModified":"2025-09-17T22:18:33+00:00","description":"Cortometraje Animado Ethnophobia exhibido en la edici\u00f3n 2018 del Festival el ojO cojo. Pa\u00eds de origen, Reino Unido. Dirigido por Joan Zhonga.","breadcrumb":{"@id":"https:\/\/elojocojo.org\/ethnophobia\/#breadcrumb"},"inLanguage":"es","potentialAction":[{"@type":"ReadAction","target":["https:\/\/elojocojo.org\/ethnophobia\/"]}]},{"@type":"ImageObject","inLanguage":"es","@id":"https:\/\/elojocojo.org\/ethnophobia\/#primaryimage","url":"https:\/\/elojocojo.org\/wp-content\/uploads\/2018\/09\/ETHNOPHOBIA_2-e1537705407863.jpg","contentUrl":"https:\/\/elojocojo.org\/wp-content\/uploads\/2018\/09\/ETHNOPHOBIA_2-e1537705407863.jpg","width":500,"height":290,"caption":"Foto filme Ethnophobia"},{"@type":"BreadcrumbList","@id":"https:\/\/elojocojo.org\/ethnophobia\/#breadcrumb","itemListElement":[{"@type":"ListItem","position":1,"name":"Portada","item":"https:\/\/elojocojo.org\/"},{"@type":"ListItem","position":2,"name":"2016","item":"https:\/\/elojocojo.org\/tag\/2016\/"},{"@type":"ListItem","position":3,"name":"Ethnophobia"}]},{"@type":"WebSite","@id":"https:\/\/elojocojo.org\/#website","url":"https:\/\/elojocojo.org\/","name":"el ojO cojo","description":"Todos estamos hechos de la misma esencia","publisher":{"@id":"https:\/\/elojocojo.org\/#organization"},"potentialAction":[{"@type":"SearchAction","target":{"@type":"EntryPoint","urlTemplate":"https:\/\/elojocojo.org\/?s={search_term_string}"},"query-input":{"@type":"PropertyValueSpecification","valueRequired":true,"valueName":"search_term_string"}}],"inLanguage":"es"},{"@type":"Organization","@id":"https:\/\/elojocojo.org\/#organization","name":"Meigas da r\u00faa","url":"https:\/\/elojocojo.org\/","logo":{"@type":"ImageObject","inLanguage":"es","@id":"https:\/\/elojocojo.org\/#\/schema\/logo\/image\/","url":"https:\/\/meigasdarua.org\/wp-content\/uploads\/2020\/09\/cropped-logo-meigas-5.png","contentUrl":"https:\/\/meigasdarua.org\/wp-content\/uploads\/2020\/09\/cropped-logo-meigas-5.png","width":109,"height":200,"caption":"Meigas da r\u00faa"},"image":{"@id":"https:\/\/elojocojo.org\/#\/schema\/logo\/image\/"},"sameAs":["https:\/\/www.facebook.com\/elojocojo","https:\/\/x.com\/elojocojo","https:\/\/www.instagram.com\/elojocojo\/?hl=es","https:\/\/www.linkedin.com\/in\/el-ojo-cojo-b52b7769\/","https:\/\/www.pinterest.es\/elojocojo\/_saved\/","https:\/\/www.youtube.com\/channel\/UCkFtFTV0Bms7zH7vq8FZxZg"]},{"@type":"Person","@id":"https:\/\/elojocojo.org\/#\/schema\/person\/cba15985dd5da095cac31c1ff0d6e23e","name":"cojo","url":"https:\/\/elojocojo.org\/author\/cojo\/"}]}},"_links":{"self":[{"href":"https:\/\/elojocojo.org\/wp-json\/wp\/v2\/posts\/13714","targetHints":{"allow":["GET"]}}],"collection":[{"href":"https:\/\/elojocojo.org\/wp-json\/wp\/v2\/posts"}],"about":[{"href":"https:\/\/elojocojo.org\/wp-json\/wp\/v2\/types\/post"}],"author":[{"embeddable":true,"href":"https:\/\/elojocojo.org\/wp-json\/wp\/v2\/users\/11"}],"replies":[{"embeddable":true,"href":"https:\/\/elojocojo.org\/wp-json\/wp\/v2\/comments?post=13714"}],"version-history":[{"count":8,"href":"https:\/\/elojocojo.org\/wp-json\/wp\/v2\/posts\/13714\/revisions"}],"predecessor-version":[{"id":58137,"href":"https:\/\/elojocojo.org\/wp-json\/wp\/v2\/posts\/13714\/revisions\/58137"}],"wp:featuredmedia":[{"embeddable":true,"href":"https:\/\/elojocojo.org\/wp-json\/wp\/v2\/media\/13715"}],"wp:attachment":[{"href":"https:\/\/elojocojo.org\/wp-json\/wp\/v2\/media?parent=13714"}],"wp:term":[{"taxonomy":"category","embeddable":true,"href":"https:\/\/elojocojo.org\/wp-json\/wp\/v2\/categories?post=13714"},{"taxonomy":"post_tag","embeddable":true,"href":"https:\/\/elojocojo.org\/wp-json\/wp\/v2\/tags?post=13714"}],"curies":[{"name":"wp","href":"https:\/\/api.w.org\/{rel}","templated":true}]}}