{"id":13631,"date":"2018-09-17T03:28:31","date_gmt":"2018-09-17T10:28:31","guid":{"rendered":"http:\/\/www.elojocojo.org\/?p=13631"},"modified":"2025-09-30T18:48:26","modified_gmt":"2025-09-30T16:48:26","slug":"ainhoa","status":"publish","type":"post","link":"https:\/\/elojocojo.org\/ainhoa\/","title":{"rendered":"Ainhoa"},"content":{"rendered":"\n<figure class=\"wp-block-embed is-type-video is-provider-vimeo wp-block-embed-vimeo wp-embed-aspect-16-9 wp-has-aspect-ratio\"><div class=\"wp-block-embed__wrapper\">\n<iframe title=\"AINHOA (Official Trailer)\" src=\"https:\/\/player.vimeo.com\/video\/200258183?dnt=1&amp;app_id=122963\" width=\"1140\" height=\"641\" frameborder=\"0\" allow=\"autoplay; fullscreen; picture-in-picture; clipboard-write; encrypted-media\"><\/iframe>\n<\/div><\/figure>\n\n\n\n<p>T\u00edtulo: Ainhoa<\/p>\n\n\n\n<p>T\u00edtulo original: Ainhoa<\/p>\n\n\n\n<p>A\u00f1o: 2016<\/p>\n\n\n\n<p>Director: Ivan Sainz-Pardo<\/p>\n\n\n\n<p>G\u00e9nero: Ficci\u00f3n, drama<\/p>\n\n\n\n<p>Duraci\u00f3n: 19&#8242;<\/p>\n\n\n\n<p>Pa\u00eds: Espa\u00f1a<\/p>\n\n\n\n<p>Formato original: Digital<\/p>\n\n\n\n<p>Tipo: Color<\/p>\n\n\n\n<p>Idioma original: Espa\u00f1ol<\/p>\n\n\n\n<p>Int\u00e9rpretes: Aurelia Schikarski, Fele Mart\u00ednez, Gorka Aguinagalde, Josean Bengoetxea, Natalia Mateo<\/p>\n\n\n\n<p>Producci\u00f3n: Aitor Arenas<\/p>\n\n\n\n<p>Gui\u00f3n: Iv\u00e1n Sainz-Pardo<\/p>\n\n\n\n<p>Direcci\u00f3n de fotograf\u00eda: Jose Mart\u00edn Rosete<\/p>\n\n\n\n<p>M\u00fasica: Philipp F. K\u00f6lmel<\/p>\n\n\n\n<h2 class=\"wp-block-heading\"><strong>Sinopsis<\/strong><\/h2>\n\n\n\n<p>Ainhoa tiene 9 a\u00f1os y se ha ido de casa. Tan s\u00f3lo se ha llevado consigo la mochila del colegio y un playmobil. \u00abAinhoa es un cuento que, m\u00e1s all\u00e1 de intentar dormir a los ni\u00f1os, trata de despertar a los adultos\u00bb.<\/p>\n\n\n\n<h3 class=\"wp-block-heading\"><strong>Ainhoa: Canto a la vivienda como hogar y refugio de la infancia<\/strong><\/h3>\n\n\n\n<p>El cortometraje, <em>Ainhoa<\/em>, de Iv\u00e1n Sainz-Pardo, es un cortometraje que, m\u00e1s all\u00e1 de su aparente sencillez, encierra una profunda cr\u00edtica social. A trav\u00e9s de la mirada inocente de una ni\u00f1a, la pel\u00edcula nos obliga a reflexionar sobre la crisis econ\u00f3mica y sus efectos devastadores en las familias. Mientras los adultos luchan por mantener una casa, los ni\u00f1os solo ven un hogar que se desmorona. La historia, aunque breve, logra transmitir una sensaci\u00f3n de impotencia y desesperanza, pero tambi\u00e9n de valent\u00eda y resistencia.<\/p>\n\n\n\n<h3 class=\"wp-block-heading\"><strong>La infancia como espejo de la crisis<\/strong><\/h3>\n\n\n\n<p>En este sentido, <em>Ainhoa <\/em>no solo busca generar empat\u00eda, sino tambi\u00e9n despertar conciencias. La pel\u00edcula nos recuerda que, aunque los problemas financieros parecen cuestiones de adultos, los ni\u00f1os los sufren de manera silenciosa y profunda. La protagonista encarna una verdad inc\u00f3moda: la infancia no est\u00e1 a salvo cuando el entorno familiar se ve amenazado por la precariedad.<\/p>\n\n\n\n<h3 class=\"wp-block-heading\"><strong>Ainhoa: el simbolismo como lenguaje emocional<\/strong><\/h3>\n\n\n\n<p>Adem\u00e1s, el uso de elementos simb\u00f3licos, como el mu\u00f1eco Playmobil, refuerza la idea de que la infancia deber\u00eda ser un espacio de juego y seguridad, no de incertidumbre y miedo. <\/p>\n\n\n\n<p>En definitiva, Ainhoa es un cuento que, lejos de adormecer, sacude y confronta al espectador con una realidad que no deber\u00eda ser ignorada. Por otro lado, su tono po\u00e9tico no resta fuerza a su denuncia, sino que, al contrario, la amplifica, convirtiendo la ficci\u00f3n en una herramienta poderosa para cuestionar lo que entendemos por hogar, protecci\u00f3n y ni\u00f1ez.<\/p>\n\n\n\n<h3 class=\"wp-block-heading\"><strong>Palmar\u00e9s<\/strong><\/h3>\n\n\n\n<p><strong>2016<\/strong><\/p>\n\n\n\n<ul class=\"wp-block-list\">\n<li>Festival de cortos Aguilar de Campoo: Premio a Mejor Corto elegido por la Audiencia; Premio a Mejor Fotograf\u00eda por el Jurado; Premio a Mejor Corto por el Jurado Joven.<\/li>\n<\/ul>\n\n\n\n<p><strong>2017<\/strong><\/p>\n\n\n\n<ul class=\"wp-block-list\">\n<li>Festival de Cortos de Badajoz: Premio a Mejor Fotograf\u00eda.<\/li>\n<\/ul>\n\n\n\n<p><strong>2018<\/strong><\/p>\n\n\n\n<ul class=\"wp-block-list\">\n<li>Premios Latino: Premio a Mejor M\u00fasica Original en Cortometraje.<\/li>\n<\/ul>\n\n\n\n<p><strong>2019<\/strong><\/p>\n\n\n\n<ul class=\"wp-block-list\">\n<li>CinEuphoria Awards: Premio ganador Mejor Corto del A\u00f1o.<\/li>\n<\/ul>\n\n\n<div class=\"wp-block-image\">\n<figure class=\"aligncenter size-large is-resized\"><img decoding=\"async\" width=\"241\" height=\"360\" src=\"https:\/\/elojocojo.org\/wp-content\/uploads\/2018\/09\/Ainhoa3-241x360.jpg\" alt=\"Ainhoa. Cartel del corto. Se ve la figura de un playmobil enfadado con una camiseta roja, mochila amarilla a la espalda y pantal\u00f3n azul y botines negros.\" class=\"wp-image-68828\" style=\"width:191px;height:auto\" srcset=\"https:\/\/elojocojo.org\/wp-content\/uploads\/2018\/09\/Ainhoa3-241x360.jpg 241w, https:\/\/elojocojo.org\/wp-content\/uploads\/2018\/09\/Ainhoa3-334x500.jpg 334w, https:\/\/elojocojo.org\/wp-content\/uploads\/2018\/09\/Ainhoa3-267x400.jpg 267w, https:\/\/elojocojo.org\/wp-content\/uploads\/2018\/09\/Ainhoa3-150x224.jpg 150w, https:\/\/elojocojo.org\/wp-content\/uploads\/2018\/09\/Ainhoa3.jpg 516w\" sizes=\"(max-width: 241px) 100vw, 241px\" \/><\/figure>\n<\/div>\n\n\n<p class=\"p1\">El filme <em>Ainhoa <\/em>particip\u00f3 en la edici\u00f3n <span class=\"s1\"><b>2018<\/b><\/span> del <a href=\"https:\/\/elojocojo.org\/category\/festival-2018\/\"><span class=\"s1\"><b>Festival de cine el ojO cojo<\/b> <\/span><\/a>en ese sentido nos sentimos honrados de haberla exhibido.<\/p>\n\n\n\n<p><a href=\"https:\/\/m.imdb.com\/es-es\/title\/tt5901826\/ratings\/\" target=\"_blank\" rel=\"noreferrer noopener\">IMDB: 6.3 \/ 10<\/a><\/p>\n\n\n\n<p>Visita nuestro <a href=\"https:\/\/el-ojocojo.blogspot.com\/\">blog<\/a><\/p>\n","protected":false},"excerpt":{"rendered":"<p>Ainhoa tiene 9 a\u00f1os y se ha ido de casa. Tan s\u00f3lo se ha llevado consigo la mochila del colegio y un playmobil. Dirigida por Ivan Sainz-Pardo<\/p>\n","protected":false},"author":11,"featured_media":68530,"comment_status":"closed","ping_status":"closed","sticky":false,"template":"","format":"video","meta":{"_monsterinsights_skip_tracking":false,"_monsterinsights_sitenote_active":false,"_monsterinsights_sitenote_note":"","_monsterinsights_sitenote_category":0,"footnotes":""},"categories":[1460,991,351,30],"tags":[2001,1994,1468,1587,1850,1836,1443,1737,1269,138,2119,2391,2191,900,1981,1982,1628,1092,878,1060,91,128,1892,1712,73,1057,926],"class_list":{"0":"post-13631","1":"post","2":"type-post","3":"status-publish","4":"format-video","5":"has-post-thumbnail","7":"category-cortometraje","8":"category-drama","9":"category-festival-2018","10":"category-ficcion","11":"tag-2001","12":"tag-1994","13":"tag-cortometraje","14":"tag-crisis","15":"tag-crisis-economica","16":"tag-denuncia-social","17":"tag-desigualdad","18":"tag-drama","19":"tag-esclavitud","20":"tag-espana","21":"tag-espanol","22":"tag-espaol","23":"tag-esperanza","24":"tag-europa","25":"tag-festival-de-cine","26":"tag-festival-el-ojo-cojo","27":"tag-ficcion","28":"tag-fin-de-la-pobreza","29":"tag-historia","30":"tag-igualdad-de-genero","31":"tag-mujer","32":"tag-ninos","33":"tag-objetivos-de-desarrollo-sostenible","34":"tag-peliculas-para-adolescentes","35":"tag-tercera-edad","36":"tag-trabajo-decente-y-crecimiento-economico","37":"tag-violencia-de-genero","38":"post_format-post-format-video","39":"czr-hentry"},"yoast_head":"<!-- This site is optimized with the Yoast SEO plugin v27.1.1 - https:\/\/yoast.com\/product\/yoast-seo-wordpress\/ -->\n<title>Ainhoa - el ojO cojo<\/title>\n<meta name=\"description\" content=\"Ainhoa es un cortometraje que muestra, desde los ojos de una ni\u00f1a, c\u00f3mo la crisis econ\u00f3mica afecta el hogar y la infancia.\" \/>\n<meta name=\"robots\" content=\"index, follow, max-snippet:-1, max-image-preview:large, max-video-preview:-1\" \/>\n<link rel=\"canonical\" href=\"https:\/\/elojocojo.org\/ainhoa\/\" \/>\n<meta property=\"og:locale\" content=\"es_ES\" \/>\n<meta property=\"og:type\" content=\"article\" \/>\n<meta property=\"og:title\" content=\"Ainhoa - el ojO cojo\" \/>\n<meta property=\"og:description\" content=\"Ainhoa es un cortometraje que muestra, desde los ojos de una ni\u00f1a, c\u00f3mo la crisis econ\u00f3mica afecta el hogar y la infancia.\" \/>\n<meta property=\"og:url\" content=\"https:\/\/elojocojo.org\/ainhoa\/\" \/>\n<meta property=\"og:site_name\" content=\"el ojO cojo\" \/>\n<meta property=\"article:publisher\" content=\"https:\/\/www.facebook.com\/elojocojo\" \/>\n<meta property=\"article:published_time\" content=\"2018-09-17T10:28:31+00:00\" \/>\n<meta property=\"article:modified_time\" content=\"2025-09-30T16:48:26+00:00\" \/>\n<meta property=\"og:image\" content=\"https:\/\/elojocojo.org\/wp-content\/uploads\/2018\/09\/Ainhoa2.jpg\" \/>\n\t<meta property=\"og:image:width\" content=\"1418\" \/>\n\t<meta property=\"og:image:height\" content=\"607\" \/>\n\t<meta property=\"og:image:type\" content=\"image\/jpeg\" \/>\n<meta name=\"author\" content=\"cojo\" \/>\n<meta name=\"twitter:card\" content=\"summary_large_image\" \/>\n<meta name=\"twitter:creator\" content=\"@elojocojo\" \/>\n<meta name=\"twitter:site\" content=\"@elojocojo\" \/>\n<meta name=\"twitter:label1\" content=\"Escrito por\" \/>\n\t<meta name=\"twitter:data1\" content=\"cojo\" \/>\n\t<meta name=\"twitter:label2\" content=\"Tiempo de lectura\" \/>\n\t<meta name=\"twitter:data2\" content=\"1 minuto\" \/>\n<script type=\"application\/ld+json\" class=\"yoast-schema-graph\">{\"@context\":\"https:\/\/schema.org\",\"@graph\":[{\"@type\":\"Article\",\"@id\":\"https:\/\/elojocojo.org\/ainhoa\/#article\",\"isPartOf\":{\"@id\":\"https:\/\/elojocojo.org\/ainhoa\/\"},\"author\":{\"name\":\"cojo\",\"@id\":\"https:\/\/elojocojo.org\/#\/schema\/person\/cba15985dd5da095cac31c1ff0d6e23e\"},\"headline\":\"Ainhoa\",\"datePublished\":\"2018-09-17T10:28:31+00:00\",\"dateModified\":\"2025-09-30T16:48:26+00:00\",\"mainEntityOfPage\":{\"@id\":\"https:\/\/elojocojo.org\/ainhoa\/\"},\"wordCount\":485,\"publisher\":{\"@id\":\"https:\/\/elojocojo.org\/#organization\"},\"image\":{\"@id\":\"https:\/\/elojocojo.org\/ainhoa\/#primaryimage\"},\"thumbnailUrl\":\"https:\/\/elojocojo.org\/wp-content\/uploads\/2018\/09\/Ainhoa2.jpg\",\"keywords\":[\"2016\",\"2018\",\"cortometraje\",\"crisis\",\"crisis econ\u00f3mica\",\"denuncia social\",\"desigualdad\",\"drama\",\"esclavitud\",\"Espa\u00f1a\",\"espa\u00f1ol\",\"espa\u00b1ol\",\"esperanza\",\"Europa\",\"festival de cine\",\"Festival el Ojo cojo\",\"ficci\u00f3n\",\"Fin de la pobreza\",\"historia\",\"igualdad de g\u00e9nero\",\"mujer\",\"ni\u00f1os\",\"Objetivos de Desarrollo Sostenible\",\"pel\u00edculas para adolescentes\",\"tercera edad\",\"Trabajo decente y crecimiento econ\u00f3mico\",\"violencia de g\u00e9nero\"],\"articleSection\":[\"Cortometraje\",\"Drama\",\"Festival 2018\",\"Ficci\u00f3n\"],\"inLanguage\":\"es\"},{\"@type\":\"WebPage\",\"@id\":\"https:\/\/elojocojo.org\/ainhoa\/\",\"url\":\"https:\/\/elojocojo.org\/ainhoa\/\",\"name\":\"Ainhoa - el ojO cojo\",\"isPartOf\":{\"@id\":\"https:\/\/elojocojo.org\/#website\"},\"primaryImageOfPage\":{\"@id\":\"https:\/\/elojocojo.org\/ainhoa\/#primaryimage\"},\"image\":{\"@id\":\"https:\/\/elojocojo.org\/ainhoa\/#primaryimage\"},\"thumbnailUrl\":\"https:\/\/elojocojo.org\/wp-content\/uploads\/2018\/09\/Ainhoa2.jpg\",\"datePublished\":\"2018-09-17T10:28:31+00:00\",\"dateModified\":\"2025-09-30T16:48:26+00:00\",\"description\":\"Ainhoa es un cortometraje que muestra, desde los ojos de una ni\u00f1a, c\u00f3mo la crisis econ\u00f3mica afecta el hogar y la infancia.\",\"breadcrumb\":{\"@id\":\"https:\/\/elojocojo.org\/ainhoa\/#breadcrumb\"},\"inLanguage\":\"es\",\"potentialAction\":[{\"@type\":\"ReadAction\",\"target\":[\"https:\/\/elojocojo.org\/ainhoa\/\"]}]},{\"@type\":\"ImageObject\",\"inLanguage\":\"es\",\"@id\":\"https:\/\/elojocojo.org\/ainhoa\/#primaryimage\",\"url\":\"https:\/\/elojocojo.org\/wp-content\/uploads\/2018\/09\/Ainhoa2.jpg\",\"contentUrl\":\"https:\/\/elojocojo.org\/wp-content\/uploads\/2018\/09\/Ainhoa2.jpg\",\"width\":1418,\"height\":607,\"caption\":\"Ainhoa. Fotograma del cortometraje. Se ve a una ni\u00f1a peque\u00f1a con el pelo lavado en una habitaci\u00f3n.\"},{\"@type\":\"BreadcrumbList\",\"@id\":\"https:\/\/elojocojo.org\/ainhoa\/#breadcrumb\",\"itemListElement\":[{\"@type\":\"ListItem\",\"position\":1,\"name\":\"Portada\",\"item\":\"https:\/\/elojocojo.org\/\"},{\"@type\":\"ListItem\",\"position\":2,\"name\":\"2016\",\"item\":\"https:\/\/elojocojo.org\/tag\/2016\/\"},{\"@type\":\"ListItem\",\"position\":3,\"name\":\"Ainhoa\"}]},{\"@type\":\"WebSite\",\"@id\":\"https:\/\/elojocojo.org\/#website\",\"url\":\"https:\/\/elojocojo.org\/\",\"name\":\"el ojO cojo\",\"description\":\"Todos estamos hechos de la misma esencia\",\"publisher\":{\"@id\":\"https:\/\/elojocojo.org\/#organization\"},\"potentialAction\":[{\"@type\":\"SearchAction\",\"target\":{\"@type\":\"EntryPoint\",\"urlTemplate\":\"https:\/\/elojocojo.org\/?s={search_term_string}\"},\"query-input\":{\"@type\":\"PropertyValueSpecification\",\"valueRequired\":true,\"valueName\":\"search_term_string\"}}],\"inLanguage\":\"es\"},{\"@type\":\"Organization\",\"@id\":\"https:\/\/elojocojo.org\/#organization\",\"name\":\"Meigas da r\u00faa\",\"url\":\"https:\/\/elojocojo.org\/\",\"logo\":{\"@type\":\"ImageObject\",\"inLanguage\":\"es\",\"@id\":\"https:\/\/elojocojo.org\/#\/schema\/logo\/image\/\",\"url\":\"https:\/\/meigasdarua.org\/wp-content\/uploads\/2020\/09\/cropped-logo-meigas-5.png\",\"contentUrl\":\"https:\/\/meigasdarua.org\/wp-content\/uploads\/2020\/09\/cropped-logo-meigas-5.png\",\"width\":109,\"height\":200,\"caption\":\"Meigas da r\u00faa\"},\"image\":{\"@id\":\"https:\/\/elojocojo.org\/#\/schema\/logo\/image\/\"},\"sameAs\":[\"https:\/\/www.facebook.com\/elojocojo\",\"https:\/\/x.com\/elojocojo\",\"https:\/\/www.instagram.com\/elojocojo\/?hl=es\",\"https:\/\/www.linkedin.com\/in\/el-ojo-cojo-b52b7769\/\",\"https:\/\/www.pinterest.es\/elojocojo\/_saved\/\",\"https:\/\/www.youtube.com\/channel\/UCkFtFTV0Bms7zH7vq8FZxZg\"]},{\"@type\":\"Person\",\"@id\":\"https:\/\/elojocojo.org\/#\/schema\/person\/cba15985dd5da095cac31c1ff0d6e23e\",\"name\":\"cojo\",\"url\":\"https:\/\/elojocojo.org\/author\/cojo\/\"}]}<\/script>\n<!-- \/ Yoast SEO plugin. -->","yoast_head_json":{"title":"Ainhoa - el ojO cojo","description":"Ainhoa es un cortometraje que muestra, desde los ojos de una ni\u00f1a, c\u00f3mo la crisis econ\u00f3mica afecta el hogar y la infancia.","robots":{"index":"index","follow":"follow","max-snippet":"max-snippet:-1","max-image-preview":"max-image-preview:large","max-video-preview":"max-video-preview:-1"},"canonical":"https:\/\/elojocojo.org\/ainhoa\/","og_locale":"es_ES","og_type":"article","og_title":"Ainhoa - el ojO cojo","og_description":"Ainhoa es un cortometraje que muestra, desde los ojos de una ni\u00f1a, c\u00f3mo la crisis econ\u00f3mica afecta el hogar y la infancia.","og_url":"https:\/\/elojocojo.org\/ainhoa\/","og_site_name":"el ojO cojo","article_publisher":"https:\/\/www.facebook.com\/elojocojo","article_published_time":"2018-09-17T10:28:31+00:00","article_modified_time":"2025-09-30T16:48:26+00:00","og_image":[{"width":1418,"height":607,"url":"https:\/\/elojocojo.org\/wp-content\/uploads\/2018\/09\/Ainhoa2.jpg","type":"image\/jpeg"}],"author":"cojo","twitter_card":"summary_large_image","twitter_creator":"@elojocojo","twitter_site":"@elojocojo","twitter_misc":{"Escrito por":"cojo","Tiempo de lectura":"1 minuto"},"schema":{"@context":"https:\/\/schema.org","@graph":[{"@type":"Article","@id":"https:\/\/elojocojo.org\/ainhoa\/#article","isPartOf":{"@id":"https:\/\/elojocojo.org\/ainhoa\/"},"author":{"name":"cojo","@id":"https:\/\/elojocojo.org\/#\/schema\/person\/cba15985dd5da095cac31c1ff0d6e23e"},"headline":"Ainhoa","datePublished":"2018-09-17T10:28:31+00:00","dateModified":"2025-09-30T16:48:26+00:00","mainEntityOfPage":{"@id":"https:\/\/elojocojo.org\/ainhoa\/"},"wordCount":485,"publisher":{"@id":"https:\/\/elojocojo.org\/#organization"},"image":{"@id":"https:\/\/elojocojo.org\/ainhoa\/#primaryimage"},"thumbnailUrl":"https:\/\/elojocojo.org\/wp-content\/uploads\/2018\/09\/Ainhoa2.jpg","keywords":["2016","2018","cortometraje","crisis","crisis econ\u00f3mica","denuncia social","desigualdad","drama","esclavitud","Espa\u00f1a","espa\u00f1ol","espa\u00b1ol","esperanza","Europa","festival de cine","Festival el Ojo cojo","ficci\u00f3n","Fin de la pobreza","historia","igualdad de g\u00e9nero","mujer","ni\u00f1os","Objetivos de Desarrollo Sostenible","pel\u00edculas para adolescentes","tercera edad","Trabajo decente y crecimiento econ\u00f3mico","violencia de g\u00e9nero"],"articleSection":["Cortometraje","Drama","Festival 2018","Ficci\u00f3n"],"inLanguage":"es"},{"@type":"WebPage","@id":"https:\/\/elojocojo.org\/ainhoa\/","url":"https:\/\/elojocojo.org\/ainhoa\/","name":"Ainhoa - el ojO cojo","isPartOf":{"@id":"https:\/\/elojocojo.org\/#website"},"primaryImageOfPage":{"@id":"https:\/\/elojocojo.org\/ainhoa\/#primaryimage"},"image":{"@id":"https:\/\/elojocojo.org\/ainhoa\/#primaryimage"},"thumbnailUrl":"https:\/\/elojocojo.org\/wp-content\/uploads\/2018\/09\/Ainhoa2.jpg","datePublished":"2018-09-17T10:28:31+00:00","dateModified":"2025-09-30T16:48:26+00:00","description":"Ainhoa es un cortometraje que muestra, desde los ojos de una ni\u00f1a, c\u00f3mo la crisis econ\u00f3mica afecta el hogar y la infancia.","breadcrumb":{"@id":"https:\/\/elojocojo.org\/ainhoa\/#breadcrumb"},"inLanguage":"es","potentialAction":[{"@type":"ReadAction","target":["https:\/\/elojocojo.org\/ainhoa\/"]}]},{"@type":"ImageObject","inLanguage":"es","@id":"https:\/\/elojocojo.org\/ainhoa\/#primaryimage","url":"https:\/\/elojocojo.org\/wp-content\/uploads\/2018\/09\/Ainhoa2.jpg","contentUrl":"https:\/\/elojocojo.org\/wp-content\/uploads\/2018\/09\/Ainhoa2.jpg","width":1418,"height":607,"caption":"Ainhoa. Fotograma del cortometraje. Se ve a una ni\u00f1a peque\u00f1a con el pelo lavado en una habitaci\u00f3n."},{"@type":"BreadcrumbList","@id":"https:\/\/elojocojo.org\/ainhoa\/#breadcrumb","itemListElement":[{"@type":"ListItem","position":1,"name":"Portada","item":"https:\/\/elojocojo.org\/"},{"@type":"ListItem","position":2,"name":"2016","item":"https:\/\/elojocojo.org\/tag\/2016\/"},{"@type":"ListItem","position":3,"name":"Ainhoa"}]},{"@type":"WebSite","@id":"https:\/\/elojocojo.org\/#website","url":"https:\/\/elojocojo.org\/","name":"el ojO cojo","description":"Todos estamos hechos de la misma esencia","publisher":{"@id":"https:\/\/elojocojo.org\/#organization"},"potentialAction":[{"@type":"SearchAction","target":{"@type":"EntryPoint","urlTemplate":"https:\/\/elojocojo.org\/?s={search_term_string}"},"query-input":{"@type":"PropertyValueSpecification","valueRequired":true,"valueName":"search_term_string"}}],"inLanguage":"es"},{"@type":"Organization","@id":"https:\/\/elojocojo.org\/#organization","name":"Meigas da r\u00faa","url":"https:\/\/elojocojo.org\/","logo":{"@type":"ImageObject","inLanguage":"es","@id":"https:\/\/elojocojo.org\/#\/schema\/logo\/image\/","url":"https:\/\/meigasdarua.org\/wp-content\/uploads\/2020\/09\/cropped-logo-meigas-5.png","contentUrl":"https:\/\/meigasdarua.org\/wp-content\/uploads\/2020\/09\/cropped-logo-meigas-5.png","width":109,"height":200,"caption":"Meigas da r\u00faa"},"image":{"@id":"https:\/\/elojocojo.org\/#\/schema\/logo\/image\/"},"sameAs":["https:\/\/www.facebook.com\/elojocojo","https:\/\/x.com\/elojocojo","https:\/\/www.instagram.com\/elojocojo\/?hl=es","https:\/\/www.linkedin.com\/in\/el-ojo-cojo-b52b7769\/","https:\/\/www.pinterest.es\/elojocojo\/_saved\/","https:\/\/www.youtube.com\/channel\/UCkFtFTV0Bms7zH7vq8FZxZg"]},{"@type":"Person","@id":"https:\/\/elojocojo.org\/#\/schema\/person\/cba15985dd5da095cac31c1ff0d6e23e","name":"cojo","url":"https:\/\/elojocojo.org\/author\/cojo\/"}]}},"_links":{"self":[{"href":"https:\/\/elojocojo.org\/wp-json\/wp\/v2\/posts\/13631","targetHints":{"allow":["GET"]}}],"collection":[{"href":"https:\/\/elojocojo.org\/wp-json\/wp\/v2\/posts"}],"about":[{"href":"https:\/\/elojocojo.org\/wp-json\/wp\/v2\/types\/post"}],"author":[{"embeddable":true,"href":"https:\/\/elojocojo.org\/wp-json\/wp\/v2\/users\/11"}],"replies":[{"embeddable":true,"href":"https:\/\/elojocojo.org\/wp-json\/wp\/v2\/comments?post=13631"}],"version-history":[{"count":16,"href":"https:\/\/elojocojo.org\/wp-json\/wp\/v2\/posts\/13631\/revisions"}],"predecessor-version":[{"id":70606,"href":"https:\/\/elojocojo.org\/wp-json\/wp\/v2\/posts\/13631\/revisions\/70606"}],"wp:featuredmedia":[{"embeddable":true,"href":"https:\/\/elojocojo.org\/wp-json\/wp\/v2\/media\/68530"}],"wp:attachment":[{"href":"https:\/\/elojocojo.org\/wp-json\/wp\/v2\/media?parent=13631"}],"wp:term":[{"taxonomy":"category","embeddable":true,"href":"https:\/\/elojocojo.org\/wp-json\/wp\/v2\/categories?post=13631"},{"taxonomy":"post_tag","embeddable":true,"href":"https:\/\/elojocojo.org\/wp-json\/wp\/v2\/tags?post=13631"}],"curies":[{"name":"wp","href":"https:\/\/api.w.org\/{rel}","templated":true}]}}