{"id":1355,"date":"2008-09-04T21:07:48","date_gmt":"2008-09-05T04:07:48","guid":{"rendered":"http:\/\/www.elojocojo.org\/blog2\/?p=1355"},"modified":"2025-09-26T20:00:08","modified_gmt":"2025-09-26T18:00:08","slug":"la-peli","status":"publish","type":"post","link":"https:\/\/elojocojo.org\/la-peli\/","title":{"rendered":"La Peli"},"content":{"rendered":"\n<figure class=\"wp-block-embed alignwide is-type-video is-provider-youtube wp-block-embed-youtube wp-embed-aspect-4-3 wp-has-aspect-ratio\"><div class=\"wp-block-embed__wrapper\">\n<iframe title=\"La Peli - Trailer\" width=\"1140\" height=\"855\" src=\"https:\/\/www.youtube.com\/embed\/fzu5noyKE9Y?feature=oembed\" frameborder=\"0\" allow=\"accelerometer; autoplay; clipboard-write; encrypted-media; gyroscope; picture-in-picture; web-share\" referrerpolicy=\"strict-origin-when-cross-origin\" allowfullscreen><\/iframe>\n<\/div><\/figure>\n\n\n\n<p>T\u00edtulo: <em>La peli<\/em><\/p>\n\n\n\n<p>A\u00f1o: 2007<\/p>\n\n\n\n<p>Director: Gustavo Postiglione<\/p>\n\n\n\n<p>Duraci\u00f3n: 120\u2019<\/p>\n\n\n\n<p>Pa\u00eds: Argentina<\/p>\n\n\n\n<p>Idioma original: Castellano<\/p>\n\n\n\n<p>Subt\u00edtulos: Castellano<\/p>\n\n\n\n<p>Int\u00e9rpretes: Dar\u00edo Grandinetti, Norman Briski, Carlos Resta, Noelia Campo, Jazm\u00edn Stuart, Ra\u00fal Calandra, Soledad Gilmet, Natalia Orebro, Diego Lerer, Jaqueline Delleville y Anabel Martin<\/p>\n\n\n\n<p>Producci\u00f3n: Gustavo Postiglione, Claudio Jonson, Marcelo Altmark y Pepi Goncalvez<\/p>\n\n\n\n<p>Gui\u00f3n: Gustavo Postiglione<\/p>\n\n\n\n<p>Edici\u00f3n\/Montaje: Lucio Garc\u00eda<\/p>\n\n\n\n<p>Direcci\u00f3n de fotograf\u00eda: H\u00e9ctor Molina<\/p>\n\n\n\n<p>Sonido: Carlos Rossano<\/p>\n\n\n\n<p>M\u00fasica: Iv\u00e1n Tarabelli<\/p>\n\n\n\n<h2 class=\"wp-block-heading\"><strong>SINOPSIS<\/strong><\/h2>\n\n\n\n<p>Un director de cine intenta terminar su pr\u00f3ximo film pero se encuentra empantanado en su relato mientras las cosas que le suceden en la vida cotidiana atentan contra su integridad emocional. Se encuentra con Ana, una joven con la que mantiene un romance. <em>La peli<\/em>, dirigida por Gustavo Postiglione, es la culminaci\u00f3n de una trilog\u00eda iniciada con <em>El asadito<\/em> (2000) y continuada con <em>El cumple<\/em> (2002). Este drama argentino-uruguayo de 2007 narra la historia de Diego, un director de cine en plena crisis creativa durante el rodaje de su pel\u00edcula. Su encuentro con Ana, una joven exalumna, transforma la narrativa de su film de un enfoque pol\u00edtico a uno er\u00f3tico. Tras la ruptura con Ana, Diego se obsesiona con ella, difuminando los l\u00edmites entre la ficci\u00f3n de su obra y su propia realidad, llev\u00e1ndolo a una espiral de autodestrucci\u00f3n. <\/p>\n\n\n\n<h3 class=\"wp-block-heading\"><strong>Un director en el abismo<\/strong><\/h3>\n\n\n\n<p>Diego, interpretado por Carlos Resta, encarna a un cineasta atrapado entre la ambici\u00f3n art\u00edstica y el vac\u00edo emocional. Su descenso comienza con la p\u00e9rdida de control sobre su proyecto cinematogr\u00e1fico y se agrava tras su relaci\u00f3n fallida con Ana. La pel\u00edcula explora su progresiva desconexi\u00f3n de la realidad, reflejando la lucha interna de un creador que se enfrenta a sus propias obsesiones.<\/p>\n\n\n\n<h3 class=\"wp-block-heading\"><strong>Metacine y autorreferencialidad<\/strong><\/h3>\n\n\n\n<p><em>La peli<\/em> se adentra en el metacine, presentando una pel\u00edcula dentro de otra. Postiglione utiliza esta estructura para cuestionar el proceso creativo y la autenticidad en el arte. La narrativa se convierte en un espejo que refleja las inseguridades y contradicciones del propio director, desafiando al espectador a discernir entre la realidad y la ficci\u00f3n.<\/p>\n\n\n\n<h3 class=\"wp-block-heading\"><strong>Homenajes y referencias cinematogr\u00e1ficas<\/strong><\/h3>\n\n\n\n<p>La obra est\u00e1 impregnada de referencias a figuras ic\u00f3nicas del cine como Fran\u00e7ois Truffaut y Federico Fellini. Estas alusiones no solo rinden homenaje a los maestros del s\u00e9ptimo arte, sino que tambi\u00e9n enriquecen la narrativa, situando a <em>La peli<\/em> en un contexto cinematogr\u00e1fico m\u00e1s amplio y reflexivo.<\/p>\n\n\n\n<h3 class=\"wp-block-heading\"><strong>Actuaciones destacadas<\/strong><\/h3>\n\n\n\n<p>El elenco, encabezado por Carlos Resta, Dar\u00edo Grandinetti y Noelia Campo, ofrece interpretaciones que capturan la complejidad emocional de sus personajes. La qu\u00edmica entre los actores y la direcci\u00f3n de Postiglione contribuyen a una representaci\u00f3n aut\u00e9ntica de las tensiones y pasiones que atraviesan la historia.<\/p>\n\n\n\n<h3 class=\"wp-block-heading\"><strong>Recepci\u00f3n cr\u00edtica y legado<\/strong><\/h3>\n\n\n\n<p><em>La peli<\/em> fue reconocida en el Festival Internacional de Cine de Mar del Plata, donde Carlos Resta recibi\u00f3 el Astor de Plata a la mejor actuaci\u00f3n masculina. Sin embargo, la cr\u00edtica estuvo dividida; algunos elogiaron su audacia y profundidad, mientras que otros se\u00f1alaron una narrativa ca\u00f3tica y pretenciosa. A pesar de ello, la pel\u00edcula se mantiene como una obra significativa en la filmograf\u00eda de Postiglione y en el cine argentino contempor\u00e1neo.<\/p>\n\n\n\n<h2 class=\"wp-block-heading\"><strong>PALMAR\u00c9S<\/strong><\/h2>\n\n\n\n<p>2007:<\/p>\n\n\n\n<p>Festival Internacional de Cine de Mar del Plata 22\u00aa edici\u00f3n<\/p>\n\n\n\n<ul class=\"wp-block-list\">\n<li> Astor de Plata a la mejor actuaci\u00f3n masculina (Carlos Resta) <\/li>\n<\/ul>\n\n\n<div class=\"wp-block-image\">\n<figure class=\"aligncenter is-resized\"><img decoding=\"async\" src=\"https:\/\/lh4.googleusercontent.com\/proxy\/ACl1m2vDgNqNRjYdFkE6Fy7vJ-SyqqomdKhgN2Q2S8ZGKaEjZAw63Ib4rPdljlHuXMPZCDLh8LIRjGhHh5CBzceKZsw_FIG2iiQJ7JNdDwvidFA\" alt=\"Natalia Oreiro - Simplemente Natalia Chequia:.\" style=\"object-fit:cover;width:200px;height:300px\"\/><\/figure>\n<\/div>\n\n\n<p><a href=\"https:\/\/www.imdb.com\/es-es\/title\/tt0323609\/ratings\/\">IMDb<\/a> 6.2\/10<\/p>\n\n\n\n<p>El filme <em>La Peli<\/em> particip\u00f3 en la edici\u00f3n <strong><a href=\"https:\/\/elojocojo.org\/category\/festival-2007\/\">2007<\/a><\/strong> del <a href=\"https:\/\/elojocojo.org\/bienvenida\/festivalelojocojo\/\"><strong>Festival de cine el ojO cojo<\/strong> <\/a>en ese sentido nos sentimos honrados de haberla exhibido.<\/p>\n\n\n\n<p>Visita nuestro <strong><a href=\"https:\/\/el-ojocojo.blogspot.com\/\">blog<\/a><\/strong>. <\/p>\n","protected":false},"excerpt":{"rendered":"<p>Un director de cine intenta terminar su pr\u00f3ximo film pero se encuentra empantanado en su relato. Director: Gustavo Postiglione<\/p>\n","protected":false},"author":3,"featured_media":23930,"comment_status":"closed","ping_status":"open","sticky":false,"template":"","format":"standard","meta":{"_monsterinsights_skip_tracking":false,"_monsterinsights_sitenote_active":false,"_monsterinsights_sitenote_note":"","_monsterinsights_sitenote_category":0,"footnotes":""},"categories":[983,30],"tags":[1923,112,936,941,960,1587,1737,1603,1270,1258,2119,1981,1982,1628,1092,2384,1834,1060,1142,91,1910,1057,926],"class_list":{"0":"post-1355","1":"post","2":"type-post","3":"status-publish","4":"format-standard","5":"has-post-thumbnail","7":"category-festival-2007","8":"category-ficcion","9":"tag-1923","10":"tag-amor","11":"tag-artista","12":"tag-cine","13":"tag-creatividad","14":"tag-crisis","15":"tag-drama","16":"tag-duelo","17":"tag-empleo","18":"tag-empoderamiento","19":"tag-espanol","20":"tag-festival-de-cine","21":"tag-festival-el-ojo-cojo","22":"tag-ficcion","23":"tag-fin-de-la-pobreza","24":"tag-frontera","25":"tag-fronteras","26":"tag-igualdad-de-genero","27":"tag-machismo","28":"tag-mujer","29":"tag-ods","30":"tag-trabajo-decente-y-crecimiento-economico","31":"tag-violencia-de-genero","32":"czr-hentry"},"yoast_head":"<!-- This site is optimized with the Yoast SEO plugin v27.1.1 - https:\/\/yoast.com\/product\/yoast-seo-wordpress\/ -->\n<title>La Peli - el ojO cojo<\/title>\n<meta name=\"description\" content=\"Pel\u00edcula La Peli exhibida en la edici\u00f3n 2007 del Festival el ojO cojo. Pa\u00eds de origen, Argentina. Dirigido por Gustavo Postiglione.\" \/>\n<meta name=\"robots\" content=\"index, follow, max-snippet:-1, max-image-preview:large, max-video-preview:-1\" \/>\n<link rel=\"canonical\" href=\"https:\/\/elojocojo.org\/la-peli\/\" \/>\n<meta property=\"og:locale\" content=\"es_ES\" \/>\n<meta property=\"og:type\" content=\"article\" \/>\n<meta property=\"og:title\" content=\"La Peli - el ojO cojo\" \/>\n<meta property=\"og:description\" content=\"Pel\u00edcula La Peli exhibida en la edici\u00f3n 2007 del Festival el ojO cojo. Pa\u00eds de origen, Argentina. Dirigido por Gustavo Postiglione.\" \/>\n<meta property=\"og:url\" content=\"https:\/\/elojocojo.org\/la-peli\/\" \/>\n<meta property=\"og:site_name\" content=\"el ojO cojo\" \/>\n<meta property=\"article:publisher\" content=\"https:\/\/www.facebook.com\/elojocojo\" \/>\n<meta property=\"article:published_time\" content=\"2008-09-05T04:07:48+00:00\" \/>\n<meta property=\"article:modified_time\" content=\"2025-09-26T18:00:08+00:00\" \/>\n<meta property=\"og:image\" content=\"https:\/\/elojocojo.org\/wp-content\/uploads\/2020\/07\/lapeli1.jpg\" \/>\n\t<meta property=\"og:image:width\" content=\"1181\" \/>\n\t<meta property=\"og:image:height\" content=\"784\" \/>\n\t<meta property=\"og:image:type\" content=\"image\/jpeg\" \/>\n<meta name=\"twitter:card\" content=\"summary_large_image\" \/>\n<meta name=\"twitter:creator\" content=\"@elojocojo\" \/>\n<meta name=\"twitter:site\" content=\"@elojocojo\" \/>\n<meta name=\"twitter:label1\" content=\"Escrito por\" \/>\n\t<meta name=\"twitter:data1\" content=\"\" \/>\n\t<meta name=\"twitter:label2\" content=\"Tiempo de lectura\" \/>\n\t<meta name=\"twitter:data2\" content=\"3 minutos\" \/>\n<script type=\"application\/ld+json\" class=\"yoast-schema-graph\">{\"@context\":\"https:\/\/schema.org\",\"@graph\":[{\"@type\":\"Article\",\"@id\":\"https:\/\/elojocojo.org\/la-peli\/#article\",\"isPartOf\":{\"@id\":\"https:\/\/elojocojo.org\/la-peli\/\"},\"author\":{\"name\":\"\",\"@id\":\"\"},\"headline\":\"La Peli\",\"datePublished\":\"2008-09-05T04:07:48+00:00\",\"dateModified\":\"2025-09-26T18:00:08+00:00\",\"mainEntityOfPage\":{\"@id\":\"https:\/\/elojocojo.org\/la-peli\/\"},\"wordCount\":626,\"publisher\":{\"@id\":\"https:\/\/elojocojo.org\/#organization\"},\"image\":{\"@id\":\"https:\/\/elojocojo.org\/la-peli\/#primaryimage\"},\"thumbnailUrl\":\"https:\/\/elojocojo.org\/wp-content\/uploads\/2020\/07\/lapeli1.jpg\",\"keywords\":[\"2007\",\"amor\",\"artista\",\"cine\",\"creatividad\",\"crisis\",\"drama\",\"duelo\",\"empleo\",\"empoderamiento\",\"espa\u00f1ol\",\"festival de cine\",\"Festival el Ojo cojo\",\"ficci\u00f3n\",\"Fin de la pobreza\",\"frontera\",\"fronteras\",\"igualdad de g\u00e9nero\",\"machismo\",\"mujer\",\"ODS\",\"Trabajo decente y crecimiento econ\u00f3mico\",\"violencia de g\u00e9nero\"],\"articleSection\":[\"Festival 2007\",\"Ficci\u00f3n\"],\"inLanguage\":\"es\"},{\"@type\":\"WebPage\",\"@id\":\"https:\/\/elojocojo.org\/la-peli\/\",\"url\":\"https:\/\/elojocojo.org\/la-peli\/\",\"name\":\"La Peli - el ojO cojo\",\"isPartOf\":{\"@id\":\"https:\/\/elojocojo.org\/#website\"},\"primaryImageOfPage\":{\"@id\":\"https:\/\/elojocojo.org\/la-peli\/#primaryimage\"},\"image\":{\"@id\":\"https:\/\/elojocojo.org\/la-peli\/#primaryimage\"},\"thumbnailUrl\":\"https:\/\/elojocojo.org\/wp-content\/uploads\/2020\/07\/lapeli1.jpg\",\"datePublished\":\"2008-09-05T04:07:48+00:00\",\"dateModified\":\"2025-09-26T18:00:08+00:00\",\"description\":\"Pel\u00edcula La Peli exhibida en la edici\u00f3n 2007 del Festival el ojO cojo. Pa\u00eds de origen, Argentina. Dirigido por Gustavo Postiglione.\",\"breadcrumb\":{\"@id\":\"https:\/\/elojocojo.org\/la-peli\/#breadcrumb\"},\"inLanguage\":\"es\",\"potentialAction\":[{\"@type\":\"ReadAction\",\"target\":[\"https:\/\/elojocojo.org\/la-peli\/\"]}]},{\"@type\":\"ImageObject\",\"inLanguage\":\"es\",\"@id\":\"https:\/\/elojocojo.org\/la-peli\/#primaryimage\",\"url\":\"https:\/\/elojocojo.org\/wp-content\/uploads\/2020\/07\/lapeli1.jpg\",\"contentUrl\":\"https:\/\/elojocojo.org\/wp-content\/uploads\/2020\/07\/lapeli1.jpg\",\"width\":1181,\"height\":784,\"caption\":\"La peli\"},{\"@type\":\"BreadcrumbList\",\"@id\":\"https:\/\/elojocojo.org\/la-peli\/#breadcrumb\",\"itemListElement\":[{\"@type\":\"ListItem\",\"position\":1,\"name\":\"Portada\",\"item\":\"https:\/\/elojocojo.org\/\"},{\"@type\":\"ListItem\",\"position\":2,\"name\":\"2007\",\"item\":\"https:\/\/elojocojo.org\/tag\/2007\/\"},{\"@type\":\"ListItem\",\"position\":3,\"name\":\"La Peli\"}]},{\"@type\":\"WebSite\",\"@id\":\"https:\/\/elojocojo.org\/#website\",\"url\":\"https:\/\/elojocojo.org\/\",\"name\":\"el ojO cojo\",\"description\":\"Todos estamos hechos de la misma esencia\",\"publisher\":{\"@id\":\"https:\/\/elojocojo.org\/#organization\"},\"potentialAction\":[{\"@type\":\"SearchAction\",\"target\":{\"@type\":\"EntryPoint\",\"urlTemplate\":\"https:\/\/elojocojo.org\/?s={search_term_string}\"},\"query-input\":{\"@type\":\"PropertyValueSpecification\",\"valueRequired\":true,\"valueName\":\"search_term_string\"}}],\"inLanguage\":\"es\"},{\"@type\":\"Organization\",\"@id\":\"https:\/\/elojocojo.org\/#organization\",\"name\":\"Meigas da r\u00faa\",\"url\":\"https:\/\/elojocojo.org\/\",\"logo\":{\"@type\":\"ImageObject\",\"inLanguage\":\"es\",\"@id\":\"https:\/\/elojocojo.org\/#\/schema\/logo\/image\/\",\"url\":\"https:\/\/meigasdarua.org\/wp-content\/uploads\/2020\/09\/cropped-logo-meigas-5.png\",\"contentUrl\":\"https:\/\/meigasdarua.org\/wp-content\/uploads\/2020\/09\/cropped-logo-meigas-5.png\",\"width\":109,\"height\":200,\"caption\":\"Meigas da r\u00faa\"},\"image\":{\"@id\":\"https:\/\/elojocojo.org\/#\/schema\/logo\/image\/\"},\"sameAs\":[\"https:\/\/www.facebook.com\/elojocojo\",\"https:\/\/x.com\/elojocojo\",\"https:\/\/www.instagram.com\/elojocojo\/?hl=es\",\"https:\/\/www.linkedin.com\/in\/el-ojo-cojo-b52b7769\/\",\"https:\/\/www.pinterest.es\/elojocojo\/_saved\/\",\"https:\/\/www.youtube.com\/channel\/UCkFtFTV0Bms7zH7vq8FZxZg\"]},{\"@type\":\"Person\",\"@id\":\"\",\"url\":\"https:\/\/elojocojo.org\/author\/\"}]}<\/script>\n<!-- \/ Yoast SEO plugin. -->","yoast_head_json":{"title":"La Peli - el ojO cojo","description":"Pel\u00edcula La Peli exhibida en la edici\u00f3n 2007 del Festival el ojO cojo. Pa\u00eds de origen, Argentina. Dirigido por Gustavo Postiglione.","robots":{"index":"index","follow":"follow","max-snippet":"max-snippet:-1","max-image-preview":"max-image-preview:large","max-video-preview":"max-video-preview:-1"},"canonical":"https:\/\/elojocojo.org\/la-peli\/","og_locale":"es_ES","og_type":"article","og_title":"La Peli - el ojO cojo","og_description":"Pel\u00edcula La Peli exhibida en la edici\u00f3n 2007 del Festival el ojO cojo. Pa\u00eds de origen, Argentina. Dirigido por Gustavo Postiglione.","og_url":"https:\/\/elojocojo.org\/la-peli\/","og_site_name":"el ojO cojo","article_publisher":"https:\/\/www.facebook.com\/elojocojo","article_published_time":"2008-09-05T04:07:48+00:00","article_modified_time":"2025-09-26T18:00:08+00:00","og_image":[{"width":1181,"height":784,"url":"https:\/\/elojocojo.org\/wp-content\/uploads\/2020\/07\/lapeli1.jpg","type":"image\/jpeg"}],"twitter_card":"summary_large_image","twitter_creator":"@elojocojo","twitter_site":"@elojocojo","twitter_misc":{"Escrito por":"","Tiempo de lectura":"3 minutos"},"schema":{"@context":"https:\/\/schema.org","@graph":[{"@type":"Article","@id":"https:\/\/elojocojo.org\/la-peli\/#article","isPartOf":{"@id":"https:\/\/elojocojo.org\/la-peli\/"},"author":{"name":"","@id":""},"headline":"La Peli","datePublished":"2008-09-05T04:07:48+00:00","dateModified":"2025-09-26T18:00:08+00:00","mainEntityOfPage":{"@id":"https:\/\/elojocojo.org\/la-peli\/"},"wordCount":626,"publisher":{"@id":"https:\/\/elojocojo.org\/#organization"},"image":{"@id":"https:\/\/elojocojo.org\/la-peli\/#primaryimage"},"thumbnailUrl":"https:\/\/elojocojo.org\/wp-content\/uploads\/2020\/07\/lapeli1.jpg","keywords":["2007","amor","artista","cine","creatividad","crisis","drama","duelo","empleo","empoderamiento","espa\u00f1ol","festival de cine","Festival el Ojo cojo","ficci\u00f3n","Fin de la pobreza","frontera","fronteras","igualdad de g\u00e9nero","machismo","mujer","ODS","Trabajo decente y crecimiento econ\u00f3mico","violencia de g\u00e9nero"],"articleSection":["Festival 2007","Ficci\u00f3n"],"inLanguage":"es"},{"@type":"WebPage","@id":"https:\/\/elojocojo.org\/la-peli\/","url":"https:\/\/elojocojo.org\/la-peli\/","name":"La Peli - el ojO cojo","isPartOf":{"@id":"https:\/\/elojocojo.org\/#website"},"primaryImageOfPage":{"@id":"https:\/\/elojocojo.org\/la-peli\/#primaryimage"},"image":{"@id":"https:\/\/elojocojo.org\/la-peli\/#primaryimage"},"thumbnailUrl":"https:\/\/elojocojo.org\/wp-content\/uploads\/2020\/07\/lapeli1.jpg","datePublished":"2008-09-05T04:07:48+00:00","dateModified":"2025-09-26T18:00:08+00:00","description":"Pel\u00edcula La Peli exhibida en la edici\u00f3n 2007 del Festival el ojO cojo. Pa\u00eds de origen, Argentina. Dirigido por Gustavo Postiglione.","breadcrumb":{"@id":"https:\/\/elojocojo.org\/la-peli\/#breadcrumb"},"inLanguage":"es","potentialAction":[{"@type":"ReadAction","target":["https:\/\/elojocojo.org\/la-peli\/"]}]},{"@type":"ImageObject","inLanguage":"es","@id":"https:\/\/elojocojo.org\/la-peli\/#primaryimage","url":"https:\/\/elojocojo.org\/wp-content\/uploads\/2020\/07\/lapeli1.jpg","contentUrl":"https:\/\/elojocojo.org\/wp-content\/uploads\/2020\/07\/lapeli1.jpg","width":1181,"height":784,"caption":"La peli"},{"@type":"BreadcrumbList","@id":"https:\/\/elojocojo.org\/la-peli\/#breadcrumb","itemListElement":[{"@type":"ListItem","position":1,"name":"Portada","item":"https:\/\/elojocojo.org\/"},{"@type":"ListItem","position":2,"name":"2007","item":"https:\/\/elojocojo.org\/tag\/2007\/"},{"@type":"ListItem","position":3,"name":"La Peli"}]},{"@type":"WebSite","@id":"https:\/\/elojocojo.org\/#website","url":"https:\/\/elojocojo.org\/","name":"el ojO cojo","description":"Todos estamos hechos de la misma esencia","publisher":{"@id":"https:\/\/elojocojo.org\/#organization"},"potentialAction":[{"@type":"SearchAction","target":{"@type":"EntryPoint","urlTemplate":"https:\/\/elojocojo.org\/?s={search_term_string}"},"query-input":{"@type":"PropertyValueSpecification","valueRequired":true,"valueName":"search_term_string"}}],"inLanguage":"es"},{"@type":"Organization","@id":"https:\/\/elojocojo.org\/#organization","name":"Meigas da r\u00faa","url":"https:\/\/elojocojo.org\/","logo":{"@type":"ImageObject","inLanguage":"es","@id":"https:\/\/elojocojo.org\/#\/schema\/logo\/image\/","url":"https:\/\/meigasdarua.org\/wp-content\/uploads\/2020\/09\/cropped-logo-meigas-5.png","contentUrl":"https:\/\/meigasdarua.org\/wp-content\/uploads\/2020\/09\/cropped-logo-meigas-5.png","width":109,"height":200,"caption":"Meigas da r\u00faa"},"image":{"@id":"https:\/\/elojocojo.org\/#\/schema\/logo\/image\/"},"sameAs":["https:\/\/www.facebook.com\/elojocojo","https:\/\/x.com\/elojocojo","https:\/\/www.instagram.com\/elojocojo\/?hl=es","https:\/\/www.linkedin.com\/in\/el-ojo-cojo-b52b7769\/","https:\/\/www.pinterest.es\/elojocojo\/_saved\/","https:\/\/www.youtube.com\/channel\/UCkFtFTV0Bms7zH7vq8FZxZg"]},{"@type":"Person","@id":"","url":"https:\/\/elojocojo.org\/author\/"}]}},"_links":{"self":[{"href":"https:\/\/elojocojo.org\/wp-json\/wp\/v2\/posts\/1355","targetHints":{"allow":["GET"]}}],"collection":[{"href":"https:\/\/elojocojo.org\/wp-json\/wp\/v2\/posts"}],"about":[{"href":"https:\/\/elojocojo.org\/wp-json\/wp\/v2\/types\/post"}],"author":[{"embeddable":true,"href":"https:\/\/elojocojo.org\/wp-json\/wp\/v2\/users\/3"}],"replies":[{"embeddable":true,"href":"https:\/\/elojocojo.org\/wp-json\/wp\/v2\/comments?post=1355"}],"version-history":[{"count":10,"href":"https:\/\/elojocojo.org\/wp-json\/wp\/v2\/posts\/1355\/revisions"}],"predecessor-version":[{"id":69647,"href":"https:\/\/elojocojo.org\/wp-json\/wp\/v2\/posts\/1355\/revisions\/69647"}],"wp:featuredmedia":[{"embeddable":true,"href":"https:\/\/elojocojo.org\/wp-json\/wp\/v2\/media\/23930"}],"wp:attachment":[{"href":"https:\/\/elojocojo.org\/wp-json\/wp\/v2\/media?parent=1355"}],"wp:term":[{"taxonomy":"category","embeddable":true,"href":"https:\/\/elojocojo.org\/wp-json\/wp\/v2\/categories?post=1355"},{"taxonomy":"post_tag","embeddable":true,"href":"https:\/\/elojocojo.org\/wp-json\/wp\/v2\/tags?post=1355"}],"curies":[{"name":"wp","href":"https:\/\/api.w.org\/{rel}","templated":true}]}}