{"id":13495,"date":"2015-07-08T11:08:15","date_gmt":"2015-07-08T18:08:15","guid":{"rendered":"http:\/\/www.elojocojo.org\/?p=13495"},"modified":"2026-02-06T10:47:13","modified_gmt":"2026-02-06T09:47:13","slug":"como-si","status":"publish","type":"post","link":"https:\/\/elojocojo.org\/como-si\/","title":{"rendered":"Como si&#8230;"},"content":{"rendered":"\n<p><iframe src=\"https:\/\/player.vimeo.com\/video\/122339321\" width=\"500\" height=\"281\" frameborder=\"0\" allowfullscreen=\"allowfullscreen\"><\/iframe><\/p>\n\n\n\n<p><\/p>\n\n\n\n<p class=\"has-black-color has-text-color has-link-color wp-elements-dfaeafa0c53e2a1edfb368511b63cb2f\"><strong>T\u00cd<\/strong><span style=\"font-weight: 400;\"><strong>TULO<\/strong>: &nbsp;Como si&#8230;<\/span><\/p>\n\n\n\n<p class=\"has-black-color has-text-color has-link-color wp-elements-4f0a26213d5b41d78b033ed7b34a94fc\"><strong>T\u00cd<\/strong><span style=\"font-weight: 400;\"><strong>TULO<\/strong> <strong>ORIGINAL<\/strong>: &nbsp;Like if&#8230;<\/span><\/p>\n\n\n\n<p class=\"has-black-color has-text-color has-link-color wp-elements-b235711244ff81818e8986fc734cd62c\"><strong>A\u00d1<\/strong><span style=\"font-weight: 400;\"><strong>O<\/strong>: 2014.<\/span><\/p>\n\n\n\n<p class=\"has-black-color has-text-color has-link-color wp-elements-ffa2beabea6d771b900067a7b0db3516\"><span style=\"font-weight: 400;\"><strong>DIRECTOR<\/strong>: Daniele Bonarini.<br \/><\/span><\/p>\n\n\n\n<p class=\"has-black-color has-text-color has-link-color wp-elements-430850e08fb61cd32173c3389ec1a549\"><strong>G\u00c9NERO<\/strong><span style=\"font-weight: 400;\">: Ficci<\/span><span style=\"font-weight: 400;\">\u00f3<\/span><span style=\"font-weight: 400;\">n.<\/span><\/p>\n\n\n\n<p class=\"has-black-color has-text-color has-link-color wp-elements-81e47f013b61a2636ef10808ca2e8f12\"><strong>DURACI\u00d3<\/strong><span style=\"font-weight: 400;\"><strong>N<\/strong>: 04&#8217;55&#8217;.<\/span><\/p>\n\n\n\n<p class=\"has-black-color has-text-color has-link-color wp-elements-5cb607fc257eaf7ae2213c7461d16675\"><strong>PA\u00cd<\/strong><span style=\"font-weight: 400;\"><strong>S<\/strong>: &nbsp;Italia.<\/span><\/p>\n\n\n\n<p class=\"has-black-color has-text-color has-link-color wp-elements-919c15642e6a3bd5435679e02972ea4d\"><span style=\"font-weight: 400;\"><strong>FORMATO<\/strong> <strong>ORIGINAL<\/strong>: Digital.<\/span><\/p>\n\n\n\n<p class=\"has-black-color has-text-color has-link-color wp-elements-1284357191c12e696f7d42c5a223db96\"><span style=\"font-weight: 400;\"><strong>TIPO<\/strong>: Color.<\/span><\/p>\n\n\n\n<p class=\"has-black-color has-text-color has-link-color wp-elements-851fc6a54c65da3eff21d89149e4e7c2\"><span style=\"font-weight: 400;\"><strong>IDIOMA<\/strong> <strong>ORIGINAL<\/strong>: Italiano.<\/span><\/p>\n\n\n\n<p class=\"has-black-color has-text-color has-link-color wp-elements-c6f0acf546ec0f0e11216d93e4514493\"><strong>SUBT\u00cd<\/strong><span style=\"font-weight: 400;\"><strong>TULOS<\/strong>: S<\/span><span style=\"font-weight: 400;\">\u00ed<\/span><span style=\"font-weight: 400;\">.<\/span><\/p>\n\n\n\n<p class=\"has-black-color has-text-color has-link-color wp-elements-7685c74f9600be13c02556f1eb004a0e\"><strong>INT\u00c9<\/strong><span style=\"font-weight: 400;\"><strong>RPRETES<\/strong>: Ilaria Bidini.<\/span><\/p>\n\n\n\n<p class=\"has-black-color has-text-color has-link-color wp-elements-59ae9d5be2677bfc9961a6fc64e947dd\"><strong>PRODUCCI\u00d3<\/strong><span style=\"font-weight: 400;\"><strong>N<\/strong>:&nbsp; Poti Pictures.<br \/><\/span><\/p>\n\n\n\n<p class=\"has-black-color has-text-color has-link-color wp-elements-74af9f2e4b828e619d81ce1421c1bdf8\"><strong>GUI\u00d3<\/strong><span style=\"font-weight: 400;\"><strong>N<\/strong>: Michele Squillace.<\/span><\/p>\n\n\n\n<p class=\"has-black-color has-text-color has-link-color wp-elements-e05664b506baa29422ce1201b29cd8bf\"><strong>EDICI\u00d3<\/strong><span style=\"font-weight: 400;\"><strong>N<\/strong>\/ <strong>MONTAJE<\/strong>: Daniele Bonarini y Francesco Faralli.<\/span><\/p>\n\n\n\n<p class=\"has-black-color has-text-color has-link-color wp-elements-b966da37ca7ced2e911ec00d12406844\"><span style=\"font-weight: 400;\"><br \/><\/span><strong>DIRECCI\u00d3<\/strong><span style=\"font-weight: 400;\"><strong>N<\/strong> <strong>DE<\/strong> <strong>FOTOGRAF<\/strong><\/span><strong>\u00cd<\/strong><span style=\"font-weight: 400;\"><strong>A<\/strong>: Daniele Bonarini.<\/span><\/p>\n\n\n\n<p class=\"has-black-color has-text-color has-link-color wp-elements-757125bb460f2924e57d30249ff5382d\"><span style=\"font-weight: 400;\"><br \/><strong>SONIDO<\/strong>: Alessandro Bruni.<\/span><\/p>\n\n\n\n<p class=\"has-black-color has-text-color has-link-color wp-elements-8f4450a2ea5ccbd3dadbab8f97800464\"><span style=\"font-weight: 400;\"><br \/><\/span><strong>M\u00da<\/strong><span style=\"font-weight: 400;\"><strong>SICA<\/strong>: Kevin MacLeod y Jhenny Mayhem.<br \/><\/span><\/p>\n\n\n\n<h3 class=\"wp-block-heading has-black-color has-text-color has-link-color wp-elements-091e3e1dc2b9f3ba5629e10cb7df9b32\"><span style=\"font-weight: 400;\"><strong>SINOPSIS<\/strong><\/span><\/h3>\n\n\n\n<p class=\"has-black-color has-text-color has-link-color wp-elements-c0929581f536b9e18414532966aae67e\"><span style=\"font-weight: 400;\">Una joven tetrapl\u00e9jica sue\u00f1a con hacer algo importante en el mundo y dejar una huella significativa. Desde el inicio, su deseo de trascender define su manera de mirar la realidad. Este anhelo se convierte en el motor que impulsa sus pensamientos y acciones.<\/span><\/p>\n\n\n\n<h3 class=\"wp-block-heading has-black-color has-text-color has-link-color has-medium-font-size wp-elements-ac8bf3458bfd8c2897162cc1f963b26d\"><strong>Realidad<\/strong><\/h3>\n\n\n\n<p class=\"has-black-color has-text-color has-link-color wp-elements-bf675f9652b422036e24b95ae65cb74e\">Sin embargo, su vida cotidiana est\u00e1 marcada por la falta de accesibilidad y m\u00faltiples barreras f\u00edsicas y sociales. En contraste, el entorno limita aquello que imagina posible. Aun as\u00ed, cada obst\u00e1culo evidencia las desigualdades que debe enfrentar.<\/p>\n\n\n\n<h3 class=\"wp-block-heading has-black-color has-text-color has-link-color has-medium-font-size wp-elements-b22de9743cd548e1b94907a30dae4488\"><strong>Fuerza interior<\/strong><\/h3>\n\n\n\n<p class=\"has-black-color has-text-color has-link-color wp-elements-a27b185dbd41f076943610e3077da363\">Por ello, afronta cada d\u00eda con energ\u00eda y determinaci\u00f3n. De este modo, su actitud desaf\u00eda las expectativas impuestas por la sociedad. Al mismo tiempo, su fuerza interior redefine el concepto de capacidad.<\/p>\n\n\n\n<h3 class=\"wp-block-heading has-black-color has-text-color has-link-color wp-elements-13110a0bb2e9815355792d9db210534a\"><strong>Imaginaci\u00f3n<\/strong><\/h3>\n\n\n\n<p class=\"has-black-color has-text-color has-link-color wp-elements-fc30e46bd44e6eea582d4a0fc5a51cd0\">En consecuencia, su mente se transforma en un espacio de libertad donde act\u00faa \u201ccomo si\u201d todo fuera posible. Adem\u00e1s, la imaginaci\u00f3n se convierte en una herramienta de resistencia y afirmaci\u00f3n personal.<\/p>\n\n\n\n<h3 class=\"wp-block-heading has-black-color has-text-color has-link-color wp-elements-063a419c6fcb5903ef6f54925d96bab3\"><strong>Significado<\/strong><\/h3>\n\n\n\n<p class=\"has-black-color has-text-color has-link-color wp-elements-36439c14853467237cf587cf620d2ec0\">Finalmente, en Como si&#8230;, el deseo de superaci\u00f3n adquiere un valor simb\u00f3lico y revela que la dignidad y el sentido de pertenencia trascienden cualquier limitaci\u00f3n f\u00edsica.<\/p>\n\n\n\n<h3 class=\"wp-block-heading has-black-color has-text-color has-link-color wp-elements-5b7d24c464ef449b012a2111f85cf2c7\"><strong>PALMAR\u00c9S<\/strong><\/h3>\n\n\n\n<p class=\"has-black-color has-text-color has-link-color wp-elements-ae45f2941a2a4cada0a40206ded54566\">2014<\/p>\n\n\n\n<ul class=\"wp-block-list\">\n<li class=\"has-black-color has-text-color has-link-color wp-elements-c170661c09a5594ac1500fe27fa275a0\">El festival Accolade Competition (2014): Premio al M\u00e9rito Temas de Discapacidad.<\/li>\n\n\n\n<li class=\"has-black-color has-text-color has-link-color wp-elements-b6a42dd8180e71278b6159ea65b7c7be\">TOFF &#8211; The Online Film Festival (2014): Mejor cortometraje.<\/li>\n<\/ul>\n\n\n\n<p class=\"has-black-color has-text-color has-link-color wp-elements-021c7814923a0556dccfe6d1f6523609\">2015<\/p>\n\n\n\n<ul class=\"wp-block-list\">\n<li class=\"has-black-color has-text-color has-link-color wp-elements-eab8d78f2cfea778d8dd4ec296f00e5e\">Festival Internacional de Cine para la Mujer, Temas Sociales y Cero Discriminaci\u00f3n (2015): Premio de Oro.<\/li>\n<\/ul>\n\n\n\n<p class=\"has-black-color has-text-color has-link-color wp-elements-4dd2ec0ac437b048b98bdfc99de44985\">El filme Como si&#8230; particip\u00f3 en la edici\u00f3n <a href=\"https:\/\/elojocojo.org\/bienvenida\/festivalelojocojo\/edicion-2015\/\">2015<\/a> del <a href=\"https:\/\/elojocojo.org\/bienvenida\/festivalelojocojo\/\">Festival de cine el ojO cojo<\/a> en ese sentido, nos sentimos honrados de haberla exhibido.<\/p>\n\n\n\n<p class=\"has-black-color has-text-color has-link-color wp-elements-ba26b63171279777dec36cbc1fb27f44\"><a href=\"https:\/\/el-ojocojo.blogspot.com\/\">Visita nuestro blog <\/a><\/p>\n\n\n\n<p><\/p>\n","protected":false},"excerpt":{"rendered":"<p>T\u00cdTULO: &nbsp;Como si&#8230; T\u00cdTULO ORIGINAL: &nbsp;Like if&#8230; A\u00d1O: 2014. DIRECTOR: Daniele Bonarini. G\u00c9NERO: Ficci\u00f3n. DURACI\u00d3N: 04&#8217;55&#8217;. PA\u00cdS: &nbsp;Italia. FORMATO ORIGINAL: Digital. TIPO: Color. IDIOMA ORIGINAL: Italiano. SUBT\u00cdTULOS: S\u00ed. INT\u00c9RPRETES: Ilaria Bidini. PRODUCCI\u00d3N:&nbsp; Poti Pictures. GUI\u00d3N: Michele Squillace. EDICI\u00d3N\/ MONTAJE: Daniele Bonarini y Francesco Faralli. DIRECCI\u00d3N DE FOTOGRAF\u00cdA: Daniele Bonarini. SONIDO: Alessandro Bruni. M\u00daSICA: Kevin MacLeod [&hellip;]<\/p>\n","protected":false},"author":11,"featured_media":0,"comment_status":"closed","ping_status":"closed","sticky":false,"template":"","format":"standard","meta":{"_monsterinsights_skip_tracking":false,"_monsterinsights_sitenote_active":false,"_monsterinsights_sitenote_note":"","_monsterinsights_sitenote_category":0,"footnotes":""},"categories":[1460,8,30,336],"tags":[1999,895,1811,1000,995,1893,900,1981,1982,1628,473,91,128,1712],"class_list":{"0":"post-13495","1":"post","2":"type-post","3":"status-publish","4":"format-standard","6":"category-cortometraje","7":"category-festival-2015","8":"category-ficcion","9":"category-pajaros-pintados-2015","10":"tag-1999","11":"tag-adolescentes","12":"tag-discapacidad","13":"tag-diversidad-funcional","14":"tag-educacion","15":"tag-educar-en-valores","16":"tag-europa","17":"tag-festival-de-cine","18":"tag-festival-el-ojo-cojo","19":"tag-ficcion","20":"tag-italia","21":"tag-mujer","22":"tag-ninos","23":"tag-peliculas-para-adolescentes","24":"czr-hentry"},"yoast_head":"<!-- This site is optimized with the Yoast SEO plugin v27.1.1 - https:\/\/yoast.com\/product\/yoast-seo-wordpress\/ -->\n<title>Como si... - el ojO cojo<\/title>\n<meta name=\"description\" content=\"Cortometraje Como si... exhibido en la edici\u00f3n 2015 del Festival el ojO cojo. Pa\u00eds de origen, Italia. Dirigido por Daniele Bonarini.\" \/>\n<meta name=\"robots\" content=\"index, follow, max-snippet:-1, max-image-preview:large, max-video-preview:-1\" \/>\n<link rel=\"canonical\" href=\"https:\/\/elojocojo.org\/como-si\/\" \/>\n<meta property=\"og:locale\" content=\"es_ES\" \/>\n<meta property=\"og:type\" content=\"article\" \/>\n<meta property=\"og:title\" content=\"Como si... - el ojO cojo\" \/>\n<meta property=\"og:description\" content=\"Cortometraje Como si... exhibido en la edici\u00f3n 2015 del Festival el ojO cojo. Pa\u00eds de origen, Italia. Dirigido por Daniele Bonarini.\" \/>\n<meta property=\"og:url\" content=\"https:\/\/elojocojo.org\/como-si\/\" \/>\n<meta property=\"og:site_name\" content=\"el ojO cojo\" \/>\n<meta property=\"article:publisher\" content=\"https:\/\/www.facebook.com\/elojocojo\" \/>\n<meta property=\"article:published_time\" content=\"2015-07-08T18:08:15+00:00\" \/>\n<meta property=\"article:modified_time\" content=\"2026-02-06T09:47:13+00:00\" \/>\n<meta property=\"og:image\" content=\"https:\/\/elojocojo.org\/wp-content\/uploads\/2020\/09\/cropped-logo-meigas-5.png\" \/>\n\t<meta property=\"og:image:width\" content=\"109\" \/>\n\t<meta property=\"og:image:height\" content=\"200\" \/>\n\t<meta property=\"og:image:type\" content=\"image\/png\" \/>\n<meta name=\"author\" content=\"cojo\" \/>\n<meta name=\"twitter:card\" content=\"summary_large_image\" \/>\n<meta name=\"twitter:creator\" content=\"@elojocojo\" \/>\n<meta name=\"twitter:site\" content=\"@elojocojo\" \/>\n<meta name=\"twitter:label1\" content=\"Escrito por\" \/>\n\t<meta name=\"twitter:data1\" content=\"cojo\" \/>\n\t<meta name=\"twitter:label2\" content=\"Tiempo de lectura\" \/>\n\t<meta name=\"twitter:data2\" content=\"1 minuto\" \/>\n<script type=\"application\/ld+json\" class=\"yoast-schema-graph\">{\"@context\":\"https:\/\/schema.org\",\"@graph\":[{\"@type\":\"Article\",\"@id\":\"https:\/\/elojocojo.org\/como-si\/#article\",\"isPartOf\":{\"@id\":\"https:\/\/elojocojo.org\/como-si\/\"},\"author\":{\"name\":\"cojo\",\"@id\":\"https:\/\/elojocojo.org\/#\/schema\/person\/cba15985dd5da095cac31c1ff0d6e23e\"},\"headline\":\"Como si&#8230;\",\"datePublished\":\"2015-07-08T18:08:15+00:00\",\"dateModified\":\"2026-02-06T09:47:13+00:00\",\"mainEntityOfPage\":{\"@id\":\"https:\/\/elojocojo.org\/como-si\/\"},\"wordCount\":335,\"publisher\":{\"@id\":\"https:\/\/elojocojo.org\/#organization\"},\"keywords\":[\"2014\",\"Adolescentes\",\"discapacidad\",\"diversidad funcional\",\"educaci\u00f3n\",\"educar en valores\",\"Europa\",\"festival de cine\",\"Festival el Ojo cojo\",\"ficci\u00f3n\",\"Italia\",\"mujer\",\"ni\u00f1os\",\"pel\u00edculas para adolescentes\"],\"articleSection\":[\"Cortometraje\",\"Festival 2015\",\"Ficci\u00f3n\",\"Pajaros Pintados 2015\"],\"inLanguage\":\"es\"},{\"@type\":\"WebPage\",\"@id\":\"https:\/\/elojocojo.org\/como-si\/\",\"url\":\"https:\/\/elojocojo.org\/como-si\/\",\"name\":\"Como si... - el ojO cojo\",\"isPartOf\":{\"@id\":\"https:\/\/elojocojo.org\/#website\"},\"datePublished\":\"2015-07-08T18:08:15+00:00\",\"dateModified\":\"2026-02-06T09:47:13+00:00\",\"description\":\"Cortometraje Como si... exhibido en la edici\u00f3n 2015 del Festival el ojO cojo. Pa\u00eds de origen, Italia. Dirigido por Daniele Bonarini.\",\"breadcrumb\":{\"@id\":\"https:\/\/elojocojo.org\/como-si\/#breadcrumb\"},\"inLanguage\":\"es\",\"potentialAction\":[{\"@type\":\"ReadAction\",\"target\":[\"https:\/\/elojocojo.org\/como-si\/\"]}]},{\"@type\":\"BreadcrumbList\",\"@id\":\"https:\/\/elojocojo.org\/como-si\/#breadcrumb\",\"itemListElement\":[{\"@type\":\"ListItem\",\"position\":1,\"name\":\"Portada\",\"item\":\"https:\/\/elojocojo.org\/\"},{\"@type\":\"ListItem\",\"position\":2,\"name\":\"2014\",\"item\":\"https:\/\/elojocojo.org\/tag\/2014\/\"},{\"@type\":\"ListItem\",\"position\":3,\"name\":\"Como si&#8230;\"}]},{\"@type\":\"WebSite\",\"@id\":\"https:\/\/elojocojo.org\/#website\",\"url\":\"https:\/\/elojocojo.org\/\",\"name\":\"el ojO cojo\",\"description\":\"Todos estamos hechos de la misma esencia\",\"publisher\":{\"@id\":\"https:\/\/elojocojo.org\/#organization\"},\"potentialAction\":[{\"@type\":\"SearchAction\",\"target\":{\"@type\":\"EntryPoint\",\"urlTemplate\":\"https:\/\/elojocojo.org\/?s={search_term_string}\"},\"query-input\":{\"@type\":\"PropertyValueSpecification\",\"valueRequired\":true,\"valueName\":\"search_term_string\"}}],\"inLanguage\":\"es\"},{\"@type\":\"Organization\",\"@id\":\"https:\/\/elojocojo.org\/#organization\",\"name\":\"Meigas da r\u00faa\",\"url\":\"https:\/\/elojocojo.org\/\",\"logo\":{\"@type\":\"ImageObject\",\"inLanguage\":\"es\",\"@id\":\"https:\/\/elojocojo.org\/#\/schema\/logo\/image\/\",\"url\":\"https:\/\/meigasdarua.org\/wp-content\/uploads\/2020\/09\/cropped-logo-meigas-5.png\",\"contentUrl\":\"https:\/\/meigasdarua.org\/wp-content\/uploads\/2020\/09\/cropped-logo-meigas-5.png\",\"width\":109,\"height\":200,\"caption\":\"Meigas da r\u00faa\"},\"image\":{\"@id\":\"https:\/\/elojocojo.org\/#\/schema\/logo\/image\/\"},\"sameAs\":[\"https:\/\/www.facebook.com\/elojocojo\",\"https:\/\/x.com\/elojocojo\",\"https:\/\/www.instagram.com\/elojocojo\/?hl=es\",\"https:\/\/www.linkedin.com\/in\/el-ojo-cojo-b52b7769\/\",\"https:\/\/www.pinterest.es\/elojocojo\/_saved\/\",\"https:\/\/www.youtube.com\/channel\/UCkFtFTV0Bms7zH7vq8FZxZg\"]},{\"@type\":\"Person\",\"@id\":\"https:\/\/elojocojo.org\/#\/schema\/person\/cba15985dd5da095cac31c1ff0d6e23e\",\"name\":\"cojo\",\"url\":\"https:\/\/elojocojo.org\/author\/cojo\/\"}]}<\/script>\n<!-- \/ Yoast SEO plugin. -->","yoast_head_json":{"title":"Como si... - el ojO cojo","description":"Cortometraje Como si... exhibido en la edici\u00f3n 2015 del Festival el ojO cojo. Pa\u00eds de origen, Italia. Dirigido por Daniele Bonarini.","robots":{"index":"index","follow":"follow","max-snippet":"max-snippet:-1","max-image-preview":"max-image-preview:large","max-video-preview":"max-video-preview:-1"},"canonical":"https:\/\/elojocojo.org\/como-si\/","og_locale":"es_ES","og_type":"article","og_title":"Como si... - el ojO cojo","og_description":"Cortometraje Como si... exhibido en la edici\u00f3n 2015 del Festival el ojO cojo. Pa\u00eds de origen, Italia. Dirigido por Daniele Bonarini.","og_url":"https:\/\/elojocojo.org\/como-si\/","og_site_name":"el ojO cojo","article_publisher":"https:\/\/www.facebook.com\/elojocojo","article_published_time":"2015-07-08T18:08:15+00:00","article_modified_time":"2026-02-06T09:47:13+00:00","og_image":[{"width":109,"height":200,"url":"https:\/\/elojocojo.org\/wp-content\/uploads\/2020\/09\/cropped-logo-meigas-5.png","type":"image\/png"}],"author":"cojo","twitter_card":"summary_large_image","twitter_creator":"@elojocojo","twitter_site":"@elojocojo","twitter_misc":{"Escrito por":"cojo","Tiempo de lectura":"1 minuto"},"schema":{"@context":"https:\/\/schema.org","@graph":[{"@type":"Article","@id":"https:\/\/elojocojo.org\/como-si\/#article","isPartOf":{"@id":"https:\/\/elojocojo.org\/como-si\/"},"author":{"name":"cojo","@id":"https:\/\/elojocojo.org\/#\/schema\/person\/cba15985dd5da095cac31c1ff0d6e23e"},"headline":"Como si&#8230;","datePublished":"2015-07-08T18:08:15+00:00","dateModified":"2026-02-06T09:47:13+00:00","mainEntityOfPage":{"@id":"https:\/\/elojocojo.org\/como-si\/"},"wordCount":335,"publisher":{"@id":"https:\/\/elojocojo.org\/#organization"},"keywords":["2014","Adolescentes","discapacidad","diversidad funcional","educaci\u00f3n","educar en valores","Europa","festival de cine","Festival el Ojo cojo","ficci\u00f3n","Italia","mujer","ni\u00f1os","pel\u00edculas para adolescentes"],"articleSection":["Cortometraje","Festival 2015","Ficci\u00f3n","Pajaros Pintados 2015"],"inLanguage":"es"},{"@type":"WebPage","@id":"https:\/\/elojocojo.org\/como-si\/","url":"https:\/\/elojocojo.org\/como-si\/","name":"Como si... - el ojO cojo","isPartOf":{"@id":"https:\/\/elojocojo.org\/#website"},"datePublished":"2015-07-08T18:08:15+00:00","dateModified":"2026-02-06T09:47:13+00:00","description":"Cortometraje Como si... exhibido en la edici\u00f3n 2015 del Festival el ojO cojo. Pa\u00eds de origen, Italia. Dirigido por Daniele Bonarini.","breadcrumb":{"@id":"https:\/\/elojocojo.org\/como-si\/#breadcrumb"},"inLanguage":"es","potentialAction":[{"@type":"ReadAction","target":["https:\/\/elojocojo.org\/como-si\/"]}]},{"@type":"BreadcrumbList","@id":"https:\/\/elojocojo.org\/como-si\/#breadcrumb","itemListElement":[{"@type":"ListItem","position":1,"name":"Portada","item":"https:\/\/elojocojo.org\/"},{"@type":"ListItem","position":2,"name":"2014","item":"https:\/\/elojocojo.org\/tag\/2014\/"},{"@type":"ListItem","position":3,"name":"Como si&#8230;"}]},{"@type":"WebSite","@id":"https:\/\/elojocojo.org\/#website","url":"https:\/\/elojocojo.org\/","name":"el ojO cojo","description":"Todos estamos hechos de la misma esencia","publisher":{"@id":"https:\/\/elojocojo.org\/#organization"},"potentialAction":[{"@type":"SearchAction","target":{"@type":"EntryPoint","urlTemplate":"https:\/\/elojocojo.org\/?s={search_term_string}"},"query-input":{"@type":"PropertyValueSpecification","valueRequired":true,"valueName":"search_term_string"}}],"inLanguage":"es"},{"@type":"Organization","@id":"https:\/\/elojocojo.org\/#organization","name":"Meigas da r\u00faa","url":"https:\/\/elojocojo.org\/","logo":{"@type":"ImageObject","inLanguage":"es","@id":"https:\/\/elojocojo.org\/#\/schema\/logo\/image\/","url":"https:\/\/meigasdarua.org\/wp-content\/uploads\/2020\/09\/cropped-logo-meigas-5.png","contentUrl":"https:\/\/meigasdarua.org\/wp-content\/uploads\/2020\/09\/cropped-logo-meigas-5.png","width":109,"height":200,"caption":"Meigas da r\u00faa"},"image":{"@id":"https:\/\/elojocojo.org\/#\/schema\/logo\/image\/"},"sameAs":["https:\/\/www.facebook.com\/elojocojo","https:\/\/x.com\/elojocojo","https:\/\/www.instagram.com\/elojocojo\/?hl=es","https:\/\/www.linkedin.com\/in\/el-ojo-cojo-b52b7769\/","https:\/\/www.pinterest.es\/elojocojo\/_saved\/","https:\/\/www.youtube.com\/channel\/UCkFtFTV0Bms7zH7vq8FZxZg"]},{"@type":"Person","@id":"https:\/\/elojocojo.org\/#\/schema\/person\/cba15985dd5da095cac31c1ff0d6e23e","name":"cojo","url":"https:\/\/elojocojo.org\/author\/cojo\/"}]}},"_links":{"self":[{"href":"https:\/\/elojocojo.org\/wp-json\/wp\/v2\/posts\/13495","targetHints":{"allow":["GET"]}}],"collection":[{"href":"https:\/\/elojocojo.org\/wp-json\/wp\/v2\/posts"}],"about":[{"href":"https:\/\/elojocojo.org\/wp-json\/wp\/v2\/types\/post"}],"author":[{"embeddable":true,"href":"https:\/\/elojocojo.org\/wp-json\/wp\/v2\/users\/11"}],"replies":[{"embeddable":true,"href":"https:\/\/elojocojo.org\/wp-json\/wp\/v2\/comments?post=13495"}],"version-history":[{"count":12,"href":"https:\/\/elojocojo.org\/wp-json\/wp\/v2\/posts\/13495\/revisions"}],"predecessor-version":[{"id":73959,"href":"https:\/\/elojocojo.org\/wp-json\/wp\/v2\/posts\/13495\/revisions\/73959"}],"wp:attachment":[{"href":"https:\/\/elojocojo.org\/wp-json\/wp\/v2\/media?parent=13495"}],"wp:term":[{"taxonomy":"category","embeddable":true,"href":"https:\/\/elojocojo.org\/wp-json\/wp\/v2\/categories?post=13495"},{"taxonomy":"post_tag","embeddable":true,"href":"https:\/\/elojocojo.org\/wp-json\/wp\/v2\/tags?post=13495"}],"curies":[{"name":"wp","href":"https:\/\/api.w.org\/{rel}","templated":true}]}}