{"id":13493,"date":"2015-07-08T11:05:04","date_gmt":"2015-07-08T18:05:04","guid":{"rendered":"http:\/\/www.elojocojo.org\/?p=13493"},"modified":"2025-09-22T19:32:41","modified_gmt":"2025-09-22T17:32:41","slug":"la-batalla","status":"publish","type":"post","link":"https:\/\/elojocojo.org\/la-batalla\/","title":{"rendered":"La batalla"},"content":{"rendered":"\n<p>T\u00edtulo: <em>La batalla<\/em><\/p>\n\n\n\n<p>T\u00edtulo original: <em>The Battle<\/em><\/p>\n\n\n\n<p>A\u00f1o: 2014<\/p>\n\n\n\n<p>Director: Peter Bundic &amp; Joshua Costea<\/p>\n\n\n\n<p>G\u00e9nero: Ficci\u00f3n<\/p>\n\n\n\n<p>Duraci\u00f3n: 7&#8242;<\/p>\n\n\n\n<p>Pa\u00eds: Canad\u00e1<\/p>\n\n\n\n<p>Formato original: Digital<\/p>\n\n\n\n<p>Tipo: &nbsp;Color<\/p>\n\n\n\n<p>Idioma original: ingles<\/p>\n\n\n\n<p>Subt\u00edtulos: S\u00ed<\/p>\n\n\n\n<p>Int\u00e9rpretes: Maia Costea,&nbsp;Joshua Costea,&nbsp;Peter Bundic, Kaiden Downie, Janette Bundic, Madeline Manning, Carla Costea.<\/p>\n\n\n\n<p>Producci\u00f3n: Lettie Costea<\/p>\n\n\n\n<p>Direcci\u00f3n fotograf\u00eda: Lettie Costea<\/p>\n\n\n\n<h2 class=\"wp-block-heading\"><strong>Sinopsis<\/strong><\/h2>\n\n\n\n<h2 class=\"wp-block-heading\">La Batalla<\/h2>\n\n\n\n<p>En <em>La Batalla<\/em>, dirigida por Peter Bundic y Joshua Costea, se narra la historia de dos hermanos que, con el entusiasmo propio del verano, deciden abrir puestos de limonada en la misma calle. Lo que empieza como una simple actividad para ganar algo de dinero y pasar el tiempo, pronto se transforma en una intensa competencia. Ambos buscan atraer a m\u00e1s clientes, decorando sus puestos, bajando los precios y ofreciendo promociones. A medida que las horas avanzan, la rivalidad entre ellos se intensifica hasta desatar una verdadera batalla por el dominio del vecindario.<\/p>\n\n\n\n<h2 class=\"wp-block-heading\">Una disputa familiar<\/h2>\n\n\n\n<p>Aunque al principio se trata de una disputa infantil, las emociones se desbordan. Cada hermano intenta superar al otro por cualquier medio, y esto termina afectando no solo su relaci\u00f3n, sino tambi\u00e9n la tranquilidad del entorno. Los vecinos, antes divertidos por la iniciativa, pronto se ven envueltos en la incomodidad de presenciar discusiones constantes. Incluso los amigos comunes empiezan a tomar partido, alimentando una divisi\u00f3n cada vez m\u00e1s evidente. Por momentos, la tensi\u00f3n entre ambos amenaza con destruir algo mucho m\u00e1s importante que un simple emprendimiento: el v\u00ednculo fraterno.<\/p>\n\n\n\n<h2 class=\"wp-block-heading\"><strong>La familia primero<\/strong><\/h2>\n\n\n\n<p>La situaci\u00f3n llega a un punto de quiebre cuando los hermanos, agotados por la disputa y las consecuencias que ha tra\u00eddo, se enfrentan cara a cara en una conversaci\u00f3n sincera. Es all\u00ed donde se produce un cambio clave: ambos comprenden que la pelea ha ido demasiado lejos y que nada material puede sustituir la importancia de estar unidos. As\u00ed, en lugar de continuar con la confrontaci\u00f3n, deciden unir fuerzas, combinando sus ideas y habilidades para crear un \u00fanico puesto de limonada m\u00e1s fuerte y solidario.<\/p>\n\n\n\n<h2 class=\"wp-block-heading\"><strong>Infancia, orgullo y reconciliaci\u00f3n<\/strong><\/h2>\n\n\n\n<p><em>La Batalla<\/em> es una met\u00e1fora sutil y divertida sobre el orgullo, la competencia y el valor de la familia. En lugar de glorificar la rivalidad, la pel\u00edcula apuesta por mostrar c\u00f3mo el entendimiento mutuo y la empat\u00eda pueden construir puentes incluso en los conflictos m\u00e1s inesperados. A trav\u00e9s de un relato cotidiano y entra\u00f1able, nos recuerda que, a veces, las peleas m\u00e1s peque\u00f1as encierran las lecciones m\u00e1s grandes.<\/p>\n\n\n\n<p><span style=\"font-weight: 400;\">&nbsp;<\/span><\/p>\n\n\n<div class=\"wp-block-image\">\n<figure class=\"aligncenter size-thumbnail is-resized\"><img decoding=\"async\" width=\"300\" height=\"200\" src=\"https:\/\/elojocojo.org\/wp-content\/uploads\/2025\/05\/Screenshot-2025-05-09-154506-edited-300x200.jpg\" alt=\"Una imagen en donde esta jarra de limonada dentro de ella unos circulos en los que estan imagenes de los chicos protagonistas dos chicos y una chica sonrientes y todos jugando\" class=\"wp-image-63200\" style=\"width:303px;height:auto\" srcset=\"https:\/\/elojocojo.org\/wp-content\/uploads\/2025\/05\/Screenshot-2025-05-09-154506-edited-300x200.jpg 300w, https:\/\/elojocojo.org\/wp-content\/uploads\/2025\/05\/Screenshot-2025-05-09-154506-edited-400x267.jpg 400w, https:\/\/elojocojo.org\/wp-content\/uploads\/2025\/05\/Screenshot-2025-05-09-154506-edited-539x360.jpg 539w, https:\/\/elojocojo.org\/wp-content\/uploads\/2025\/05\/Screenshot-2025-05-09-154506-edited-150x100.jpg 150w, https:\/\/elojocojo.org\/wp-content\/uploads\/2025\/05\/Screenshot-2025-05-09-154506-edited.jpg 617w\" sizes=\"(max-width: 300px) 100vw, 300px\" \/><\/figure>\n<\/div>\n\n\n<p class=\"p1\">El filme <em>La batalla<\/em> particip\u00f3 en la edici\u00f3n <span class=\"s1\"><b>2015<\/b><\/span> del <a href=\"https:\/\/elojocojo.org\/category\/festival-2015\/\"><span class=\"s1\"><b>Festival de cine el ojO cojo<\/b><\/span><\/a> en ese sentido nos sentimos honrados de haberla exhibido.<\/p>\n\n\n\n<p class=\"p1\">Visita nuestro <a href=\"https:\/\/el-ojocojo.blogspot.com\/\">blog<\/a>.<\/p>\n","protected":false},"excerpt":{"rendered":"<p>En \u201cLa Batalla\u201d, dirigida por Peter Bundic y Joshua Costea, dos hermanos se enfrentan en un conflicto inesperado cuando ambos deciden montar puestos de limonada en la misma zona. Al principio, la competencia parece inofensiva, pero pronto las tensiones aumentan. As\u00ed, lo que comenz\u00f3 como un simple negocio de verano se convierte en una aut\u00e9ntica disputa. Mientras uno de los hermanos intenta atraer clientes con ofertas llamativas, el otro no se queda atr\u00e1s e implementa estrategias propias para ganar ventaja.<\/p>\n","protected":false},"author":11,"featured_media":15575,"comment_status":"closed","ping_status":"closed","sticky":false,"template":"","format":"standard","meta":{"_monsterinsights_skip_tracking":false,"_monsterinsights_sitenote_active":false,"_monsterinsights_sitenote_note":"","_monsterinsights_sitenote_category":0,"footnotes":""},"categories":[1460,8,30,336],"tags":[2000,895,872,2142,1468,15,1981,1982,1628,1547,128,1712,922,2381],"class_list":{"0":"post-13493","1":"post","2":"type-post","3":"status-publish","4":"format-standard","5":"has-post-thumbnail","7":"category-cortometraje","8":"category-festival-2015","9":"category-ficcion","10":"category-pajaros-pintados-2015","11":"tag-2000","12":"tag-adolescentes","13":"tag-canada","14":"tag-convivencia-familiar","15":"tag-cortometraje","16":"tag-familia","17":"tag-festival-de-cine","18":"tag-festival-el-ojo-cojo","19":"tag-ficcion","20":"tag-guerra","21":"tag-ninos","22":"tag-peliculas-para-adolescentes","23":"tag-peliculas-para-ninos","24":"tag-tension","25":"czr-hentry"},"yoast_head":"<!-- This site is optimized with the Yoast SEO plugin v27.1.1 - https:\/\/yoast.com\/product\/yoast-seo-wordpress\/ -->\n<title>La batalla - el ojO cojo<\/title>\n<meta name=\"description\" content=\"La batalla exhibido en la edici\u00f3n 2015 del Festival el ojO cojo. Pa\u00eds de origen, Canad\u00e1. Dirigido por Peter Bundic &amp; Joshua Costea.\" \/>\n<meta name=\"robots\" content=\"index, follow, max-snippet:-1, max-image-preview:large, max-video-preview:-1\" \/>\n<link rel=\"canonical\" href=\"https:\/\/elojocojo.org\/la-batalla\/\" \/>\n<meta property=\"og:locale\" content=\"es_ES\" \/>\n<meta property=\"og:type\" content=\"article\" \/>\n<meta property=\"og:title\" content=\"La batalla - el ojO cojo\" \/>\n<meta property=\"og:description\" content=\"La batalla exhibido en la edici\u00f3n 2015 del Festival el ojO cojo. Pa\u00eds de origen, Canad\u00e1. Dirigido por Peter Bundic &amp; Joshua Costea.\" \/>\n<meta property=\"og:url\" content=\"https:\/\/elojocojo.org\/la-batalla\/\" \/>\n<meta property=\"og:site_name\" content=\"el ojO cojo\" \/>\n<meta property=\"article:publisher\" content=\"https:\/\/www.facebook.com\/elojocojo\" \/>\n<meta property=\"article:published_time\" content=\"2015-07-08T18:05:04+00:00\" \/>\n<meta property=\"article:modified_time\" content=\"2025-09-22T17:32:41+00:00\" \/>\n<meta property=\"og:image\" content=\"https:\/\/elojocojo.org\/wp-content\/uploads\/2019\/07\/the_battle.jpg\" \/>\n\t<meta property=\"og:image:width\" content=\"640\" \/>\n\t<meta property=\"og:image:height\" content=\"360\" \/>\n\t<meta property=\"og:image:type\" content=\"image\/jpeg\" \/>\n<meta name=\"author\" content=\"cojo\" \/>\n<meta name=\"twitter:card\" content=\"summary_large_image\" \/>\n<meta name=\"twitter:creator\" content=\"@elojocojo\" \/>\n<meta name=\"twitter:site\" content=\"@elojocojo\" \/>\n<meta name=\"twitter:label1\" content=\"Escrito por\" \/>\n\t<meta name=\"twitter:data1\" content=\"cojo\" \/>\n\t<meta name=\"twitter:label2\" content=\"Tiempo de lectura\" \/>\n\t<meta name=\"twitter:data2\" content=\"2 minutos\" \/>\n<script type=\"application\/ld+json\" class=\"yoast-schema-graph\">{\"@context\":\"https:\/\/schema.org\",\"@graph\":[{\"@type\":\"Article\",\"@id\":\"https:\/\/elojocojo.org\/la-batalla\/#article\",\"isPartOf\":{\"@id\":\"https:\/\/elojocojo.org\/la-batalla\/\"},\"author\":{\"name\":\"cojo\",\"@id\":\"https:\/\/elojocojo.org\/#\/schema\/person\/cba15985dd5da095cac31c1ff0d6e23e\"},\"headline\":\"La batalla\",\"datePublished\":\"2015-07-08T18:05:04+00:00\",\"dateModified\":\"2025-09-22T17:32:41+00:00\",\"mainEntityOfPage\":{\"@id\":\"https:\/\/elojocojo.org\/la-batalla\/\"},\"wordCount\":469,\"publisher\":{\"@id\":\"https:\/\/elojocojo.org\/#organization\"},\"image\":{\"@id\":\"https:\/\/elojocojo.org\/la-batalla\/#primaryimage\"},\"thumbnailUrl\":\"https:\/\/elojocojo.org\/wp-content\/uploads\/2019\/07\/the_battle.jpg\",\"keywords\":[\"2015\",\"Adolescentes\",\"Canad\u00e1\",\"convivencia familiar\",\"cortometraje\",\"familia\",\"festival de cine\",\"Festival el Ojo cojo\",\"ficci\u00f3n\",\"guerra\",\"ni\u00f1os\",\"pel\u00edculas para adolescentes\",\"pel\u00edculas para ni\u00f1os\",\"tensi\u00f3n\"],\"articleSection\":[\"Cortometraje\",\"Festival 2015\",\"Ficci\u00f3n\",\"Pajaros Pintados 2015\"],\"inLanguage\":\"es\"},{\"@type\":\"WebPage\",\"@id\":\"https:\/\/elojocojo.org\/la-batalla\/\",\"url\":\"https:\/\/elojocojo.org\/la-batalla\/\",\"name\":\"La batalla - el ojO cojo\",\"isPartOf\":{\"@id\":\"https:\/\/elojocojo.org\/#website\"},\"primaryImageOfPage\":{\"@id\":\"https:\/\/elojocojo.org\/la-batalla\/#primaryimage\"},\"image\":{\"@id\":\"https:\/\/elojocojo.org\/la-batalla\/#primaryimage\"},\"thumbnailUrl\":\"https:\/\/elojocojo.org\/wp-content\/uploads\/2019\/07\/the_battle.jpg\",\"datePublished\":\"2015-07-08T18:05:04+00:00\",\"dateModified\":\"2025-09-22T17:32:41+00:00\",\"description\":\"La batalla exhibido en la edici\u00f3n 2015 del Festival el ojO cojo. Pa\u00eds de origen, Canad\u00e1. Dirigido por Peter Bundic & Joshua Costea.\",\"breadcrumb\":{\"@id\":\"https:\/\/elojocojo.org\/la-batalla\/#breadcrumb\"},\"inLanguage\":\"es\",\"potentialAction\":[{\"@type\":\"ReadAction\",\"target\":[\"https:\/\/elojocojo.org\/la-batalla\/\"]}]},{\"@type\":\"ImageObject\",\"inLanguage\":\"es\",\"@id\":\"https:\/\/elojocojo.org\/la-batalla\/#primaryimage\",\"url\":\"https:\/\/elojocojo.org\/wp-content\/uploads\/2019\/07\/the_battle.jpg\",\"contentUrl\":\"https:\/\/elojocojo.org\/wp-content\/uploads\/2019\/07\/the_battle.jpg\",\"width\":640,\"height\":360,\"caption\":\"> Dos chicos. Uno lleva un hoodie azul gris claro con gris oscuro y un jean; el otro, un hoodie verde y pantalones beige. Cada uno sostiene un lim\u00f3n amarillo. El de verde mira las manos del otro.\"},{\"@type\":\"BreadcrumbList\",\"@id\":\"https:\/\/elojocojo.org\/la-batalla\/#breadcrumb\",\"itemListElement\":[{\"@type\":\"ListItem\",\"position\":1,\"name\":\"Portada\",\"item\":\"https:\/\/elojocojo.org\/\"},{\"@type\":\"ListItem\",\"position\":2,\"name\":\"2015\",\"item\":\"https:\/\/elojocojo.org\/tag\/2015\/\"},{\"@type\":\"ListItem\",\"position\":3,\"name\":\"La batalla\"}]},{\"@type\":\"WebSite\",\"@id\":\"https:\/\/elojocojo.org\/#website\",\"url\":\"https:\/\/elojocojo.org\/\",\"name\":\"el ojO cojo\",\"description\":\"Todos estamos hechos de la misma esencia\",\"publisher\":{\"@id\":\"https:\/\/elojocojo.org\/#organization\"},\"potentialAction\":[{\"@type\":\"SearchAction\",\"target\":{\"@type\":\"EntryPoint\",\"urlTemplate\":\"https:\/\/elojocojo.org\/?s={search_term_string}\"},\"query-input\":{\"@type\":\"PropertyValueSpecification\",\"valueRequired\":true,\"valueName\":\"search_term_string\"}}],\"inLanguage\":\"es\"},{\"@type\":\"Organization\",\"@id\":\"https:\/\/elojocojo.org\/#organization\",\"name\":\"Meigas da r\u00faa\",\"url\":\"https:\/\/elojocojo.org\/\",\"logo\":{\"@type\":\"ImageObject\",\"inLanguage\":\"es\",\"@id\":\"https:\/\/elojocojo.org\/#\/schema\/logo\/image\/\",\"url\":\"https:\/\/meigasdarua.org\/wp-content\/uploads\/2020\/09\/cropped-logo-meigas-5.png\",\"contentUrl\":\"https:\/\/meigasdarua.org\/wp-content\/uploads\/2020\/09\/cropped-logo-meigas-5.png\",\"width\":109,\"height\":200,\"caption\":\"Meigas da r\u00faa\"},\"image\":{\"@id\":\"https:\/\/elojocojo.org\/#\/schema\/logo\/image\/\"},\"sameAs\":[\"https:\/\/www.facebook.com\/elojocojo\",\"https:\/\/x.com\/elojocojo\",\"https:\/\/www.instagram.com\/elojocojo\/?hl=es\",\"https:\/\/www.linkedin.com\/in\/el-ojo-cojo-b52b7769\/\",\"https:\/\/www.pinterest.es\/elojocojo\/_saved\/\",\"https:\/\/www.youtube.com\/channel\/UCkFtFTV0Bms7zH7vq8FZxZg\"]},{\"@type\":\"Person\",\"@id\":\"https:\/\/elojocojo.org\/#\/schema\/person\/cba15985dd5da095cac31c1ff0d6e23e\",\"name\":\"cojo\",\"url\":\"https:\/\/elojocojo.org\/author\/cojo\/\"}]}<\/script>\n<!-- \/ Yoast SEO plugin. -->","yoast_head_json":{"title":"La batalla - el ojO cojo","description":"La batalla exhibido en la edici\u00f3n 2015 del Festival el ojO cojo. Pa\u00eds de origen, Canad\u00e1. Dirigido por Peter Bundic & Joshua Costea.","robots":{"index":"index","follow":"follow","max-snippet":"max-snippet:-1","max-image-preview":"max-image-preview:large","max-video-preview":"max-video-preview:-1"},"canonical":"https:\/\/elojocojo.org\/la-batalla\/","og_locale":"es_ES","og_type":"article","og_title":"La batalla - el ojO cojo","og_description":"La batalla exhibido en la edici\u00f3n 2015 del Festival el ojO cojo. Pa\u00eds de origen, Canad\u00e1. Dirigido por Peter Bundic & Joshua Costea.","og_url":"https:\/\/elojocojo.org\/la-batalla\/","og_site_name":"el ojO cojo","article_publisher":"https:\/\/www.facebook.com\/elojocojo","article_published_time":"2015-07-08T18:05:04+00:00","article_modified_time":"2025-09-22T17:32:41+00:00","og_image":[{"width":640,"height":360,"url":"https:\/\/elojocojo.org\/wp-content\/uploads\/2019\/07\/the_battle.jpg","type":"image\/jpeg"}],"author":"cojo","twitter_card":"summary_large_image","twitter_creator":"@elojocojo","twitter_site":"@elojocojo","twitter_misc":{"Escrito por":"cojo","Tiempo de lectura":"2 minutos"},"schema":{"@context":"https:\/\/schema.org","@graph":[{"@type":"Article","@id":"https:\/\/elojocojo.org\/la-batalla\/#article","isPartOf":{"@id":"https:\/\/elojocojo.org\/la-batalla\/"},"author":{"name":"cojo","@id":"https:\/\/elojocojo.org\/#\/schema\/person\/cba15985dd5da095cac31c1ff0d6e23e"},"headline":"La batalla","datePublished":"2015-07-08T18:05:04+00:00","dateModified":"2025-09-22T17:32:41+00:00","mainEntityOfPage":{"@id":"https:\/\/elojocojo.org\/la-batalla\/"},"wordCount":469,"publisher":{"@id":"https:\/\/elojocojo.org\/#organization"},"image":{"@id":"https:\/\/elojocojo.org\/la-batalla\/#primaryimage"},"thumbnailUrl":"https:\/\/elojocojo.org\/wp-content\/uploads\/2019\/07\/the_battle.jpg","keywords":["2015","Adolescentes","Canad\u00e1","convivencia familiar","cortometraje","familia","festival de cine","Festival el Ojo cojo","ficci\u00f3n","guerra","ni\u00f1os","pel\u00edculas para adolescentes","pel\u00edculas para ni\u00f1os","tensi\u00f3n"],"articleSection":["Cortometraje","Festival 2015","Ficci\u00f3n","Pajaros Pintados 2015"],"inLanguage":"es"},{"@type":"WebPage","@id":"https:\/\/elojocojo.org\/la-batalla\/","url":"https:\/\/elojocojo.org\/la-batalla\/","name":"La batalla - el ojO cojo","isPartOf":{"@id":"https:\/\/elojocojo.org\/#website"},"primaryImageOfPage":{"@id":"https:\/\/elojocojo.org\/la-batalla\/#primaryimage"},"image":{"@id":"https:\/\/elojocojo.org\/la-batalla\/#primaryimage"},"thumbnailUrl":"https:\/\/elojocojo.org\/wp-content\/uploads\/2019\/07\/the_battle.jpg","datePublished":"2015-07-08T18:05:04+00:00","dateModified":"2025-09-22T17:32:41+00:00","description":"La batalla exhibido en la edici\u00f3n 2015 del Festival el ojO cojo. Pa\u00eds de origen, Canad\u00e1. Dirigido por Peter Bundic & Joshua Costea.","breadcrumb":{"@id":"https:\/\/elojocojo.org\/la-batalla\/#breadcrumb"},"inLanguage":"es","potentialAction":[{"@type":"ReadAction","target":["https:\/\/elojocojo.org\/la-batalla\/"]}]},{"@type":"ImageObject","inLanguage":"es","@id":"https:\/\/elojocojo.org\/la-batalla\/#primaryimage","url":"https:\/\/elojocojo.org\/wp-content\/uploads\/2019\/07\/the_battle.jpg","contentUrl":"https:\/\/elojocojo.org\/wp-content\/uploads\/2019\/07\/the_battle.jpg","width":640,"height":360,"caption":"> Dos chicos. Uno lleva un hoodie azul gris claro con gris oscuro y un jean; el otro, un hoodie verde y pantalones beige. Cada uno sostiene un lim\u00f3n amarillo. El de verde mira las manos del otro."},{"@type":"BreadcrumbList","@id":"https:\/\/elojocojo.org\/la-batalla\/#breadcrumb","itemListElement":[{"@type":"ListItem","position":1,"name":"Portada","item":"https:\/\/elojocojo.org\/"},{"@type":"ListItem","position":2,"name":"2015","item":"https:\/\/elojocojo.org\/tag\/2015\/"},{"@type":"ListItem","position":3,"name":"La batalla"}]},{"@type":"WebSite","@id":"https:\/\/elojocojo.org\/#website","url":"https:\/\/elojocojo.org\/","name":"el ojO cojo","description":"Todos estamos hechos de la misma esencia","publisher":{"@id":"https:\/\/elojocojo.org\/#organization"},"potentialAction":[{"@type":"SearchAction","target":{"@type":"EntryPoint","urlTemplate":"https:\/\/elojocojo.org\/?s={search_term_string}"},"query-input":{"@type":"PropertyValueSpecification","valueRequired":true,"valueName":"search_term_string"}}],"inLanguage":"es"},{"@type":"Organization","@id":"https:\/\/elojocojo.org\/#organization","name":"Meigas da r\u00faa","url":"https:\/\/elojocojo.org\/","logo":{"@type":"ImageObject","inLanguage":"es","@id":"https:\/\/elojocojo.org\/#\/schema\/logo\/image\/","url":"https:\/\/meigasdarua.org\/wp-content\/uploads\/2020\/09\/cropped-logo-meigas-5.png","contentUrl":"https:\/\/meigasdarua.org\/wp-content\/uploads\/2020\/09\/cropped-logo-meigas-5.png","width":109,"height":200,"caption":"Meigas da r\u00faa"},"image":{"@id":"https:\/\/elojocojo.org\/#\/schema\/logo\/image\/"},"sameAs":["https:\/\/www.facebook.com\/elojocojo","https:\/\/x.com\/elojocojo","https:\/\/www.instagram.com\/elojocojo\/?hl=es","https:\/\/www.linkedin.com\/in\/el-ojo-cojo-b52b7769\/","https:\/\/www.pinterest.es\/elojocojo\/_saved\/","https:\/\/www.youtube.com\/channel\/UCkFtFTV0Bms7zH7vq8FZxZg"]},{"@type":"Person","@id":"https:\/\/elojocojo.org\/#\/schema\/person\/cba15985dd5da095cac31c1ff0d6e23e","name":"cojo","url":"https:\/\/elojocojo.org\/author\/cojo\/"}]}},"_links":{"self":[{"href":"https:\/\/elojocojo.org\/wp-json\/wp\/v2\/posts\/13493","targetHints":{"allow":["GET"]}}],"collection":[{"href":"https:\/\/elojocojo.org\/wp-json\/wp\/v2\/posts"}],"about":[{"href":"https:\/\/elojocojo.org\/wp-json\/wp\/v2\/types\/post"}],"author":[{"embeddable":true,"href":"https:\/\/elojocojo.org\/wp-json\/wp\/v2\/users\/11"}],"replies":[{"embeddable":true,"href":"https:\/\/elojocojo.org\/wp-json\/wp\/v2\/comments?post=13493"}],"version-history":[{"count":15,"href":"https:\/\/elojocojo.org\/wp-json\/wp\/v2\/posts\/13493\/revisions"}],"predecessor-version":[{"id":70780,"href":"https:\/\/elojocojo.org\/wp-json\/wp\/v2\/posts\/13493\/revisions\/70780"}],"wp:featuredmedia":[{"embeddable":true,"href":"https:\/\/elojocojo.org\/wp-json\/wp\/v2\/media\/15575"}],"wp:attachment":[{"href":"https:\/\/elojocojo.org\/wp-json\/wp\/v2\/media?parent=13493"}],"wp:term":[{"taxonomy":"category","embeddable":true,"href":"https:\/\/elojocojo.org\/wp-json\/wp\/v2\/categories?post=13493"},{"taxonomy":"post_tag","embeddable":true,"href":"https:\/\/elojocojo.org\/wp-json\/wp\/v2\/tags?post=13493"}],"curies":[{"name":"wp","href":"https:\/\/api.w.org\/{rel}","templated":true}]}}