{"id":1333,"date":"2008-09-04T21:02:13","date_gmt":"2008-09-05T04:02:13","guid":{"rendered":"http:\/\/www.elojocojo.org\/blog2\/?p=1333"},"modified":"2025-09-23T10:44:18","modified_gmt":"2025-09-23T08:44:18","slug":"manolo-global","status":"publish","type":"post","link":"https:\/\/elojocojo.org\/manolo-global\/","title":{"rendered":"Manolo Global"},"content":{"rendered":"<p><img decoding=\"async\" class=\"alignnone size-full wp-image-15056\" src=\"https:\/\/elojocojo.org\/wp-content\/uploads\/2020\/07\/ManoloGlobal1.jpg\" alt=\"Imagen de la pel\u00edcula Manolo Global\" width=\"136\" height=\"90\" \/><\/p>\n<p>T\u00cdTULO: Manolo Global<br \/>T\u00cdTULO ORIGINAL: Manolo Global<br \/>A\u00d1O: 2007<br \/>DIRECTOR: C\u00e9sar Esteban Alenda<br \/>G\u00c9NERO CINEMATOGR\u00c1FICO: Ficci\u00f3n<br \/>DURACI\u00d3N: 12\u2019<br \/>PA\u00cdS: Espa\u00f1a<br \/>FORMATO ORIGINAL: Betacam Pal<br \/>TIPO: Color<br \/>IDIOMA ORIGINAL: Castellano<br \/>INT\u00c9RPRETES: Francisco Algora<br \/>PRODUCCI\u00d3N: Jos\u00e9 Esteban Alenda<br \/>GUI\u00d3N: C\u00e9sar Esteban Alenda<br \/>DIRECCI\u00d3N DE FOTOGRAF\u00cdA: Jos\u00e9 Antonio Nu\u00f1oz y V\u00edctor Leal<br \/>EDICI\u00d3N \/ MONTAJE: Jos\u00e9 Manuel Jim\u00e9nez<br \/>SONIDO: Jos\u00e9 Ochando, Santiago Romero y Miguel L\u00f3pez<br \/>M\u00daSICA: Sergio de la Puente<\/p>\n<h3><strong>Sinopsis de \u00abManolo Global\u00bb<\/strong><\/h3>\n<h4><strong>Un problema que se convierte en pesadilla<\/strong><\/h4>\n<p>Lo que parec\u00eda una simple aver\u00eda en el conducto de aire acondicionado de un bar pronto se transforma en una situaci\u00f3n fuera de control. Manolo, un hombre com\u00fan, queda atrapado en el interior del sistema de ventilaci\u00f3n, sin una aparente salida. A partir de ese momento, su lucha por escapar se convierte en una odisea surrealista. Por esta raz\u00f3n, la desesperaci\u00f3n comienza a apoderarse de \u00e9l.<\/p>\n<h4><strong>Un laberinto sin l\u00f3gica<\/strong><\/h4>\n<p>A medida que avanza, los conductos parecen multiplicarse, como si se expandieran por s\u00ed mismos. La claustrofobia y la angustia crecen con cada paso. Por lo tanto, cada intento por encontrar la salida lo sumerge a\u00fan m\u00e1s en un entramado de tubos que no tiene fin aparente. Sin embargo, cuanto m\u00e1s lucha por escapar, m\u00e1s atrapado parece estar. Al mismo tiempo, la sensaci\u00f3n de perder el control se intensifica.<\/p>\n<h4><strong>\u00bfRealidad o met\u00e1fora?<\/strong><\/h4>\n<p>Manolo comienza a cuestionar si est\u00e1 atrapado f\u00edsicamente o si, en realidad, es su propia mente la que lo mantiene prisionero. Por otro lado, la historia plantea una reflexi\u00f3n sobre la alienaci\u00f3n, la rutina y la lucha contra lo inevitable. De hecho, el cortometraje juega con los l\u00edmites entre lo real y lo simb\u00f3lico. Aun as\u00ed, la incertidumbre se mantiene hasta el \u00faltimo momento.<\/p>\n<h4><strong>Una visi\u00f3n surrealista<\/strong><\/h4>\n<p>Bajo la direcci\u00f3n de C\u00e9sar Esteban Alenda, <em>\u00abManolo Global\u00bb<\/em> combina lo real con lo fant\u00e1stico, ofreciendo as\u00ed una experiencia inquietante y llena de simbolismo. En definitiva, la pel\u00edcula sumerge al espectador en un viaje donde la l\u00f3gica se disuelve y la angustia se convierte en protagonista. Finalmente, queda la pregunta: \u00bfexiste realmente una salida?<\/p>\n\n\n<p>El filme Manolo Global particip\u00f3 en la edici\u00f3n <strong>2007<\/strong> del <a href=\"https:\/\/elojocojo.org\/category\/festival-2007\/\" target=\"_blank\"><strong>Festival de cine el ojO cojo<\/strong> <\/a>en ese sentido nos sentimos honrados de haberla exhibido.<\/p>\n\n\n\n<p><a href=\"https:\/\/el-ojocojo.blogspot.com\/\" target=\"_blank\">Visita nuestro blog<\/a><\/p>\n\n\n\n<p><\/p>\n","protected":false},"excerpt":{"rendered":"<p>Lo que aparenta ser una simple aver\u00eda en el conducto de aire acondicionado de un bar, se complica<\/p>\n","protected":false},"author":3,"featured_media":23942,"comment_status":"closed","ping_status":"open","sticky":false,"template":"","format":"standard","meta":{"_monsterinsights_skip_tracking":false,"_monsterinsights_sitenote_active":false,"_monsterinsights_sitenote_note":"","_monsterinsights_sitenote_category":0,"footnotes":""},"categories":[1460,983,30],"tags":[1923,138,1981,1982,85,1057,1013],"class_list":{"0":"post-1333","1":"post","2":"type-post","3":"status-publish","4":"format-standard","5":"has-post-thumbnail","7":"category-cortometraje","8":"category-festival-2007","9":"category-ficcion","10":"tag-1923","11":"tag-espana","12":"tag-festival-de-cine","13":"tag-festival-el-ojo-cojo","14":"tag-pareja","15":"tag-trabajo-decente-y-crecimiento-economico","16":"tag-vida-cotidiana","17":"czr-hentry"},"yoast_head":"<!-- This site is optimized with the Yoast SEO plugin v27.1.1 - https:\/\/yoast.com\/product\/yoast-seo-wordpress\/ -->\n<title>Manolo Global - el ojO cojo<\/title>\n<meta name=\"description\" content=\"Pel\u00edcula Manolo Global exhibida en la edici\u00f3n 2007 del Festival el ojO cojo. Pa\u00eds de origen, Espa\u00f1a. Dirigido por C\u00e9sar Esteban Alenda.\" \/>\n<meta name=\"robots\" content=\"index, follow, max-snippet:-1, max-image-preview:large, max-video-preview:-1\" \/>\n<link rel=\"canonical\" href=\"https:\/\/elojocojo.org\/manolo-global\/\" \/>\n<meta property=\"og:locale\" content=\"es_ES\" \/>\n<meta property=\"og:type\" content=\"article\" \/>\n<meta property=\"og:title\" content=\"Manolo Global - el ojO cojo\" \/>\n<meta property=\"og:description\" content=\"Pel\u00edcula Manolo Global exhibida en la edici\u00f3n 2007 del Festival el ojO cojo. Pa\u00eds de origen, Espa\u00f1a. Dirigido por C\u00e9sar Esteban Alenda.\" \/>\n<meta property=\"og:url\" content=\"https:\/\/elojocojo.org\/manolo-global\/\" \/>\n<meta property=\"og:site_name\" content=\"el ojO cojo\" \/>\n<meta property=\"article:publisher\" content=\"https:\/\/www.facebook.com\/elojocojo\" \/>\n<meta property=\"article:published_time\" content=\"2008-09-05T04:02:13+00:00\" \/>\n<meta property=\"article:modified_time\" content=\"2025-09-23T08:44:18+00:00\" \/>\n<meta property=\"og:image\" content=\"https:\/\/elojocojo.org\/wp-content\/uploads\/2020\/07\/ManoloGlobal1.jpg\" \/>\n\t<meta property=\"og:image:width\" content=\"1772\" \/>\n\t<meta property=\"og:image:height\" content=\"1181\" \/>\n\t<meta property=\"og:image:type\" content=\"image\/jpeg\" \/>\n<meta name=\"twitter:card\" content=\"summary_large_image\" \/>\n<meta name=\"twitter:creator\" content=\"@elojocojo\" \/>\n<meta name=\"twitter:site\" content=\"@elojocojo\" \/>\n<meta name=\"twitter:label1\" content=\"Escrito por\" \/>\n\t<meta name=\"twitter:data1\" content=\"\" \/>\n\t<meta name=\"twitter:label2\" content=\"Tiempo de lectura\" \/>\n\t<meta name=\"twitter:data2\" content=\"2 minutos\" \/>\n<script type=\"application\/ld+json\" class=\"yoast-schema-graph\">{\"@context\":\"https:\/\/schema.org\",\"@graph\":[{\"@type\":\"Article\",\"@id\":\"https:\/\/elojocojo.org\/manolo-global\/#article\",\"isPartOf\":{\"@id\":\"https:\/\/elojocojo.org\/manolo-global\/\"},\"author\":{\"name\":\"\",\"@id\":\"\"},\"headline\":\"Manolo Global\",\"datePublished\":\"2008-09-05T04:02:13+00:00\",\"dateModified\":\"2025-09-23T08:44:18+00:00\",\"mainEntityOfPage\":{\"@id\":\"https:\/\/elojocojo.org\/manolo-global\/\"},\"wordCount\":402,\"publisher\":{\"@id\":\"https:\/\/elojocojo.org\/#organization\"},\"image\":{\"@id\":\"https:\/\/elojocojo.org\/manolo-global\/#primaryimage\"},\"thumbnailUrl\":\"https:\/\/elojocojo.org\/wp-content\/uploads\/2020\/07\/ManoloGlobal1.jpg\",\"keywords\":[\"2007\",\"Espa\u00f1a\",\"festival de cine\",\"Festival el Ojo cojo\",\"pareja\",\"Trabajo decente y crecimiento econ\u00f3mico\",\"vida cotidiana\"],\"articleSection\":[\"Cortometraje\",\"Festival 2007\",\"Ficci\u00f3n\"],\"inLanguage\":\"es\"},{\"@type\":\"WebPage\",\"@id\":\"https:\/\/elojocojo.org\/manolo-global\/\",\"url\":\"https:\/\/elojocojo.org\/manolo-global\/\",\"name\":\"Manolo Global - el ojO cojo\",\"isPartOf\":{\"@id\":\"https:\/\/elojocojo.org\/#website\"},\"primaryImageOfPage\":{\"@id\":\"https:\/\/elojocojo.org\/manolo-global\/#primaryimage\"},\"image\":{\"@id\":\"https:\/\/elojocojo.org\/manolo-global\/#primaryimage\"},\"thumbnailUrl\":\"https:\/\/elojocojo.org\/wp-content\/uploads\/2020\/07\/ManoloGlobal1.jpg\",\"datePublished\":\"2008-09-05T04:02:13+00:00\",\"dateModified\":\"2025-09-23T08:44:18+00:00\",\"description\":\"Pel\u00edcula Manolo Global exhibida en la edici\u00f3n 2007 del Festival el ojO cojo. Pa\u00eds de origen, Espa\u00f1a. Dirigido por C\u00e9sar Esteban Alenda.\",\"breadcrumb\":{\"@id\":\"https:\/\/elojocojo.org\/manolo-global\/#breadcrumb\"},\"inLanguage\":\"es\",\"potentialAction\":[{\"@type\":\"ReadAction\",\"target\":[\"https:\/\/elojocojo.org\/manolo-global\/\"]}]},{\"@type\":\"ImageObject\",\"inLanguage\":\"es\",\"@id\":\"https:\/\/elojocojo.org\/manolo-global\/#primaryimage\",\"url\":\"https:\/\/elojocojo.org\/wp-content\/uploads\/2020\/07\/ManoloGlobal1.jpg\",\"contentUrl\":\"https:\/\/elojocojo.org\/wp-content\/uploads\/2020\/07\/ManoloGlobal1.jpg\",\"width\":1772,\"height\":1181,\"caption\":\"Foto de la pel\u00edcula\"},{\"@type\":\"BreadcrumbList\",\"@id\":\"https:\/\/elojocojo.org\/manolo-global\/#breadcrumb\",\"itemListElement\":[{\"@type\":\"ListItem\",\"position\":1,\"name\":\"Portada\",\"item\":\"https:\/\/elojocojo.org\/\"},{\"@type\":\"ListItem\",\"position\":2,\"name\":\"2007\",\"item\":\"https:\/\/elojocojo.org\/tag\/2007\/\"},{\"@type\":\"ListItem\",\"position\":3,\"name\":\"Manolo Global\"}]},{\"@type\":\"WebSite\",\"@id\":\"https:\/\/elojocojo.org\/#website\",\"url\":\"https:\/\/elojocojo.org\/\",\"name\":\"el ojO cojo\",\"description\":\"Todos estamos hechos de la misma esencia\",\"publisher\":{\"@id\":\"https:\/\/elojocojo.org\/#organization\"},\"potentialAction\":[{\"@type\":\"SearchAction\",\"target\":{\"@type\":\"EntryPoint\",\"urlTemplate\":\"https:\/\/elojocojo.org\/?s={search_term_string}\"},\"query-input\":{\"@type\":\"PropertyValueSpecification\",\"valueRequired\":true,\"valueName\":\"search_term_string\"}}],\"inLanguage\":\"es\"},{\"@type\":\"Organization\",\"@id\":\"https:\/\/elojocojo.org\/#organization\",\"name\":\"Meigas da r\u00faa\",\"url\":\"https:\/\/elojocojo.org\/\",\"logo\":{\"@type\":\"ImageObject\",\"inLanguage\":\"es\",\"@id\":\"https:\/\/elojocojo.org\/#\/schema\/logo\/image\/\",\"url\":\"https:\/\/meigasdarua.org\/wp-content\/uploads\/2020\/09\/cropped-logo-meigas-5.png\",\"contentUrl\":\"https:\/\/meigasdarua.org\/wp-content\/uploads\/2020\/09\/cropped-logo-meigas-5.png\",\"width\":109,\"height\":200,\"caption\":\"Meigas da r\u00faa\"},\"image\":{\"@id\":\"https:\/\/elojocojo.org\/#\/schema\/logo\/image\/\"},\"sameAs\":[\"https:\/\/www.facebook.com\/elojocojo\",\"https:\/\/x.com\/elojocojo\",\"https:\/\/www.instagram.com\/elojocojo\/?hl=es\",\"https:\/\/www.linkedin.com\/in\/el-ojo-cojo-b52b7769\/\",\"https:\/\/www.pinterest.es\/elojocojo\/_saved\/\",\"https:\/\/www.youtube.com\/channel\/UCkFtFTV0Bms7zH7vq8FZxZg\"]},{\"@type\":\"Person\",\"@id\":\"\",\"url\":\"https:\/\/elojocojo.org\/author\/\"}]}<\/script>\n<!-- \/ Yoast SEO plugin. -->","yoast_head_json":{"title":"Manolo Global - el ojO cojo","description":"Pel\u00edcula Manolo Global exhibida en la edici\u00f3n 2007 del Festival el ojO cojo. Pa\u00eds de origen, Espa\u00f1a. Dirigido por C\u00e9sar Esteban Alenda.","robots":{"index":"index","follow":"follow","max-snippet":"max-snippet:-1","max-image-preview":"max-image-preview:large","max-video-preview":"max-video-preview:-1"},"canonical":"https:\/\/elojocojo.org\/manolo-global\/","og_locale":"es_ES","og_type":"article","og_title":"Manolo Global - el ojO cojo","og_description":"Pel\u00edcula Manolo Global exhibida en la edici\u00f3n 2007 del Festival el ojO cojo. Pa\u00eds de origen, Espa\u00f1a. Dirigido por C\u00e9sar Esteban Alenda.","og_url":"https:\/\/elojocojo.org\/manolo-global\/","og_site_name":"el ojO cojo","article_publisher":"https:\/\/www.facebook.com\/elojocojo","article_published_time":"2008-09-05T04:02:13+00:00","article_modified_time":"2025-09-23T08:44:18+00:00","og_image":[{"width":1772,"height":1181,"url":"https:\/\/elojocojo.org\/wp-content\/uploads\/2020\/07\/ManoloGlobal1.jpg","type":"image\/jpeg"}],"twitter_card":"summary_large_image","twitter_creator":"@elojocojo","twitter_site":"@elojocojo","twitter_misc":{"Escrito por":"","Tiempo de lectura":"2 minutos"},"schema":{"@context":"https:\/\/schema.org","@graph":[{"@type":"Article","@id":"https:\/\/elojocojo.org\/manolo-global\/#article","isPartOf":{"@id":"https:\/\/elojocojo.org\/manolo-global\/"},"author":{"name":"","@id":""},"headline":"Manolo Global","datePublished":"2008-09-05T04:02:13+00:00","dateModified":"2025-09-23T08:44:18+00:00","mainEntityOfPage":{"@id":"https:\/\/elojocojo.org\/manolo-global\/"},"wordCount":402,"publisher":{"@id":"https:\/\/elojocojo.org\/#organization"},"image":{"@id":"https:\/\/elojocojo.org\/manolo-global\/#primaryimage"},"thumbnailUrl":"https:\/\/elojocojo.org\/wp-content\/uploads\/2020\/07\/ManoloGlobal1.jpg","keywords":["2007","Espa\u00f1a","festival de cine","Festival el Ojo cojo","pareja","Trabajo decente y crecimiento econ\u00f3mico","vida cotidiana"],"articleSection":["Cortometraje","Festival 2007","Ficci\u00f3n"],"inLanguage":"es"},{"@type":"WebPage","@id":"https:\/\/elojocojo.org\/manolo-global\/","url":"https:\/\/elojocojo.org\/manolo-global\/","name":"Manolo Global - el ojO cojo","isPartOf":{"@id":"https:\/\/elojocojo.org\/#website"},"primaryImageOfPage":{"@id":"https:\/\/elojocojo.org\/manolo-global\/#primaryimage"},"image":{"@id":"https:\/\/elojocojo.org\/manolo-global\/#primaryimage"},"thumbnailUrl":"https:\/\/elojocojo.org\/wp-content\/uploads\/2020\/07\/ManoloGlobal1.jpg","datePublished":"2008-09-05T04:02:13+00:00","dateModified":"2025-09-23T08:44:18+00:00","description":"Pel\u00edcula Manolo Global exhibida en la edici\u00f3n 2007 del Festival el ojO cojo. Pa\u00eds de origen, Espa\u00f1a. Dirigido por C\u00e9sar Esteban Alenda.","breadcrumb":{"@id":"https:\/\/elojocojo.org\/manolo-global\/#breadcrumb"},"inLanguage":"es","potentialAction":[{"@type":"ReadAction","target":["https:\/\/elojocojo.org\/manolo-global\/"]}]},{"@type":"ImageObject","inLanguage":"es","@id":"https:\/\/elojocojo.org\/manolo-global\/#primaryimage","url":"https:\/\/elojocojo.org\/wp-content\/uploads\/2020\/07\/ManoloGlobal1.jpg","contentUrl":"https:\/\/elojocojo.org\/wp-content\/uploads\/2020\/07\/ManoloGlobal1.jpg","width":1772,"height":1181,"caption":"Foto de la pel\u00edcula"},{"@type":"BreadcrumbList","@id":"https:\/\/elojocojo.org\/manolo-global\/#breadcrumb","itemListElement":[{"@type":"ListItem","position":1,"name":"Portada","item":"https:\/\/elojocojo.org\/"},{"@type":"ListItem","position":2,"name":"2007","item":"https:\/\/elojocojo.org\/tag\/2007\/"},{"@type":"ListItem","position":3,"name":"Manolo Global"}]},{"@type":"WebSite","@id":"https:\/\/elojocojo.org\/#website","url":"https:\/\/elojocojo.org\/","name":"el ojO cojo","description":"Todos estamos hechos de la misma esencia","publisher":{"@id":"https:\/\/elojocojo.org\/#organization"},"potentialAction":[{"@type":"SearchAction","target":{"@type":"EntryPoint","urlTemplate":"https:\/\/elojocojo.org\/?s={search_term_string}"},"query-input":{"@type":"PropertyValueSpecification","valueRequired":true,"valueName":"search_term_string"}}],"inLanguage":"es"},{"@type":"Organization","@id":"https:\/\/elojocojo.org\/#organization","name":"Meigas da r\u00faa","url":"https:\/\/elojocojo.org\/","logo":{"@type":"ImageObject","inLanguage":"es","@id":"https:\/\/elojocojo.org\/#\/schema\/logo\/image\/","url":"https:\/\/meigasdarua.org\/wp-content\/uploads\/2020\/09\/cropped-logo-meigas-5.png","contentUrl":"https:\/\/meigasdarua.org\/wp-content\/uploads\/2020\/09\/cropped-logo-meigas-5.png","width":109,"height":200,"caption":"Meigas da r\u00faa"},"image":{"@id":"https:\/\/elojocojo.org\/#\/schema\/logo\/image\/"},"sameAs":["https:\/\/www.facebook.com\/elojocojo","https:\/\/x.com\/elojocojo","https:\/\/www.instagram.com\/elojocojo\/?hl=es","https:\/\/www.linkedin.com\/in\/el-ojo-cojo-b52b7769\/","https:\/\/www.pinterest.es\/elojocojo\/_saved\/","https:\/\/www.youtube.com\/channel\/UCkFtFTV0Bms7zH7vq8FZxZg"]},{"@type":"Person","@id":"","url":"https:\/\/elojocojo.org\/author\/"}]}},"_links":{"self":[{"href":"https:\/\/elojocojo.org\/wp-json\/wp\/v2\/posts\/1333","targetHints":{"allow":["GET"]}}],"collection":[{"href":"https:\/\/elojocojo.org\/wp-json\/wp\/v2\/posts"}],"about":[{"href":"https:\/\/elojocojo.org\/wp-json\/wp\/v2\/types\/post"}],"author":[{"embeddable":true,"href":"https:\/\/elojocojo.org\/wp-json\/wp\/v2\/users\/3"}],"replies":[{"embeddable":true,"href":"https:\/\/elojocojo.org\/wp-json\/wp\/v2\/comments?post=1333"}],"version-history":[{"count":4,"href":"https:\/\/elojocojo.org\/wp-json\/wp\/v2\/posts\/1333\/revisions"}],"predecessor-version":[{"id":57396,"href":"https:\/\/elojocojo.org\/wp-json\/wp\/v2\/posts\/1333\/revisions\/57396"}],"wp:featuredmedia":[{"embeddable":true,"href":"https:\/\/elojocojo.org\/wp-json\/wp\/v2\/media\/23942"}],"wp:attachment":[{"href":"https:\/\/elojocojo.org\/wp-json\/wp\/v2\/media?parent=1333"}],"wp:term":[{"taxonomy":"category","embeddable":true,"href":"https:\/\/elojocojo.org\/wp-json\/wp\/v2\/categories?post=1333"},{"taxonomy":"post_tag","embeddable":true,"href":"https:\/\/elojocojo.org\/wp-json\/wp\/v2\/tags?post=1333"}],"curies":[{"name":"wp","href":"https:\/\/api.w.org\/{rel}","templated":true}]}}