{"id":1323,"date":"2008-09-04T20:59:49","date_gmt":"2008-09-05T03:59:49","guid":{"rendered":"http:\/\/www.elojocojo.org\/blog2\/?p=1323"},"modified":"2025-09-23T10:44:21","modified_gmt":"2025-09-23T08:44:21","slug":"milano-central","status":"publish","type":"post","link":"https:\/\/elojocojo.org\/milano-central\/","title":{"rendered":"Milano Central"},"content":{"rendered":"\n<p>T\u00edtulo: <em>Milano Central<\/em><\/p>\n\n\n\n<p>T\u00edtulo original: <em>Milano Centrale<\/em><\/p>\n\n\n\n<p>A\u00f1o: 2007<\/p>\n\n\n\n<p>Director: Alan Maglio<\/p>\n\n\n\n<p>G\u00e9nero: Ficci\u00f3n<\/p>\n\n\n\n<p>Duraci\u00f3n: 60&#8242;<\/p>\n\n\n\n<p>Pa\u00eds: Italia<\/p>\n\n\n\n<p>Formato original: Cine 35mm y 16 mm<\/p>\n\n\n\n<p>Tipo: Blanco y negro<\/p>\n\n\n\n<p>Idioma original: Castellano<\/p>\n\n\n\n<p>Producci\u00f3n: Alan Maglio<\/p>\n\n\n\n<p>Gui\u00f3n: Alan Maglio<\/p>\n\n\n\n<p>Direcci\u00f3n de fotograf\u00eda: Alan Maglio<\/p>\n\n\n\n<p>Edici\u00f3n\/Montaje: Alessandro Tinelli<\/p>\n\n\n\n<p>Sonido: Daniele Carmosino<\/p>\n\n\n\n<p>M\u00fasica: Alessandro Tinelli<\/p>\n\n\n\n<p>Sinopsis:<\/p>\n\n\n\n<h2 class=\"wp-block-heading\"><strong><sub>Un cruce de caminos sin movimiento<\/sub><\/strong><\/h2>\n\n\n\n<p>La estaci\u00f3n central de Mil\u00e1n, imponente y bulliciosa, parece dise\u00f1ada para el movimiento constante. Sin embargo, bajo su techo convergen no solo viajeros, sino tambi\u00e9n quienes no tienen a d\u00f3nde ir. Aunque su funci\u00f3n principal es conectar destinos, este lugar ha adquirido un nuevo significado. A diario, decenas de personas permanecen all\u00ed sin intenci\u00f3n de abordar ning\u00fan tren. Por tanto, m\u00e1s que un nodo de tr\u00e1nsito, la estaci\u00f3n se convierte en un espacio de espera, de pausa, incluso de refugio.<\/p>\n\n\n\n<h2 class=\"wp-block-heading\"><strong><sub>El punto de encuentro de una comunidad<\/sub><\/strong><\/h2>\n\n\n\n<p>Entre quienes habitan este no-lugar, destaca una comunidad singular: los africanos residentes en Mil\u00e1n. Para muchos, la estaci\u00f3n representa m\u00e1s que un punto geogr\u00e1fico. En efecto, se transforma en un sitio donde compartir, pertenecer y recordar. Algunos observan en silencio, otros r\u00eden, discuten o simplemente existen. Adem\u00e1s, este espacio les ofrece una visibilidad negada en otros rincones de la ciudad. De este modo, la estaci\u00f3n cobra vida como lugar de resistencia cotidiana.<\/p>\n\n\n\n<h2 class=\"wp-block-heading\"><strong><sub>Ecos de lo invisible<\/sub><\/strong><\/h2>\n\n\n\n<p>Sin embargo, este escenario no est\u00e1 exento de sombras. Algunos mencionan la presencia de \u201cdemonios\u201d, voces que simbolizan el abandono, la precariedad y el exilio emocional. Mientras unos tratan de mantener la cordura, otros cargan con ni\u00f1os y esperanzas rotas. Asimismo, sorprende el testimonio recurrente: muchos jam\u00e1s han hablado con un italiano. Esto, lejos de ser anecd\u00f3tico, revela una fractura profunda entre culturas que conviven sin tocarse.<\/p>\n\n\n\n<h2 class=\"wp-block-heading\"><strong><sub>Un espejo de la ciudad<\/sub><\/strong><\/h2>\n\n\n\n<p>Al mirar de cerca, la estaci\u00f3n central refleja m\u00e1s de lo que muestra. Por consiguiente, se convierte en un retrato involuntario de una ciudad fracturada. No es solo un punto de cruce, sino tambi\u00e9n un mapa de exclusi\u00f3n.<\/p>\n\n\n\n<h2 class=\"wp-block-heading\"><strong><sub>Permanecer en tr\u00e1nsito<\/sub><\/strong><\/h2>\n\n\n\n<p>En definitiva, <em>Milano Central<\/em> es una mirada hacia aquellos que viven suspendidos entre el viaje y la permanencia. A pesar del bullicio, lo que aqu\u00ed se revela es un silencio compartido que merece ser escuchado.<\/p>\n\n\n<div class=\"wp-block-image\">\n<figure class=\"aligncenter size-large\"><img decoding=\"async\" width=\"255\" height=\"360\" src=\"https:\/\/elojocojo.org\/wp-content\/uploads\/2008\/09\/cartel_milano-255x360.jpg\" alt=\"Cartel del documental Milano Centrale: Stories from the Train Station. Muestra a un hombre de pie en un t\u00fanel iluminado con luz naranja, con expresi\u00f3n seria y una mochila al hombro\" class=\"wp-image-65333\" srcset=\"https:\/\/elojocojo.org\/wp-content\/uploads\/2008\/09\/cartel_milano-255x360.jpg 255w, https:\/\/elojocojo.org\/wp-content\/uploads\/2008\/09\/cartel_milano-354x500.jpg 354w, https:\/\/elojocojo.org\/wp-content\/uploads\/2008\/09\/cartel_milano-283x400.jpg 283w, https:\/\/elojocojo.org\/wp-content\/uploads\/2008\/09\/cartel_milano-150x212.jpg 150w, https:\/\/elojocojo.org\/wp-content\/uploads\/2008\/09\/cartel_milano.jpg 566w\" sizes=\"(max-width: 255px) 100vw, 255px\" \/><\/figure>\n<\/div>\n\n\n<p>El filme <em>Milano Central<\/em> particip\u00f3 en la edici\u00f3n <a href=\"https:\/\/elojocojo.org\/category\/festival-2007\/\"><strong>2007<\/strong><\/a> del <a href=\"https:\/\/elojocojo.org\/category\/festival-2007\/\"><strong>Festival de cine el ojO cojo<\/strong> <\/a>en ese sentido nos sentimos honrados de haberla exhibido.<\/p>\n\n\n\n<p>Visita nuestro <a href=\"https:\/\/el-ojocojo.blogspot.com\/\">blog<\/a><\/p>\n","protected":false},"excerpt":{"rendered":"<p>Los africanos de Milano han elegido la estaci\u00f3n central de Milano como lugar de encuentro. Dirigido por Alan Maglio.<\/p>\n","protected":false},"author":3,"featured_media":65335,"comment_status":"closed","ping_status":"open","sticky":false,"template":"","format":"standard","meta":{"_monsterinsights_skip_tracking":false,"_monsterinsights_sitenote_active":false,"_monsterinsights_sitenote_note":"","_monsterinsights_sitenote_category":0,"footnotes":""},"categories":[983,30],"tags":[1923,66,1443,881,26,900,1476,15,1981,433,998,473,60,1910,1231],"class_list":{"0":"post-1323","1":"post","2":"type-post","3":"status-publish","4":"format-standard","5":"has-post-thumbnail","7":"category-festival-2007","8":"category-ficcion","9":"tag-1923","10":"tag-africa","11":"tag-desigualdad","12":"tag-desplazados","13":"tag-discriminacion","14":"tag-europa","15":"tag-exclusion","16":"tag-familia","17":"tag-festival-de-cine","18":"tag-inmigrantes","19":"tag-interculturalidad","20":"tag-italia","21":"tag-migraciones","22":"tag-ods","23":"tag-reduccion-de-las-desigualdades","24":"czr-hentry"},"yoast_head":"<!-- This site is optimized with the Yoast SEO plugin v27.1.1 - https:\/\/yoast.com\/product\/yoast-seo-wordpress\/ -->\n<title>Milano Central - el ojO cojo<\/title>\n<meta name=\"description\" content=\"Pel\u00edcula Milano Central exhibida en la edici\u00f3n 2007 del Festival el ojO cojo. Pa\u00eds de origen, Italia. Dirigido por Alan Maglio.\" \/>\n<meta name=\"robots\" content=\"index, follow, max-snippet:-1, max-image-preview:large, max-video-preview:-1\" \/>\n<link rel=\"canonical\" href=\"https:\/\/elojocojo.org\/milano-central\/\" \/>\n<meta property=\"og:locale\" content=\"es_ES\" \/>\n<meta property=\"og:type\" content=\"article\" \/>\n<meta property=\"og:title\" content=\"Milano Central - el ojO cojo\" \/>\n<meta property=\"og:description\" content=\"Pel\u00edcula Milano Central exhibida en la edici\u00f3n 2007 del Festival el ojO cojo. Pa\u00eds de origen, Italia. Dirigido por Alan Maglio.\" \/>\n<meta property=\"og:url\" content=\"https:\/\/elojocojo.org\/milano-central\/\" \/>\n<meta property=\"og:site_name\" content=\"el ojO cojo\" \/>\n<meta property=\"article:publisher\" content=\"https:\/\/www.facebook.com\/elojocojo\" \/>\n<meta property=\"article:published_time\" content=\"2008-09-05T03:59:49+00:00\" \/>\n<meta property=\"article:modified_time\" content=\"2025-09-23T08:44:21+00:00\" \/>\n<meta property=\"og:image\" content=\"https:\/\/elojocojo.org\/wp-content\/uploads\/2008\/09\/milano_central.jpg\" \/>\n\t<meta property=\"og:image:width\" content=\"1110\" \/>\n\t<meta property=\"og:image:height\" content=\"250\" \/>\n\t<meta property=\"og:image:type\" content=\"image\/jpeg\" \/>\n<meta name=\"twitter:card\" content=\"summary_large_image\" \/>\n<meta name=\"twitter:creator\" content=\"@elojocojo\" \/>\n<meta name=\"twitter:site\" content=\"@elojocojo\" \/>\n<meta name=\"twitter:label1\" content=\"Escrito por\" \/>\n\t<meta name=\"twitter:data1\" content=\"\" \/>\n\t<meta name=\"twitter:label2\" content=\"Tiempo de lectura\" \/>\n\t<meta name=\"twitter:data2\" content=\"2 minutos\" \/>\n<script type=\"application\/ld+json\" class=\"yoast-schema-graph\">{\"@context\":\"https:\/\/schema.org\",\"@graph\":[{\"@type\":\"Article\",\"@id\":\"https:\/\/elojocojo.org\/milano-central\/#article\",\"isPartOf\":{\"@id\":\"https:\/\/elojocojo.org\/milano-central\/\"},\"author\":{\"name\":\"\",\"@id\":\"\"},\"headline\":\"Milano Central\",\"datePublished\":\"2008-09-05T03:59:49+00:00\",\"dateModified\":\"2025-09-23T08:44:21+00:00\",\"mainEntityOfPage\":{\"@id\":\"https:\/\/elojocojo.org\/milano-central\/\"},\"wordCount\":437,\"publisher\":{\"@id\":\"https:\/\/elojocojo.org\/#organization\"},\"image\":{\"@id\":\"https:\/\/elojocojo.org\/milano-central\/#primaryimage\"},\"thumbnailUrl\":\"https:\/\/elojocojo.org\/wp-content\/uploads\/2008\/09\/milano_central.jpg\",\"keywords\":[\"2007\",\"\u00c1frica\",\"desigualdad\",\"Desplazados\",\"discriminaci\u00f3n\",\"Europa\",\"exclusi\u00f3n\",\"familia\",\"festival de cine\",\"inmigrantes\",\"interculturalidad\",\"Italia\",\"migraciones\",\"ODS\",\"Reducci\u00f3n de las desigualdades\"],\"articleSection\":[\"Festival 2007\",\"Ficci\u00f3n\"],\"inLanguage\":\"es\"},{\"@type\":\"WebPage\",\"@id\":\"https:\/\/elojocojo.org\/milano-central\/\",\"url\":\"https:\/\/elojocojo.org\/milano-central\/\",\"name\":\"Milano Central - el ojO cojo\",\"isPartOf\":{\"@id\":\"https:\/\/elojocojo.org\/#website\"},\"primaryImageOfPage\":{\"@id\":\"https:\/\/elojocojo.org\/milano-central\/#primaryimage\"},\"image\":{\"@id\":\"https:\/\/elojocojo.org\/milano-central\/#primaryimage\"},\"thumbnailUrl\":\"https:\/\/elojocojo.org\/wp-content\/uploads\/2008\/09\/milano_central.jpg\",\"datePublished\":\"2008-09-05T03:59:49+00:00\",\"dateModified\":\"2025-09-23T08:44:21+00:00\",\"description\":\"Pel\u00edcula Milano Central exhibida en la edici\u00f3n 2007 del Festival el ojO cojo. Pa\u00eds de origen, Italia. Dirigido por Alan Maglio.\",\"breadcrumb\":{\"@id\":\"https:\/\/elojocojo.org\/milano-central\/#breadcrumb\"},\"inLanguage\":\"es\",\"potentialAction\":[{\"@type\":\"ReadAction\",\"target\":[\"https:\/\/elojocojo.org\/milano-central\/\"]}]},{\"@type\":\"ImageObject\",\"inLanguage\":\"es\",\"@id\":\"https:\/\/elojocojo.org\/milano-central\/#primaryimage\",\"url\":\"https:\/\/elojocojo.org\/wp-content\/uploads\/2008\/09\/milano_central.jpg\",\"contentUrl\":\"https:\/\/elojocojo.org\/wp-content\/uploads\/2008\/09\/milano_central.jpg\",\"width\":1110,\"height\":250,\"caption\":\"Vista desde una ventana hacia unas v\u00edas de tren al amanecer o atardecer. La luz del sol brilla intensamente en el horizonte\"},{\"@type\":\"BreadcrumbList\",\"@id\":\"https:\/\/elojocojo.org\/milano-central\/#breadcrumb\",\"itemListElement\":[{\"@type\":\"ListItem\",\"position\":1,\"name\":\"Portada\",\"item\":\"https:\/\/elojocojo.org\/\"},{\"@type\":\"ListItem\",\"position\":2,\"name\":\"2007\",\"item\":\"https:\/\/elojocojo.org\/tag\/2007\/\"},{\"@type\":\"ListItem\",\"position\":3,\"name\":\"Milano Central\"}]},{\"@type\":\"WebSite\",\"@id\":\"https:\/\/elojocojo.org\/#website\",\"url\":\"https:\/\/elojocojo.org\/\",\"name\":\"el ojO cojo\",\"description\":\"Todos estamos hechos de la misma esencia\",\"publisher\":{\"@id\":\"https:\/\/elojocojo.org\/#organization\"},\"potentialAction\":[{\"@type\":\"SearchAction\",\"target\":{\"@type\":\"EntryPoint\",\"urlTemplate\":\"https:\/\/elojocojo.org\/?s={search_term_string}\"},\"query-input\":{\"@type\":\"PropertyValueSpecification\",\"valueRequired\":true,\"valueName\":\"search_term_string\"}}],\"inLanguage\":\"es\"},{\"@type\":\"Organization\",\"@id\":\"https:\/\/elojocojo.org\/#organization\",\"name\":\"Meigas da r\u00faa\",\"url\":\"https:\/\/elojocojo.org\/\",\"logo\":{\"@type\":\"ImageObject\",\"inLanguage\":\"es\",\"@id\":\"https:\/\/elojocojo.org\/#\/schema\/logo\/image\/\",\"url\":\"https:\/\/meigasdarua.org\/wp-content\/uploads\/2020\/09\/cropped-logo-meigas-5.png\",\"contentUrl\":\"https:\/\/meigasdarua.org\/wp-content\/uploads\/2020\/09\/cropped-logo-meigas-5.png\",\"width\":109,\"height\":200,\"caption\":\"Meigas da r\u00faa\"},\"image\":{\"@id\":\"https:\/\/elojocojo.org\/#\/schema\/logo\/image\/\"},\"sameAs\":[\"https:\/\/www.facebook.com\/elojocojo\",\"https:\/\/x.com\/elojocojo\",\"https:\/\/www.instagram.com\/elojocojo\/?hl=es\",\"https:\/\/www.linkedin.com\/in\/el-ojo-cojo-b52b7769\/\",\"https:\/\/www.pinterest.es\/elojocojo\/_saved\/\",\"https:\/\/www.youtube.com\/channel\/UCkFtFTV0Bms7zH7vq8FZxZg\"]},{\"@type\":\"Person\",\"@id\":\"\",\"url\":\"https:\/\/elojocojo.org\/author\/\"}]}<\/script>\n<!-- \/ Yoast SEO plugin. -->","yoast_head_json":{"title":"Milano Central - el ojO cojo","description":"Pel\u00edcula Milano Central exhibida en la edici\u00f3n 2007 del Festival el ojO cojo. Pa\u00eds de origen, Italia. Dirigido por Alan Maglio.","robots":{"index":"index","follow":"follow","max-snippet":"max-snippet:-1","max-image-preview":"max-image-preview:large","max-video-preview":"max-video-preview:-1"},"canonical":"https:\/\/elojocojo.org\/milano-central\/","og_locale":"es_ES","og_type":"article","og_title":"Milano Central - el ojO cojo","og_description":"Pel\u00edcula Milano Central exhibida en la edici\u00f3n 2007 del Festival el ojO cojo. Pa\u00eds de origen, Italia. Dirigido por Alan Maglio.","og_url":"https:\/\/elojocojo.org\/milano-central\/","og_site_name":"el ojO cojo","article_publisher":"https:\/\/www.facebook.com\/elojocojo","article_published_time":"2008-09-05T03:59:49+00:00","article_modified_time":"2025-09-23T08:44:21+00:00","og_image":[{"width":1110,"height":250,"url":"https:\/\/elojocojo.org\/wp-content\/uploads\/2008\/09\/milano_central.jpg","type":"image\/jpeg"}],"twitter_card":"summary_large_image","twitter_creator":"@elojocojo","twitter_site":"@elojocojo","twitter_misc":{"Escrito por":"","Tiempo de lectura":"2 minutos"},"schema":{"@context":"https:\/\/schema.org","@graph":[{"@type":"Article","@id":"https:\/\/elojocojo.org\/milano-central\/#article","isPartOf":{"@id":"https:\/\/elojocojo.org\/milano-central\/"},"author":{"name":"","@id":""},"headline":"Milano Central","datePublished":"2008-09-05T03:59:49+00:00","dateModified":"2025-09-23T08:44:21+00:00","mainEntityOfPage":{"@id":"https:\/\/elojocojo.org\/milano-central\/"},"wordCount":437,"publisher":{"@id":"https:\/\/elojocojo.org\/#organization"},"image":{"@id":"https:\/\/elojocojo.org\/milano-central\/#primaryimage"},"thumbnailUrl":"https:\/\/elojocojo.org\/wp-content\/uploads\/2008\/09\/milano_central.jpg","keywords":["2007","\u00c1frica","desigualdad","Desplazados","discriminaci\u00f3n","Europa","exclusi\u00f3n","familia","festival de cine","inmigrantes","interculturalidad","Italia","migraciones","ODS","Reducci\u00f3n de las desigualdades"],"articleSection":["Festival 2007","Ficci\u00f3n"],"inLanguage":"es"},{"@type":"WebPage","@id":"https:\/\/elojocojo.org\/milano-central\/","url":"https:\/\/elojocojo.org\/milano-central\/","name":"Milano Central - el ojO cojo","isPartOf":{"@id":"https:\/\/elojocojo.org\/#website"},"primaryImageOfPage":{"@id":"https:\/\/elojocojo.org\/milano-central\/#primaryimage"},"image":{"@id":"https:\/\/elojocojo.org\/milano-central\/#primaryimage"},"thumbnailUrl":"https:\/\/elojocojo.org\/wp-content\/uploads\/2008\/09\/milano_central.jpg","datePublished":"2008-09-05T03:59:49+00:00","dateModified":"2025-09-23T08:44:21+00:00","description":"Pel\u00edcula Milano Central exhibida en la edici\u00f3n 2007 del Festival el ojO cojo. Pa\u00eds de origen, Italia. Dirigido por Alan Maglio.","breadcrumb":{"@id":"https:\/\/elojocojo.org\/milano-central\/#breadcrumb"},"inLanguage":"es","potentialAction":[{"@type":"ReadAction","target":["https:\/\/elojocojo.org\/milano-central\/"]}]},{"@type":"ImageObject","inLanguage":"es","@id":"https:\/\/elojocojo.org\/milano-central\/#primaryimage","url":"https:\/\/elojocojo.org\/wp-content\/uploads\/2008\/09\/milano_central.jpg","contentUrl":"https:\/\/elojocojo.org\/wp-content\/uploads\/2008\/09\/milano_central.jpg","width":1110,"height":250,"caption":"Vista desde una ventana hacia unas v\u00edas de tren al amanecer o atardecer. La luz del sol brilla intensamente en el horizonte"},{"@type":"BreadcrumbList","@id":"https:\/\/elojocojo.org\/milano-central\/#breadcrumb","itemListElement":[{"@type":"ListItem","position":1,"name":"Portada","item":"https:\/\/elojocojo.org\/"},{"@type":"ListItem","position":2,"name":"2007","item":"https:\/\/elojocojo.org\/tag\/2007\/"},{"@type":"ListItem","position":3,"name":"Milano Central"}]},{"@type":"WebSite","@id":"https:\/\/elojocojo.org\/#website","url":"https:\/\/elojocojo.org\/","name":"el ojO cojo","description":"Todos estamos hechos de la misma esencia","publisher":{"@id":"https:\/\/elojocojo.org\/#organization"},"potentialAction":[{"@type":"SearchAction","target":{"@type":"EntryPoint","urlTemplate":"https:\/\/elojocojo.org\/?s={search_term_string}"},"query-input":{"@type":"PropertyValueSpecification","valueRequired":true,"valueName":"search_term_string"}}],"inLanguage":"es"},{"@type":"Organization","@id":"https:\/\/elojocojo.org\/#organization","name":"Meigas da r\u00faa","url":"https:\/\/elojocojo.org\/","logo":{"@type":"ImageObject","inLanguage":"es","@id":"https:\/\/elojocojo.org\/#\/schema\/logo\/image\/","url":"https:\/\/meigasdarua.org\/wp-content\/uploads\/2020\/09\/cropped-logo-meigas-5.png","contentUrl":"https:\/\/meigasdarua.org\/wp-content\/uploads\/2020\/09\/cropped-logo-meigas-5.png","width":109,"height":200,"caption":"Meigas da r\u00faa"},"image":{"@id":"https:\/\/elojocojo.org\/#\/schema\/logo\/image\/"},"sameAs":["https:\/\/www.facebook.com\/elojocojo","https:\/\/x.com\/elojocojo","https:\/\/www.instagram.com\/elojocojo\/?hl=es","https:\/\/www.linkedin.com\/in\/el-ojo-cojo-b52b7769\/","https:\/\/www.pinterest.es\/elojocojo\/_saved\/","https:\/\/www.youtube.com\/channel\/UCkFtFTV0Bms7zH7vq8FZxZg"]},{"@type":"Person","@id":"","url":"https:\/\/elojocojo.org\/author\/"}]}},"_links":{"self":[{"href":"https:\/\/elojocojo.org\/wp-json\/wp\/v2\/posts\/1323","targetHints":{"allow":["GET"]}}],"collection":[{"href":"https:\/\/elojocojo.org\/wp-json\/wp\/v2\/posts"}],"about":[{"href":"https:\/\/elojocojo.org\/wp-json\/wp\/v2\/types\/post"}],"author":[{"embeddable":true,"href":"https:\/\/elojocojo.org\/wp-json\/wp\/v2\/users\/3"}],"replies":[{"embeddable":true,"href":"https:\/\/elojocojo.org\/wp-json\/wp\/v2\/comments?post=1323"}],"version-history":[{"count":8,"href":"https:\/\/elojocojo.org\/wp-json\/wp\/v2\/posts\/1323\/revisions"}],"predecessor-version":[{"id":70046,"href":"https:\/\/elojocojo.org\/wp-json\/wp\/v2\/posts\/1323\/revisions\/70046"}],"wp:featuredmedia":[{"embeddable":true,"href":"https:\/\/elojocojo.org\/wp-json\/wp\/v2\/media\/65335"}],"wp:attachment":[{"href":"https:\/\/elojocojo.org\/wp-json\/wp\/v2\/media?parent=1323"}],"wp:term":[{"taxonomy":"category","embeddable":true,"href":"https:\/\/elojocojo.org\/wp-json\/wp\/v2\/categories?post=1323"},{"taxonomy":"post_tag","embeddable":true,"href":"https:\/\/elojocojo.org\/wp-json\/wp\/v2\/tags?post=1323"}],"curies":[{"name":"wp","href":"https:\/\/api.w.org\/{rel}","templated":true}]}}