{"id":1321,"date":"2008-09-04T20:59:21","date_gmt":"2008-09-05T03:59:21","guid":{"rendered":"http:\/\/www.elojocojo.org\/blog2\/?p=1321"},"modified":"2025-09-23T10:44:21","modified_gmt":"2025-09-23T08:44:21","slug":"mimoune","status":"publish","type":"post","link":"https:\/\/elojocojo.org\/mimoune\/","title":{"rendered":"Mimoune"},"content":{"rendered":"\n<p>T\u00edtulo: <em>Mimoune<\/em><\/p>\n\n\n\n<p>T\u00edtulo original: <em>Mimoune<\/em><\/p>\n\n\n\n<p>A\u00f1o: 2006<\/p>\n\n\n\n<p>Director: Gonzalo Ballester<\/p>\n\n\n\n<p>G\u00e9nero: Documental<\/p>\n\n\n\n<p>Duraci\u00f3n: 11&#8242;<\/p>\n\n\n\n<p>Pa\u00eds: Espa\u00f1a<\/p>\n\n\n\n<p>Formato original: DVD<\/p>\n\n\n\n<p>Tipo: Color<\/p>\n\n\n\n<p>Idioma original: \u00c1rabe<\/p>\n\n\n\n<p>Subt\u00edtulos: Castellano<\/p>\n\n\n\n<p>Producci\u00f3n: Gonzalo Ballester<\/p>\n\n\n\n<p>Gui\u00f3n: Gonzalo Ballester<\/p>\n\n\n\n<p>Direcci\u00f3n de fotograf\u00eda: Gonzalo Ballester<\/p>\n\n\n\n<p>Edici\u00f3n\/Montaje: Gonzalo Ballester<\/p>\n\n\n\n<p>Sonido: Gonzalo Ballester<\/p>\n\n\n\n<p>M\u00fasica: Sebasti\u00e1n Mond\u00e9jar, Eva Marin, Jos\u00e9 Mu\u00f1oz<\/p>\n\n\n\n<p>Sinopsis:<\/p>\n\n\n\n<h2 class=\"wp-block-heading\"><strong><sub>Caminos separados<\/sub><\/strong><\/h2>\n\n\n\n<p>Este cortometraje documental explora uno de los rostros m\u00e1s \u00edntimos y dolorosos de la inmigraci\u00f3n ilegal: la separaci\u00f3n familiar. A trav\u00e9s de una narrativa \u00edntima y contenida, presenta las voces y los silencios de quienes quedaron atr\u00e1s. Padres sin hijos, hijos sin padres, parejas divididas por decisiones inevitables. En consecuencia, el filme pone rostro y emoci\u00f3n a estad\u00edsticas fr\u00edas, mostrando que cada partida es tambi\u00e9n una ruptura emocional.<\/p>\n\n\n\n<h2 class=\"wp-block-heading\"><strong><sub>El precio de cruzar<\/sub><\/strong><\/h2>\n\n\n\n<p>Detr\u00e1s de cada migrante hay un sacrificio oculto. Muchos cruzan fronteras dejando atr\u00e1s a sus seres queridos con la esperanza de brindarles un futuro mejor. Sin embargo, esa esperanza tiene un alto costo. La distancia, la incertidumbre y el miedo se convierten en compa\u00f1eros permanentes. Por lo tanto, lo que se gana en oportunidades se pierde, muchas veces, en afectos no compartidos.<\/p>\n\n\n\n<h2 class=\"wp-block-heading\"><strong><sub>Vidas suspendidas<\/sub><\/strong><\/h2>\n\n\n\n<p>Conforme avanza el relato, el espectador se sumerge en una rutina de llamadas breves, fotograf\u00edas congeladas en el tiempo y promesas que intentan llenar el vac\u00edo de la ausencia. As\u00ed, el cortometraje equilibra lo crudo con lo po\u00e9tico, dando espacio al duelo callado de quienes esperan. De este modo, cada testimonio se convierte en una plegaria silenciosa por el reencuentro.<\/p>\n\n\n\n<h2 class=\"wp-block-heading\"><strong><sub>Una herida colectiva<\/sub><\/strong><\/h2>\n\n\n\n<p>Por consiguiente, la obra va m\u00e1s all\u00e1 de lo individual y retrata un fen\u00f3meno estructural: la fractura familiar como consecuencia de sistemas migratorios injustos. A fin de cuentas, no se trata solo de cruzar una l\u00ednea geogr\u00e1fica, sino de sobrevivir a la fragmentaci\u00f3n del n\u00facleo m\u00e1s humano: la familia.<\/p>\n\n\n\n<h2 class=\"wp-block-heading\"><strong><sub>El hilo invisible del amor<\/sub><\/strong><\/h2>\n\n\n\n<p>En resumen, <em>Mimoune<\/em> es un documental profundamente humano, que nos invita a mirar m\u00e1s all\u00e1 de las fronteras f\u00edsicas y comprender el drama emocional que deja cada despedida. En \u00faltima instancia, es un canto a la esperanza y a los lazos que, a pesar de todo, se niegan a romperse.<\/p>\n\n\n<div class=\"wp-block-image\">\n<figure class=\"aligncenter size-large\"><img decoding=\"async\" width=\"255\" height=\"360\" src=\"https:\/\/elojocojo.org\/wp-content\/uploads\/2008\/09\/cartel_mimoune-255x360.jpg\" alt=\"Cartel del cortometraje Mimoune. En la parte superior, se muestra un primer plano de los ojos de un hombre. Abajo, una franja con peque\u00f1as im\u00e1genes presenta escenas cotidianas con personas en interiores\" class=\"wp-image-65138\" srcset=\"https:\/\/elojocojo.org\/wp-content\/uploads\/2008\/09\/cartel_mimoune-255x360.jpg 255w, https:\/\/elojocojo.org\/wp-content\/uploads\/2008\/09\/cartel_mimoune-354x500.jpg 354w, https:\/\/elojocojo.org\/wp-content\/uploads\/2008\/09\/cartel_mimoune-283x400.jpg 283w, https:\/\/elojocojo.org\/wp-content\/uploads\/2008\/09\/cartel_mimoune-150x212.jpg 150w, https:\/\/elojocojo.org\/wp-content\/uploads\/2008\/09\/cartel_mimoune.jpg 566w\" sizes=\"(max-width: 255px) 100vw, 255px\" \/><\/figure>\n<\/div>\n\n\n<p>PALMAR\u00c9S:<\/p>\n\n\n\n<ul class=\"wp-block-list\">\n<li>Festival de Cine Social y de los Derechos Humanos Cine Otro, Chile &#8211; Mejor Documental sobre Migraci\u00f3n.<\/li>\n\n\n\n<li>Festival de Cine Tercer Milenio, M\u00e9xico &#8211; Mejor Cortometraje.<\/li>\n\n\n\n<li>Terra Di Tutti Film Festival, Italia &#8211; Mejor Cortometraje<\/li>\n\n\n\n<li>Festival Internacional de Curtmetratges Sociais de Banyoles, Espa\u00f1a &#8211; Mejor Obra Extranjera<\/li>\n\n\n\n<li>Festival Internacional de Cine Documental de Iowa, EE. UU &#8211; Mejor Documental.<\/li>\n\n\n\n<li>Semana de Cine Espiritual de Barcelona, Espa\u00f1a &#8211; Premio Pel\u00edcano a la Cooperaci\u00f3n al Desarrollo:<\/li>\n\n\n\n<li>Reconocimiento otorgado en Almer\u00eda, Espa\u00f1a. &#8211; Premio Andaluc\u00eda sobre Migraciones<\/li>\n<\/ul>\n\n\n\n<p>El filme <em>Mimoune<\/em> particip\u00f3 en la edici\u00f3n <a href=\"https:\/\/elojocojo.org\/category\/festival-2007\/\"><strong>2007<\/strong> <\/a>del <a href=\"https:\/\/elojocojo.org\/category\/festival-2007\/\"><strong>Festival de cine el ojO cojo<\/strong> <\/a>en ese sentido nos sentimos honrados de haberla exhibido.<\/p>\n\n\n\n<p>Visita nuestro <a href=\"https:\/\/el-ojocojo.blogspot.com\/\">blog<\/a><\/p>\n\n\n\n<p><a href=\"https:\/\/www.imdb.com\/es-es\/title\/tt1855278\/?ref_=fn_all_ttl_1\">IMDb<\/a><\/p>\n","protected":false},"excerpt":{"rendered":"<p>Aborda la inmigraci\u00f3n ilegal, donde al desarraigo social se une lo mas duro y dif\u00edcil: la separaci\u00f3n familiar. Dirigido por Gonzalo Ballester.<\/p>\n","protected":false},"author":3,"featured_media":61558,"comment_status":"closed","ping_status":"closed","sticky":false,"template":"","format":"standard","meta":{"_monsterinsights_skip_tracking":false,"_monsterinsights_sitenote_active":false,"_monsterinsights_sitenote_note":"","_monsterinsights_sitenote_category":0,"footnotes":""},"categories":[1460,2053,983],"tags":[1927,112,962,940,881,26,1603,15,1981,1092,433,998,60,1910,1438,1231,123,1213],"class_list":{"0":"post-1321","1":"post","2":"type-post","3":"status-publish","4":"format-standard","5":"has-post-thumbnail","7":"category-cortometraje","8":"category-documental","9":"category-festival-2007","10":"tag-1927","11":"tag-amor","12":"tag-amor-filial","13":"tag-centros-de-internamiento-de-inmigrantes","14":"tag-desplazados","15":"tag-discriminacion","16":"tag-duelo","17":"tag-familia","18":"tag-festival-de-cine","19":"tag-fin-de-la-pobreza","20":"tag-inmigrantes","21":"tag-interculturalidad","22":"tag-migraciones","23":"tag-ods","24":"tag-pobreza","25":"tag-reduccion-de-las-desigualdades","26":"tag-religion","27":"tag-saharauis","28":"czr-hentry"},"yoast_head":"<!-- This site is optimized with the Yoast SEO plugin v27.1.1 - https:\/\/yoast.com\/product\/yoast-seo-wordpress\/ -->\n<title>Mimoune - el ojO cojo<\/title>\n<meta name=\"description\" content=\"Pel\u00edcula Mimoune exhibida en la edici\u00f3n 2007 del Festival el ojO cojo. Pa\u00eds de origen, Espa\u00f1a. Dirigido por Gonzalo Ballester.\" \/>\n<meta name=\"robots\" content=\"index, follow, max-snippet:-1, max-image-preview:large, max-video-preview:-1\" \/>\n<link rel=\"canonical\" href=\"https:\/\/elojocojo.org\/mimoune\/\" \/>\n<meta property=\"og:locale\" content=\"es_ES\" \/>\n<meta property=\"og:type\" content=\"article\" \/>\n<meta property=\"og:title\" content=\"Mimoune - el ojO cojo\" \/>\n<meta property=\"og:description\" content=\"Pel\u00edcula Mimoune exhibida en la edici\u00f3n 2007 del Festival el ojO cojo. Pa\u00eds de origen, Espa\u00f1a. Dirigido por Gonzalo Ballester.\" \/>\n<meta property=\"og:url\" content=\"https:\/\/elojocojo.org\/mimoune\/\" \/>\n<meta property=\"og:site_name\" content=\"el ojO cojo\" \/>\n<meta property=\"article:publisher\" content=\"https:\/\/www.facebook.com\/elojocojo\" \/>\n<meta property=\"article:published_time\" content=\"2008-09-05T03:59:21+00:00\" \/>\n<meta property=\"article:modified_time\" content=\"2025-09-23T08:44:21+00:00\" \/>\n<meta property=\"og:image\" content=\"https:\/\/elojocojo.org\/wp-content\/uploads\/2008\/09\/Mimoune1-400x320-1.jpg\" \/>\n\t<meta property=\"og:image:width\" content=\"399\" \/>\n\t<meta property=\"og:image:height\" content=\"187\" \/>\n\t<meta property=\"og:image:type\" content=\"image\/jpeg\" \/>\n<meta name=\"twitter:card\" content=\"summary_large_image\" \/>\n<meta name=\"twitter:creator\" content=\"@elojocojo\" \/>\n<meta name=\"twitter:site\" content=\"@elojocojo\" \/>\n<meta name=\"twitter:label1\" content=\"Escrito por\" \/>\n\t<meta name=\"twitter:data1\" content=\"\" \/>\n\t<meta name=\"twitter:label2\" content=\"Tiempo de lectura\" \/>\n\t<meta name=\"twitter:data2\" content=\"3 minutos\" \/>\n<script type=\"application\/ld+json\" class=\"yoast-schema-graph\">{\"@context\":\"https:\/\/schema.org\",\"@graph\":[{\"@type\":\"Article\",\"@id\":\"https:\/\/elojocojo.org\/mimoune\/#article\",\"isPartOf\":{\"@id\":\"https:\/\/elojocojo.org\/mimoune\/\"},\"author\":{\"name\":\"\",\"@id\":\"\"},\"headline\":\"Mimoune\",\"datePublished\":\"2008-09-05T03:59:21+00:00\",\"dateModified\":\"2025-09-23T08:44:21+00:00\",\"mainEntityOfPage\":{\"@id\":\"https:\/\/elojocojo.org\/mimoune\/\"},\"wordCount\":520,\"publisher\":{\"@id\":\"https:\/\/elojocojo.org\/#organization\"},\"image\":{\"@id\":\"https:\/\/elojocojo.org\/mimoune\/#primaryimage\"},\"thumbnailUrl\":\"https:\/\/elojocojo.org\/wp-content\/uploads\/2008\/09\/Mimoune1-400x320-1.jpg\",\"keywords\":[\"2006\",\"amor\",\"amor filial\",\"centros de internamiento de inmigrantes\",\"Desplazados\",\"discriminaci\u00f3n\",\"duelo\",\"familia\",\"festival de cine\",\"Fin de la pobreza\",\"inmigrantes\",\"interculturalidad\",\"migraciones\",\"ODS\",\"pobreza\",\"Reducci\u00f3n de las desigualdades\",\"religi\u00f3n\",\"saharauis\"],\"articleSection\":[\"Cortometraje\",\"Documental\",\"Festival 2007\"],\"inLanguage\":\"es\"},{\"@type\":\"WebPage\",\"@id\":\"https:\/\/elojocojo.org\/mimoune\/\",\"url\":\"https:\/\/elojocojo.org\/mimoune\/\",\"name\":\"Mimoune - el ojO cojo\",\"isPartOf\":{\"@id\":\"https:\/\/elojocojo.org\/#website\"},\"primaryImageOfPage\":{\"@id\":\"https:\/\/elojocojo.org\/mimoune\/#primaryimage\"},\"image\":{\"@id\":\"https:\/\/elojocojo.org\/mimoune\/#primaryimage\"},\"thumbnailUrl\":\"https:\/\/elojocojo.org\/wp-content\/uploads\/2008\/09\/Mimoune1-400x320-1.jpg\",\"datePublished\":\"2008-09-05T03:59:21+00:00\",\"dateModified\":\"2025-09-23T08:44:21+00:00\",\"description\":\"Pel\u00edcula Mimoune exhibida en la edici\u00f3n 2007 del Festival el ojO cojo. Pa\u00eds de origen, Espa\u00f1a. Dirigido por Gonzalo Ballester.\",\"breadcrumb\":{\"@id\":\"https:\/\/elojocojo.org\/mimoune\/#breadcrumb\"},\"inLanguage\":\"es\",\"potentialAction\":[{\"@type\":\"ReadAction\",\"target\":[\"https:\/\/elojocojo.org\/mimoune\/\"]}]},{\"@type\":\"ImageObject\",\"inLanguage\":\"es\",\"@id\":\"https:\/\/elojocojo.org\/mimoune\/#primaryimage\",\"url\":\"https:\/\/elojocojo.org\/wp-content\/uploads\/2008\/09\/Mimoune1-400x320-1.jpg\",\"contentUrl\":\"https:\/\/elojocojo.org\/wp-content\/uploads\/2008\/09\/Mimoune1-400x320-1.jpg\",\"width\":399,\"height\":187,\"caption\":\"En primer plano, un hombre con la mano apoyada en la cara. Se encuentra en un espacio de interior y la luz ilumina su cara.\"},{\"@type\":\"BreadcrumbList\",\"@id\":\"https:\/\/elojocojo.org\/mimoune\/#breadcrumb\",\"itemListElement\":[{\"@type\":\"ListItem\",\"position\":1,\"name\":\"Portada\",\"item\":\"https:\/\/elojocojo.org\/\"},{\"@type\":\"ListItem\",\"position\":2,\"name\":\"2006\",\"item\":\"https:\/\/elojocojo.org\/tag\/2006\/\"},{\"@type\":\"ListItem\",\"position\":3,\"name\":\"Mimoune\"}]},{\"@type\":\"WebSite\",\"@id\":\"https:\/\/elojocojo.org\/#website\",\"url\":\"https:\/\/elojocojo.org\/\",\"name\":\"el ojO cojo\",\"description\":\"Todos estamos hechos de la misma esencia\",\"publisher\":{\"@id\":\"https:\/\/elojocojo.org\/#organization\"},\"potentialAction\":[{\"@type\":\"SearchAction\",\"target\":{\"@type\":\"EntryPoint\",\"urlTemplate\":\"https:\/\/elojocojo.org\/?s={search_term_string}\"},\"query-input\":{\"@type\":\"PropertyValueSpecification\",\"valueRequired\":true,\"valueName\":\"search_term_string\"}}],\"inLanguage\":\"es\"},{\"@type\":\"Organization\",\"@id\":\"https:\/\/elojocojo.org\/#organization\",\"name\":\"Meigas da r\u00faa\",\"url\":\"https:\/\/elojocojo.org\/\",\"logo\":{\"@type\":\"ImageObject\",\"inLanguage\":\"es\",\"@id\":\"https:\/\/elojocojo.org\/#\/schema\/logo\/image\/\",\"url\":\"https:\/\/meigasdarua.org\/wp-content\/uploads\/2020\/09\/cropped-logo-meigas-5.png\",\"contentUrl\":\"https:\/\/meigasdarua.org\/wp-content\/uploads\/2020\/09\/cropped-logo-meigas-5.png\",\"width\":109,\"height\":200,\"caption\":\"Meigas da r\u00faa\"},\"image\":{\"@id\":\"https:\/\/elojocojo.org\/#\/schema\/logo\/image\/\"},\"sameAs\":[\"https:\/\/www.facebook.com\/elojocojo\",\"https:\/\/x.com\/elojocojo\",\"https:\/\/www.instagram.com\/elojocojo\/?hl=es\",\"https:\/\/www.linkedin.com\/in\/el-ojo-cojo-b52b7769\/\",\"https:\/\/www.pinterest.es\/elojocojo\/_saved\/\",\"https:\/\/www.youtube.com\/channel\/UCkFtFTV0Bms7zH7vq8FZxZg\"]},{\"@type\":\"Person\",\"@id\":\"\",\"url\":\"https:\/\/elojocojo.org\/author\/\"}]}<\/script>\n<!-- \/ Yoast SEO plugin. -->","yoast_head_json":{"title":"Mimoune - el ojO cojo","description":"Pel\u00edcula Mimoune exhibida en la edici\u00f3n 2007 del Festival el ojO cojo. Pa\u00eds de origen, Espa\u00f1a. Dirigido por Gonzalo Ballester.","robots":{"index":"index","follow":"follow","max-snippet":"max-snippet:-1","max-image-preview":"max-image-preview:large","max-video-preview":"max-video-preview:-1"},"canonical":"https:\/\/elojocojo.org\/mimoune\/","og_locale":"es_ES","og_type":"article","og_title":"Mimoune - el ojO cojo","og_description":"Pel\u00edcula Mimoune exhibida en la edici\u00f3n 2007 del Festival el ojO cojo. Pa\u00eds de origen, Espa\u00f1a. Dirigido por Gonzalo Ballester.","og_url":"https:\/\/elojocojo.org\/mimoune\/","og_site_name":"el ojO cojo","article_publisher":"https:\/\/www.facebook.com\/elojocojo","article_published_time":"2008-09-05T03:59:21+00:00","article_modified_time":"2025-09-23T08:44:21+00:00","og_image":[{"width":399,"height":187,"url":"https:\/\/elojocojo.org\/wp-content\/uploads\/2008\/09\/Mimoune1-400x320-1.jpg","type":"image\/jpeg"}],"twitter_card":"summary_large_image","twitter_creator":"@elojocojo","twitter_site":"@elojocojo","twitter_misc":{"Escrito por":"","Tiempo de lectura":"3 minutos"},"schema":{"@context":"https:\/\/schema.org","@graph":[{"@type":"Article","@id":"https:\/\/elojocojo.org\/mimoune\/#article","isPartOf":{"@id":"https:\/\/elojocojo.org\/mimoune\/"},"author":{"name":"","@id":""},"headline":"Mimoune","datePublished":"2008-09-05T03:59:21+00:00","dateModified":"2025-09-23T08:44:21+00:00","mainEntityOfPage":{"@id":"https:\/\/elojocojo.org\/mimoune\/"},"wordCount":520,"publisher":{"@id":"https:\/\/elojocojo.org\/#organization"},"image":{"@id":"https:\/\/elojocojo.org\/mimoune\/#primaryimage"},"thumbnailUrl":"https:\/\/elojocojo.org\/wp-content\/uploads\/2008\/09\/Mimoune1-400x320-1.jpg","keywords":["2006","amor","amor filial","centros de internamiento de inmigrantes","Desplazados","discriminaci\u00f3n","duelo","familia","festival de cine","Fin de la pobreza","inmigrantes","interculturalidad","migraciones","ODS","pobreza","Reducci\u00f3n de las desigualdades","religi\u00f3n","saharauis"],"articleSection":["Cortometraje","Documental","Festival 2007"],"inLanguage":"es"},{"@type":"WebPage","@id":"https:\/\/elojocojo.org\/mimoune\/","url":"https:\/\/elojocojo.org\/mimoune\/","name":"Mimoune - el ojO cojo","isPartOf":{"@id":"https:\/\/elojocojo.org\/#website"},"primaryImageOfPage":{"@id":"https:\/\/elojocojo.org\/mimoune\/#primaryimage"},"image":{"@id":"https:\/\/elojocojo.org\/mimoune\/#primaryimage"},"thumbnailUrl":"https:\/\/elojocojo.org\/wp-content\/uploads\/2008\/09\/Mimoune1-400x320-1.jpg","datePublished":"2008-09-05T03:59:21+00:00","dateModified":"2025-09-23T08:44:21+00:00","description":"Pel\u00edcula Mimoune exhibida en la edici\u00f3n 2007 del Festival el ojO cojo. Pa\u00eds de origen, Espa\u00f1a. Dirigido por Gonzalo Ballester.","breadcrumb":{"@id":"https:\/\/elojocojo.org\/mimoune\/#breadcrumb"},"inLanguage":"es","potentialAction":[{"@type":"ReadAction","target":["https:\/\/elojocojo.org\/mimoune\/"]}]},{"@type":"ImageObject","inLanguage":"es","@id":"https:\/\/elojocojo.org\/mimoune\/#primaryimage","url":"https:\/\/elojocojo.org\/wp-content\/uploads\/2008\/09\/Mimoune1-400x320-1.jpg","contentUrl":"https:\/\/elojocojo.org\/wp-content\/uploads\/2008\/09\/Mimoune1-400x320-1.jpg","width":399,"height":187,"caption":"En primer plano, un hombre con la mano apoyada en la cara. Se encuentra en un espacio de interior y la luz ilumina su cara."},{"@type":"BreadcrumbList","@id":"https:\/\/elojocojo.org\/mimoune\/#breadcrumb","itemListElement":[{"@type":"ListItem","position":1,"name":"Portada","item":"https:\/\/elojocojo.org\/"},{"@type":"ListItem","position":2,"name":"2006","item":"https:\/\/elojocojo.org\/tag\/2006\/"},{"@type":"ListItem","position":3,"name":"Mimoune"}]},{"@type":"WebSite","@id":"https:\/\/elojocojo.org\/#website","url":"https:\/\/elojocojo.org\/","name":"el ojO cojo","description":"Todos estamos hechos de la misma esencia","publisher":{"@id":"https:\/\/elojocojo.org\/#organization"},"potentialAction":[{"@type":"SearchAction","target":{"@type":"EntryPoint","urlTemplate":"https:\/\/elojocojo.org\/?s={search_term_string}"},"query-input":{"@type":"PropertyValueSpecification","valueRequired":true,"valueName":"search_term_string"}}],"inLanguage":"es"},{"@type":"Organization","@id":"https:\/\/elojocojo.org\/#organization","name":"Meigas da r\u00faa","url":"https:\/\/elojocojo.org\/","logo":{"@type":"ImageObject","inLanguage":"es","@id":"https:\/\/elojocojo.org\/#\/schema\/logo\/image\/","url":"https:\/\/meigasdarua.org\/wp-content\/uploads\/2020\/09\/cropped-logo-meigas-5.png","contentUrl":"https:\/\/meigasdarua.org\/wp-content\/uploads\/2020\/09\/cropped-logo-meigas-5.png","width":109,"height":200,"caption":"Meigas da r\u00faa"},"image":{"@id":"https:\/\/elojocojo.org\/#\/schema\/logo\/image\/"},"sameAs":["https:\/\/www.facebook.com\/elojocojo","https:\/\/x.com\/elojocojo","https:\/\/www.instagram.com\/elojocojo\/?hl=es","https:\/\/www.linkedin.com\/in\/el-ojo-cojo-b52b7769\/","https:\/\/www.pinterest.es\/elojocojo\/_saved\/","https:\/\/www.youtube.com\/channel\/UCkFtFTV0Bms7zH7vq8FZxZg"]},{"@type":"Person","@id":"","url":"https:\/\/elojocojo.org\/author\/"}]}},"_links":{"self":[{"href":"https:\/\/elojocojo.org\/wp-json\/wp\/v2\/posts\/1321","targetHints":{"allow":["GET"]}}],"collection":[{"href":"https:\/\/elojocojo.org\/wp-json\/wp\/v2\/posts"}],"about":[{"href":"https:\/\/elojocojo.org\/wp-json\/wp\/v2\/types\/post"}],"author":[{"embeddable":true,"href":"https:\/\/elojocojo.org\/wp-json\/wp\/v2\/users\/3"}],"replies":[{"embeddable":true,"href":"https:\/\/elojocojo.org\/wp-json\/wp\/v2\/comments?post=1321"}],"version-history":[{"count":14,"href":"https:\/\/elojocojo.org\/wp-json\/wp\/v2\/posts\/1321\/revisions"}],"predecessor-version":[{"id":70027,"href":"https:\/\/elojocojo.org\/wp-json\/wp\/v2\/posts\/1321\/revisions\/70027"}],"wp:featuredmedia":[{"embeddable":true,"href":"https:\/\/elojocojo.org\/wp-json\/wp\/v2\/media\/61558"}],"wp:attachment":[{"href":"https:\/\/elojocojo.org\/wp-json\/wp\/v2\/media?parent=1321"}],"wp:term":[{"taxonomy":"category","embeddable":true,"href":"https:\/\/elojocojo.org\/wp-json\/wp\/v2\/categories?post=1321"},{"taxonomy":"post_tag","embeddable":true,"href":"https:\/\/elojocojo.org\/wp-json\/wp\/v2\/tags?post=1321"}],"curies":[{"name":"wp","href":"https:\/\/api.w.org\/{rel}","templated":true}]}}