{"id":1309,"date":"2008-09-04T20:56:09","date_gmt":"2008-09-05T03:56:09","guid":{"rendered":"http:\/\/www.elojocojo.org\/blog2\/?p=1309"},"modified":"2025-09-23T10:44:42","modified_gmt":"2025-09-23T08:44:42","slug":"multitud-de-dodos","status":"publish","type":"post","link":"https:\/\/elojocojo.org\/multitud-de-dodos\/","title":{"rendered":"Multitud de Dodos"},"content":{"rendered":"\n<figure class=\"wp-block-embed is-type-video is-provider-youtube wp-block-embed-youtube wp-embed-aspect-16-9 wp-has-aspect-ratio\"><div class=\"wp-block-embed__wrapper\">\n\n<\/div><\/figure>\n\n\n\n<p>T\u00edtulo: <em>Multitud de Dodos<\/em><\/p>\n\n\n\n<p>T\u00edtulo original: <em>Flocks of Dodos<\/em><\/p>\n\n\n\n<p>A\u00f1o: 2006<\/p>\n\n\n\n<p>Director: Randy Olson<\/p>\n\n\n\n<p>G\u00e9nero: Documental<\/p>\n\n\n\n<p>Duraci\u00f3n: 84&#8242;<\/p>\n\n\n\n<p>Pa\u00eds: Estados Unidos<\/p>\n\n\n\n<p>Formato original: Betacam Pal<\/p>\n\n\n\n<p>Tipo: Color<\/p>\n\n\n\n<p>Idioma original: Ingl\u00e9s<\/p>\n\n\n\n<p>Subt\u00edtulos: Castellano<\/p>\n\n\n\n<p>Producci\u00f3n: Randy Olson<\/p>\n\n\n\n<p>Gui\u00f3n: Randy Olson<\/p>\n\n\n\n<p>Edici\u00f3n\/Montaje: Pascal Leiter<\/p>\n\n\n\n<p>Direcci\u00f3n de fotograf\u00eda: Shane Seley<\/p>\n\n\n\n<p>Sonido: Thomas Chan, Tensi\u00f3n Sebasti\u00e1n III<\/p>\n\n\n\n<p>M\u00fasica: Amotz Plessner<\/p>\n\n\n\n<p>Sinopsis<\/p>\n\n\n\n<h2 class=\"wp-block-heading\"><strong><sub>Un debate encendido<\/sub><\/strong><\/h2>\n\n\n\n<p><em>Multitud de Dodos<\/em> es un documental provocador y original. Explora el enfrentamiento entre la Teor\u00eda de la Evoluci\u00f3n y el Dise\u00f1o Inteligente. Inspirado en el revuelo medi\u00e1tico de 2005, el filme ofrece una mirada aguda al conflicto. Para empezar, presenta los principios cient\u00edficos de la evoluci\u00f3n. Con m\u00e1s de un siglo de respaldo biol\u00f3gico, esta teor\u00eda sigue vigente. Luego, introduce el Dise\u00f1o Inteligente, que postula una causa superior detr\u00e1s de la complejidad del universo.<\/p>\n\n\n\n<h2 class=\"wp-block-heading\"><strong><sub>M\u00e1s que ciencia, Multitud de Dodos<\/sub><\/strong><\/h2>\n\n\n\n<p>El documental va m\u00e1s all\u00e1 de los laboratorios. Plantea que el debate no es solo cient\u00edfico, sino tambi\u00e9n ideol\u00f3gico y cultural. Adem\u00e1s, aborda su impacto en pol\u00edticas educativas estadounidenses. Por ejemplo, examina juicios sobre la ense\u00f1anza del Dise\u00f1o Inteligente en escuelas p\u00fablicas. As\u00ed, el espectador comprende que la controversia toca nervios profundos en la sociedad.<\/p>\n\n\n\n<h2 class=\"wp-block-heading\"><strong><sub>Voces en tensi\u00f3n<\/sub><\/strong><\/h2>\n\n\n\n<p>Las entrevistas revelan la diversidad del conflicto. Cient\u00edficos, religiosos, docentes y ciudadanos comunes ofrecen sus visiones. Mientras tanto, se exponen los matices del debate p\u00fablico. En consecuencia, la divisi\u00f3n de opiniones se vuelve evidente. Incluso hoy, el origen de la vida sigue siendo un tema explosivo.<\/p>\n\n\n\n<h2 class=\"wp-block-heading\"><strong><sub>La ciencia frente al espect\u00e1culo<\/sub><\/strong><\/h2>\n\n\n\n<p>El documental tambi\u00e9n cuestiona el rol de los medios. Estos han simplificado el conflicto hasta deformarlo. Asimismo, denuncia la brecha entre ciencia y sociedad. Por eso, surge la preocupaci\u00f3n: \u00bfpuede la evidencia sobrevivir a la desinformaci\u00f3n?<\/p>\n\n\n\n<h2 class=\"wp-block-heading\"><strong><sub>Multitud de Dodos, humor que hace pensar<\/sub><\/strong><\/h2>\n\n\n\n<p>Randy Olson, bi\u00f3logo y cineasta, elige el humor como herramienta. Finalmente, <em>Multitud de Dodos<\/em> no impone respuestas. Invita a reflexionar con una sonrisa inc\u00f3moda. Y deja una pregunta abierta: \u00bfvaloramos realmente la ciencia en nuestra cultura?<\/p>\n\n\n<div class=\"wp-block-image\">\n<figure class=\"aligncenter size-large\"><img decoding=\"async\" width=\"255\" height=\"360\" src=\"https:\/\/elojocojo.org\/wp-content\/uploads\/2008\/09\/cartel_mulltitud_de_dodos-255x360.jpg\" alt=\"Cartel de la pel\u00edcula &quot;Multitud de dodos&quot;. Sale el t\u00edtulo de la pelicula en amarillo, detras hay un cielo nublado. A su alrededor hay dibujos de dodos.\" class=\"wp-image-63911\" srcset=\"https:\/\/elojocojo.org\/wp-content\/uploads\/2008\/09\/cartel_mulltitud_de_dodos-255x360.jpg 255w, https:\/\/elojocojo.org\/wp-content\/uploads\/2008\/09\/cartel_mulltitud_de_dodos-354x500.jpg 354w, https:\/\/elojocojo.org\/wp-content\/uploads\/2008\/09\/cartel_mulltitud_de_dodos-283x400.jpg 283w, https:\/\/elojocojo.org\/wp-content\/uploads\/2008\/09\/cartel_mulltitud_de_dodos-150x212.jpg 150w, https:\/\/elojocojo.org\/wp-content\/uploads\/2008\/09\/cartel_mulltitud_de_dodos.jpg 566w\" sizes=\"(max-width: 255px) 100vw, 255px\" \/><\/figure>\n<\/div>\n\n\n<p>PALMAR\u00c9S<\/p>\n\n\n\n<p>2006: <\/p>\n\n\n\n<ul class=\"wp-block-list\">\n<li>Festival del Cine Nuevo Hampshire &#8211; Premio al Mejor Documental.<\/li>\n<\/ul>\n\n\n\n<p>El filme <em>Multitud de Dodos<\/em> particip\u00f3 en la edici\u00f3n <a href=\"https:\/\/elojocojo.org\/category\/festival-2007\/\"><strong>2007<\/strong> <\/a>del <a href=\"https:\/\/elojocojo.org\/bienvenida\/festivalelojocojo\/\"><strong>Festival de cine el ojO cojo<\/strong> <\/a>en ese sentido nos sentimos honrados de haberla exhibido.<\/p>\n\n\n\n<p>Visita nuestro <a href=\"https:\/\/el-ojocojo.blogspot.com\/\">blog<\/a>.<\/p>\n\n\n\n<p><a href=\"https:\/\/www.imdb.com\/es-es\/title\/tt0800334\/?ref_=nv_sr_srsg_0_tt_2_nm_0_in_0_q_flocks%2520of%2520dodos\">IMDB<\/a>: 7.2\/10<\/p>\n\n\n\n<p><\/p>\n","protected":false},"excerpt":{"rendered":"<p>Presenta las dos caras del choque Dise\u00f1o Inteligente-Evoluci\u00f3n que apareci\u00f3 en la cobertura de la revista Times y Newsweek en 2005. Dirigido por Randy Olson <\/p>\n","protected":false},"author":3,"featured_media":63917,"comment_status":"closed","ping_status":"open","sticky":false,"template":"","format":"standard","meta":{"_monsterinsights_skip_tracking":false,"_monsterinsights_sitenote_active":false,"_monsterinsights_sitenote_note":"","_monsterinsights_sitenote_category":0,"footnotes":""},"categories":[2053,983],"tags":[1927,1923,186,960,1403,1270,1440,1981,1982,288,1910],"class_list":{"0":"post-1309","1":"post","2":"type-post","3":"status-publish","4":"format-standard","5":"has-post-thumbnail","7":"category-documental","8":"category-festival-2007","9":"tag-1927","10":"tag-1923","11":"tag-arte","12":"tag-creatividad","13":"tag-educacion-de-calidad","14":"tag-empleo","15":"tag-estados-unidos","16":"tag-festival-de-cine","17":"tag-festival-el-ojo-cojo","18":"tag-jovenes","19":"tag-ods","20":"czr-hentry"},"yoast_head":"<!-- This site is optimized with the Yoast SEO plugin v27.1.1 - https:\/\/yoast.com\/product\/yoast-seo-wordpress\/ -->\n<title>Multitud de Dodos - el ojO cojo<\/title>\n<meta name=\"description\" content=\"Pel\u00edcula Multitud de Dodos exhibida en la edici\u00f3n 2007 del Festival el ojO cojo. Pa\u00eds de origen, Estados Unidos. Dirigido por Randy Olson.\" \/>\n<meta name=\"robots\" content=\"index, follow, max-snippet:-1, max-image-preview:large, max-video-preview:-1\" \/>\n<link rel=\"canonical\" href=\"https:\/\/elojocojo.org\/multitud-de-dodos\/\" \/>\n<meta property=\"og:locale\" content=\"es_ES\" \/>\n<meta property=\"og:type\" content=\"article\" \/>\n<meta property=\"og:title\" content=\"Multitud de Dodos - el ojO cojo\" \/>\n<meta property=\"og:description\" content=\"Pel\u00edcula Multitud de Dodos exhibida en la edici\u00f3n 2007 del Festival el ojO cojo. Pa\u00eds de origen, Estados Unidos. Dirigido por Randy Olson.\" \/>\n<meta property=\"og:url\" content=\"https:\/\/elojocojo.org\/multitud-de-dodos\/\" \/>\n<meta property=\"og:site_name\" content=\"el ojO cojo\" \/>\n<meta property=\"article:publisher\" content=\"https:\/\/www.facebook.com\/elojocojo\" \/>\n<meta property=\"article:published_time\" content=\"2008-09-05T03:56:09+00:00\" \/>\n<meta property=\"article:modified_time\" content=\"2025-09-23T08:44:42+00:00\" \/>\n<meta property=\"og:image\" content=\"https:\/\/elojocojo.org\/wp-content\/uploads\/2008\/09\/multitud_de_dodos-1-e1747662939463.jpg\" \/>\n\t<meta property=\"og:image:width\" content=\"1110\" \/>\n\t<meta property=\"og:image:height\" content=\"424\" \/>\n\t<meta property=\"og:image:type\" content=\"image\/jpeg\" \/>\n<meta name=\"twitter:card\" content=\"summary_large_image\" \/>\n<meta name=\"twitter:creator\" content=\"@elojocojo\" \/>\n<meta name=\"twitter:site\" content=\"@elojocojo\" \/>\n<meta name=\"twitter:label1\" content=\"Escrito por\" \/>\n\t<meta name=\"twitter:data1\" content=\"\" \/>\n\t<meta name=\"twitter:label2\" content=\"Tiempo de lectura\" \/>\n\t<meta name=\"twitter:data2\" content=\"2 minutos\" \/>\n<script type=\"application\/ld+json\" class=\"yoast-schema-graph\">{\"@context\":\"https:\/\/schema.org\",\"@graph\":[{\"@type\":\"Article\",\"@id\":\"https:\/\/elojocojo.org\/multitud-de-dodos\/#article\",\"isPartOf\":{\"@id\":\"https:\/\/elojocojo.org\/multitud-de-dodos\/\"},\"author\":{\"name\":\"\",\"@id\":\"\"},\"headline\":\"Multitud de Dodos\",\"datePublished\":\"2008-09-05T03:56:09+00:00\",\"dateModified\":\"2025-09-23T08:44:42+00:00\",\"mainEntityOfPage\":{\"@id\":\"https:\/\/elojocojo.org\/multitud-de-dodos\/\"},\"wordCount\":417,\"publisher\":{\"@id\":\"https:\/\/elojocojo.org\/#organization\"},\"image\":{\"@id\":\"https:\/\/elojocojo.org\/multitud-de-dodos\/#primaryimage\"},\"thumbnailUrl\":\"https:\/\/elojocojo.org\/wp-content\/uploads\/2008\/09\/multitud_de_dodos-1-e1747662939463.jpg\",\"keywords\":[\"2006\",\"2007\",\"Arte\",\"creatividad\",\"Educaci\u00f3n de calidad\",\"empleo\",\"Estados Unidos\",\"festival de cine\",\"Festival el Ojo cojo\",\"j\u00f3venes\",\"ODS\"],\"articleSection\":[\"Documental\",\"Festival 2007\"],\"inLanguage\":\"es\"},{\"@type\":\"WebPage\",\"@id\":\"https:\/\/elojocojo.org\/multitud-de-dodos\/\",\"url\":\"https:\/\/elojocojo.org\/multitud-de-dodos\/\",\"name\":\"Multitud de Dodos - el ojO cojo\",\"isPartOf\":{\"@id\":\"https:\/\/elojocojo.org\/#website\"},\"primaryImageOfPage\":{\"@id\":\"https:\/\/elojocojo.org\/multitud-de-dodos\/#primaryimage\"},\"image\":{\"@id\":\"https:\/\/elojocojo.org\/multitud-de-dodos\/#primaryimage\"},\"thumbnailUrl\":\"https:\/\/elojocojo.org\/wp-content\/uploads\/2008\/09\/multitud_de_dodos-1-e1747662939463.jpg\",\"datePublished\":\"2008-09-05T03:56:09+00:00\",\"dateModified\":\"2025-09-23T08:44:42+00:00\",\"description\":\"Pel\u00edcula Multitud de Dodos exhibida en la edici\u00f3n 2007 del Festival el ojO cojo. Pa\u00eds de origen, Estados Unidos. Dirigido por Randy Olson.\",\"breadcrumb\":{\"@id\":\"https:\/\/elojocojo.org\/multitud-de-dodos\/#breadcrumb\"},\"inLanguage\":\"es\",\"potentialAction\":[{\"@type\":\"ReadAction\",\"target\":[\"https:\/\/elojocojo.org\/multitud-de-dodos\/\"]}]},{\"@type\":\"ImageObject\",\"inLanguage\":\"es\",\"@id\":\"https:\/\/elojocojo.org\/multitud-de-dodos\/#primaryimage\",\"url\":\"https:\/\/elojocojo.org\/wp-content\/uploads\/2008\/09\/multitud_de_dodos-1-e1747662939463.jpg\",\"contentUrl\":\"https:\/\/elojocojo.org\/wp-content\/uploads\/2008\/09\/multitud_de_dodos-1-e1747662939463.jpg\",\"width\":1110,\"height\":424,\"caption\":\"Una mujer mayor, de cabello pelirrojo y expresi\u00f3n de sorpresa exagerada, mira hacia el frente mientras sostiene un peri\u00f3dico. A su lado, aparece una estatua o imagen en blanco y negro de un hombre barbudo, y un personaje animado colorido con ojos saltones. El fondo muestra un interior dom\u00e9stico con objetos decorativos.\"},{\"@type\":\"BreadcrumbList\",\"@id\":\"https:\/\/elojocojo.org\/multitud-de-dodos\/#breadcrumb\",\"itemListElement\":[{\"@type\":\"ListItem\",\"position\":1,\"name\":\"Portada\",\"item\":\"https:\/\/elojocojo.org\/\"},{\"@type\":\"ListItem\",\"position\":2,\"name\":\"2006\",\"item\":\"https:\/\/elojocojo.org\/tag\/2006\/\"},{\"@type\":\"ListItem\",\"position\":3,\"name\":\"Multitud de Dodos\"}]},{\"@type\":\"WebSite\",\"@id\":\"https:\/\/elojocojo.org\/#website\",\"url\":\"https:\/\/elojocojo.org\/\",\"name\":\"el ojO cojo\",\"description\":\"Todos estamos hechos de la misma esencia\",\"publisher\":{\"@id\":\"https:\/\/elojocojo.org\/#organization\"},\"potentialAction\":[{\"@type\":\"SearchAction\",\"target\":{\"@type\":\"EntryPoint\",\"urlTemplate\":\"https:\/\/elojocojo.org\/?s={search_term_string}\"},\"query-input\":{\"@type\":\"PropertyValueSpecification\",\"valueRequired\":true,\"valueName\":\"search_term_string\"}}],\"inLanguage\":\"es\"},{\"@type\":\"Organization\",\"@id\":\"https:\/\/elojocojo.org\/#organization\",\"name\":\"Meigas da r\u00faa\",\"url\":\"https:\/\/elojocojo.org\/\",\"logo\":{\"@type\":\"ImageObject\",\"inLanguage\":\"es\",\"@id\":\"https:\/\/elojocojo.org\/#\/schema\/logo\/image\/\",\"url\":\"https:\/\/meigasdarua.org\/wp-content\/uploads\/2020\/09\/cropped-logo-meigas-5.png\",\"contentUrl\":\"https:\/\/meigasdarua.org\/wp-content\/uploads\/2020\/09\/cropped-logo-meigas-5.png\",\"width\":109,\"height\":200,\"caption\":\"Meigas da r\u00faa\"},\"image\":{\"@id\":\"https:\/\/elojocojo.org\/#\/schema\/logo\/image\/\"},\"sameAs\":[\"https:\/\/www.facebook.com\/elojocojo\",\"https:\/\/x.com\/elojocojo\",\"https:\/\/www.instagram.com\/elojocojo\/?hl=es\",\"https:\/\/www.linkedin.com\/in\/el-ojo-cojo-b52b7769\/\",\"https:\/\/www.pinterest.es\/elojocojo\/_saved\/\",\"https:\/\/www.youtube.com\/channel\/UCkFtFTV0Bms7zH7vq8FZxZg\"]},{\"@type\":\"Person\",\"@id\":\"\",\"url\":\"https:\/\/elojocojo.org\/author\/\"}]}<\/script>\n<!-- \/ Yoast SEO plugin. -->","yoast_head_json":{"title":"Multitud de Dodos - el ojO cojo","description":"Pel\u00edcula Multitud de Dodos exhibida en la edici\u00f3n 2007 del Festival el ojO cojo. Pa\u00eds de origen, Estados Unidos. Dirigido por Randy Olson.","robots":{"index":"index","follow":"follow","max-snippet":"max-snippet:-1","max-image-preview":"max-image-preview:large","max-video-preview":"max-video-preview:-1"},"canonical":"https:\/\/elojocojo.org\/multitud-de-dodos\/","og_locale":"es_ES","og_type":"article","og_title":"Multitud de Dodos - el ojO cojo","og_description":"Pel\u00edcula Multitud de Dodos exhibida en la edici\u00f3n 2007 del Festival el ojO cojo. Pa\u00eds de origen, Estados Unidos. Dirigido por Randy Olson.","og_url":"https:\/\/elojocojo.org\/multitud-de-dodos\/","og_site_name":"el ojO cojo","article_publisher":"https:\/\/www.facebook.com\/elojocojo","article_published_time":"2008-09-05T03:56:09+00:00","article_modified_time":"2025-09-23T08:44:42+00:00","og_image":[{"width":1110,"height":424,"url":"https:\/\/elojocojo.org\/wp-content\/uploads\/2008\/09\/multitud_de_dodos-1-e1747662939463.jpg","type":"image\/jpeg"}],"twitter_card":"summary_large_image","twitter_creator":"@elojocojo","twitter_site":"@elojocojo","twitter_misc":{"Escrito por":"","Tiempo de lectura":"2 minutos"},"schema":{"@context":"https:\/\/schema.org","@graph":[{"@type":"Article","@id":"https:\/\/elojocojo.org\/multitud-de-dodos\/#article","isPartOf":{"@id":"https:\/\/elojocojo.org\/multitud-de-dodos\/"},"author":{"name":"","@id":""},"headline":"Multitud de Dodos","datePublished":"2008-09-05T03:56:09+00:00","dateModified":"2025-09-23T08:44:42+00:00","mainEntityOfPage":{"@id":"https:\/\/elojocojo.org\/multitud-de-dodos\/"},"wordCount":417,"publisher":{"@id":"https:\/\/elojocojo.org\/#organization"},"image":{"@id":"https:\/\/elojocojo.org\/multitud-de-dodos\/#primaryimage"},"thumbnailUrl":"https:\/\/elojocojo.org\/wp-content\/uploads\/2008\/09\/multitud_de_dodos-1-e1747662939463.jpg","keywords":["2006","2007","Arte","creatividad","Educaci\u00f3n de calidad","empleo","Estados Unidos","festival de cine","Festival el Ojo cojo","j\u00f3venes","ODS"],"articleSection":["Documental","Festival 2007"],"inLanguage":"es"},{"@type":"WebPage","@id":"https:\/\/elojocojo.org\/multitud-de-dodos\/","url":"https:\/\/elojocojo.org\/multitud-de-dodos\/","name":"Multitud de Dodos - el ojO cojo","isPartOf":{"@id":"https:\/\/elojocojo.org\/#website"},"primaryImageOfPage":{"@id":"https:\/\/elojocojo.org\/multitud-de-dodos\/#primaryimage"},"image":{"@id":"https:\/\/elojocojo.org\/multitud-de-dodos\/#primaryimage"},"thumbnailUrl":"https:\/\/elojocojo.org\/wp-content\/uploads\/2008\/09\/multitud_de_dodos-1-e1747662939463.jpg","datePublished":"2008-09-05T03:56:09+00:00","dateModified":"2025-09-23T08:44:42+00:00","description":"Pel\u00edcula Multitud de Dodos exhibida en la edici\u00f3n 2007 del Festival el ojO cojo. Pa\u00eds de origen, Estados Unidos. Dirigido por Randy Olson.","breadcrumb":{"@id":"https:\/\/elojocojo.org\/multitud-de-dodos\/#breadcrumb"},"inLanguage":"es","potentialAction":[{"@type":"ReadAction","target":["https:\/\/elojocojo.org\/multitud-de-dodos\/"]}]},{"@type":"ImageObject","inLanguage":"es","@id":"https:\/\/elojocojo.org\/multitud-de-dodos\/#primaryimage","url":"https:\/\/elojocojo.org\/wp-content\/uploads\/2008\/09\/multitud_de_dodos-1-e1747662939463.jpg","contentUrl":"https:\/\/elojocojo.org\/wp-content\/uploads\/2008\/09\/multitud_de_dodos-1-e1747662939463.jpg","width":1110,"height":424,"caption":"Una mujer mayor, de cabello pelirrojo y expresi\u00f3n de sorpresa exagerada, mira hacia el frente mientras sostiene un peri\u00f3dico. A su lado, aparece una estatua o imagen en blanco y negro de un hombre barbudo, y un personaje animado colorido con ojos saltones. El fondo muestra un interior dom\u00e9stico con objetos decorativos."},{"@type":"BreadcrumbList","@id":"https:\/\/elojocojo.org\/multitud-de-dodos\/#breadcrumb","itemListElement":[{"@type":"ListItem","position":1,"name":"Portada","item":"https:\/\/elojocojo.org\/"},{"@type":"ListItem","position":2,"name":"2006","item":"https:\/\/elojocojo.org\/tag\/2006\/"},{"@type":"ListItem","position":3,"name":"Multitud de Dodos"}]},{"@type":"WebSite","@id":"https:\/\/elojocojo.org\/#website","url":"https:\/\/elojocojo.org\/","name":"el ojO cojo","description":"Todos estamos hechos de la misma esencia","publisher":{"@id":"https:\/\/elojocojo.org\/#organization"},"potentialAction":[{"@type":"SearchAction","target":{"@type":"EntryPoint","urlTemplate":"https:\/\/elojocojo.org\/?s={search_term_string}"},"query-input":{"@type":"PropertyValueSpecification","valueRequired":true,"valueName":"search_term_string"}}],"inLanguage":"es"},{"@type":"Organization","@id":"https:\/\/elojocojo.org\/#organization","name":"Meigas da r\u00faa","url":"https:\/\/elojocojo.org\/","logo":{"@type":"ImageObject","inLanguage":"es","@id":"https:\/\/elojocojo.org\/#\/schema\/logo\/image\/","url":"https:\/\/meigasdarua.org\/wp-content\/uploads\/2020\/09\/cropped-logo-meigas-5.png","contentUrl":"https:\/\/meigasdarua.org\/wp-content\/uploads\/2020\/09\/cropped-logo-meigas-5.png","width":109,"height":200,"caption":"Meigas da r\u00faa"},"image":{"@id":"https:\/\/elojocojo.org\/#\/schema\/logo\/image\/"},"sameAs":["https:\/\/www.facebook.com\/elojocojo","https:\/\/x.com\/elojocojo","https:\/\/www.instagram.com\/elojocojo\/?hl=es","https:\/\/www.linkedin.com\/in\/el-ojo-cojo-b52b7769\/","https:\/\/www.pinterest.es\/elojocojo\/_saved\/","https:\/\/www.youtube.com\/channel\/UCkFtFTV0Bms7zH7vq8FZxZg"]},{"@type":"Person","@id":"","url":"https:\/\/elojocojo.org\/author\/"}]}},"_links":{"self":[{"href":"https:\/\/elojocojo.org\/wp-json\/wp\/v2\/posts\/1309","targetHints":{"allow":["GET"]}}],"collection":[{"href":"https:\/\/elojocojo.org\/wp-json\/wp\/v2\/posts"}],"about":[{"href":"https:\/\/elojocojo.org\/wp-json\/wp\/v2\/types\/post"}],"author":[{"embeddable":true,"href":"https:\/\/elojocojo.org\/wp-json\/wp\/v2\/users\/3"}],"replies":[{"embeddable":true,"href":"https:\/\/elojocojo.org\/wp-json\/wp\/v2\/comments?post=1309"}],"version-history":[{"count":14,"href":"https:\/\/elojocojo.org\/wp-json\/wp\/v2\/posts\/1309\/revisions"}],"predecessor-version":[{"id":73045,"href":"https:\/\/elojocojo.org\/wp-json\/wp\/v2\/posts\/1309\/revisions\/73045"}],"wp:featuredmedia":[{"embeddable":true,"href":"https:\/\/elojocojo.org\/wp-json\/wp\/v2\/media\/63917"}],"wp:attachment":[{"href":"https:\/\/elojocojo.org\/wp-json\/wp\/v2\/media?parent=1309"}],"wp:term":[{"taxonomy":"category","embeddable":true,"href":"https:\/\/elojocojo.org\/wp-json\/wp\/v2\/categories?post=1309"},{"taxonomy":"post_tag","embeddable":true,"href":"https:\/\/elojocojo.org\/wp-json\/wp\/v2\/tags?post=1309"}],"curies":[{"name":"wp","href":"https:\/\/api.w.org\/{rel}","templated":true}]}}