{"id":13042,"date":"2014-05-30T07:33:25","date_gmt":"2014-05-30T14:33:25","guid":{"rendered":"http:\/\/www.elojocojo.org\/?p=13042"},"modified":"2025-09-18T10:45:42","modified_gmt":"2025-09-18T08:45:42","slug":"liberacion","status":"publish","type":"post","link":"https:\/\/elojocojo.org\/liberacion\/","title":{"rendered":"Liberaci\u00f3n"},"content":{"rendered":"<p><strong>T\u00cdTULO<\/strong>: Liberaci\u00f3n<\/p>\n<p><strong>T\u00cdTULO ORIGINAL<\/strong>: RIDDANCE<\/p>\n<p><span style=\"font-weight: 400;\"><strong>DIRECTOR<\/strong>: Aco Aziz Merza <\/span><\/p>\n<p><strong>G\u00c9NERO<\/strong>: Ficci\u00f3n<\/p>\n<p><strong>DURACI\u00d3N<\/strong>: 13&#8242; 6\u00a8<\/p>\n<p><strong>PA\u00cdS<\/strong>: Irak<\/p>\n<p><strong>IDIOMA ORIGINAL<\/strong>: \u00c1rabe<\/p>\n<p><span style=\"font-weight: 400;\"><strong>PRODUCCI\u00d3N<\/strong>:\u00a0<\/span><span style=\"font-weight: 400;\">Clave Cast, <\/span><span style=\"font-weight: 400;\">Parzhin Talib, <\/span><span style=\"font-weight: 400;\">Azad Bastan<\/span><\/p>\n<p><span style=\"font-weight: 400;\"><strong>GUI\u00d3N<\/strong>: <\/span><span style=\"font-weight: 400;\">Loqman Sokhanvar, <\/span><span style=\"font-weight: 400;\">Aco Aziz Merza <\/span><\/p>\n<p><strong>Sinopsis<\/strong><\/p>\n<p>En el conmovedor cortometraje \u00abLiberaci\u00f3n\u00bb de Aco Aziz Merza, se narra la historia de una joven siria que enfrenta una decisi\u00f3n desgarradora: abandonar su tierra natal debido a los problemas pol\u00edticos y sociales que la rodean. A medida que la trama avanza, se exploran las complejidades de su viaje, desde los momentos de incertidumbre hasta los destellos de esperanza. Por un lado, su partida simboliza un acto de valent\u00eda; por otro lado, refleja el dolor de dejar atr\u00e1s todo lo que conoce.<\/p>\n<p>Adem\u00e1s, el cortometraje utiliza transiciones fluidas para conectar las emociones de la protagonista con los desaf\u00edos que enfrenta. Mientras tanto, el espectador es llevado a reflexionar sobre las realidades de quienes se ven obligados a buscar una nueva vida lejos de su hogar. En \u00faltima instancia, \u00abLiberaci\u00f3n\u00bb es un homenaje a la resiliencia humana y a la capacidad de encontrar luz incluso en los momentos m\u00e1s oscuros.<\/p>\n<p class=\"p1\">El filme Liberaci\u00f3n particip\u00f3 en la edici\u00f3n <span class=\"s1\"><b>2014<\/b><\/span>\u00a0del <a href=\"https:\/\/elojocojo.org\/category\/festival-2014\/\"><span class=\"s1\"><b>Festival<\/b><\/span><\/a><a href=\"https:\/\/elojocojo.org\/category\/festival-2013\/\"><span class=\"s1\"><b> de cine el ojO cojo<\/b> <\/span><\/a>en ese sentido nos sentimos honrados de haberla exhibido.<\/p>\n<p>Visita nuestro <a href=\"https:\/\/el-ojocojo.blogspot.com\/\">blog<\/a><\/p>\n","protected":false},"excerpt":{"rendered":"<p>T\u00cdTULO: Liberaci\u00f3n T\u00cdTULO ORIGINAL: RIDDANCE DIRECTOR: Aco Aziz Merza G\u00c9NERO: Ficci\u00f3n DURACI\u00d3N: 13&#8242; 6\u00a8 PA\u00cdS: Irak IDIOMA ORIGINAL: \u00c1rabe PRODUCCI\u00d3N:\u00a0Clave Cast, Parzhin Talib, Azad Bastan GUI\u00d3N: Loqman Sokhanvar, Aco Aziz Merza Sinopsis En el conmovedor cortometraje \u00abLiberaci\u00f3n\u00bb de Aco Aziz Merza, se narra la historia de una joven siria que enfrenta una decisi\u00f3n desgarradora: abandonar [&hellip;]<\/p>\n","protected":false},"author":11,"featured_media":59278,"comment_status":"closed","ping_status":"closed","sticky":false,"template":"","format":"standard","meta":{"_monsterinsights_skip_tracking":false,"_monsterinsights_sitenote_active":false,"_monsterinsights_sitenote_note":"","_monsterinsights_sitenote_category":0,"footnotes":""},"categories":[1460,7,30],"tags":[1999,895,75,1468,2191,1981,1982,1628,1092,878,96,288,226,60,91,1712,179,97,707,1484,1128,95,74],"class_list":{"0":"post-13042","1":"post","2":"type-post","3":"status-publish","4":"format-standard","5":"has-post-thumbnail","7":"category-cortometraje","8":"category-festival-2014","9":"category-ficcion","10":"tag-1999","11":"tag-adolescentes","12":"tag-asia","13":"tag-cortometraje","14":"tag-esperanza","15":"tag-festival-de-cine","16":"tag-festival-el-ojo-cojo","17":"tag-ficcion","18":"tag-fin-de-la-pobreza","19":"tag-historia","20":"tag-irak","21":"tag-jovenes","22":"tag-libertad","23":"tag-migraciones","24":"tag-mujer","25":"tag-peliculas-para-adolescentes","26":"tag-politica","27":"tag-refugiados","28":"tag-reivindicacion","29":"tag-salud-mental","30":"tag-salud-y-bienestar","31":"tag-siria","32":"tag-solidaridad","33":"czr-hentry"},"yoast_head":"<!-- This site is optimized with the Yoast SEO plugin v27.1.1 - https:\/\/yoast.com\/product\/yoast-seo-wordpress\/ -->\n<title>Liberaci\u00f3n - el ojO cojo<\/title>\n<meta name=\"description\" content=\"Cortometraje Liberaci\u00f3n exhibido en la edici\u00f3n 2014 del Festival el ojO cojo. Pa\u00eds de origen, Irak. Dirigido por Aco Aziz Merza.\" \/>\n<meta name=\"robots\" content=\"index, follow, max-snippet:-1, max-image-preview:large, max-video-preview:-1\" \/>\n<link rel=\"canonical\" href=\"https:\/\/elojocojo.org\/liberacion\/\" \/>\n<meta property=\"og:locale\" content=\"es_ES\" \/>\n<meta property=\"og:type\" content=\"article\" \/>\n<meta property=\"og:title\" content=\"Liberaci\u00f3n - el ojO cojo\" \/>\n<meta property=\"og:description\" content=\"Cortometraje Liberaci\u00f3n exhibido en la edici\u00f3n 2014 del Festival el ojO cojo. Pa\u00eds de origen, Irak. Dirigido por Aco Aziz Merza.\" \/>\n<meta property=\"og:url\" content=\"https:\/\/elojocojo.org\/liberacion\/\" \/>\n<meta property=\"og:site_name\" content=\"el ojO cojo\" \/>\n<meta property=\"article:publisher\" content=\"https:\/\/www.facebook.com\/elojocojo\" \/>\n<meta property=\"article:published_time\" content=\"2014-05-30T14:33:25+00:00\" \/>\n<meta property=\"article:modified_time\" content=\"2025-09-18T08:45:42+00:00\" \/>\n<meta property=\"og:image\" content=\"https:\/\/elojocojo.org\/wp-content\/uploads\/2014\/05\/Liberacion.jpg\" \/>\n\t<meta property=\"og:image:width\" content=\"1036\" \/>\n\t<meta property=\"og:image:height\" content=\"383\" \/>\n\t<meta property=\"og:image:type\" content=\"image\/jpeg\" \/>\n<meta name=\"author\" content=\"cojo\" \/>\n<meta name=\"twitter:card\" content=\"summary_large_image\" \/>\n<meta name=\"twitter:creator\" content=\"@elojocojo\" \/>\n<meta name=\"twitter:site\" content=\"@elojocojo\" \/>\n<meta name=\"twitter:label1\" content=\"Escrito por\" \/>\n\t<meta name=\"twitter:data1\" content=\"cojo\" \/>\n\t<meta name=\"twitter:label2\" content=\"Tiempo de lectura\" \/>\n\t<meta name=\"twitter:data2\" content=\"1 minuto\" \/>\n<script type=\"application\/ld+json\" class=\"yoast-schema-graph\">{\"@context\":\"https:\/\/schema.org\",\"@graph\":[{\"@type\":\"Article\",\"@id\":\"https:\/\/elojocojo.org\/liberacion\/#article\",\"isPartOf\":{\"@id\":\"https:\/\/elojocojo.org\/liberacion\/\"},\"author\":{\"name\":\"cojo\",\"@id\":\"https:\/\/elojocojo.org\/#\/schema\/person\/cba15985dd5da095cac31c1ff0d6e23e\"},\"headline\":\"Liberaci\u00f3n\",\"datePublished\":\"2014-05-30T14:33:25+00:00\",\"dateModified\":\"2025-09-18T08:45:42+00:00\",\"mainEntityOfPage\":{\"@id\":\"https:\/\/elojocojo.org\/liberacion\/\"},\"wordCount\":228,\"publisher\":{\"@id\":\"https:\/\/elojocojo.org\/#organization\"},\"image\":{\"@id\":\"https:\/\/elojocojo.org\/liberacion\/#primaryimage\"},\"thumbnailUrl\":\"https:\/\/elojocojo.org\/wp-content\/uploads\/2014\/05\/Liberacion.jpg\",\"keywords\":[\"2014\",\"Adolescentes\",\"Asia\",\"cortometraje\",\"esperanza\",\"festival de cine\",\"Festival el Ojo cojo\",\"ficci\u00f3n\",\"Fin de la pobreza\",\"historia\",\"Irak\",\"j\u00f3venes\",\"libertad\",\"migraciones\",\"mujer\",\"pel\u00edculas para adolescentes\",\"pol\u00edtica\",\"refugiados\",\"reivindicaci\u00f3n\",\"salud mental\",\"Salud y bienestar\",\"Siria\",\"solidaridad\"],\"articleSection\":[\"Cortometraje\",\"Festival 2014\",\"Ficci\u00f3n\"],\"inLanguage\":\"es\"},{\"@type\":\"WebPage\",\"@id\":\"https:\/\/elojocojo.org\/liberacion\/\",\"url\":\"https:\/\/elojocojo.org\/liberacion\/\",\"name\":\"Liberaci\u00f3n - el ojO cojo\",\"isPartOf\":{\"@id\":\"https:\/\/elojocojo.org\/#website\"},\"primaryImageOfPage\":{\"@id\":\"https:\/\/elojocojo.org\/liberacion\/#primaryimage\"},\"image\":{\"@id\":\"https:\/\/elojocojo.org\/liberacion\/#primaryimage\"},\"thumbnailUrl\":\"https:\/\/elojocojo.org\/wp-content\/uploads\/2014\/05\/Liberacion.jpg\",\"datePublished\":\"2014-05-30T14:33:25+00:00\",\"dateModified\":\"2025-09-18T08:45:42+00:00\",\"description\":\"Cortometraje Liberaci\u00f3n exhibido en la edici\u00f3n 2014 del Festival el ojO cojo. Pa\u00eds de origen, Irak. Dirigido por Aco Aziz Merza.\",\"breadcrumb\":{\"@id\":\"https:\/\/elojocojo.org\/liberacion\/#breadcrumb\"},\"inLanguage\":\"es\",\"potentialAction\":[{\"@type\":\"ReadAction\",\"target\":[\"https:\/\/elojocojo.org\/liberacion\/\"]}]},{\"@type\":\"ImageObject\",\"inLanguage\":\"es\",\"@id\":\"https:\/\/elojocojo.org\/liberacion\/#primaryimage\",\"url\":\"https:\/\/elojocojo.org\/wp-content\/uploads\/2014\/05\/Liberacion.jpg\",\"contentUrl\":\"https:\/\/elojocojo.org\/wp-content\/uploads\/2014\/05\/Liberacion.jpg\",\"width\":1036,\"height\":383},{\"@type\":\"BreadcrumbList\",\"@id\":\"https:\/\/elojocojo.org\/liberacion\/#breadcrumb\",\"itemListElement\":[{\"@type\":\"ListItem\",\"position\":1,\"name\":\"Portada\",\"item\":\"https:\/\/elojocojo.org\/\"},{\"@type\":\"ListItem\",\"position\":2,\"name\":\"2014\",\"item\":\"https:\/\/elojocojo.org\/tag\/2014\/\"},{\"@type\":\"ListItem\",\"position\":3,\"name\":\"Liberaci\u00f3n\"}]},{\"@type\":\"WebSite\",\"@id\":\"https:\/\/elojocojo.org\/#website\",\"url\":\"https:\/\/elojocojo.org\/\",\"name\":\"el ojO cojo\",\"description\":\"Todos estamos hechos de la misma esencia\",\"publisher\":{\"@id\":\"https:\/\/elojocojo.org\/#organization\"},\"potentialAction\":[{\"@type\":\"SearchAction\",\"target\":{\"@type\":\"EntryPoint\",\"urlTemplate\":\"https:\/\/elojocojo.org\/?s={search_term_string}\"},\"query-input\":{\"@type\":\"PropertyValueSpecification\",\"valueRequired\":true,\"valueName\":\"search_term_string\"}}],\"inLanguage\":\"es\"},{\"@type\":\"Organization\",\"@id\":\"https:\/\/elojocojo.org\/#organization\",\"name\":\"Meigas da r\u00faa\",\"url\":\"https:\/\/elojocojo.org\/\",\"logo\":{\"@type\":\"ImageObject\",\"inLanguage\":\"es\",\"@id\":\"https:\/\/elojocojo.org\/#\/schema\/logo\/image\/\",\"url\":\"https:\/\/meigasdarua.org\/wp-content\/uploads\/2020\/09\/cropped-logo-meigas-5.png\",\"contentUrl\":\"https:\/\/meigasdarua.org\/wp-content\/uploads\/2020\/09\/cropped-logo-meigas-5.png\",\"width\":109,\"height\":200,\"caption\":\"Meigas da r\u00faa\"},\"image\":{\"@id\":\"https:\/\/elojocojo.org\/#\/schema\/logo\/image\/\"},\"sameAs\":[\"https:\/\/www.facebook.com\/elojocojo\",\"https:\/\/x.com\/elojocojo\",\"https:\/\/www.instagram.com\/elojocojo\/?hl=es\",\"https:\/\/www.linkedin.com\/in\/el-ojo-cojo-b52b7769\/\",\"https:\/\/www.pinterest.es\/elojocojo\/_saved\/\",\"https:\/\/www.youtube.com\/channel\/UCkFtFTV0Bms7zH7vq8FZxZg\"]},{\"@type\":\"Person\",\"@id\":\"https:\/\/elojocojo.org\/#\/schema\/person\/cba15985dd5da095cac31c1ff0d6e23e\",\"name\":\"cojo\",\"url\":\"https:\/\/elojocojo.org\/author\/cojo\/\"}]}<\/script>\n<!-- \/ Yoast SEO plugin. -->","yoast_head_json":{"title":"Liberaci\u00f3n - el ojO cojo","description":"Cortometraje Liberaci\u00f3n exhibido en la edici\u00f3n 2014 del Festival el ojO cojo. Pa\u00eds de origen, Irak. Dirigido por Aco Aziz Merza.","robots":{"index":"index","follow":"follow","max-snippet":"max-snippet:-1","max-image-preview":"max-image-preview:large","max-video-preview":"max-video-preview:-1"},"canonical":"https:\/\/elojocojo.org\/liberacion\/","og_locale":"es_ES","og_type":"article","og_title":"Liberaci\u00f3n - el ojO cojo","og_description":"Cortometraje Liberaci\u00f3n exhibido en la edici\u00f3n 2014 del Festival el ojO cojo. Pa\u00eds de origen, Irak. Dirigido por Aco Aziz Merza.","og_url":"https:\/\/elojocojo.org\/liberacion\/","og_site_name":"el ojO cojo","article_publisher":"https:\/\/www.facebook.com\/elojocojo","article_published_time":"2014-05-30T14:33:25+00:00","article_modified_time":"2025-09-18T08:45:42+00:00","og_image":[{"width":1036,"height":383,"url":"https:\/\/elojocojo.org\/wp-content\/uploads\/2014\/05\/Liberacion.jpg","type":"image\/jpeg"}],"author":"cojo","twitter_card":"summary_large_image","twitter_creator":"@elojocojo","twitter_site":"@elojocojo","twitter_misc":{"Escrito por":"cojo","Tiempo de lectura":"1 minuto"},"schema":{"@context":"https:\/\/schema.org","@graph":[{"@type":"Article","@id":"https:\/\/elojocojo.org\/liberacion\/#article","isPartOf":{"@id":"https:\/\/elojocojo.org\/liberacion\/"},"author":{"name":"cojo","@id":"https:\/\/elojocojo.org\/#\/schema\/person\/cba15985dd5da095cac31c1ff0d6e23e"},"headline":"Liberaci\u00f3n","datePublished":"2014-05-30T14:33:25+00:00","dateModified":"2025-09-18T08:45:42+00:00","mainEntityOfPage":{"@id":"https:\/\/elojocojo.org\/liberacion\/"},"wordCount":228,"publisher":{"@id":"https:\/\/elojocojo.org\/#organization"},"image":{"@id":"https:\/\/elojocojo.org\/liberacion\/#primaryimage"},"thumbnailUrl":"https:\/\/elojocojo.org\/wp-content\/uploads\/2014\/05\/Liberacion.jpg","keywords":["2014","Adolescentes","Asia","cortometraje","esperanza","festival de cine","Festival el Ojo cojo","ficci\u00f3n","Fin de la pobreza","historia","Irak","j\u00f3venes","libertad","migraciones","mujer","pel\u00edculas para adolescentes","pol\u00edtica","refugiados","reivindicaci\u00f3n","salud mental","Salud y bienestar","Siria","solidaridad"],"articleSection":["Cortometraje","Festival 2014","Ficci\u00f3n"],"inLanguage":"es"},{"@type":"WebPage","@id":"https:\/\/elojocojo.org\/liberacion\/","url":"https:\/\/elojocojo.org\/liberacion\/","name":"Liberaci\u00f3n - el ojO cojo","isPartOf":{"@id":"https:\/\/elojocojo.org\/#website"},"primaryImageOfPage":{"@id":"https:\/\/elojocojo.org\/liberacion\/#primaryimage"},"image":{"@id":"https:\/\/elojocojo.org\/liberacion\/#primaryimage"},"thumbnailUrl":"https:\/\/elojocojo.org\/wp-content\/uploads\/2014\/05\/Liberacion.jpg","datePublished":"2014-05-30T14:33:25+00:00","dateModified":"2025-09-18T08:45:42+00:00","description":"Cortometraje Liberaci\u00f3n exhibido en la edici\u00f3n 2014 del Festival el ojO cojo. Pa\u00eds de origen, Irak. Dirigido por Aco Aziz Merza.","breadcrumb":{"@id":"https:\/\/elojocojo.org\/liberacion\/#breadcrumb"},"inLanguage":"es","potentialAction":[{"@type":"ReadAction","target":["https:\/\/elojocojo.org\/liberacion\/"]}]},{"@type":"ImageObject","inLanguage":"es","@id":"https:\/\/elojocojo.org\/liberacion\/#primaryimage","url":"https:\/\/elojocojo.org\/wp-content\/uploads\/2014\/05\/Liberacion.jpg","contentUrl":"https:\/\/elojocojo.org\/wp-content\/uploads\/2014\/05\/Liberacion.jpg","width":1036,"height":383},{"@type":"BreadcrumbList","@id":"https:\/\/elojocojo.org\/liberacion\/#breadcrumb","itemListElement":[{"@type":"ListItem","position":1,"name":"Portada","item":"https:\/\/elojocojo.org\/"},{"@type":"ListItem","position":2,"name":"2014","item":"https:\/\/elojocojo.org\/tag\/2014\/"},{"@type":"ListItem","position":3,"name":"Liberaci\u00f3n"}]},{"@type":"WebSite","@id":"https:\/\/elojocojo.org\/#website","url":"https:\/\/elojocojo.org\/","name":"el ojO cojo","description":"Todos estamos hechos de la misma esencia","publisher":{"@id":"https:\/\/elojocojo.org\/#organization"},"potentialAction":[{"@type":"SearchAction","target":{"@type":"EntryPoint","urlTemplate":"https:\/\/elojocojo.org\/?s={search_term_string}"},"query-input":{"@type":"PropertyValueSpecification","valueRequired":true,"valueName":"search_term_string"}}],"inLanguage":"es"},{"@type":"Organization","@id":"https:\/\/elojocojo.org\/#organization","name":"Meigas da r\u00faa","url":"https:\/\/elojocojo.org\/","logo":{"@type":"ImageObject","inLanguage":"es","@id":"https:\/\/elojocojo.org\/#\/schema\/logo\/image\/","url":"https:\/\/meigasdarua.org\/wp-content\/uploads\/2020\/09\/cropped-logo-meigas-5.png","contentUrl":"https:\/\/meigasdarua.org\/wp-content\/uploads\/2020\/09\/cropped-logo-meigas-5.png","width":109,"height":200,"caption":"Meigas da r\u00faa"},"image":{"@id":"https:\/\/elojocojo.org\/#\/schema\/logo\/image\/"},"sameAs":["https:\/\/www.facebook.com\/elojocojo","https:\/\/x.com\/elojocojo","https:\/\/www.instagram.com\/elojocojo\/?hl=es","https:\/\/www.linkedin.com\/in\/el-ojo-cojo-b52b7769\/","https:\/\/www.pinterest.es\/elojocojo\/_saved\/","https:\/\/www.youtube.com\/channel\/UCkFtFTV0Bms7zH7vq8FZxZg"]},{"@type":"Person","@id":"https:\/\/elojocojo.org\/#\/schema\/person\/cba15985dd5da095cac31c1ff0d6e23e","name":"cojo","url":"https:\/\/elojocojo.org\/author\/cojo\/"}]}},"_links":{"self":[{"href":"https:\/\/elojocojo.org\/wp-json\/wp\/v2\/posts\/13042","targetHints":{"allow":["GET"]}}],"collection":[{"href":"https:\/\/elojocojo.org\/wp-json\/wp\/v2\/posts"}],"about":[{"href":"https:\/\/elojocojo.org\/wp-json\/wp\/v2\/types\/post"}],"author":[{"embeddable":true,"href":"https:\/\/elojocojo.org\/wp-json\/wp\/v2\/users\/11"}],"replies":[{"embeddable":true,"href":"https:\/\/elojocojo.org\/wp-json\/wp\/v2\/comments?post=13042"}],"version-history":[{"count":3,"href":"https:\/\/elojocojo.org\/wp-json\/wp\/v2\/posts\/13042\/revisions"}],"predecessor-version":[{"id":59277,"href":"https:\/\/elojocojo.org\/wp-json\/wp\/v2\/posts\/13042\/revisions\/59277"}],"wp:featuredmedia":[{"embeddable":true,"href":"https:\/\/elojocojo.org\/wp-json\/wp\/v2\/media\/59278"}],"wp:attachment":[{"href":"https:\/\/elojocojo.org\/wp-json\/wp\/v2\/media?parent=13042"}],"wp:term":[{"taxonomy":"category","embeddable":true,"href":"https:\/\/elojocojo.org\/wp-json\/wp\/v2\/categories?post=13042"},{"taxonomy":"post_tag","embeddable":true,"href":"https:\/\/elojocojo.org\/wp-json\/wp\/v2\/tags?post=13042"}],"curies":[{"name":"wp","href":"https:\/\/api.w.org\/{rel}","templated":true}]}}