{"id":13040,"date":"2014-05-30T07:24:25","date_gmt":"2014-05-30T14:24:25","guid":{"rendered":"http:\/\/www.elojocojo.org\/?p=13040"},"modified":"2025-09-18T10:45:54","modified_gmt":"2025-09-18T08:45:54","slug":"humanexus","status":"publish","type":"post","link":"https:\/\/elojocojo.org\/humanexus\/","title":{"rendered":"Humanexus"},"content":{"rendered":"\n<figure class=\"wp-block-image size-large\"><img decoding=\"async\" width=\"132\" height=\"360\" src=\"https:\/\/elojocojo.org\/wp-content\/uploads\/2020\/10\/unnamed-3-132x360.jpg\" alt=\"Foto filme Humanexus\" class=\"wp-image-26859\" srcset=\"https:\/\/elojocojo.org\/wp-content\/uploads\/2020\/10\/unnamed-3-132x360.jpg 132w, https:\/\/elojocojo.org\/wp-content\/uploads\/2020\/10\/unnamed-3-184x500.jpg 184w, https:\/\/elojocojo.org\/wp-content\/uploads\/2020\/10\/unnamed-3-147x400.jpg 147w, https:\/\/elojocojo.org\/wp-content\/uploads\/2020\/10\/unnamed-3.jpg 188w\" sizes=\"(max-width: 132px) 100vw, 132px\" \/><\/figure>\n\n\n<p><iframe src=\"\/\/player.vimeo.com\/video\/87906304\" width=\"500\" height=\"370\" frameborder=\"0\" allowfullscreen=\"allowfullscreen\"><\/iframe><\/p>\n<p><a href=\"https:\/\/vimeo.com\/87906304\">Humanexus 1-minute Trailer<\/a> from <a href=\"https:\/\/vimeo.com\/user11130574\">YF Shen<\/a> on <a href=\"https:\/\/vimeo.com\">Vimeo<\/a>.<\/p>\n<p><strong>T\u00edtulo<\/strong>: Humanexus<\/p>\n<p><strong>A\u00f1o<\/strong>: 2013<\/p>\n<p><strong>Director<\/strong> : Ying-Fang Shen\u00a0<\/p>\n<p><strong>G\u00e9nero<\/strong>: Corto documental<\/p>\n<p><strong>Duraci\u00f3n<\/strong>: 10&#8242; 25\u00a8<\/p>\n<p><span style=\"font-weight: 400;\"><strong>Pa\u00eds<\/strong>: EE.UU.<\/span><\/p>\n<p><span style=\"font-weight: 400;\"><strong>Productores<\/strong> : <\/span><span style=\"font-weight: 400;\">Katy Borner<\/span><\/p>\n<p><span style=\"font-weight: 400;\"><strong>Sonido<\/strong>: <\/span><span style=\"font-weight: 400;\">Norbert Herber<\/span><\/p>\n<p><span style=\"font-weight: 400;\"><strong>Sinopsis<\/strong>: <\/span><\/p>\n<p>En un mundo donde la b\u00fasqueda de conexiones interpersonales significativas es una constante, la raza humana ha experimentado una evoluci\u00f3n marcada por herramientas y tecnolog\u00edas que facilitan el alcance y la compartici\u00f3n de ideas. Sin embargo, cada avance en este terreno tambi\u00e9n desata un nuevo desaf\u00edo imprevisto. As\u00ed, esta animaci\u00f3n semidocumental visualiza la comunicaci\u00f3n humana desde la Edad de Piedra hasta m\u00e1s all\u00e1 de nuestros d\u00edas. Empezando por la narraci\u00f3n de historias, volvemos a experimentar la invenci\u00f3n y el impacto de la escritura, la imprenta o las llamadas. Igualmente, asistimos al desarrollo de los sistemas de transporte, la m\u00e1quina de escribir, el c\u00f3digo Morse o el tel\u00e9fono.<\/p>\n<p>Adem\u00e1s, con cada nuevo invento, los conocimientos se transmiten y reciben de forma m\u00e1s directa y r\u00e1pida que nunca. As\u00ed se crea la siguiente generaci\u00f3n de medios y sistemas de transmisi\u00f3n. La intensidad e inmediatez del flujo de informaci\u00f3n crea efectivamente un cerebro global, o un humanexus de miles de millones de cerebros biol\u00f3gicos y muchos m\u00e1s artefactos tecnol\u00f3gicos que buscan, perciben, razonan y act\u00faan continuamente.\u00a0 En este proceso, nuestro estilo de vida y el paisaje del conocimiento est\u00e1n cambiando continua y dr\u00e1sticamente. Teniendo todo esto en cuenta, podemos plantearnos las siguientes preguntas: \u00a8\u00bfEs esto lo que queremos?, \u00bfqu\u00e9 queremos?\u00a8.<\/p>\n<p class=\"p1\">El filme Humanexus particip\u00f3 en la edici\u00f3n <span class=\"s1\"><b>2014<\/b><\/span>\u00a0del <a href=\"https:\/\/elojocojo.org\/bienvenida\/festivalelojocojo\/\"><span class=\"s1\"><b>Festival<\/b><\/span><span class=\"s1\"><b> de cine el ojO cojo<\/b> <\/span><\/a>en ese sentido nos sentimos honrados de haberla exhibido.<\/p>\n<p class=\"p1\">Visita nuestro blog <a href=\"https:\/\/el-ojocojo.blogspot.com\/\">https:\/\/el-ojocojo.blogspot.com\/<\/a><\/p>","protected":false},"excerpt":{"rendered":"<p>Humanexus 1-minute Trailer from YF Shen on Vimeo. T\u00edtulo: Humanexus A\u00f1o: 2013 Director : Ying-Fang Shen\u00a0 G\u00e9nero: Corto documental Duraci\u00f3n: 10&#8242; 25\u00a8 Pa\u00eds: EE.UU. Productores : Katy Borner Sonido: Norbert Herber Sinopsis: En un mundo donde la b\u00fasqueda de conexiones interpersonales significativas es una constante, la raza humana ha experimentado una evoluci\u00f3n marcada por herramientas [&hellip;]<\/p>\n","protected":false},"author":11,"featured_media":15382,"comment_status":"closed","ping_status":"closed","sticky":false,"template":"","format":"standard","meta":{"_monsterinsights_skip_tracking":false,"_monsterinsights_sitenote_active":false,"_monsterinsights_sitenote_note":"","_monsterinsights_sitenote_category":0,"footnotes":""},"categories":[1460,2053,7,30],"tags":[1999,1833,75,93,1468,1193,1470,1440,1981,1982,1628,288,1712,1484,25,74],"class_list":{"0":"post-13040","1":"post","2":"type-post","3":"status-publish","4":"format-standard","5":"has-post-thumbnail","7":"category-cortometraje","8":"category-documental","9":"category-festival-2014","10":"category-ficcion","11":"tag-1999","12":"tag-animacion","13":"tag-asia","14":"tag-china","15":"tag-cortometraje","16":"tag-derechos-humanos","17":"tag-documental","18":"tag-estados-unidos","19":"tag-festival-de-cine","20":"tag-festival-el-ojo-cojo","21":"tag-ficcion","22":"tag-jovenes","23":"tag-peliculas-para-adolescentes","24":"tag-salud-mental","25":"tag-soledad","26":"tag-solidaridad","27":"czr-hentry"},"yoast_head":"<!-- This site is optimized with the Yoast SEO plugin v27.1.1 - https:\/\/yoast.com\/product\/yoast-seo-wordpress\/ -->\n<title>Humanexus - el ojO cojo<\/title>\n<meta name=\"description\" content=\"Cortometraje Humanexus exhibido en la edici\u00f3n 2014 del Festival el ojO cojo. Pa\u00eds de origen, Estados Unidos. Dirigido por Ying-Fang Shen.\" \/>\n<meta name=\"robots\" content=\"index, follow, max-snippet:-1, max-image-preview:large, max-video-preview:-1\" \/>\n<link rel=\"canonical\" href=\"https:\/\/elojocojo.org\/humanexus\/\" \/>\n<meta property=\"og:locale\" content=\"es_ES\" \/>\n<meta property=\"og:type\" content=\"article\" \/>\n<meta property=\"og:title\" content=\"Humanexus - el ojO cojo\" \/>\n<meta property=\"og:description\" content=\"Cortometraje Humanexus exhibido en la edici\u00f3n 2014 del Festival el ojO cojo. Pa\u00eds de origen, Estados Unidos. Dirigido por Ying-Fang Shen.\" \/>\n<meta property=\"og:url\" content=\"https:\/\/elojocojo.org\/humanexus\/\" \/>\n<meta property=\"og:site_name\" content=\"el ojO cojo\" \/>\n<meta property=\"article:publisher\" content=\"https:\/\/www.facebook.com\/elojocojo\" \/>\n<meta property=\"article:published_time\" content=\"2014-05-30T14:24:25+00:00\" \/>\n<meta property=\"article:modified_time\" content=\"2025-09-18T08:45:54+00:00\" \/>\n<meta property=\"og:image\" content=\"https:\/\/elojocojo.org\/wp-content\/uploads\/2019\/06\/Humanexus.jpg\" \/>\n\t<meta property=\"og:image:width\" content=\"640\" \/>\n\t<meta property=\"og:image:height\" content=\"360\" \/>\n\t<meta property=\"og:image:type\" content=\"image\/jpeg\" \/>\n<meta name=\"author\" content=\"cojo\" \/>\n<meta name=\"twitter:card\" content=\"summary_large_image\" \/>\n<meta name=\"twitter:creator\" content=\"@elojocojo\" \/>\n<meta name=\"twitter:site\" content=\"@elojocojo\" \/>\n<meta name=\"twitter:label1\" content=\"Escrito por\" \/>\n\t<meta name=\"twitter:data1\" content=\"cojo\" \/>\n\t<meta name=\"twitter:label2\" content=\"Tiempo de lectura\" \/>\n\t<meta name=\"twitter:data2\" content=\"1 minuto\" \/>\n<script type=\"application\/ld+json\" class=\"yoast-schema-graph\">{\"@context\":\"https:\/\/schema.org\",\"@graph\":[{\"@type\":\"Article\",\"@id\":\"https:\/\/elojocojo.org\/humanexus\/#article\",\"isPartOf\":{\"@id\":\"https:\/\/elojocojo.org\/humanexus\/\"},\"author\":{\"name\":\"cojo\",\"@id\":\"https:\/\/elojocojo.org\/#\/schema\/person\/cba15985dd5da095cac31c1ff0d6e23e\"},\"headline\":\"Humanexus\",\"datePublished\":\"2014-05-30T14:24:25+00:00\",\"dateModified\":\"2025-09-18T08:45:54+00:00\",\"mainEntityOfPage\":{\"@id\":\"https:\/\/elojocojo.org\/humanexus\/\"},\"wordCount\":299,\"publisher\":{\"@id\":\"https:\/\/elojocojo.org\/#organization\"},\"image\":{\"@id\":\"https:\/\/elojocojo.org\/humanexus\/#primaryimage\"},\"thumbnailUrl\":\"https:\/\/elojocojo.org\/wp-content\/uploads\/2019\/06\/Humanexus.jpg\",\"keywords\":[\"2014\",\"animaci\u00f3n\",\"Asia\",\"China\",\"cortometraje\",\"Derechos Humanos\",\"documental\",\"Estados Unidos\",\"festival de cine\",\"Festival el Ojo cojo\",\"ficci\u00f3n\",\"j\u00f3venes\",\"pel\u00edculas para adolescentes\",\"salud mental\",\"soledad\",\"solidaridad\"],\"articleSection\":[\"Cortometraje\",\"Documental\",\"Festival 2014\",\"Ficci\u00f3n\"],\"inLanguage\":\"es\"},{\"@type\":\"WebPage\",\"@id\":\"https:\/\/elojocojo.org\/humanexus\/\",\"url\":\"https:\/\/elojocojo.org\/humanexus\/\",\"name\":\"Humanexus - el ojO cojo\",\"isPartOf\":{\"@id\":\"https:\/\/elojocojo.org\/#website\"},\"primaryImageOfPage\":{\"@id\":\"https:\/\/elojocojo.org\/humanexus\/#primaryimage\"},\"image\":{\"@id\":\"https:\/\/elojocojo.org\/humanexus\/#primaryimage\"},\"thumbnailUrl\":\"https:\/\/elojocojo.org\/wp-content\/uploads\/2019\/06\/Humanexus.jpg\",\"datePublished\":\"2014-05-30T14:24:25+00:00\",\"dateModified\":\"2025-09-18T08:45:54+00:00\",\"description\":\"Cortometraje Humanexus exhibido en la edici\u00f3n 2014 del Festival el ojO cojo. Pa\u00eds de origen, Estados Unidos. Dirigido por Ying-Fang Shen.\",\"breadcrumb\":{\"@id\":\"https:\/\/elojocojo.org\/humanexus\/#breadcrumb\"},\"inLanguage\":\"es\",\"potentialAction\":[{\"@type\":\"ReadAction\",\"target\":[\"https:\/\/elojocojo.org\/humanexus\/\"]}]},{\"@type\":\"ImageObject\",\"inLanguage\":\"es\",\"@id\":\"https:\/\/elojocojo.org\/humanexus\/#primaryimage\",\"url\":\"https:\/\/elojocojo.org\/wp-content\/uploads\/2019\/06\/Humanexus.jpg\",\"contentUrl\":\"https:\/\/elojocojo.org\/wp-content\/uploads\/2019\/06\/Humanexus.jpg\",\"width\":640,\"height\":360},{\"@type\":\"BreadcrumbList\",\"@id\":\"https:\/\/elojocojo.org\/humanexus\/#breadcrumb\",\"itemListElement\":[{\"@type\":\"ListItem\",\"position\":1,\"name\":\"Portada\",\"item\":\"https:\/\/elojocojo.org\/\"},{\"@type\":\"ListItem\",\"position\":2,\"name\":\"2014\",\"item\":\"https:\/\/elojocojo.org\/tag\/2014\/\"},{\"@type\":\"ListItem\",\"position\":3,\"name\":\"Humanexus\"}]},{\"@type\":\"WebSite\",\"@id\":\"https:\/\/elojocojo.org\/#website\",\"url\":\"https:\/\/elojocojo.org\/\",\"name\":\"el ojO cojo\",\"description\":\"Todos estamos hechos de la misma esencia\",\"publisher\":{\"@id\":\"https:\/\/elojocojo.org\/#organization\"},\"potentialAction\":[{\"@type\":\"SearchAction\",\"target\":{\"@type\":\"EntryPoint\",\"urlTemplate\":\"https:\/\/elojocojo.org\/?s={search_term_string}\"},\"query-input\":{\"@type\":\"PropertyValueSpecification\",\"valueRequired\":true,\"valueName\":\"search_term_string\"}}],\"inLanguage\":\"es\"},{\"@type\":\"Organization\",\"@id\":\"https:\/\/elojocojo.org\/#organization\",\"name\":\"Meigas da r\u00faa\",\"url\":\"https:\/\/elojocojo.org\/\",\"logo\":{\"@type\":\"ImageObject\",\"inLanguage\":\"es\",\"@id\":\"https:\/\/elojocojo.org\/#\/schema\/logo\/image\/\",\"url\":\"https:\/\/meigasdarua.org\/wp-content\/uploads\/2020\/09\/cropped-logo-meigas-5.png\",\"contentUrl\":\"https:\/\/meigasdarua.org\/wp-content\/uploads\/2020\/09\/cropped-logo-meigas-5.png\",\"width\":109,\"height\":200,\"caption\":\"Meigas da r\u00faa\"},\"image\":{\"@id\":\"https:\/\/elojocojo.org\/#\/schema\/logo\/image\/\"},\"sameAs\":[\"https:\/\/www.facebook.com\/elojocojo\",\"https:\/\/x.com\/elojocojo\",\"https:\/\/www.instagram.com\/elojocojo\/?hl=es\",\"https:\/\/www.linkedin.com\/in\/el-ojo-cojo-b52b7769\/\",\"https:\/\/www.pinterest.es\/elojocojo\/_saved\/\",\"https:\/\/www.youtube.com\/channel\/UCkFtFTV0Bms7zH7vq8FZxZg\"]},{\"@type\":\"Person\",\"@id\":\"https:\/\/elojocojo.org\/#\/schema\/person\/cba15985dd5da095cac31c1ff0d6e23e\",\"name\":\"cojo\",\"url\":\"https:\/\/elojocojo.org\/author\/cojo\/\"}]}<\/script>\n<!-- \/ Yoast SEO plugin. -->","yoast_head_json":{"title":"Humanexus - el ojO cojo","description":"Cortometraje Humanexus exhibido en la edici\u00f3n 2014 del Festival el ojO cojo. Pa\u00eds de origen, Estados Unidos. Dirigido por Ying-Fang Shen.","robots":{"index":"index","follow":"follow","max-snippet":"max-snippet:-1","max-image-preview":"max-image-preview:large","max-video-preview":"max-video-preview:-1"},"canonical":"https:\/\/elojocojo.org\/humanexus\/","og_locale":"es_ES","og_type":"article","og_title":"Humanexus - el ojO cojo","og_description":"Cortometraje Humanexus exhibido en la edici\u00f3n 2014 del Festival el ojO cojo. Pa\u00eds de origen, Estados Unidos. Dirigido por Ying-Fang Shen.","og_url":"https:\/\/elojocojo.org\/humanexus\/","og_site_name":"el ojO cojo","article_publisher":"https:\/\/www.facebook.com\/elojocojo","article_published_time":"2014-05-30T14:24:25+00:00","article_modified_time":"2025-09-18T08:45:54+00:00","og_image":[{"width":640,"height":360,"url":"https:\/\/elojocojo.org\/wp-content\/uploads\/2019\/06\/Humanexus.jpg","type":"image\/jpeg"}],"author":"cojo","twitter_card":"summary_large_image","twitter_creator":"@elojocojo","twitter_site":"@elojocojo","twitter_misc":{"Escrito por":"cojo","Tiempo de lectura":"1 minuto"},"schema":{"@context":"https:\/\/schema.org","@graph":[{"@type":"Article","@id":"https:\/\/elojocojo.org\/humanexus\/#article","isPartOf":{"@id":"https:\/\/elojocojo.org\/humanexus\/"},"author":{"name":"cojo","@id":"https:\/\/elojocojo.org\/#\/schema\/person\/cba15985dd5da095cac31c1ff0d6e23e"},"headline":"Humanexus","datePublished":"2014-05-30T14:24:25+00:00","dateModified":"2025-09-18T08:45:54+00:00","mainEntityOfPage":{"@id":"https:\/\/elojocojo.org\/humanexus\/"},"wordCount":299,"publisher":{"@id":"https:\/\/elojocojo.org\/#organization"},"image":{"@id":"https:\/\/elojocojo.org\/humanexus\/#primaryimage"},"thumbnailUrl":"https:\/\/elojocojo.org\/wp-content\/uploads\/2019\/06\/Humanexus.jpg","keywords":["2014","animaci\u00f3n","Asia","China","cortometraje","Derechos Humanos","documental","Estados Unidos","festival de cine","Festival el Ojo cojo","ficci\u00f3n","j\u00f3venes","pel\u00edculas para adolescentes","salud mental","soledad","solidaridad"],"articleSection":["Cortometraje","Documental","Festival 2014","Ficci\u00f3n"],"inLanguage":"es"},{"@type":"WebPage","@id":"https:\/\/elojocojo.org\/humanexus\/","url":"https:\/\/elojocojo.org\/humanexus\/","name":"Humanexus - el ojO cojo","isPartOf":{"@id":"https:\/\/elojocojo.org\/#website"},"primaryImageOfPage":{"@id":"https:\/\/elojocojo.org\/humanexus\/#primaryimage"},"image":{"@id":"https:\/\/elojocojo.org\/humanexus\/#primaryimage"},"thumbnailUrl":"https:\/\/elojocojo.org\/wp-content\/uploads\/2019\/06\/Humanexus.jpg","datePublished":"2014-05-30T14:24:25+00:00","dateModified":"2025-09-18T08:45:54+00:00","description":"Cortometraje Humanexus exhibido en la edici\u00f3n 2014 del Festival el ojO cojo. Pa\u00eds de origen, Estados Unidos. Dirigido por Ying-Fang Shen.","breadcrumb":{"@id":"https:\/\/elojocojo.org\/humanexus\/#breadcrumb"},"inLanguage":"es","potentialAction":[{"@type":"ReadAction","target":["https:\/\/elojocojo.org\/humanexus\/"]}]},{"@type":"ImageObject","inLanguage":"es","@id":"https:\/\/elojocojo.org\/humanexus\/#primaryimage","url":"https:\/\/elojocojo.org\/wp-content\/uploads\/2019\/06\/Humanexus.jpg","contentUrl":"https:\/\/elojocojo.org\/wp-content\/uploads\/2019\/06\/Humanexus.jpg","width":640,"height":360},{"@type":"BreadcrumbList","@id":"https:\/\/elojocojo.org\/humanexus\/#breadcrumb","itemListElement":[{"@type":"ListItem","position":1,"name":"Portada","item":"https:\/\/elojocojo.org\/"},{"@type":"ListItem","position":2,"name":"2014","item":"https:\/\/elojocojo.org\/tag\/2014\/"},{"@type":"ListItem","position":3,"name":"Humanexus"}]},{"@type":"WebSite","@id":"https:\/\/elojocojo.org\/#website","url":"https:\/\/elojocojo.org\/","name":"el ojO cojo","description":"Todos estamos hechos de la misma esencia","publisher":{"@id":"https:\/\/elojocojo.org\/#organization"},"potentialAction":[{"@type":"SearchAction","target":{"@type":"EntryPoint","urlTemplate":"https:\/\/elojocojo.org\/?s={search_term_string}"},"query-input":{"@type":"PropertyValueSpecification","valueRequired":true,"valueName":"search_term_string"}}],"inLanguage":"es"},{"@type":"Organization","@id":"https:\/\/elojocojo.org\/#organization","name":"Meigas da r\u00faa","url":"https:\/\/elojocojo.org\/","logo":{"@type":"ImageObject","inLanguage":"es","@id":"https:\/\/elojocojo.org\/#\/schema\/logo\/image\/","url":"https:\/\/meigasdarua.org\/wp-content\/uploads\/2020\/09\/cropped-logo-meigas-5.png","contentUrl":"https:\/\/meigasdarua.org\/wp-content\/uploads\/2020\/09\/cropped-logo-meigas-5.png","width":109,"height":200,"caption":"Meigas da r\u00faa"},"image":{"@id":"https:\/\/elojocojo.org\/#\/schema\/logo\/image\/"},"sameAs":["https:\/\/www.facebook.com\/elojocojo","https:\/\/x.com\/elojocojo","https:\/\/www.instagram.com\/elojocojo\/?hl=es","https:\/\/www.linkedin.com\/in\/el-ojo-cojo-b52b7769\/","https:\/\/www.pinterest.es\/elojocojo\/_saved\/","https:\/\/www.youtube.com\/channel\/UCkFtFTV0Bms7zH7vq8FZxZg"]},{"@type":"Person","@id":"https:\/\/elojocojo.org\/#\/schema\/person\/cba15985dd5da095cac31c1ff0d6e23e","name":"cojo","url":"https:\/\/elojocojo.org\/author\/cojo\/"}]}},"_links":{"self":[{"href":"https:\/\/elojocojo.org\/wp-json\/wp\/v2\/posts\/13040","targetHints":{"allow":["GET"]}}],"collection":[{"href":"https:\/\/elojocojo.org\/wp-json\/wp\/v2\/posts"}],"about":[{"href":"https:\/\/elojocojo.org\/wp-json\/wp\/v2\/types\/post"}],"author":[{"embeddable":true,"href":"https:\/\/elojocojo.org\/wp-json\/wp\/v2\/users\/11"}],"replies":[{"embeddable":true,"href":"https:\/\/elojocojo.org\/wp-json\/wp\/v2\/comments?post=13040"}],"version-history":[{"count":5,"href":"https:\/\/elojocojo.org\/wp-json\/wp\/v2\/posts\/13040\/revisions"}],"predecessor-version":[{"id":54359,"href":"https:\/\/elojocojo.org\/wp-json\/wp\/v2\/posts\/13040\/revisions\/54359"}],"wp:featuredmedia":[{"embeddable":true,"href":"https:\/\/elojocojo.org\/wp-json\/wp\/v2\/media\/15382"}],"wp:attachment":[{"href":"https:\/\/elojocojo.org\/wp-json\/wp\/v2\/media?parent=13040"}],"wp:term":[{"taxonomy":"category","embeddable":true,"href":"https:\/\/elojocojo.org\/wp-json\/wp\/v2\/categories?post=13040"},{"taxonomy":"post_tag","embeddable":true,"href":"https:\/\/elojocojo.org\/wp-json\/wp\/v2\/tags?post=13040"}],"curies":[{"name":"wp","href":"https:\/\/api.w.org\/{rel}","templated":true}]}}