{"id":13030,"date":"2014-05-30T07:09:08","date_gmt":"2014-05-30T14:09:08","guid":{"rendered":"http:\/\/www.elojocojo.org\/?p=13030"},"modified":"2025-09-18T10:47:04","modified_gmt":"2025-09-18T08:47:04","slug":"levantate","status":"publish","type":"post","link":"https:\/\/elojocojo.org\/levantate\/","title":{"rendered":"Lev\u00e1ntate"},"content":{"rendered":"\n<figure class=\"wp-block-embed is-type-video is-provider-youtube wp-block-embed-youtube wp-embed-aspect-16-9 wp-has-aspect-ratio\"><div class=\"wp-block-embed__wrapper\">\n<iframe title=\"Get Up Trailer\" width=\"1140\" height=\"641\" src=\"https:\/\/www.youtube.com\/embed\/kFYaH_60i8I?feature=oembed\" frameborder=\"0\" allow=\"accelerometer; autoplay; clipboard-write; encrypted-media; gyroscope; picture-in-picture; web-share\" referrerpolicy=\"strict-origin-when-cross-origin\" allowfullscreen><\/iframe>\n<\/div><\/figure>\n\n\n<p>T\u00edtulo: <em>Lev\u00e1ntate<\/em><\/p>\n<p>T\u00edtulo original: <em>Get Up<\/em><\/p>\n<p>A\u00f1o: 2015<\/p>\n<p>Director: Seung-Hyun Chong<\/p>\n<p>G\u00e9nero: Ficci\u00f3n<\/p>\n<p>Duraci\u00f3n: 24\u00b4<\/p>\n<p>Pa\u00eds: Corea<\/p>\n<p>Idioma original: Coreano<\/p>\n<p>Subt\u00edtulos: Ingl\u00e9s<\/p>\n<p>Int\u00e9rpretes: Chung-Min Oh, Hung-Hyun Yeo, Sun-Hee<\/p>\n<p>Producci\u00f3n: Seung-Hyun Chong<\/p>\n<p>Gui\u00f3n: Seung-Hyun Chong<\/p>\n<p>Sinopsis:<\/p>\n<h3 data-start=\"179\" data-end=\"214\"><strong data-start=\"183\" data-end=\"214\">Origen y conflicto interior<\/strong><\/h3>\n<p data-start=\"216\" data-end=\"708\">Taeshik, un joven de 26 a\u00f1os nacido en Alemania pero con ra\u00edces coreanas, atraviesa una profunda crisis de identidad. Desde peque\u00f1o, fue educado bajo estrictos valores coreanos impuestos por sus padres. No obstante, al crecer, empez\u00f3 a notar que ese modelo no coincid\u00eda con su realidad ni con sus deseos. Como consecuencia, vive dividido entre una tradici\u00f3n que lo define y una cultura que lo form\u00f3. Por eso, se siente extranjero tanto en su familia como en su entorno social.<\/p>\n<h3 data-start=\"710\" data-end=\"737\"><strong data-start=\"714\" data-end=\"737\">La presi\u00f3n familiar<\/strong><\/h3>\n<p data-start=\"739\" data-end=\"1153\">A pesar de los a\u00f1os, la presi\u00f3n por complacer a sus padres no ha disminuido. Mientras tanto, sus amigos consolidan sus vidas con trabajos estables y decisiones claras. En cambio, Taeshik se siente desconectado, como si no encajara en ning\u00fan molde. De ah\u00ed que empiece a preguntarse qui\u00e9n es realmente y hacia d\u00f3nde quiere ir. Por consiguiente, el conflicto interno se hace cada vez m\u00e1s profundo.<\/p>\n<h3 data-start=\"1155\" data-end=\"1184\"><strong data-start=\"1159\" data-end=\"1184\">La pasi\u00f3n como escape<\/strong><\/h3>\n<p data-start=\"1186\" data-end=\"1540\">Sin embargo, hay un lugar donde encuentra paz: el gimnasio de boxeo. Desde que lo descubri\u00f3, el ring se convirti\u00f3 en un refugio frente a la confusi\u00f3n. De hecho, al entrenar, siente por primera vez que no necesita justificar su existencia. Por otro lado, la desaprobaci\u00f3n de su familia frente a esta elecci\u00f3n solo intensifica el conflicto.<\/p>\n<h3 data-start=\"1542\" data-end=\"1581\"><strong data-start=\"1546\" data-end=\"1581\">A la deriva, pero con esperanza<\/strong><\/h3>\n<p data-start=\"1583\" data-end=\"1879\">No obstante, Taeshik contin\u00faa adelante, impulsado por una esperanza tenue pero constante. Aunque se siente perdido, no deja de buscar un punto de equilibrio entre sus or\u00edgenes y su presente. As\u00ed, su lucha interior se convierte en una met\u00e1fora de la experiencia migrante contempor\u00e1nea.<\/p>\n<h3 data-start=\"1881\" data-end=\"1908\"><strong data-start=\"1885\" data-end=\"1908\">Boxeo como libertad<\/strong><\/h3>\n<p data-start=\"1910\" data-end=\"2104\">En definitiva, para Taeshik, el boxeo no es solo un deporte: es su lenguaje, su refugio y su forma de resistir. Y al final, quiz\u00e1s sea tambi\u00e9n el camino para reconciliarse consigo mismo.<\/p>\n<p data-start=\"1513\" data-end=\"1926\"><img decoding=\"async\" class=\"alignnone size-medium wp-image-66882 aligncenter\" src=\"https:\/\/elojocojo.org\/wp-content\/uploads\/2014\/05\/MV5BNDExYzJmODAtZDAxNi00OWM1LWJjMjctMzI4NGE4MjA5ODFjXkEyXkFqcGc@._V1_FMjpg_UX1000_-353x500-2-353x500.jpg\" alt=\"\" width=\"353\" height=\"500\" srcset=\"https:\/\/elojocojo.org\/wp-content\/uploads\/2014\/05\/MV5BNDExYzJmODAtZDAxNi00OWM1LWJjMjctMzI4NGE4MjA5ODFjXkEyXkFqcGc@._V1_FMjpg_UX1000_-353x500-2-353x500.jpg 353w, https:\/\/elojocojo.org\/wp-content\/uploads\/2014\/05\/MV5BNDExYzJmODAtZDAxNi00OWM1LWJjMjctMzI4NGE4MjA5ODFjXkEyXkFqcGc@._V1_FMjpg_UX1000_-353x500-2-254x360.jpg 254w, https:\/\/elojocojo.org\/wp-content\/uploads\/2014\/05\/MV5BNDExYzJmODAtZDAxNi00OWM1LWJjMjctMzI4NGE4MjA5ODFjXkEyXkFqcGc@._V1_FMjpg_UX1000_-353x500-2-282x400.jpg 282w, https:\/\/elojocojo.org\/wp-content\/uploads\/2014\/05\/MV5BNDExYzJmODAtZDAxNi00OWM1LWJjMjctMzI4NGE4MjA5ODFjXkEyXkFqcGc@._V1_FMjpg_UX1000_-353x500-2-150x213.jpg 150w, https:\/\/elojocojo.org\/wp-content\/uploads\/2014\/05\/MV5BNDExYzJmODAtZDAxNi00OWM1LWJjMjctMzI4NGE4MjA5ODFjXkEyXkFqcGc@._V1_FMjpg_UX1000_-353x500-2.jpg 564w\" sizes=\"(max-width: 353px) 100vw, 353px\" \/><\/p>\n<p data-start=\"1513\" data-end=\"1926\">Palmar\u00e9s:<\/p>\n<p data-start=\"1513\" data-end=\"1926\">2015:<\/p>\n<ul>\n<li data-start=\"1513\" data-end=\"1926\">Westfield International Film Festival: <span class=\"relative -mx-px my-[-0.2rem] rounded px-px py-[0.2rem] transition-colors duration-100 ease-in-out\">Bloque de Cortometrajes RIFF \u2013 Mejor Edici\u00f3n en Cortometraje.<\/span><\/li>\n<\/ul>\n<p data-start=\"1513\" data-end=\"1926\">El filme <em>Lev\u00e1ntate<\/em> particip\u00f3 en la edici\u00f3n <a href=\"https:\/\/elojocojo.org\/category\/festival-2014\/\"><span class=\"s1\"><b>2014<\/b><\/span><\/a>\u00a0del <a href=\"https:\/\/elojocojo.org\/category\/festival-2014\/\"><span class=\"s1\"><b>Festival<\/b><\/span><\/a><a href=\"https:\/\/elojocojo.org\/category\/festival-2013\/\"><span class=\"s1\"><b> de cine el ojO cojo<\/b> <\/span><\/a>en ese sentido nos sentimos honrados de haberla exhibido.<\/p>\n<p class=\"p1\">Visita nuestro <a href=\"https:\/\/el-ojocojo.blogspot.com\/\">blog<\/a><\/p>\n<p><a href=\"https:\/\/www.imdb.com\/es-es\/title\/tt3334082\/?ref_=ttrt_ov_bk\">IMDb<\/a>: <span class=\"sc-40b53d-1 kJANdR\">7.4 <\/span>\/ 10<\/p>","protected":false},"excerpt":{"rendered":"<p>Taeshik, un muchacho de 26 a\u00f1os nacido en Alemania de ascendencia coreana, est\u00e1 en crisis. A pesar de su educaci\u00f3n coreana, este no acaba de identificarse con el camino de Corea que sus padres ten\u00edan en mente para \u00e9l. Permanece a la deriva. Su \u00fanica pasi\u00f3n es el boxeo. Dirigido por Seung-Hyun Chong.<\/p>\n","protected":false},"author":11,"featured_media":15403,"comment_status":"closed","ping_status":"closed","sticky":false,"template":"","format":"standard","meta":{"_monsterinsights_skip_tracking":false,"_monsterinsights_sitenote_active":false,"_monsterinsights_sitenote_note":"","_monsterinsights_sitenote_category":0,"footnotes":""},"categories":[1460,7,30],"tags":[75,1864,77,1431,1587,1779,26,892,995,1831,2191,900,15,1981,1628,2118,998,288,60,1712],"class_list":{"0":"post-13030","1":"post","2":"type-post","3":"status-publish","4":"format-standard","5":"has-post-thumbnail","7":"category-cortometraje","8":"category-festival-2014","9":"category-ficcion","10":"tag-asia","11":"tag-boxeo","12":"tag-coreadelsur","13":"tag-costumbres-y-tradiciones","14":"tag-crisis","15":"tag-cultura","16":"tag-discriminacion","17":"tag-diversidad-cultural","18":"tag-educacion","19":"tag-educacion-social","20":"tag-esperanza","21":"tag-europa","22":"tag-familia","23":"tag-festival-de-cine","24":"tag-ficcion","25":"tag-ingles","26":"tag-interculturalidad","27":"tag-jovenes","28":"tag-migraciones","29":"tag-peliculas-para-adolescentes","30":"czr-hentry"},"yoast_head":"<!-- This site is optimized with the Yoast SEO plugin v27.1.1 - https:\/\/yoast.com\/product\/yoast-seo-wordpress\/ -->\n<title>Lev\u00e1ntate - el ojO cojo<\/title>\n<meta name=\"description\" content=\"Cortometraje Lev\u00e1ntate exhibido en la edici\u00f3n 2014 del Festival el ojO cojo. Pa\u00eds de origen, Corea. Dirigido por Seung-Hyun Chong.\" \/>\n<meta name=\"robots\" content=\"index, follow, max-snippet:-1, max-image-preview:large, max-video-preview:-1\" \/>\n<link rel=\"canonical\" href=\"https:\/\/elojocojo.org\/levantate\/\" \/>\n<meta property=\"og:locale\" content=\"es_ES\" \/>\n<meta property=\"og:type\" content=\"article\" \/>\n<meta property=\"og:title\" content=\"Lev\u00e1ntate - el ojO cojo\" \/>\n<meta property=\"og:description\" content=\"Cortometraje Lev\u00e1ntate exhibido en la edici\u00f3n 2014 del Festival el ojO cojo. Pa\u00eds de origen, Corea. Dirigido por Seung-Hyun Chong.\" \/>\n<meta property=\"og:url\" content=\"https:\/\/elojocojo.org\/levantate\/\" \/>\n<meta property=\"og:site_name\" content=\"el ojO cojo\" \/>\n<meta property=\"article:publisher\" content=\"https:\/\/www.facebook.com\/elojocojo\" \/>\n<meta property=\"article:published_time\" content=\"2014-05-30T14:09:08+00:00\" \/>\n<meta property=\"article:modified_time\" content=\"2025-09-18T08:47:04+00:00\" \/>\n<meta property=\"og:image\" content=\"https:\/\/elojocojo.org\/wp-content\/uploads\/2019\/06\/lev\u00e1ntate.jpg\" \/>\n\t<meta property=\"og:image:width\" content=\"640\" \/>\n\t<meta property=\"og:image:height\" content=\"328\" \/>\n\t<meta property=\"og:image:type\" content=\"image\/jpeg\" \/>\n<meta name=\"author\" content=\"cojo\" \/>\n<meta name=\"twitter:card\" content=\"summary_large_image\" \/>\n<meta name=\"twitter:creator\" content=\"@elojocojo\" \/>\n<meta name=\"twitter:site\" content=\"@elojocojo\" \/>\n<meta name=\"twitter:label1\" content=\"Escrito por\" \/>\n\t<meta name=\"twitter:data1\" content=\"cojo\" \/>\n\t<meta name=\"twitter:label2\" content=\"Tiempo de lectura\" \/>\n\t<meta name=\"twitter:data2\" content=\"2 minutos\" \/>\n<script type=\"application\/ld+json\" class=\"yoast-schema-graph\">{\"@context\":\"https:\/\/schema.org\",\"@graph\":[{\"@type\":\"Article\",\"@id\":\"https:\/\/elojocojo.org\/levantate\/#article\",\"isPartOf\":{\"@id\":\"https:\/\/elojocojo.org\/levantate\/\"},\"author\":{\"name\":\"cojo\",\"@id\":\"https:\/\/elojocojo.org\/#\/schema\/person\/cba15985dd5da095cac31c1ff0d6e23e\"},\"headline\":\"Lev\u00e1ntate\",\"datePublished\":\"2014-05-30T14:09:08+00:00\",\"dateModified\":\"2025-09-18T08:47:04+00:00\",\"mainEntityOfPage\":{\"@id\":\"https:\/\/elojocojo.org\/levantate\/\"},\"wordCount\":419,\"publisher\":{\"@id\":\"https:\/\/elojocojo.org\/#organization\"},\"image\":{\"@id\":\"https:\/\/elojocojo.org\/levantate\/#primaryimage\"},\"thumbnailUrl\":\"https:\/\/elojocojo.org\/wp-content\/uploads\/2019\/06\/lev\u00e1ntate.jpg\",\"keywords\":[\"Asia\",\"boxeo\",\"Corea del Sur\",\"costumbres y tradiciones\",\"crisis\",\"cultura\",\"discriminaci\u00f3n\",\"diversidad cultural\",\"educaci\u00f3n\",\"educaci\u00f3n social\",\"esperanza\",\"Europa\",\"familia\",\"festival de cine\",\"ficci\u00f3n\",\"ingl\u00e9s\",\"interculturalidad\",\"j\u00f3venes\",\"migraciones\",\"pel\u00edculas para adolescentes\"],\"articleSection\":[\"Cortometraje\",\"Festival 2014\",\"Ficci\u00f3n\"],\"inLanguage\":\"es\"},{\"@type\":\"WebPage\",\"@id\":\"https:\/\/elojocojo.org\/levantate\/\",\"url\":\"https:\/\/elojocojo.org\/levantate\/\",\"name\":\"Lev\u00e1ntate - el ojO cojo\",\"isPartOf\":{\"@id\":\"https:\/\/elojocojo.org\/#website\"},\"primaryImageOfPage\":{\"@id\":\"https:\/\/elojocojo.org\/levantate\/#primaryimage\"},\"image\":{\"@id\":\"https:\/\/elojocojo.org\/levantate\/#primaryimage\"},\"thumbnailUrl\":\"https:\/\/elojocojo.org\/wp-content\/uploads\/2019\/06\/lev\u00e1ntate.jpg\",\"datePublished\":\"2014-05-30T14:09:08+00:00\",\"dateModified\":\"2025-09-18T08:47:04+00:00\",\"description\":\"Cortometraje Lev\u00e1ntate exhibido en la edici\u00f3n 2014 del Festival el ojO cojo. Pa\u00eds de origen, Corea. Dirigido por Seung-Hyun Chong.\",\"breadcrumb\":{\"@id\":\"https:\/\/elojocojo.org\/levantate\/#breadcrumb\"},\"inLanguage\":\"es\",\"potentialAction\":[{\"@type\":\"ReadAction\",\"target\":[\"https:\/\/elojocojo.org\/levantate\/\"]}]},{\"@type\":\"ImageObject\",\"inLanguage\":\"es\",\"@id\":\"https:\/\/elojocojo.org\/levantate\/#primaryimage\",\"url\":\"https:\/\/elojocojo.org\/wp-content\/uploads\/2019\/06\/lev\u00e1ntate.jpg\",\"contentUrl\":\"https:\/\/elojocojo.org\/wp-content\/uploads\/2019\/06\/lev\u00e1ntate.jpg\",\"width\":640,\"height\":328,\"caption\":\"Un hombre se encuentra sentado en una habitaci\u00f3n, de color azul, con los brazos apoyados en sus piernas. Tiene las manos vendadas de hacer boxeo. En frente tiene una c\u00e1mara de seguridad apunt\u00e1ndole. La luz es d\u00e9bil.\"},{\"@type\":\"BreadcrumbList\",\"@id\":\"https:\/\/elojocojo.org\/levantate\/#breadcrumb\",\"itemListElement\":[{\"@type\":\"ListItem\",\"position\":1,\"name\":\"Portada\",\"item\":\"https:\/\/elojocojo.org\/\"},{\"@type\":\"ListItem\",\"position\":2,\"name\":\"Asia\",\"item\":\"https:\/\/elojocojo.org\/tag\/asia\/\"},{\"@type\":\"ListItem\",\"position\":3,\"name\":\"Lev\u00e1ntate\"}]},{\"@type\":\"WebSite\",\"@id\":\"https:\/\/elojocojo.org\/#website\",\"url\":\"https:\/\/elojocojo.org\/\",\"name\":\"el ojO cojo\",\"description\":\"Todos estamos hechos de la misma esencia\",\"publisher\":{\"@id\":\"https:\/\/elojocojo.org\/#organization\"},\"potentialAction\":[{\"@type\":\"SearchAction\",\"target\":{\"@type\":\"EntryPoint\",\"urlTemplate\":\"https:\/\/elojocojo.org\/?s={search_term_string}\"},\"query-input\":{\"@type\":\"PropertyValueSpecification\",\"valueRequired\":true,\"valueName\":\"search_term_string\"}}],\"inLanguage\":\"es\"},{\"@type\":\"Organization\",\"@id\":\"https:\/\/elojocojo.org\/#organization\",\"name\":\"Meigas da r\u00faa\",\"url\":\"https:\/\/elojocojo.org\/\",\"logo\":{\"@type\":\"ImageObject\",\"inLanguage\":\"es\",\"@id\":\"https:\/\/elojocojo.org\/#\/schema\/logo\/image\/\",\"url\":\"https:\/\/meigasdarua.org\/wp-content\/uploads\/2020\/09\/cropped-logo-meigas-5.png\",\"contentUrl\":\"https:\/\/meigasdarua.org\/wp-content\/uploads\/2020\/09\/cropped-logo-meigas-5.png\",\"width\":109,\"height\":200,\"caption\":\"Meigas da r\u00faa\"},\"image\":{\"@id\":\"https:\/\/elojocojo.org\/#\/schema\/logo\/image\/\"},\"sameAs\":[\"https:\/\/www.facebook.com\/elojocojo\",\"https:\/\/x.com\/elojocojo\",\"https:\/\/www.instagram.com\/elojocojo\/?hl=es\",\"https:\/\/www.linkedin.com\/in\/el-ojo-cojo-b52b7769\/\",\"https:\/\/www.pinterest.es\/elojocojo\/_saved\/\",\"https:\/\/www.youtube.com\/channel\/UCkFtFTV0Bms7zH7vq8FZxZg\"]},{\"@type\":\"Person\",\"@id\":\"https:\/\/elojocojo.org\/#\/schema\/person\/cba15985dd5da095cac31c1ff0d6e23e\",\"name\":\"cojo\",\"url\":\"https:\/\/elojocojo.org\/author\/cojo\/\"}]}<\/script>\n<!-- \/ Yoast SEO plugin. -->","yoast_head_json":{"title":"Lev\u00e1ntate - el ojO cojo","description":"Cortometraje Lev\u00e1ntate exhibido en la edici\u00f3n 2014 del Festival el ojO cojo. Pa\u00eds de origen, Corea. Dirigido por Seung-Hyun Chong.","robots":{"index":"index","follow":"follow","max-snippet":"max-snippet:-1","max-image-preview":"max-image-preview:large","max-video-preview":"max-video-preview:-1"},"canonical":"https:\/\/elojocojo.org\/levantate\/","og_locale":"es_ES","og_type":"article","og_title":"Lev\u00e1ntate - el ojO cojo","og_description":"Cortometraje Lev\u00e1ntate exhibido en la edici\u00f3n 2014 del Festival el ojO cojo. Pa\u00eds de origen, Corea. Dirigido por Seung-Hyun Chong.","og_url":"https:\/\/elojocojo.org\/levantate\/","og_site_name":"el ojO cojo","article_publisher":"https:\/\/www.facebook.com\/elojocojo","article_published_time":"2014-05-30T14:09:08+00:00","article_modified_time":"2025-09-18T08:47:04+00:00","og_image":[{"width":640,"height":328,"url":"https:\/\/elojocojo.org\/wp-content\/uploads\/2019\/06\/lev\u00e1ntate.jpg","type":"image\/jpeg"}],"author":"cojo","twitter_card":"summary_large_image","twitter_creator":"@elojocojo","twitter_site":"@elojocojo","twitter_misc":{"Escrito por":"cojo","Tiempo de lectura":"2 minutos"},"schema":{"@context":"https:\/\/schema.org","@graph":[{"@type":"Article","@id":"https:\/\/elojocojo.org\/levantate\/#article","isPartOf":{"@id":"https:\/\/elojocojo.org\/levantate\/"},"author":{"name":"cojo","@id":"https:\/\/elojocojo.org\/#\/schema\/person\/cba15985dd5da095cac31c1ff0d6e23e"},"headline":"Lev\u00e1ntate","datePublished":"2014-05-30T14:09:08+00:00","dateModified":"2025-09-18T08:47:04+00:00","mainEntityOfPage":{"@id":"https:\/\/elojocojo.org\/levantate\/"},"wordCount":419,"publisher":{"@id":"https:\/\/elojocojo.org\/#organization"},"image":{"@id":"https:\/\/elojocojo.org\/levantate\/#primaryimage"},"thumbnailUrl":"https:\/\/elojocojo.org\/wp-content\/uploads\/2019\/06\/lev\u00e1ntate.jpg","keywords":["Asia","boxeo","Corea del Sur","costumbres y tradiciones","crisis","cultura","discriminaci\u00f3n","diversidad cultural","educaci\u00f3n","educaci\u00f3n social","esperanza","Europa","familia","festival de cine","ficci\u00f3n","ingl\u00e9s","interculturalidad","j\u00f3venes","migraciones","pel\u00edculas para adolescentes"],"articleSection":["Cortometraje","Festival 2014","Ficci\u00f3n"],"inLanguage":"es"},{"@type":"WebPage","@id":"https:\/\/elojocojo.org\/levantate\/","url":"https:\/\/elojocojo.org\/levantate\/","name":"Lev\u00e1ntate - el ojO cojo","isPartOf":{"@id":"https:\/\/elojocojo.org\/#website"},"primaryImageOfPage":{"@id":"https:\/\/elojocojo.org\/levantate\/#primaryimage"},"image":{"@id":"https:\/\/elojocojo.org\/levantate\/#primaryimage"},"thumbnailUrl":"https:\/\/elojocojo.org\/wp-content\/uploads\/2019\/06\/lev\u00e1ntate.jpg","datePublished":"2014-05-30T14:09:08+00:00","dateModified":"2025-09-18T08:47:04+00:00","description":"Cortometraje Lev\u00e1ntate exhibido en la edici\u00f3n 2014 del Festival el ojO cojo. Pa\u00eds de origen, Corea. Dirigido por Seung-Hyun Chong.","breadcrumb":{"@id":"https:\/\/elojocojo.org\/levantate\/#breadcrumb"},"inLanguage":"es","potentialAction":[{"@type":"ReadAction","target":["https:\/\/elojocojo.org\/levantate\/"]}]},{"@type":"ImageObject","inLanguage":"es","@id":"https:\/\/elojocojo.org\/levantate\/#primaryimage","url":"https:\/\/elojocojo.org\/wp-content\/uploads\/2019\/06\/lev\u00e1ntate.jpg","contentUrl":"https:\/\/elojocojo.org\/wp-content\/uploads\/2019\/06\/lev\u00e1ntate.jpg","width":640,"height":328,"caption":"Un hombre se encuentra sentado en una habitaci\u00f3n, de color azul, con los brazos apoyados en sus piernas. Tiene las manos vendadas de hacer boxeo. En frente tiene una c\u00e1mara de seguridad apunt\u00e1ndole. La luz es d\u00e9bil."},{"@type":"BreadcrumbList","@id":"https:\/\/elojocojo.org\/levantate\/#breadcrumb","itemListElement":[{"@type":"ListItem","position":1,"name":"Portada","item":"https:\/\/elojocojo.org\/"},{"@type":"ListItem","position":2,"name":"Asia","item":"https:\/\/elojocojo.org\/tag\/asia\/"},{"@type":"ListItem","position":3,"name":"Lev\u00e1ntate"}]},{"@type":"WebSite","@id":"https:\/\/elojocojo.org\/#website","url":"https:\/\/elojocojo.org\/","name":"el ojO cojo","description":"Todos estamos hechos de la misma esencia","publisher":{"@id":"https:\/\/elojocojo.org\/#organization"},"potentialAction":[{"@type":"SearchAction","target":{"@type":"EntryPoint","urlTemplate":"https:\/\/elojocojo.org\/?s={search_term_string}"},"query-input":{"@type":"PropertyValueSpecification","valueRequired":true,"valueName":"search_term_string"}}],"inLanguage":"es"},{"@type":"Organization","@id":"https:\/\/elojocojo.org\/#organization","name":"Meigas da r\u00faa","url":"https:\/\/elojocojo.org\/","logo":{"@type":"ImageObject","inLanguage":"es","@id":"https:\/\/elojocojo.org\/#\/schema\/logo\/image\/","url":"https:\/\/meigasdarua.org\/wp-content\/uploads\/2020\/09\/cropped-logo-meigas-5.png","contentUrl":"https:\/\/meigasdarua.org\/wp-content\/uploads\/2020\/09\/cropped-logo-meigas-5.png","width":109,"height":200,"caption":"Meigas da r\u00faa"},"image":{"@id":"https:\/\/elojocojo.org\/#\/schema\/logo\/image\/"},"sameAs":["https:\/\/www.facebook.com\/elojocojo","https:\/\/x.com\/elojocojo","https:\/\/www.instagram.com\/elojocojo\/?hl=es","https:\/\/www.linkedin.com\/in\/el-ojo-cojo-b52b7769\/","https:\/\/www.pinterest.es\/elojocojo\/_saved\/","https:\/\/www.youtube.com\/channel\/UCkFtFTV0Bms7zH7vq8FZxZg"]},{"@type":"Person","@id":"https:\/\/elojocojo.org\/#\/schema\/person\/cba15985dd5da095cac31c1ff0d6e23e","name":"cojo","url":"https:\/\/elojocojo.org\/author\/cojo\/"}]}},"_links":{"self":[{"href":"https:\/\/elojocojo.org\/wp-json\/wp\/v2\/posts\/13030","targetHints":{"allow":["GET"]}}],"collection":[{"href":"https:\/\/elojocojo.org\/wp-json\/wp\/v2\/posts"}],"about":[{"href":"https:\/\/elojocojo.org\/wp-json\/wp\/v2\/types\/post"}],"author":[{"embeddable":true,"href":"https:\/\/elojocojo.org\/wp-json\/wp\/v2\/users\/11"}],"replies":[{"embeddable":true,"href":"https:\/\/elojocojo.org\/wp-json\/wp\/v2\/comments?post=13030"}],"version-history":[{"count":6,"href":"https:\/\/elojocojo.org\/wp-json\/wp\/v2\/posts\/13030\/revisions"}],"predecessor-version":[{"id":69171,"href":"https:\/\/elojocojo.org\/wp-json\/wp\/v2\/posts\/13030\/revisions\/69171"}],"wp:featuredmedia":[{"embeddable":true,"href":"https:\/\/elojocojo.org\/wp-json\/wp\/v2\/media\/15403"}],"wp:attachment":[{"href":"https:\/\/elojocojo.org\/wp-json\/wp\/v2\/media?parent=13030"}],"wp:term":[{"taxonomy":"category","embeddable":true,"href":"https:\/\/elojocojo.org\/wp-json\/wp\/v2\/categories?post=13030"},{"taxonomy":"post_tag","embeddable":true,"href":"https:\/\/elojocojo.org\/wp-json\/wp\/v2\/tags?post=13030"}],"curies":[{"name":"wp","href":"https:\/\/api.w.org\/{rel}","templated":true}]}}