{"id":13022,"date":"2014-05-30T06:52:22","date_gmt":"2014-05-30T13:52:22","guid":{"rendered":"http:\/\/www.elojocojo.org\/?p=13022"},"modified":"2025-09-18T10:47:57","modified_gmt":"2025-09-18T08:47:57","slug":"caleidoscopio","status":"publish","type":"post","link":"https:\/\/elojocojo.org\/caleidoscopio\/","title":{"rendered":"Caleidoscopio"},"content":{"rendered":"\n<p><iframe src=\"\/\/player.vimeo.com\/video\/56151971\" width=\"500\" height=\"375\" frameborder=\"0\" allowfullscreen=\"allowfullscreen\"><\/iframe><\/p>\n\n\n\n<p>T\u00cdTULO: Caleidoscopio<br \/>T\u00cdTULO ORIGINAL: Kaleidoscope<br \/>A\u00d1O: 2013<\/p>\n\n\n\n<p>DIRECTOR: Dania Bdeir<br \/>G\u00c9NERO: Ficci\u00f3n<br \/>DURACI\u00d3N: 12\u00b4<br \/>PA\u00cdS: L\u00edbano<br \/>IDIOMA: Liban\u00e9s<br \/>INT\u00c9RPRETES: Georges Makhlouf, Charbel Makhlouf, Christine Choueiri<br \/>GUI\u00d3N: Dania Bdeir<br \/>PRODUCCI\u00d3N: Kasem Hatoum<\/p>\n\n\n\n<h2 class=\"wp-block-heading\"><sub>Sinopsis<\/sub><\/h2>\n\n\n\n<p>Amer&nbsp;es un ni\u00f1o so\u00f1ador de siete a\u00f1os, cautivado por los colores de su imaginaci\u00f3n en Beirut. Sin embargo, la ciudad donde vive es \u00e1spera y dif\u00edcil.&nbsp;A pesar de su imaginaci\u00f3n, Amer es testigo de c\u00f3mo su padre lucha d\u00eda a d\u00eda para sobrevivir.&nbsp;Un d\u00eda, Amer decide escapar y seguir a su padre, pensando que ser\u00e1 una aventura m\u00e1gica, una experiencia especial de padre e hijo.<\/p>\n\n\n\n<p>Sin embargo, pronto se dar\u00e1 cuenta de que la realidad es mucho m\u00e1s dura de lo que imaginaba.&nbsp;De hecho, en lugar de encontrar esa aventura so\u00f1ada, tanto \u00e9l como su padre son vencidos por la cruda realidad que los rodea.&nbsp;<\/p>\n\n\n\n<p>As\u00ed, este relato muestra c\u00f3mo un ni\u00f1o pierde su inocencia al enfrentarse a la verdad de su pa\u00eds.&nbsp;A medida que la historia avanza, queda claro que el L\u00edbano no le permitir\u00e1 abrazar por completo lo que queda de su esperanza.<\/p>\n\n\n\n<p>Adem\u00e1s, es una historia que no solo explora el crecimiento personal de Amer, sino que tambi\u00e9n refleja las dificultades de vivir en un entorno lleno de conflictos.&nbsp;As\u00ed, el ni\u00f1o se ve obligado a madurar r\u00e1pidamente.&nbsp;Por otro lado, su relaci\u00f3n con su padre tambi\u00e9n se transforma, dejando atr\u00e1s el sue\u00f1o de una aventura m\u00e1gica para enfrentarse a una dura realidad.<\/p>\n\n\n\n<p>Finalmente, \u00abAmer\u00bb es una historia conmovedora, cargada de emociones y reflexiones sobre la infancia, la esperanza y la dif\u00edcil transici\u00f3n a la madurez en un pa\u00eds marcado por la adversidad.<\/p>\n\n\n\n<p class=\"p1\">El filme Caleidoscopio particip\u00f3 en la edici\u00f3n <span class=\"s1\"><b>2014<\/b><\/span>&nbsp;del <a href=\"https:\/\/elojocojo.org\/category\/festival-2014\/\"><span class=\"s1\"><b>Festival<\/b><\/span><\/a><a href=\"https:\/\/elojocojo.org\/category\/festival-2013\/\"><span class=\"s1\"><b> de cine el ojO cojo<\/b> <\/span><\/a>en ese sentido nos sentimos honrados de haberla exhibido.<\/p>\n\n\n\n<p class=\"p1\">Visita nuestro <a href=\"https:\/\/el-ojocojo.blogspot.com\/\">blog<\/a> <\/p>\n","protected":false},"excerpt":{"rendered":"<p>T\u00cdTULO: CaleidoscopioT\u00cdTULO ORIGINAL: KaleidoscopeA\u00d1O: 2013 DIRECTOR: Dania BdeirG\u00c9NERO: Ficci\u00f3nDURACI\u00d3N: 12\u00b4PA\u00cdS: L\u00edbanoIDIOMA: Liban\u00e9sINT\u00c9RPRETES: Georges Makhlouf, Charbel Makhlouf, Christine ChoueiriGUI\u00d3N: Dania BdeirPRODUCCI\u00d3N: Kasem Hatoum Sinopsis Amer&nbsp;es un ni\u00f1o so\u00f1ador de siete a\u00f1os, cautivado por los colores de su imaginaci\u00f3n en Beirut. Sin embargo, la ciudad donde vive es \u00e1spera y dif\u00edcil.&nbsp;A pesar de su imaginaci\u00f3n, Amer es [&hellip;]<\/p>\n","protected":false},"author":11,"featured_media":17409,"comment_status":"closed","ping_status":"closed","sticky":false,"template":"","format":"standard","meta":{"_monsterinsights_skip_tracking":false,"_monsterinsights_sitenote_active":false,"_monsterinsights_sitenote_note":"","_monsterinsights_sitenote_category":0,"footnotes":""},"categories":[1460,7,30],"tags":[1998,1999,1126,169,962,1468,1581,1258,2191,15,1981,1982,1628,1632,288,128,1712,922,1128],"class_list":{"0":"post-13022","1":"post","2":"type-post","3":"status-publish","4":"format-standard","5":"has-post-thumbnail","7":"category-cortometraje","8":"category-festival-2014","9":"category-ficcion","10":"tag-1998","11":"tag-1999","12":"tag-alianzas-para-lograr-objetivos","13":"tag-amistad","14":"tag-amor-filial","15":"tag-cortometraje","16":"tag-libano","17":"tag-empoderamiento","18":"tag-esperanza","19":"tag-familia","20":"tag-festival-de-cine","21":"tag-festival-el-ojo-cojo","22":"tag-ficcion","23":"tag-imaginacion","24":"tag-jovenes","25":"tag-ninos","26":"tag-peliculas-para-adolescentes","27":"tag-peliculas-para-ninos","28":"tag-salud-y-bienestar","29":"czr-hentry"},"yoast_head":"<!-- This site is optimized with the Yoast SEO plugin v27.1.1 - https:\/\/yoast.com\/product\/yoast-seo-wordpress\/ -->\n<title>Caleidoscopio - el ojO cojo<\/title>\n<meta name=\"description\" content=\"Cortometraje Caleidoscopio exhibido en la edici\u00f3n 2014 del Festival el ojO cojo. Pa\u00eds de origen, L\u00edbano. Dirigido por Dania Bdeir.\" \/>\n<meta name=\"robots\" content=\"index, follow, max-snippet:-1, max-image-preview:large, max-video-preview:-1\" \/>\n<link rel=\"canonical\" href=\"https:\/\/elojocojo.org\/caleidoscopio\/\" \/>\n<meta property=\"og:locale\" content=\"es_ES\" \/>\n<meta property=\"og:type\" content=\"article\" \/>\n<meta property=\"og:title\" content=\"Caleidoscopio - el ojO cojo\" \/>\n<meta property=\"og:description\" content=\"Cortometraje Caleidoscopio exhibido en la edici\u00f3n 2014 del Festival el ojO cojo. Pa\u00eds de origen, L\u00edbano. Dirigido por Dania Bdeir.\" \/>\n<meta property=\"og:url\" content=\"https:\/\/elojocojo.org\/caleidoscopio\/\" \/>\n<meta property=\"og:site_name\" content=\"el ojO cojo\" \/>\n<meta property=\"article:publisher\" content=\"https:\/\/www.facebook.com\/elojocojo\" \/>\n<meta property=\"article:published_time\" content=\"2014-05-30T13:52:22+00:00\" \/>\n<meta property=\"article:modified_time\" content=\"2025-09-18T08:47:57+00:00\" \/>\n<meta property=\"og:image\" content=\"https:\/\/elojocojo.org\/wp-content\/uploads\/2014\/05\/MV5BNjE4ZTYyYTItYTUwZC00YjZlLTk2ZTYtM2Q4NWM0MGY1NmVlXkEyXkFqcGdeQXVyNDQ5ODEzMjU@._V1_.jpg\" \/>\n\t<meta property=\"og:image:width\" content=\"330\" \/>\n\t<meta property=\"og:image:height\" content=\"470\" \/>\n\t<meta property=\"og:image:type\" content=\"image\/jpeg\" \/>\n<meta name=\"author\" content=\"cojo\" \/>\n<meta name=\"twitter:card\" content=\"summary_large_image\" \/>\n<meta name=\"twitter:creator\" content=\"@elojocojo\" \/>\n<meta name=\"twitter:site\" content=\"@elojocojo\" \/>\n<meta name=\"twitter:label1\" content=\"Escrito por\" \/>\n\t<meta name=\"twitter:data1\" content=\"cojo\" \/>\n\t<meta name=\"twitter:label2\" content=\"Tiempo de lectura\" \/>\n\t<meta name=\"twitter:data2\" content=\"1 minuto\" \/>\n<script type=\"application\/ld+json\" class=\"yoast-schema-graph\">{\"@context\":\"https:\/\/schema.org\",\"@graph\":[{\"@type\":\"Article\",\"@id\":\"https:\/\/elojocojo.org\/caleidoscopio\/#article\",\"isPartOf\":{\"@id\":\"https:\/\/elojocojo.org\/caleidoscopio\/\"},\"author\":{\"name\":\"cojo\",\"@id\":\"https:\/\/elojocojo.org\/#\/schema\/person\/cba15985dd5da095cac31c1ff0d6e23e\"},\"headline\":\"Caleidoscopio\",\"datePublished\":\"2014-05-30T13:52:22+00:00\",\"dateModified\":\"2025-09-18T08:47:57+00:00\",\"mainEntityOfPage\":{\"@id\":\"https:\/\/elojocojo.org\/caleidoscopio\/\"},\"wordCount\":341,\"publisher\":{\"@id\":\"https:\/\/elojocojo.org\/#organization\"},\"image\":{\"@id\":\"https:\/\/elojocojo.org\/caleidoscopio\/#primaryimage\"},\"thumbnailUrl\":\"https:\/\/elojocojo.org\/wp-content\/uploads\/2014\/05\/MV5BNjE4ZTYyYTItYTUwZC00YjZlLTk2ZTYtM2Q4NWM0MGY1NmVlXkEyXkFqcGdeQXVyNDQ5ODEzMjU@._V1_.jpg\",\"keywords\":[\"2013\",\"2014\",\"Alianzas para lograr objetivos\",\"amistad\",\"amor filial\",\"cortometraje\",\"El L\u00edbano\",\"empoderamiento\",\"esperanza\",\"familia\",\"festival de cine\",\"Festival el Ojo cojo\",\"ficci\u00f3n\",\"imaginaci\u00f3n\",\"j\u00f3venes\",\"ni\u00f1os\",\"pel\u00edculas para adolescentes\",\"pel\u00edculas para ni\u00f1os\",\"Salud y bienestar\"],\"articleSection\":[\"Cortometraje\",\"Festival 2014\",\"Ficci\u00f3n\"],\"inLanguage\":\"es\"},{\"@type\":\"WebPage\",\"@id\":\"https:\/\/elojocojo.org\/caleidoscopio\/\",\"url\":\"https:\/\/elojocojo.org\/caleidoscopio\/\",\"name\":\"Caleidoscopio - el ojO cojo\",\"isPartOf\":{\"@id\":\"https:\/\/elojocojo.org\/#website\"},\"primaryImageOfPage\":{\"@id\":\"https:\/\/elojocojo.org\/caleidoscopio\/#primaryimage\"},\"image\":{\"@id\":\"https:\/\/elojocojo.org\/caleidoscopio\/#primaryimage\"},\"thumbnailUrl\":\"https:\/\/elojocojo.org\/wp-content\/uploads\/2014\/05\/MV5BNjE4ZTYyYTItYTUwZC00YjZlLTk2ZTYtM2Q4NWM0MGY1NmVlXkEyXkFqcGdeQXVyNDQ5ODEzMjU@._V1_.jpg\",\"datePublished\":\"2014-05-30T13:52:22+00:00\",\"dateModified\":\"2025-09-18T08:47:57+00:00\",\"description\":\"Cortometraje Caleidoscopio exhibido en la edici\u00f3n 2014 del Festival el ojO cojo. Pa\u00eds de origen, L\u00edbano. Dirigido por Dania Bdeir.\",\"breadcrumb\":{\"@id\":\"https:\/\/elojocojo.org\/caleidoscopio\/#breadcrumb\"},\"inLanguage\":\"es\",\"potentialAction\":[{\"@type\":\"ReadAction\",\"target\":[\"https:\/\/elojocojo.org\/caleidoscopio\/\"]}]},{\"@type\":\"ImageObject\",\"inLanguage\":\"es\",\"@id\":\"https:\/\/elojocojo.org\/caleidoscopio\/#primaryimage\",\"url\":\"https:\/\/elojocojo.org\/wp-content\/uploads\/2014\/05\/MV5BNjE4ZTYyYTItYTUwZC00YjZlLTk2ZTYtM2Q4NWM0MGY1NmVlXkEyXkFqcGdeQXVyNDQ5ODEzMjU@._V1_.jpg\",\"contentUrl\":\"https:\/\/elojocojo.org\/wp-content\/uploads\/2014\/05\/MV5BNjE4ZTYyYTItYTUwZC00YjZlLTk2ZTYtM2Q4NWM0MGY1NmVlXkEyXkFqcGdeQXVyNDQ5ODEzMjU@._V1_.jpg\",\"width\":330,\"height\":470,\"caption\":\"Imagen del cartel de Caleidoscopio\"},{\"@type\":\"BreadcrumbList\",\"@id\":\"https:\/\/elojocojo.org\/caleidoscopio\/#breadcrumb\",\"itemListElement\":[{\"@type\":\"ListItem\",\"position\":1,\"name\":\"Portada\",\"item\":\"https:\/\/elojocojo.org\/\"},{\"@type\":\"ListItem\",\"position\":2,\"name\":\"2013\",\"item\":\"https:\/\/elojocojo.org\/tag\/2013\/\"},{\"@type\":\"ListItem\",\"position\":3,\"name\":\"Caleidoscopio\"}]},{\"@type\":\"WebSite\",\"@id\":\"https:\/\/elojocojo.org\/#website\",\"url\":\"https:\/\/elojocojo.org\/\",\"name\":\"el ojO cojo\",\"description\":\"Todos estamos hechos de la misma esencia\",\"publisher\":{\"@id\":\"https:\/\/elojocojo.org\/#organization\"},\"potentialAction\":[{\"@type\":\"SearchAction\",\"target\":{\"@type\":\"EntryPoint\",\"urlTemplate\":\"https:\/\/elojocojo.org\/?s={search_term_string}\"},\"query-input\":{\"@type\":\"PropertyValueSpecification\",\"valueRequired\":true,\"valueName\":\"search_term_string\"}}],\"inLanguage\":\"es\"},{\"@type\":\"Organization\",\"@id\":\"https:\/\/elojocojo.org\/#organization\",\"name\":\"Meigas da r\u00faa\",\"url\":\"https:\/\/elojocojo.org\/\",\"logo\":{\"@type\":\"ImageObject\",\"inLanguage\":\"es\",\"@id\":\"https:\/\/elojocojo.org\/#\/schema\/logo\/image\/\",\"url\":\"https:\/\/meigasdarua.org\/wp-content\/uploads\/2020\/09\/cropped-logo-meigas-5.png\",\"contentUrl\":\"https:\/\/meigasdarua.org\/wp-content\/uploads\/2020\/09\/cropped-logo-meigas-5.png\",\"width\":109,\"height\":200,\"caption\":\"Meigas da r\u00faa\"},\"image\":{\"@id\":\"https:\/\/elojocojo.org\/#\/schema\/logo\/image\/\"},\"sameAs\":[\"https:\/\/www.facebook.com\/elojocojo\",\"https:\/\/x.com\/elojocojo\",\"https:\/\/www.instagram.com\/elojocojo\/?hl=es\",\"https:\/\/www.linkedin.com\/in\/el-ojo-cojo-b52b7769\/\",\"https:\/\/www.pinterest.es\/elojocojo\/_saved\/\",\"https:\/\/www.youtube.com\/channel\/UCkFtFTV0Bms7zH7vq8FZxZg\"]},{\"@type\":\"Person\",\"@id\":\"https:\/\/elojocojo.org\/#\/schema\/person\/cba15985dd5da095cac31c1ff0d6e23e\",\"name\":\"cojo\",\"url\":\"https:\/\/elojocojo.org\/author\/cojo\/\"}]}<\/script>\n<!-- \/ Yoast SEO plugin. -->","yoast_head_json":{"title":"Caleidoscopio - el ojO cojo","description":"Cortometraje Caleidoscopio exhibido en la edici\u00f3n 2014 del Festival el ojO cojo. Pa\u00eds de origen, L\u00edbano. Dirigido por Dania Bdeir.","robots":{"index":"index","follow":"follow","max-snippet":"max-snippet:-1","max-image-preview":"max-image-preview:large","max-video-preview":"max-video-preview:-1"},"canonical":"https:\/\/elojocojo.org\/caleidoscopio\/","og_locale":"es_ES","og_type":"article","og_title":"Caleidoscopio - el ojO cojo","og_description":"Cortometraje Caleidoscopio exhibido en la edici\u00f3n 2014 del Festival el ojO cojo. Pa\u00eds de origen, L\u00edbano. Dirigido por Dania Bdeir.","og_url":"https:\/\/elojocojo.org\/caleidoscopio\/","og_site_name":"el ojO cojo","article_publisher":"https:\/\/www.facebook.com\/elojocojo","article_published_time":"2014-05-30T13:52:22+00:00","article_modified_time":"2025-09-18T08:47:57+00:00","og_image":[{"width":330,"height":470,"url":"https:\/\/elojocojo.org\/wp-content\/uploads\/2014\/05\/MV5BNjE4ZTYyYTItYTUwZC00YjZlLTk2ZTYtM2Q4NWM0MGY1NmVlXkEyXkFqcGdeQXVyNDQ5ODEzMjU@._V1_.jpg","type":"image\/jpeg"}],"author":"cojo","twitter_card":"summary_large_image","twitter_creator":"@elojocojo","twitter_site":"@elojocojo","twitter_misc":{"Escrito por":"cojo","Tiempo de lectura":"1 minuto"},"schema":{"@context":"https:\/\/schema.org","@graph":[{"@type":"Article","@id":"https:\/\/elojocojo.org\/caleidoscopio\/#article","isPartOf":{"@id":"https:\/\/elojocojo.org\/caleidoscopio\/"},"author":{"name":"cojo","@id":"https:\/\/elojocojo.org\/#\/schema\/person\/cba15985dd5da095cac31c1ff0d6e23e"},"headline":"Caleidoscopio","datePublished":"2014-05-30T13:52:22+00:00","dateModified":"2025-09-18T08:47:57+00:00","mainEntityOfPage":{"@id":"https:\/\/elojocojo.org\/caleidoscopio\/"},"wordCount":341,"publisher":{"@id":"https:\/\/elojocojo.org\/#organization"},"image":{"@id":"https:\/\/elojocojo.org\/caleidoscopio\/#primaryimage"},"thumbnailUrl":"https:\/\/elojocojo.org\/wp-content\/uploads\/2014\/05\/MV5BNjE4ZTYyYTItYTUwZC00YjZlLTk2ZTYtM2Q4NWM0MGY1NmVlXkEyXkFqcGdeQXVyNDQ5ODEzMjU@._V1_.jpg","keywords":["2013","2014","Alianzas para lograr objetivos","amistad","amor filial","cortometraje","El L\u00edbano","empoderamiento","esperanza","familia","festival de cine","Festival el Ojo cojo","ficci\u00f3n","imaginaci\u00f3n","j\u00f3venes","ni\u00f1os","pel\u00edculas para adolescentes","pel\u00edculas para ni\u00f1os","Salud y bienestar"],"articleSection":["Cortometraje","Festival 2014","Ficci\u00f3n"],"inLanguage":"es"},{"@type":"WebPage","@id":"https:\/\/elojocojo.org\/caleidoscopio\/","url":"https:\/\/elojocojo.org\/caleidoscopio\/","name":"Caleidoscopio - el ojO cojo","isPartOf":{"@id":"https:\/\/elojocojo.org\/#website"},"primaryImageOfPage":{"@id":"https:\/\/elojocojo.org\/caleidoscopio\/#primaryimage"},"image":{"@id":"https:\/\/elojocojo.org\/caleidoscopio\/#primaryimage"},"thumbnailUrl":"https:\/\/elojocojo.org\/wp-content\/uploads\/2014\/05\/MV5BNjE4ZTYyYTItYTUwZC00YjZlLTk2ZTYtM2Q4NWM0MGY1NmVlXkEyXkFqcGdeQXVyNDQ5ODEzMjU@._V1_.jpg","datePublished":"2014-05-30T13:52:22+00:00","dateModified":"2025-09-18T08:47:57+00:00","description":"Cortometraje Caleidoscopio exhibido en la edici\u00f3n 2014 del Festival el ojO cojo. Pa\u00eds de origen, L\u00edbano. Dirigido por Dania Bdeir.","breadcrumb":{"@id":"https:\/\/elojocojo.org\/caleidoscopio\/#breadcrumb"},"inLanguage":"es","potentialAction":[{"@type":"ReadAction","target":["https:\/\/elojocojo.org\/caleidoscopio\/"]}]},{"@type":"ImageObject","inLanguage":"es","@id":"https:\/\/elojocojo.org\/caleidoscopio\/#primaryimage","url":"https:\/\/elojocojo.org\/wp-content\/uploads\/2014\/05\/MV5BNjE4ZTYyYTItYTUwZC00YjZlLTk2ZTYtM2Q4NWM0MGY1NmVlXkEyXkFqcGdeQXVyNDQ5ODEzMjU@._V1_.jpg","contentUrl":"https:\/\/elojocojo.org\/wp-content\/uploads\/2014\/05\/MV5BNjE4ZTYyYTItYTUwZC00YjZlLTk2ZTYtM2Q4NWM0MGY1NmVlXkEyXkFqcGdeQXVyNDQ5ODEzMjU@._V1_.jpg","width":330,"height":470,"caption":"Imagen del cartel de Caleidoscopio"},{"@type":"BreadcrumbList","@id":"https:\/\/elojocojo.org\/caleidoscopio\/#breadcrumb","itemListElement":[{"@type":"ListItem","position":1,"name":"Portada","item":"https:\/\/elojocojo.org\/"},{"@type":"ListItem","position":2,"name":"2013","item":"https:\/\/elojocojo.org\/tag\/2013\/"},{"@type":"ListItem","position":3,"name":"Caleidoscopio"}]},{"@type":"WebSite","@id":"https:\/\/elojocojo.org\/#website","url":"https:\/\/elojocojo.org\/","name":"el ojO cojo","description":"Todos estamos hechos de la misma esencia","publisher":{"@id":"https:\/\/elojocojo.org\/#organization"},"potentialAction":[{"@type":"SearchAction","target":{"@type":"EntryPoint","urlTemplate":"https:\/\/elojocojo.org\/?s={search_term_string}"},"query-input":{"@type":"PropertyValueSpecification","valueRequired":true,"valueName":"search_term_string"}}],"inLanguage":"es"},{"@type":"Organization","@id":"https:\/\/elojocojo.org\/#organization","name":"Meigas da r\u00faa","url":"https:\/\/elojocojo.org\/","logo":{"@type":"ImageObject","inLanguage":"es","@id":"https:\/\/elojocojo.org\/#\/schema\/logo\/image\/","url":"https:\/\/meigasdarua.org\/wp-content\/uploads\/2020\/09\/cropped-logo-meigas-5.png","contentUrl":"https:\/\/meigasdarua.org\/wp-content\/uploads\/2020\/09\/cropped-logo-meigas-5.png","width":109,"height":200,"caption":"Meigas da r\u00faa"},"image":{"@id":"https:\/\/elojocojo.org\/#\/schema\/logo\/image\/"},"sameAs":["https:\/\/www.facebook.com\/elojocojo","https:\/\/x.com\/elojocojo","https:\/\/www.instagram.com\/elojocojo\/?hl=es","https:\/\/www.linkedin.com\/in\/el-ojo-cojo-b52b7769\/","https:\/\/www.pinterest.es\/elojocojo\/_saved\/","https:\/\/www.youtube.com\/channel\/UCkFtFTV0Bms7zH7vq8FZxZg"]},{"@type":"Person","@id":"https:\/\/elojocojo.org\/#\/schema\/person\/cba15985dd5da095cac31c1ff0d6e23e","name":"cojo","url":"https:\/\/elojocojo.org\/author\/cojo\/"}]}},"_links":{"self":[{"href":"https:\/\/elojocojo.org\/wp-json\/wp\/v2\/posts\/13022","targetHints":{"allow":["GET"]}}],"collection":[{"href":"https:\/\/elojocojo.org\/wp-json\/wp\/v2\/posts"}],"about":[{"href":"https:\/\/elojocojo.org\/wp-json\/wp\/v2\/types\/post"}],"author":[{"embeddable":true,"href":"https:\/\/elojocojo.org\/wp-json\/wp\/v2\/users\/11"}],"replies":[{"embeddable":true,"href":"https:\/\/elojocojo.org\/wp-json\/wp\/v2\/comments?post=13022"}],"version-history":[{"count":4,"href":"https:\/\/elojocojo.org\/wp-json\/wp\/v2\/posts\/13022\/revisions"}],"predecessor-version":[{"id":58039,"href":"https:\/\/elojocojo.org\/wp-json\/wp\/v2\/posts\/13022\/revisions\/58039"}],"wp:featuredmedia":[{"embeddable":true,"href":"https:\/\/elojocojo.org\/wp-json\/wp\/v2\/media\/17409"}],"wp:attachment":[{"href":"https:\/\/elojocojo.org\/wp-json\/wp\/v2\/media?parent=13022"}],"wp:term":[{"taxonomy":"category","embeddable":true,"href":"https:\/\/elojocojo.org\/wp-json\/wp\/v2\/categories?post=13022"},{"taxonomy":"post_tag","embeddable":true,"href":"https:\/\/elojocojo.org\/wp-json\/wp\/v2\/tags?post=13022"}],"curies":[{"name":"wp","href":"https:\/\/api.w.org\/{rel}","templated":true}]}}