{"id":12824,"date":"2017-05-22T11:42:15","date_gmt":"2017-05-22T18:42:15","guid":{"rendered":"http:\/\/www.elojocojo.org\/?p=12824"},"modified":"2025-09-25T17:33:56","modified_gmt":"2025-09-25T15:33:56","slug":"citipati","status":"publish","type":"post","link":"https:\/\/elojocojo.org\/citipati\/","title":{"rendered":"Citipati"},"content":{"rendered":"\n<figure class=\"wp-block-embed is-type-video is-provider-youtube wp-block-embed-youtube wp-embed-aspect-16-9 wp-has-aspect-ratio\"><div class=\"wp-block-embed__wrapper\">\n<iframe title=\"Citipati - Andreas Feix \/ TRAILER MECAL 2017\" width=\"1140\" height=\"641\" src=\"https:\/\/www.youtube.com\/embed\/2UpEHwLex6g?feature=oembed\" frameborder=\"0\" allow=\"accelerometer; autoplay; clipboard-write; encrypted-media; gyroscope; picture-in-picture; web-share\" referrerpolicy=\"strict-origin-when-cross-origin\" allowfullscreen><\/iframe>\n<\/div><\/figure>\n\n\n<p><strong>T\u00cdTULO:<\/strong> Citipati<\/p>\n<p><strong>T\u00cdTULO ORIGINAL:<\/strong> Citipati<\/p>\n<p><strong>A\u00d1O:<\/strong> 2017<\/p>\n<p><strong>DIRECTOR:<\/strong> Andreas Feix<\/p>\n<p><strong>CATEGOR\u00cdA:<\/strong> Ficci\u00f3n<\/p>\n<p><strong>DURACI\u00d3N:<\/strong> 6&#8217;50\u00bb<\/p>\n<p><strong>PA\u00cdS:<\/strong> Alemania<\/p>\n<p><strong>TIPO:<\/strong> Color<\/p>\n<p><strong>IDIOMA ORIGINAL:<\/strong> Sin di\u00e1logos<\/p>\n<p><strong>PRODUCCI\u00d3N:<\/strong> Francesco Faranna<\/p>\n<p><strong>SINOPSIS:<\/strong><\/p>\n<p>La pel\u00edcula Citipati transporta al espectador a uno de los momentos m\u00e1s cr\u00edticos de la historia: el impacto de un meteorito que desencadena la extinci\u00f3n masiva de los dinosaurios. Lo hace a trav\u00e9s de los ojos de un peque\u00f1o dinosaurio, que lucha por sobrevivir en un mundo que cambia dram\u00e1ticamente a su alrededor. Con una narrativa visual cautivadora, el filme nos sumerge en una reflexi\u00f3n profunda sobre los ciclos de la vida, la muerte y el renacer.<\/p>\n<p>El protagonista, a pesar de su tama\u00f1o insignificante frente a la cat\u00e1strofe global, representa la resistencia y la lucha por la supervivencia. De esta forma, la pel\u00edcula no se limita a mostrarnos el desastre, sino que nos invita a experimentar las emociones de este ser, logrando una conexi\u00f3n \u00edntima con el espectador. En este sentido, Citipati consigue contar una historia universal desde una perspectiva \u00fanica, mostrando adem\u00e1s de la devastaci\u00f3n, tambi\u00e9n el instinto de superaci\u00f3n.\u00a0<\/p>\n<p><img decoding=\"async\" class=\"alignnone size-medium wp-image-56055\" src=\"https:\/\/elojocojo.org\/wp-content\/uploads\/2017\/05\/citipapi-400x142.png\" alt=\"\" width=\"400\" height=\"142\" srcset=\"https:\/\/elojocojo.org\/wp-content\/uploads\/2017\/05\/citipapi-400x142.png 400w, https:\/\/elojocojo.org\/wp-content\/uploads\/2017\/05\/citipapi-620x220.png 620w, https:\/\/elojocojo.org\/wp-content\/uploads\/2017\/05\/citipapi-300x106.png 300w, https:\/\/elojocojo.org\/wp-content\/uploads\/2017\/05\/citipapi-768x273.png 768w, https:\/\/elojocojo.org\/wp-content\/uploads\/2017\/05\/citipapi.png 1186w\" sizes=\"(max-width: 400px) 100vw, 400px\" \/><\/p>\n<p>El nombre de la pel\u00edcula, Citipati, hace referencia a una especie de dinosaurio real, lo que le otorga una dimensi\u00f3n educativa que enriquece la narrativa. Asimismo el cortometraje ofrece un mensaje impl\u00edcito de esperanza, sugiriendo que incluso en los momentos m\u00e1s oscuros puede haber lugar para un nuevo comienzo. De este modo, a trav\u00e9s del peque\u00f1o dinosaurio, somos testigos de un relato que trasciende lo meramente hist\u00f3rico.<\/p>\n<p>Este cortometraje fue parte de la edici\u00f3n <span class=\"s1\"><b>2017<\/b><\/span> del <a href=\"https:\/\/elojocojo.org\/category\/festival-2017\/\"><span class=\"s1\"><b>Festival de cine el ojO cojo<\/b><\/span><\/a>. La inclusi\u00f3n de Citipati en dicho festival es motivo de orgullo para nosotros, por su enfoque original y su alta calidad visual. En definitiva, es una obra que nos invita a reflexionar sobre nuestra propia existencia y la historia del planeta.<\/p>\n<p>\u00a0<\/p>\n<p class=\"p1\">\u00a0<\/p>\n<p>Visita nuestro blog <a href=\"https:\/\/el-ojocojo.blogspot.com\/\">https:\/\/el-ojocojo.blogspot.com\/<\/a><\/p>","protected":false},"excerpt":{"rendered":"<p>T\u00cdTULO: Citipati T\u00cdTULO ORIGINAL: Citipati A\u00d1O: 2017 DIRECTOR: Andreas Feix CATEGOR\u00cdA: Ficci\u00f3n DURACI\u00d3N: 6&#8217;50\u00bb PA\u00cdS: Alemania TIPO: Color IDIOMA ORIGINAL: Sin di\u00e1logos PRODUCCI\u00d3N: Francesco Faranna SINOPSIS: La pel\u00edcula Citipati transporta al espectador a uno de los momentos m\u00e1s cr\u00edticos de la historia: el impacto de un meteorito que desencadena la extinci\u00f3n masiva de los dinosaurios. [&hellip;]<\/p>\n","protected":false},"author":11,"featured_media":13526,"comment_status":"closed","ping_status":"closed","sticky":false,"template":"","format":"standard","meta":{"_monsterinsights_skip_tracking":false,"_monsterinsights_sitenote_active":false,"_monsterinsights_sitenote_note":"","_monsterinsights_sitenote_category":0,"footnotes":""},"categories":[32,1460,10,30],"tags":[1995,1257,78,1833,1468,1810,1597,2191,1981,1982,1628,1075],"class_list":{"0":"post-12824","1":"post","2":"type-post","3":"status-publish","4":"format-standard","5":"has-post-thumbnail","7":"category-animacion","8":"category-cortometraje","9":"category-festival-2017","10":"category-ficcion","11":"tag-1995","12":"tag-accion-por-el-clima","13":"tag-alemania","14":"tag-animacion","15":"tag-cortometraje","16":"tag-dialogo","17":"tag-ecosistema","18":"tag-esperanza","19":"tag-festival-de-cine","20":"tag-festival-el-ojo-cojo","21":"tag-ficcion","22":"tag-vida-de-ecosistemas-terrestres","23":"czr-hentry"},"yoast_head":"<!-- This site is optimized with the Yoast SEO plugin v27.1.1 - https:\/\/yoast.com\/product\/yoast-seo-wordpress\/ -->\n<title>Citipati - el ojO cojo<\/title>\n<meta name=\"description\" content=\"Cortometraje Citipati exhibido en la edici\u00f3n 2017 del Festival el ojO cojo. Pa\u00eds de origen, Alemania. Dirigido por Andreas Feix.\" \/>\n<meta name=\"robots\" content=\"index, follow, max-snippet:-1, max-image-preview:large, max-video-preview:-1\" \/>\n<link rel=\"canonical\" href=\"https:\/\/elojocojo.org\/citipati\/\" \/>\n<meta property=\"og:locale\" content=\"es_ES\" \/>\n<meta property=\"og:type\" content=\"article\" \/>\n<meta property=\"og:title\" content=\"Citipati - el ojO cojo\" \/>\n<meta property=\"og:description\" content=\"Cortometraje Citipati exhibido en la edici\u00f3n 2017 del Festival el ojO cojo. Pa\u00eds de origen, Alemania. Dirigido por Andreas Feix.\" \/>\n<meta property=\"og:url\" content=\"https:\/\/elojocojo.org\/citipati\/\" \/>\n<meta property=\"og:site_name\" content=\"el ojO cojo\" \/>\n<meta property=\"article:publisher\" content=\"https:\/\/www.facebook.com\/elojocojo\" \/>\n<meta property=\"article:published_time\" content=\"2017-05-22T18:42:15+00:00\" \/>\n<meta property=\"article:modified_time\" content=\"2025-09-25T15:33:56+00:00\" \/>\n<meta property=\"og:image\" content=\"https:\/\/elojocojo.org\/wp-content\/uploads\/2017\/05\/CITIPATI-1.jpg\" \/>\n\t<meta property=\"og:image:width\" content=\"1\" \/>\n\t<meta property=\"og:image:height\" content=\"1\" \/>\n\t<meta property=\"og:image:type\" content=\"image\/jpeg\" \/>\n<meta name=\"author\" content=\"cojo\" \/>\n<meta name=\"twitter:card\" content=\"summary_large_image\" \/>\n<meta name=\"twitter:creator\" content=\"@elojocojo\" \/>\n<meta name=\"twitter:site\" content=\"@elojocojo\" \/>\n<meta name=\"twitter:label1\" content=\"Escrito por\" \/>\n\t<meta name=\"twitter:data1\" content=\"cojo\" \/>\n\t<meta name=\"twitter:label2\" content=\"Tiempo de lectura\" \/>\n\t<meta name=\"twitter:data2\" content=\"2 minutos\" \/>\n<script type=\"application\/ld+json\" class=\"yoast-schema-graph\">{\"@context\":\"https:\/\/schema.org\",\"@graph\":[{\"@type\":\"Article\",\"@id\":\"https:\/\/elojocojo.org\/citipati\/#article\",\"isPartOf\":{\"@id\":\"https:\/\/elojocojo.org\/citipati\/\"},\"author\":{\"name\":\"cojo\",\"@id\":\"https:\/\/elojocojo.org\/#\/schema\/person\/cba15985dd5da095cac31c1ff0d6e23e\"},\"headline\":\"Citipati\",\"datePublished\":\"2017-05-22T18:42:15+00:00\",\"dateModified\":\"2025-09-25T15:33:56+00:00\",\"mainEntityOfPage\":{\"@id\":\"https:\/\/elojocojo.org\/citipati\/\"},\"wordCount\":348,\"publisher\":{\"@id\":\"https:\/\/elojocojo.org\/#organization\"},\"image\":{\"@id\":\"https:\/\/elojocojo.org\/citipati\/#primaryimage\"},\"thumbnailUrl\":\"https:\/\/elojocojo.org\/wp-content\/uploads\/2017\/05\/CITIPATI-1.jpg\",\"keywords\":[\"2017\",\"Acci\u00f3n por el clima\",\"Alemania\",\"animaci\u00f3n\",\"cortometraje\",\"di\u00e1logo\",\"ecosistema\",\"esperanza\",\"festival de cine\",\"Festival el Ojo cojo\",\"ficci\u00f3n\",\"Vida de ecosistemas terrestres\"],\"articleSection\":[\"Animaci\u00f3n\",\"Cortometraje\",\"Festival 2017\",\"Ficci\u00f3n\"],\"inLanguage\":\"es\"},{\"@type\":\"WebPage\",\"@id\":\"https:\/\/elojocojo.org\/citipati\/\",\"url\":\"https:\/\/elojocojo.org\/citipati\/\",\"name\":\"Citipati - el ojO cojo\",\"isPartOf\":{\"@id\":\"https:\/\/elojocojo.org\/#website\"},\"primaryImageOfPage\":{\"@id\":\"https:\/\/elojocojo.org\/citipati\/#primaryimage\"},\"image\":{\"@id\":\"https:\/\/elojocojo.org\/citipati\/#primaryimage\"},\"thumbnailUrl\":\"https:\/\/elojocojo.org\/wp-content\/uploads\/2017\/05\/CITIPATI-1.jpg\",\"datePublished\":\"2017-05-22T18:42:15+00:00\",\"dateModified\":\"2025-09-25T15:33:56+00:00\",\"description\":\"Cortometraje Citipati exhibido en la edici\u00f3n 2017 del Festival el ojO cojo. Pa\u00eds de origen, Alemania. Dirigido por Andreas Feix.\",\"breadcrumb\":{\"@id\":\"https:\/\/elojocojo.org\/citipati\/#breadcrumb\"},\"inLanguage\":\"es\",\"potentialAction\":[{\"@type\":\"ReadAction\",\"target\":[\"https:\/\/elojocojo.org\/citipati\/\"]}]},{\"@type\":\"ImageObject\",\"inLanguage\":\"es\",\"@id\":\"https:\/\/elojocojo.org\/citipati\/#primaryimage\",\"url\":\"https:\/\/elojocojo.org\/wp-content\/uploads\/2017\/05\/CITIPATI-1.jpg\",\"contentUrl\":\"https:\/\/elojocojo.org\/wp-content\/uploads\/2017\/05\/CITIPATI-1.jpg\"},{\"@type\":\"BreadcrumbList\",\"@id\":\"https:\/\/elojocojo.org\/citipati\/#breadcrumb\",\"itemListElement\":[{\"@type\":\"ListItem\",\"position\":1,\"name\":\"Portada\",\"item\":\"https:\/\/elojocojo.org\/\"},{\"@type\":\"ListItem\",\"position\":2,\"name\":\"2017\",\"item\":\"https:\/\/elojocojo.org\/tag\/2017\/\"},{\"@type\":\"ListItem\",\"position\":3,\"name\":\"Citipati\"}]},{\"@type\":\"WebSite\",\"@id\":\"https:\/\/elojocojo.org\/#website\",\"url\":\"https:\/\/elojocojo.org\/\",\"name\":\"el ojO cojo\",\"description\":\"Todos estamos hechos de la misma esencia\",\"publisher\":{\"@id\":\"https:\/\/elojocojo.org\/#organization\"},\"potentialAction\":[{\"@type\":\"SearchAction\",\"target\":{\"@type\":\"EntryPoint\",\"urlTemplate\":\"https:\/\/elojocojo.org\/?s={search_term_string}\"},\"query-input\":{\"@type\":\"PropertyValueSpecification\",\"valueRequired\":true,\"valueName\":\"search_term_string\"}}],\"inLanguage\":\"es\"},{\"@type\":\"Organization\",\"@id\":\"https:\/\/elojocojo.org\/#organization\",\"name\":\"Meigas da r\u00faa\",\"url\":\"https:\/\/elojocojo.org\/\",\"logo\":{\"@type\":\"ImageObject\",\"inLanguage\":\"es\",\"@id\":\"https:\/\/elojocojo.org\/#\/schema\/logo\/image\/\",\"url\":\"https:\/\/meigasdarua.org\/wp-content\/uploads\/2020\/09\/cropped-logo-meigas-5.png\",\"contentUrl\":\"https:\/\/meigasdarua.org\/wp-content\/uploads\/2020\/09\/cropped-logo-meigas-5.png\",\"width\":109,\"height\":200,\"caption\":\"Meigas da r\u00faa\"},\"image\":{\"@id\":\"https:\/\/elojocojo.org\/#\/schema\/logo\/image\/\"},\"sameAs\":[\"https:\/\/www.facebook.com\/elojocojo\",\"https:\/\/x.com\/elojocojo\",\"https:\/\/www.instagram.com\/elojocojo\/?hl=es\",\"https:\/\/www.linkedin.com\/in\/el-ojo-cojo-b52b7769\/\",\"https:\/\/www.pinterest.es\/elojocojo\/_saved\/\",\"https:\/\/www.youtube.com\/channel\/UCkFtFTV0Bms7zH7vq8FZxZg\"]},{\"@type\":\"Person\",\"@id\":\"https:\/\/elojocojo.org\/#\/schema\/person\/cba15985dd5da095cac31c1ff0d6e23e\",\"name\":\"cojo\",\"url\":\"https:\/\/elojocojo.org\/author\/cojo\/\"}]}<\/script>\n<!-- \/ Yoast SEO plugin. -->","yoast_head_json":{"title":"Citipati - el ojO cojo","description":"Cortometraje Citipati exhibido en la edici\u00f3n 2017 del Festival el ojO cojo. Pa\u00eds de origen, Alemania. Dirigido por Andreas Feix.","robots":{"index":"index","follow":"follow","max-snippet":"max-snippet:-1","max-image-preview":"max-image-preview:large","max-video-preview":"max-video-preview:-1"},"canonical":"https:\/\/elojocojo.org\/citipati\/","og_locale":"es_ES","og_type":"article","og_title":"Citipati - el ojO cojo","og_description":"Cortometraje Citipati exhibido en la edici\u00f3n 2017 del Festival el ojO cojo. Pa\u00eds de origen, Alemania. Dirigido por Andreas Feix.","og_url":"https:\/\/elojocojo.org\/citipati\/","og_site_name":"el ojO cojo","article_publisher":"https:\/\/www.facebook.com\/elojocojo","article_published_time":"2017-05-22T18:42:15+00:00","article_modified_time":"2025-09-25T15:33:56+00:00","og_image":[{"url":"https:\/\/elojocojo.org\/wp-content\/uploads\/2017\/05\/CITIPATI-1.jpg","width":1,"height":1,"type":"image\/jpeg"}],"author":"cojo","twitter_card":"summary_large_image","twitter_creator":"@elojocojo","twitter_site":"@elojocojo","twitter_misc":{"Escrito por":"cojo","Tiempo de lectura":"2 minutos"},"schema":{"@context":"https:\/\/schema.org","@graph":[{"@type":"Article","@id":"https:\/\/elojocojo.org\/citipati\/#article","isPartOf":{"@id":"https:\/\/elojocojo.org\/citipati\/"},"author":{"name":"cojo","@id":"https:\/\/elojocojo.org\/#\/schema\/person\/cba15985dd5da095cac31c1ff0d6e23e"},"headline":"Citipati","datePublished":"2017-05-22T18:42:15+00:00","dateModified":"2025-09-25T15:33:56+00:00","mainEntityOfPage":{"@id":"https:\/\/elojocojo.org\/citipati\/"},"wordCount":348,"publisher":{"@id":"https:\/\/elojocojo.org\/#organization"},"image":{"@id":"https:\/\/elojocojo.org\/citipati\/#primaryimage"},"thumbnailUrl":"https:\/\/elojocojo.org\/wp-content\/uploads\/2017\/05\/CITIPATI-1.jpg","keywords":["2017","Acci\u00f3n por el clima","Alemania","animaci\u00f3n","cortometraje","di\u00e1logo","ecosistema","esperanza","festival de cine","Festival el Ojo cojo","ficci\u00f3n","Vida de ecosistemas terrestres"],"articleSection":["Animaci\u00f3n","Cortometraje","Festival 2017","Ficci\u00f3n"],"inLanguage":"es"},{"@type":"WebPage","@id":"https:\/\/elojocojo.org\/citipati\/","url":"https:\/\/elojocojo.org\/citipati\/","name":"Citipati - el ojO cojo","isPartOf":{"@id":"https:\/\/elojocojo.org\/#website"},"primaryImageOfPage":{"@id":"https:\/\/elojocojo.org\/citipati\/#primaryimage"},"image":{"@id":"https:\/\/elojocojo.org\/citipati\/#primaryimage"},"thumbnailUrl":"https:\/\/elojocojo.org\/wp-content\/uploads\/2017\/05\/CITIPATI-1.jpg","datePublished":"2017-05-22T18:42:15+00:00","dateModified":"2025-09-25T15:33:56+00:00","description":"Cortometraje Citipati exhibido en la edici\u00f3n 2017 del Festival el ojO cojo. Pa\u00eds de origen, Alemania. Dirigido por Andreas Feix.","breadcrumb":{"@id":"https:\/\/elojocojo.org\/citipati\/#breadcrumb"},"inLanguage":"es","potentialAction":[{"@type":"ReadAction","target":["https:\/\/elojocojo.org\/citipati\/"]}]},{"@type":"ImageObject","inLanguage":"es","@id":"https:\/\/elojocojo.org\/citipati\/#primaryimage","url":"https:\/\/elojocojo.org\/wp-content\/uploads\/2017\/05\/CITIPATI-1.jpg","contentUrl":"https:\/\/elojocojo.org\/wp-content\/uploads\/2017\/05\/CITIPATI-1.jpg"},{"@type":"BreadcrumbList","@id":"https:\/\/elojocojo.org\/citipati\/#breadcrumb","itemListElement":[{"@type":"ListItem","position":1,"name":"Portada","item":"https:\/\/elojocojo.org\/"},{"@type":"ListItem","position":2,"name":"2017","item":"https:\/\/elojocojo.org\/tag\/2017\/"},{"@type":"ListItem","position":3,"name":"Citipati"}]},{"@type":"WebSite","@id":"https:\/\/elojocojo.org\/#website","url":"https:\/\/elojocojo.org\/","name":"el ojO cojo","description":"Todos estamos hechos de la misma esencia","publisher":{"@id":"https:\/\/elojocojo.org\/#organization"},"potentialAction":[{"@type":"SearchAction","target":{"@type":"EntryPoint","urlTemplate":"https:\/\/elojocojo.org\/?s={search_term_string}"},"query-input":{"@type":"PropertyValueSpecification","valueRequired":true,"valueName":"search_term_string"}}],"inLanguage":"es"},{"@type":"Organization","@id":"https:\/\/elojocojo.org\/#organization","name":"Meigas da r\u00faa","url":"https:\/\/elojocojo.org\/","logo":{"@type":"ImageObject","inLanguage":"es","@id":"https:\/\/elojocojo.org\/#\/schema\/logo\/image\/","url":"https:\/\/meigasdarua.org\/wp-content\/uploads\/2020\/09\/cropped-logo-meigas-5.png","contentUrl":"https:\/\/meigasdarua.org\/wp-content\/uploads\/2020\/09\/cropped-logo-meigas-5.png","width":109,"height":200,"caption":"Meigas da r\u00faa"},"image":{"@id":"https:\/\/elojocojo.org\/#\/schema\/logo\/image\/"},"sameAs":["https:\/\/www.facebook.com\/elojocojo","https:\/\/x.com\/elojocojo","https:\/\/www.instagram.com\/elojocojo\/?hl=es","https:\/\/www.linkedin.com\/in\/el-ojo-cojo-b52b7769\/","https:\/\/www.pinterest.es\/elojocojo\/_saved\/","https:\/\/www.youtube.com\/channel\/UCkFtFTV0Bms7zH7vq8FZxZg"]},{"@type":"Person","@id":"https:\/\/elojocojo.org\/#\/schema\/person\/cba15985dd5da095cac31c1ff0d6e23e","name":"cojo","url":"https:\/\/elojocojo.org\/author\/cojo\/"}]}},"_links":{"self":[{"href":"https:\/\/elojocojo.org\/wp-json\/wp\/v2\/posts\/12824","targetHints":{"allow":["GET"]}}],"collection":[{"href":"https:\/\/elojocojo.org\/wp-json\/wp\/v2\/posts"}],"about":[{"href":"https:\/\/elojocojo.org\/wp-json\/wp\/v2\/types\/post"}],"author":[{"embeddable":true,"href":"https:\/\/elojocojo.org\/wp-json\/wp\/v2\/users\/11"}],"replies":[{"embeddable":true,"href":"https:\/\/elojocojo.org\/wp-json\/wp\/v2\/comments?post=12824"}],"version-history":[{"count":4,"href":"https:\/\/elojocojo.org\/wp-json\/wp\/v2\/posts\/12824\/revisions"}],"predecessor-version":[{"id":57225,"href":"https:\/\/elojocojo.org\/wp-json\/wp\/v2\/posts\/12824\/revisions\/57225"}],"wp:featuredmedia":[{"embeddable":true,"href":"https:\/\/elojocojo.org\/wp-json\/wp\/v2\/media\/13526"}],"wp:attachment":[{"href":"https:\/\/elojocojo.org\/wp-json\/wp\/v2\/media?parent=12824"}],"wp:term":[{"taxonomy":"category","embeddable":true,"href":"https:\/\/elojocojo.org\/wp-json\/wp\/v2\/categories?post=12824"},{"taxonomy":"post_tag","embeddable":true,"href":"https:\/\/elojocojo.org\/wp-json\/wp\/v2\/tags?post=12824"}],"curies":[{"name":"wp","href":"https:\/\/api.w.org\/{rel}","templated":true}]}}