{"id":1244,"date":"2008-09-04T20:35:24","date_gmt":"2008-09-05T03:35:24","guid":{"rendered":"http:\/\/www.elojocojo.org\/blog2\/?p=1244"},"modified":"2025-09-23T10:45:06","modified_gmt":"2025-09-23T08:45:06","slug":"verbos","status":"publish","type":"post","link":"https:\/\/elojocojo.org\/verbos\/","title":{"rendered":"Verbos"},"content":{"rendered":"<p>T\u00cdTULO: Verbos<br \/>T\u00cdTULO ORIGINAL: Verbos<br \/>A\u00d1O: 2007<br \/>DIRECTOR: Miguel Gonz\u00e1lez Molina<br \/>G\u00c9NERO: Documental<br \/>DURACI\u00d3N: 50\u2019<br \/>PA\u00cdS: Espa\u00f1a<br \/>FORMATO ORIGINAL: Betacam Pal<br \/>TIPO: Color<br \/>IDIOMA ORIGINAL: Castellano<br \/>PRODUCCI\u00d3N: Miguel Gonz\u00e1lez Molina<br \/>GUI\u00d3N: Miguel Gonz\u00e1lez Molina<br \/>DIRECCI\u00d3N DE FOTOGRAF\u00cdA: Chema Borrego<br \/>EDICI\u00d3N\/MONTAJE: Juan Carlos\u00a0 Ferrera<br \/>SONIDO: Ra\u00fal Mart\u00ednez<br \/>M\u00daSICA: Jos\u00e9 Lu\u00eds Chicote<\/p>\n<p>Opera prima<\/p>\n<h2>SINOPSIS DE <em>VERBOS<\/em><\/h2>\n<p data-start=\"769\" data-end=\"1083\"><em data-start=\"769\" data-end=\"777\">Verbos<\/em> es un documental inspirador que narra la vida de Jos\u00e9 Carlos Carballo, \u00abCharlie\u00bb, un hombre que padece S\u00edndrome de Cautiverio. Despu\u00e9s de sufrir un doble infarto cerebral, su mente sigue intacta, pero su cuerpo permanece inm\u00f3vil, con la \u00fanica excepci\u00f3n de un dedo de su mano derecha.<\/p>\n<p data-start=\"1085\" data-end=\"1519\">El documental explora su historia de amor y superaci\u00f3n junto a su esposa, Puri, quien ha sido su principal apoyo. Juntos han desarrollado un sistema de comunicaci\u00f3n \u00fanico, basado en el \u00fanico movimiento que Charlie puede realizar. Gracias a este m\u00e9todo, ha escrito un libro titulado \u00abEl S\u00edndrome de Cautiverio en Zapatillas\u00bb, donde relata su experiencia y c\u00f3mo ha encontrado esperanza a pesar de las limitaciones f\u00edsicas.<\/p>\n<p data-start=\"1521\" data-end=\"1732\">El t\u00edtulo <em data-start=\"1531\" data-end=\"1539\">Verbos<\/em> hace referencia a todo lo que Charlie ya no puede hacer: andar, hablar, comer. Sin embargo, tambi\u00e9n simboliza aquello que su condici\u00f3n no ha podido arrebatarle: amar, luchar y vivir.<\/p>\n<p data-start=\"1734\" data-end=\"2041\">Adem\u00e1s de aceptar su situaci\u00f3n, Charlie trabaja activamente para mejorarla. Su objetivo no es solo seguir adelante, sino inspirar a otros en situaciones similares. Actualmente, se encuentra escribiendo un segundo libro con el prop\u00f3sito de ayudar a personas que enfrentan desaf\u00edos como el suyo.<\/p>\n<p data-start=\"2043\" data-end=\"2187\">Seg\u00fan el director, <em data-start=\"2062\" data-end=\"2070\">Verbos<\/em> es una historia de amor y coraje, un testimonio que puede brindar esperanza y fortaleza a muchas personas.<\/p>\n<p data-start=\"2043\" data-end=\"2187\"><em>Un relato de resistencia, esperanza y amor que nos invita a reflexionar sobre la verdadera fuerza del ser humano.<\/em><\/p>\n\n\n<p>El filme Verbos particip\u00f3 en la edici\u00f3n <strong>2007<\/strong> del <a href=\"https:\/\/elojocojo.org\/category\/festival-2007\/\"><strong>Festival de cine el ojO cojo<\/strong> <\/a>en ese sentido nos sentimos honrados de haberla exhibido.<\/p>\n\n\n\n<p>Visita nuestro <a href=\"https:\/\/el-ojocojo.blogspot.com\/\">blog<\/a><\/p>\n","protected":false},"excerpt":{"rendered":"<p>La vida est\u00e1 hecha de frases. Las frases de verbos. Narra la historia de amor y coraje de Charlie y Puri<\/p>\n","protected":false},"author":3,"featured_media":23969,"comment_status":"closed","ping_status":"open","sticky":false,"template":"","format":"standard","meta":{"_monsterinsights_skip_tracking":false,"_monsterinsights_sitenote_active":false,"_monsterinsights_sitenote_note":"","_monsterinsights_sitenote_category":0,"footnotes":""},"categories":[2053,983],"tags":[1923,169,112,1193,1443,997,1000,138,1981,1982,288,85,1231,74],"class_list":{"0":"post-1244","1":"post","2":"type-post","3":"status-publish","4":"format-standard","5":"has-post-thumbnail","7":"category-documental","8":"category-festival-2007","9":"tag-1923","10":"tag-amistad","11":"tag-amor","12":"tag-derechos-humanos","13":"tag-desigualdad","14":"tag-diversidad","15":"tag-diversidad-funcional","16":"tag-espana","17":"tag-festival-de-cine","18":"tag-festival-el-ojo-cojo","19":"tag-jovenes","20":"tag-pareja","21":"tag-reduccion-de-las-desigualdades","22":"tag-solidaridad","23":"czr-hentry"},"yoast_head":"<!-- This site is optimized with the Yoast SEO plugin v27.1.1 - https:\/\/yoast.com\/product\/yoast-seo-wordpress\/ -->\n<title>Verbos - el ojO cojo<\/title>\n<meta name=\"description\" content=\"Pel\u00edcula Verbos exhibida en la edici\u00f3n 2007 del Festival el ojO cojo. Pa\u00eds de origen, Espa\u00f1a. Dirigido por Miguel Gonz\u00e1lez Molina.\" \/>\n<meta name=\"robots\" content=\"index, follow, max-snippet:-1, max-image-preview:large, max-video-preview:-1\" \/>\n<link rel=\"canonical\" href=\"https:\/\/elojocojo.org\/verbos\/\" \/>\n<meta property=\"og:locale\" content=\"es_ES\" \/>\n<meta property=\"og:type\" content=\"article\" \/>\n<meta property=\"og:title\" content=\"Verbos - el ojO cojo\" \/>\n<meta property=\"og:description\" content=\"Pel\u00edcula Verbos exhibida en la edici\u00f3n 2007 del Festival el ojO cojo. Pa\u00eds de origen, Espa\u00f1a. Dirigido por Miguel Gonz\u00e1lez Molina.\" \/>\n<meta property=\"og:url\" content=\"https:\/\/elojocojo.org\/verbos\/\" \/>\n<meta property=\"og:site_name\" content=\"el ojO cojo\" \/>\n<meta property=\"article:publisher\" content=\"https:\/\/www.facebook.com\/elojocojo\" \/>\n<meta property=\"article:published_time\" content=\"2008-09-05T03:35:24+00:00\" \/>\n<meta property=\"article:modified_time\" content=\"2025-09-23T08:45:06+00:00\" \/>\n<meta property=\"og:image\" content=\"https:\/\/elojocojo.org\/wp-content\/uploads\/2020\/07\/Verbos1.jpg\" \/>\n\t<meta property=\"og:image:width\" content=\"2480\" \/>\n\t<meta property=\"og:image:height\" content=\"1654\" \/>\n\t<meta property=\"og:image:type\" content=\"image\/jpeg\" \/>\n<meta name=\"twitter:card\" content=\"summary_large_image\" \/>\n<meta name=\"twitter:creator\" content=\"@elojocojo\" \/>\n<meta name=\"twitter:site\" content=\"@elojocojo\" \/>\n<meta name=\"twitter:label1\" content=\"Escrito por\" \/>\n\t<meta name=\"twitter:data1\" content=\"\" \/>\n\t<meta name=\"twitter:label2\" content=\"Tiempo de lectura\" \/>\n\t<meta name=\"twitter:data2\" content=\"2 minutos\" \/>\n<script type=\"application\/ld+json\" class=\"yoast-schema-graph\">{\"@context\":\"https:\/\/schema.org\",\"@graph\":[{\"@type\":\"Article\",\"@id\":\"https:\/\/elojocojo.org\/verbos\/#article\",\"isPartOf\":{\"@id\":\"https:\/\/elojocojo.org\/verbos\/\"},\"author\":{\"name\":\"\",\"@id\":\"\"},\"headline\":\"Verbos\",\"datePublished\":\"2008-09-05T03:35:24+00:00\",\"dateModified\":\"2025-09-23T08:45:06+00:00\",\"mainEntityOfPage\":{\"@id\":\"https:\/\/elojocojo.org\/verbos\/\"},\"wordCount\":339,\"publisher\":{\"@id\":\"https:\/\/elojocojo.org\/#organization\"},\"image\":{\"@id\":\"https:\/\/elojocojo.org\/verbos\/#primaryimage\"},\"thumbnailUrl\":\"https:\/\/elojocojo.org\/wp-content\/uploads\/2020\/07\/Verbos1.jpg\",\"keywords\":[\"2007\",\"amistad\",\"amor\",\"Derechos Humanos\",\"desigualdad\",\"diversidad\",\"diversidad funcional\",\"Espa\u00f1a\",\"festival de cine\",\"Festival el Ojo cojo\",\"j\u00f3venes\",\"pareja\",\"Reducci\u00f3n de las desigualdades\",\"solidaridad\"],\"articleSection\":[\"Documental\",\"Festival 2007\"],\"inLanguage\":\"es\"},{\"@type\":\"WebPage\",\"@id\":\"https:\/\/elojocojo.org\/verbos\/\",\"url\":\"https:\/\/elojocojo.org\/verbos\/\",\"name\":\"Verbos - el ojO cojo\",\"isPartOf\":{\"@id\":\"https:\/\/elojocojo.org\/#website\"},\"primaryImageOfPage\":{\"@id\":\"https:\/\/elojocojo.org\/verbos\/#primaryimage\"},\"image\":{\"@id\":\"https:\/\/elojocojo.org\/verbos\/#primaryimage\"},\"thumbnailUrl\":\"https:\/\/elojocojo.org\/wp-content\/uploads\/2020\/07\/Verbos1.jpg\",\"datePublished\":\"2008-09-05T03:35:24+00:00\",\"dateModified\":\"2025-09-23T08:45:06+00:00\",\"description\":\"Pel\u00edcula Verbos exhibida en la edici\u00f3n 2007 del Festival el ojO cojo. Pa\u00eds de origen, Espa\u00f1a. Dirigido por Miguel Gonz\u00e1lez Molina.\",\"breadcrumb\":{\"@id\":\"https:\/\/elojocojo.org\/verbos\/#breadcrumb\"},\"inLanguage\":\"es\",\"potentialAction\":[{\"@type\":\"ReadAction\",\"target\":[\"https:\/\/elojocojo.org\/verbos\/\"]}]},{\"@type\":\"ImageObject\",\"inLanguage\":\"es\",\"@id\":\"https:\/\/elojocojo.org\/verbos\/#primaryimage\",\"url\":\"https:\/\/elojocojo.org\/wp-content\/uploads\/2020\/07\/Verbos1.jpg\",\"contentUrl\":\"https:\/\/elojocojo.org\/wp-content\/uploads\/2020\/07\/Verbos1.jpg\",\"width\":2480,\"height\":1654,\"caption\":\"VD2.VALLADOLID.04\/03\/06.-Esta ma\u00f1ana ha comenzado en Valladolid el rodaje del documental \\\"Verbos\\\", dirigido por Miguel Gonz\u00e1lez Molina y protagonizado por el vallisoletano Jose Carlos Carballo (i), \\\"Charlie\\\", que padece la enfermedad conocida como S\u00edndrome de Cautiverio, y su mujer, Puri (i). EFE. NACHO GALLEGO\"},{\"@type\":\"BreadcrumbList\",\"@id\":\"https:\/\/elojocojo.org\/verbos\/#breadcrumb\",\"itemListElement\":[{\"@type\":\"ListItem\",\"position\":1,\"name\":\"Portada\",\"item\":\"https:\/\/elojocojo.org\/\"},{\"@type\":\"ListItem\",\"position\":2,\"name\":\"2007\",\"item\":\"https:\/\/elojocojo.org\/tag\/2007\/\"},{\"@type\":\"ListItem\",\"position\":3,\"name\":\"Verbos\"}]},{\"@type\":\"WebSite\",\"@id\":\"https:\/\/elojocojo.org\/#website\",\"url\":\"https:\/\/elojocojo.org\/\",\"name\":\"el ojO cojo\",\"description\":\"Todos estamos hechos de la misma esencia\",\"publisher\":{\"@id\":\"https:\/\/elojocojo.org\/#organization\"},\"potentialAction\":[{\"@type\":\"SearchAction\",\"target\":{\"@type\":\"EntryPoint\",\"urlTemplate\":\"https:\/\/elojocojo.org\/?s={search_term_string}\"},\"query-input\":{\"@type\":\"PropertyValueSpecification\",\"valueRequired\":true,\"valueName\":\"search_term_string\"}}],\"inLanguage\":\"es\"},{\"@type\":\"Organization\",\"@id\":\"https:\/\/elojocojo.org\/#organization\",\"name\":\"Meigas da r\u00faa\",\"url\":\"https:\/\/elojocojo.org\/\",\"logo\":{\"@type\":\"ImageObject\",\"inLanguage\":\"es\",\"@id\":\"https:\/\/elojocojo.org\/#\/schema\/logo\/image\/\",\"url\":\"https:\/\/meigasdarua.org\/wp-content\/uploads\/2020\/09\/cropped-logo-meigas-5.png\",\"contentUrl\":\"https:\/\/meigasdarua.org\/wp-content\/uploads\/2020\/09\/cropped-logo-meigas-5.png\",\"width\":109,\"height\":200,\"caption\":\"Meigas da r\u00faa\"},\"image\":{\"@id\":\"https:\/\/elojocojo.org\/#\/schema\/logo\/image\/\"},\"sameAs\":[\"https:\/\/www.facebook.com\/elojocojo\",\"https:\/\/x.com\/elojocojo\",\"https:\/\/www.instagram.com\/elojocojo\/?hl=es\",\"https:\/\/www.linkedin.com\/in\/el-ojo-cojo-b52b7769\/\",\"https:\/\/www.pinterest.es\/elojocojo\/_saved\/\",\"https:\/\/www.youtube.com\/channel\/UCkFtFTV0Bms7zH7vq8FZxZg\"]},{\"@type\":\"Person\",\"@id\":\"\",\"url\":\"https:\/\/elojocojo.org\/author\/\"}]}<\/script>\n<!-- \/ Yoast SEO plugin. -->","yoast_head_json":{"title":"Verbos - el ojO cojo","description":"Pel\u00edcula Verbos exhibida en la edici\u00f3n 2007 del Festival el ojO cojo. Pa\u00eds de origen, Espa\u00f1a. Dirigido por Miguel Gonz\u00e1lez Molina.","robots":{"index":"index","follow":"follow","max-snippet":"max-snippet:-1","max-image-preview":"max-image-preview:large","max-video-preview":"max-video-preview:-1"},"canonical":"https:\/\/elojocojo.org\/verbos\/","og_locale":"es_ES","og_type":"article","og_title":"Verbos - el ojO cojo","og_description":"Pel\u00edcula Verbos exhibida en la edici\u00f3n 2007 del Festival el ojO cojo. Pa\u00eds de origen, Espa\u00f1a. Dirigido por Miguel Gonz\u00e1lez Molina.","og_url":"https:\/\/elojocojo.org\/verbos\/","og_site_name":"el ojO cojo","article_publisher":"https:\/\/www.facebook.com\/elojocojo","article_published_time":"2008-09-05T03:35:24+00:00","article_modified_time":"2025-09-23T08:45:06+00:00","og_image":[{"width":2480,"height":1654,"url":"https:\/\/elojocojo.org\/wp-content\/uploads\/2020\/07\/Verbos1.jpg","type":"image\/jpeg"}],"twitter_card":"summary_large_image","twitter_creator":"@elojocojo","twitter_site":"@elojocojo","twitter_misc":{"Escrito por":"","Tiempo de lectura":"2 minutos"},"schema":{"@context":"https:\/\/schema.org","@graph":[{"@type":"Article","@id":"https:\/\/elojocojo.org\/verbos\/#article","isPartOf":{"@id":"https:\/\/elojocojo.org\/verbos\/"},"author":{"name":"","@id":""},"headline":"Verbos","datePublished":"2008-09-05T03:35:24+00:00","dateModified":"2025-09-23T08:45:06+00:00","mainEntityOfPage":{"@id":"https:\/\/elojocojo.org\/verbos\/"},"wordCount":339,"publisher":{"@id":"https:\/\/elojocojo.org\/#organization"},"image":{"@id":"https:\/\/elojocojo.org\/verbos\/#primaryimage"},"thumbnailUrl":"https:\/\/elojocojo.org\/wp-content\/uploads\/2020\/07\/Verbos1.jpg","keywords":["2007","amistad","amor","Derechos Humanos","desigualdad","diversidad","diversidad funcional","Espa\u00f1a","festival de cine","Festival el Ojo cojo","j\u00f3venes","pareja","Reducci\u00f3n de las desigualdades","solidaridad"],"articleSection":["Documental","Festival 2007"],"inLanguage":"es"},{"@type":"WebPage","@id":"https:\/\/elojocojo.org\/verbos\/","url":"https:\/\/elojocojo.org\/verbos\/","name":"Verbos - el ojO cojo","isPartOf":{"@id":"https:\/\/elojocojo.org\/#website"},"primaryImageOfPage":{"@id":"https:\/\/elojocojo.org\/verbos\/#primaryimage"},"image":{"@id":"https:\/\/elojocojo.org\/verbos\/#primaryimage"},"thumbnailUrl":"https:\/\/elojocojo.org\/wp-content\/uploads\/2020\/07\/Verbos1.jpg","datePublished":"2008-09-05T03:35:24+00:00","dateModified":"2025-09-23T08:45:06+00:00","description":"Pel\u00edcula Verbos exhibida en la edici\u00f3n 2007 del Festival el ojO cojo. Pa\u00eds de origen, Espa\u00f1a. Dirigido por Miguel Gonz\u00e1lez Molina.","breadcrumb":{"@id":"https:\/\/elojocojo.org\/verbos\/#breadcrumb"},"inLanguage":"es","potentialAction":[{"@type":"ReadAction","target":["https:\/\/elojocojo.org\/verbos\/"]}]},{"@type":"ImageObject","inLanguage":"es","@id":"https:\/\/elojocojo.org\/verbos\/#primaryimage","url":"https:\/\/elojocojo.org\/wp-content\/uploads\/2020\/07\/Verbos1.jpg","contentUrl":"https:\/\/elojocojo.org\/wp-content\/uploads\/2020\/07\/Verbos1.jpg","width":2480,"height":1654,"caption":"VD2.VALLADOLID.04\/03\/06.-Esta ma\u00f1ana ha comenzado en Valladolid el rodaje del documental \"Verbos\", dirigido por Miguel Gonz\u00e1lez Molina y protagonizado por el vallisoletano Jose Carlos Carballo (i), \"Charlie\", que padece la enfermedad conocida como S\u00edndrome de Cautiverio, y su mujer, Puri (i). EFE. NACHO GALLEGO"},{"@type":"BreadcrumbList","@id":"https:\/\/elojocojo.org\/verbos\/#breadcrumb","itemListElement":[{"@type":"ListItem","position":1,"name":"Portada","item":"https:\/\/elojocojo.org\/"},{"@type":"ListItem","position":2,"name":"2007","item":"https:\/\/elojocojo.org\/tag\/2007\/"},{"@type":"ListItem","position":3,"name":"Verbos"}]},{"@type":"WebSite","@id":"https:\/\/elojocojo.org\/#website","url":"https:\/\/elojocojo.org\/","name":"el ojO cojo","description":"Todos estamos hechos de la misma esencia","publisher":{"@id":"https:\/\/elojocojo.org\/#organization"},"potentialAction":[{"@type":"SearchAction","target":{"@type":"EntryPoint","urlTemplate":"https:\/\/elojocojo.org\/?s={search_term_string}"},"query-input":{"@type":"PropertyValueSpecification","valueRequired":true,"valueName":"search_term_string"}}],"inLanguage":"es"},{"@type":"Organization","@id":"https:\/\/elojocojo.org\/#organization","name":"Meigas da r\u00faa","url":"https:\/\/elojocojo.org\/","logo":{"@type":"ImageObject","inLanguage":"es","@id":"https:\/\/elojocojo.org\/#\/schema\/logo\/image\/","url":"https:\/\/meigasdarua.org\/wp-content\/uploads\/2020\/09\/cropped-logo-meigas-5.png","contentUrl":"https:\/\/meigasdarua.org\/wp-content\/uploads\/2020\/09\/cropped-logo-meigas-5.png","width":109,"height":200,"caption":"Meigas da r\u00faa"},"image":{"@id":"https:\/\/elojocojo.org\/#\/schema\/logo\/image\/"},"sameAs":["https:\/\/www.facebook.com\/elojocojo","https:\/\/x.com\/elojocojo","https:\/\/www.instagram.com\/elojocojo\/?hl=es","https:\/\/www.linkedin.com\/in\/el-ojo-cojo-b52b7769\/","https:\/\/www.pinterest.es\/elojocojo\/_saved\/","https:\/\/www.youtube.com\/channel\/UCkFtFTV0Bms7zH7vq8FZxZg"]},{"@type":"Person","@id":"","url":"https:\/\/elojocojo.org\/author\/"}]}},"_links":{"self":[{"href":"https:\/\/elojocojo.org\/wp-json\/wp\/v2\/posts\/1244","targetHints":{"allow":["GET"]}}],"collection":[{"href":"https:\/\/elojocojo.org\/wp-json\/wp\/v2\/posts"}],"about":[{"href":"https:\/\/elojocojo.org\/wp-json\/wp\/v2\/types\/post"}],"author":[{"embeddable":true,"href":"https:\/\/elojocojo.org\/wp-json\/wp\/v2\/users\/3"}],"replies":[{"embeddable":true,"href":"https:\/\/elojocojo.org\/wp-json\/wp\/v2\/comments?post=1244"}],"version-history":[{"count":4,"href":"https:\/\/elojocojo.org\/wp-json\/wp\/v2\/posts\/1244\/revisions"}],"predecessor-version":[{"id":58206,"href":"https:\/\/elojocojo.org\/wp-json\/wp\/v2\/posts\/1244\/revisions\/58206"}],"wp:featuredmedia":[{"embeddable":true,"href":"https:\/\/elojocojo.org\/wp-json\/wp\/v2\/media\/23969"}],"wp:attachment":[{"href":"https:\/\/elojocojo.org\/wp-json\/wp\/v2\/media?parent=1244"}],"wp:term":[{"taxonomy":"category","embeddable":true,"href":"https:\/\/elojocojo.org\/wp-json\/wp\/v2\/categories?post=1244"},{"taxonomy":"post_tag","embeddable":true,"href":"https:\/\/elojocojo.org\/wp-json\/wp\/v2\/tags?post=1244"}],"curies":[{"name":"wp","href":"https:\/\/api.w.org\/{rel}","templated":true}]}}