{"id":1240,"date":"2008-09-04T20:33:34","date_gmt":"2008-09-05T03:33:34","guid":{"rendered":"http:\/\/www.elojocojo.org\/blog2\/?p=1240"},"modified":"2025-09-23T10:45:07","modified_gmt":"2025-09-23T08:45:07","slug":"voces-gitanas","status":"publish","type":"post","link":"https:\/\/elojocojo.org\/voces-gitanas\/","title":{"rendered":"Voces gitanas"},"content":{"rendered":"<p>T\u00cdTULO: Voces gitanas<br \/>T\u00cdTULO ORIGINAL: Voces gitanas<br \/>A\u00d1O: 2006<br \/>DIRECTOR: Raquel Garc\u00eda, Jessica Leung, Alessandra Caporale, Laura L\u00f3pez-Leyton, Laia Altarriba<br \/>G\u00c9NERO cinematogr\u00e1fico: Documental<br \/>DURACI\u00d3N: 20\u2019<br \/>PA\u00cdS: Espa\u00f1a<br \/>FORMATO ORIGINAL: DVCAM<br \/>TIPO: Color<br \/>IDIOMA ORIGINAL: Castellano<br \/>PRODUCCI\u00d3N: Mireia Fort<br \/>EDICI\u00d3N\/MONTAJE: Kala Sol\u00e9<br \/>DIRECCI\u00d3N DE FOTOGRAF\u00cdA: Concha Breda<br \/>SONIDO: Susana Carreras<\/p>\n<p>Opera prima<\/p>\n<p>Sinopsis:<\/p>\n<div class=\"fs-5\">\n<div class=\"fs-5\">\n<h4 class=\"text-black mb-2 text-break\">\u00abVoces gitanas\u00bb es una serie documental que nos introduce al vibrante y a menudo invisible La Mina, un barrio con una rica mezcla cultural y diversidad \u00e9tnica.<\/h4>\n<p class=\"text-black mb-2 text-break\">Mediante un proyecto de radio local liderado por j\u00f3venes gitanas, \u00abVoces gitanas\u00bb nos brinda una vista \u00fanica sobre las luchas, sue\u00f1os y realidades de estas mujeres. La serie captura sus voces, historias y perspectivas, desafiando estereotipos y mostrando la complejidad de su identidad gitana en el presente.<\/p>\n<\/div>\n<div class=\"fs-5\">\n<p class=\"text-black mb-2 text-break\">Siguiendo a las j\u00f3venes gitanas a trav\u00e9s de la adolescencia, la identidad y la transici\u00f3n a la adultez, descubrimos sus inquietudes y desaf\u00edos \u00fanicos. Desde la presi\u00f3n de cumplir con las expectativas familiares hasta la lucha por encontrar su propio camino en un mundo que a menudo ignora o malinterpreta su herencia cultural.<\/p>\n<\/div>\n<div class=\"fs-5\">\n<p class=\"text-black mb-2 text-break\">\u00abVoces gitanas\u00bb tambi\u00e9n muestra c\u00f3mo estas j\u00f3venes utilizan la radio como plataforma para expresarse, compartir experiencias y conectar con otros en situaciones similares. Sus programas abordan temas clave como la educaci\u00f3n, la salud mental, la discriminaci\u00f3n y la importancia de mantener vivas sus tradiciones y cultura.<\/p>\n<\/div>\n<div class=\"fs-5\">\n<p class=\"text-black mb-2 text-break\">La serie destaca el papel activo de las mujeres en la preservaci\u00f3n y evoluci\u00f3n de la cultura gitana, desafiando normas tradicionales y abogando por cambios positivos dentro de su comunidad y m\u00e1s all\u00e1.<\/p>\n<\/div>\n<div class=\"fs-5\">\n<p class=\"text-black mb-2 text-break\">\u00abVoces gitanas\u00bb invita a reflexionar sobre la importancia de dar voz a las minor\u00edas y c\u00f3mo la inclusi\u00f3n medi\u00e1tica puede ser un motor de cambio social. Al hacerlo, la serie ofrece una visi\u00f3n emp\u00e1tica y matizada de la vida gitana, destacando la fuerza, la resiliencia y la belleza inherente de estas j\u00f3venes mujeres.<\/p>\n<\/div>\n<\/div>\n\n\n<p>El filme Voces gitanas particip\u00f3 en la edici\u00f3n <a href=\"https:\/\/elojocojo.org\/category\/festival-2007\/\"><strong>2007<\/strong><\/a> del <a href=\"https:\/\/elojocojo.org\/\"><strong>Festival de cine el ojO cojo<\/strong> <\/a>en ese sentido nos sentimos honrados de haberla exhibido.<\/p>\n\n\n\n<p>Visita nuestro <a href=\"https:\/\/el-ojocojo.blogspot.com\/\">blog<\/a><\/p>\n\n\n\n<p><\/p>\n","protected":false},"excerpt":{"rendered":"<p>Un grupo de mujeres j\u00f3venes gitanas expresan sus inquietudes para conciliar las transformaciones sociales y culturales con su identidad gitana.<\/p>\n","protected":false},"author":3,"featured_media":23970,"comment_status":"closed","ping_status":"open","sticky":false,"template":"","format":"standard","meta":{"_monsterinsights_skip_tracking":false,"_monsterinsights_sitenote_active":false,"_monsterinsights_sitenote_note":"","_monsterinsights_sitenote_category":0,"footnotes":""},"categories":[1460,2053,983],"tags":[1927,1923,1272,892,1831,1258,138,900,929,1981,1982,1060,998,288,1142,91,926],"class_list":{"0":"post-1240","1":"post","2":"type-post","3":"status-publish","4":"format-standard","5":"has-post-thumbnail","7":"category-cortometraje","8":"category-documental","9":"category-festival-2007","10":"tag-1927","11":"tag-1923","12":"tag-discriminacion-sexual","13":"tag-diversidad-cultural","14":"tag-educacion-social","15":"tag-empoderamiento","16":"tag-espana","17":"tag-europa","18":"tag-feminismo","19":"tag-festival-de-cine","20":"tag-festival-el-ojo-cojo","21":"tag-igualdad-de-genero","22":"tag-interculturalidad","23":"tag-jovenes","24":"tag-machismo","25":"tag-mujer","26":"tag-violencia-de-genero","27":"czr-hentry"},"yoast_head":"<!-- This site is optimized with the Yoast SEO plugin v27.1.1 - https:\/\/yoast.com\/product\/yoast-seo-wordpress\/ -->\n<title>Voces gitanas - el ojO cojo<\/title>\n<meta name=\"description\" content=\"Pel\u00edcula Voces gitanas exhibida en la edici\u00f3n 2007 del Festival el ojO cojo. Dirigido por Raquel Garc\u00eda, Jessica Leung, Alessandra Caporale...\" \/>\n<meta name=\"robots\" content=\"index, follow, max-snippet:-1, max-image-preview:large, max-video-preview:-1\" \/>\n<link rel=\"canonical\" href=\"https:\/\/elojocojo.org\/voces-gitanas\/\" \/>\n<meta property=\"og:locale\" content=\"es_ES\" \/>\n<meta property=\"og:type\" content=\"article\" \/>\n<meta property=\"og:title\" content=\"Voces gitanas - el ojO cojo\" \/>\n<meta property=\"og:description\" content=\"Pel\u00edcula Voces gitanas exhibida en la edici\u00f3n 2007 del Festival el ojO cojo. Dirigido por Raquel Garc\u00eda, Jessica Leung, Alessandra Caporale...\" \/>\n<meta property=\"og:url\" content=\"https:\/\/elojocojo.org\/voces-gitanas\/\" \/>\n<meta property=\"og:site_name\" content=\"el ojO cojo\" \/>\n<meta property=\"article:publisher\" content=\"https:\/\/www.facebook.com\/elojocojo\" \/>\n<meta property=\"article:published_time\" content=\"2008-09-05T03:33:34+00:00\" \/>\n<meta property=\"article:modified_time\" content=\"2025-09-23T08:45:07+00:00\" \/>\n<meta property=\"og:image\" content=\"https:\/\/elojocojo.org\/wp-content\/uploads\/2020\/07\/vocesgitanas2.jpg\" \/>\n\t<meta property=\"og:image:width\" content=\"640\" \/>\n\t<meta property=\"og:image:height\" content=\"480\" \/>\n\t<meta property=\"og:image:type\" content=\"image\/jpeg\" \/>\n<meta name=\"twitter:card\" content=\"summary_large_image\" \/>\n<meta name=\"twitter:creator\" content=\"@elojocojo\" \/>\n<meta name=\"twitter:site\" content=\"@elojocojo\" \/>\n<meta name=\"twitter:label1\" content=\"Escrito por\" \/>\n\t<meta name=\"twitter:data1\" content=\"\" \/>\n\t<meta name=\"twitter:label2\" content=\"Tiempo de lectura\" \/>\n\t<meta name=\"twitter:data2\" content=\"2 minutos\" \/>\n<script type=\"application\/ld+json\" class=\"yoast-schema-graph\">{\"@context\":\"https:\/\/schema.org\",\"@graph\":[{\"@type\":\"Article\",\"@id\":\"https:\/\/elojocojo.org\/voces-gitanas\/#article\",\"isPartOf\":{\"@id\":\"https:\/\/elojocojo.org\/voces-gitanas\/\"},\"author\":{\"name\":\"\",\"@id\":\"\"},\"headline\":\"Voces gitanas\",\"datePublished\":\"2008-09-05T03:33:34+00:00\",\"dateModified\":\"2025-09-23T08:45:07+00:00\",\"mainEntityOfPage\":{\"@id\":\"https:\/\/elojocojo.org\/voces-gitanas\/\"},\"wordCount\":366,\"publisher\":{\"@id\":\"https:\/\/elojocojo.org\/#organization\"},\"image\":{\"@id\":\"https:\/\/elojocojo.org\/voces-gitanas\/#primaryimage\"},\"thumbnailUrl\":\"https:\/\/elojocojo.org\/wp-content\/uploads\/2020\/07\/vocesgitanas2.jpg\",\"keywords\":[\"2006\",\"2007\",\"discriminaci\u00f3n sexual\",\"diversidad cultural\",\"educaci\u00f3n social\",\"empoderamiento\",\"Espa\u00f1a\",\"Europa\",\"feminismo\",\"festival de cine\",\"Festival el Ojo cojo\",\"igualdad de g\u00e9nero\",\"interculturalidad\",\"j\u00f3venes\",\"machismo\",\"mujer\",\"violencia de g\u00e9nero\"],\"articleSection\":[\"Cortometraje\",\"Documental\",\"Festival 2007\"],\"inLanguage\":\"es\"},{\"@type\":\"WebPage\",\"@id\":\"https:\/\/elojocojo.org\/voces-gitanas\/\",\"url\":\"https:\/\/elojocojo.org\/voces-gitanas\/\",\"name\":\"Voces gitanas - el ojO cojo\",\"isPartOf\":{\"@id\":\"https:\/\/elojocojo.org\/#website\"},\"primaryImageOfPage\":{\"@id\":\"https:\/\/elojocojo.org\/voces-gitanas\/#primaryimage\"},\"image\":{\"@id\":\"https:\/\/elojocojo.org\/voces-gitanas\/#primaryimage\"},\"thumbnailUrl\":\"https:\/\/elojocojo.org\/wp-content\/uploads\/2020\/07\/vocesgitanas2.jpg\",\"datePublished\":\"2008-09-05T03:33:34+00:00\",\"dateModified\":\"2025-09-23T08:45:07+00:00\",\"description\":\"Pel\u00edcula Voces gitanas exhibida en la edici\u00f3n 2007 del Festival el ojO cojo. Dirigido por Raquel Garc\u00eda, Jessica Leung, Alessandra Caporale...\",\"breadcrumb\":{\"@id\":\"https:\/\/elojocojo.org\/voces-gitanas\/#breadcrumb\"},\"inLanguage\":\"es\",\"potentialAction\":[{\"@type\":\"ReadAction\",\"target\":[\"https:\/\/elojocojo.org\/voces-gitanas\/\"]}]},{\"@type\":\"ImageObject\",\"inLanguage\":\"es\",\"@id\":\"https:\/\/elojocojo.org\/voces-gitanas\/#primaryimage\",\"url\":\"https:\/\/elojocojo.org\/wp-content\/uploads\/2020\/07\/vocesgitanas2.jpg\",\"contentUrl\":\"https:\/\/elojocojo.org\/wp-content\/uploads\/2020\/07\/vocesgitanas2.jpg\",\"width\":640,\"height\":480,\"caption\":\"Imagen de varias personas que se encuentran en un estudio alzando sus voces con un micr\u00f3fono\"},{\"@type\":\"BreadcrumbList\",\"@id\":\"https:\/\/elojocojo.org\/voces-gitanas\/#breadcrumb\",\"itemListElement\":[{\"@type\":\"ListItem\",\"position\":1,\"name\":\"Portada\",\"item\":\"https:\/\/elojocojo.org\/\"},{\"@type\":\"ListItem\",\"position\":2,\"name\":\"2006\",\"item\":\"https:\/\/elojocojo.org\/tag\/2006\/\"},{\"@type\":\"ListItem\",\"position\":3,\"name\":\"Voces gitanas\"}]},{\"@type\":\"WebSite\",\"@id\":\"https:\/\/elojocojo.org\/#website\",\"url\":\"https:\/\/elojocojo.org\/\",\"name\":\"el ojO cojo\",\"description\":\"Todos estamos hechos de la misma esencia\",\"publisher\":{\"@id\":\"https:\/\/elojocojo.org\/#organization\"},\"potentialAction\":[{\"@type\":\"SearchAction\",\"target\":{\"@type\":\"EntryPoint\",\"urlTemplate\":\"https:\/\/elojocojo.org\/?s={search_term_string}\"},\"query-input\":{\"@type\":\"PropertyValueSpecification\",\"valueRequired\":true,\"valueName\":\"search_term_string\"}}],\"inLanguage\":\"es\"},{\"@type\":\"Organization\",\"@id\":\"https:\/\/elojocojo.org\/#organization\",\"name\":\"Meigas da r\u00faa\",\"url\":\"https:\/\/elojocojo.org\/\",\"logo\":{\"@type\":\"ImageObject\",\"inLanguage\":\"es\",\"@id\":\"https:\/\/elojocojo.org\/#\/schema\/logo\/image\/\",\"url\":\"https:\/\/meigasdarua.org\/wp-content\/uploads\/2020\/09\/cropped-logo-meigas-5.png\",\"contentUrl\":\"https:\/\/meigasdarua.org\/wp-content\/uploads\/2020\/09\/cropped-logo-meigas-5.png\",\"width\":109,\"height\":200,\"caption\":\"Meigas da r\u00faa\"},\"image\":{\"@id\":\"https:\/\/elojocojo.org\/#\/schema\/logo\/image\/\"},\"sameAs\":[\"https:\/\/www.facebook.com\/elojocojo\",\"https:\/\/x.com\/elojocojo\",\"https:\/\/www.instagram.com\/elojocojo\/?hl=es\",\"https:\/\/www.linkedin.com\/in\/el-ojo-cojo-b52b7769\/\",\"https:\/\/www.pinterest.es\/elojocojo\/_saved\/\",\"https:\/\/www.youtube.com\/channel\/UCkFtFTV0Bms7zH7vq8FZxZg\"]},{\"@type\":\"Person\",\"@id\":\"\",\"url\":\"https:\/\/elojocojo.org\/author\/\"}]}<\/script>\n<!-- \/ Yoast SEO plugin. -->","yoast_head_json":{"title":"Voces gitanas - el ojO cojo","description":"Pel\u00edcula Voces gitanas exhibida en la edici\u00f3n 2007 del Festival el ojO cojo. Dirigido por Raquel Garc\u00eda, Jessica Leung, Alessandra Caporale...","robots":{"index":"index","follow":"follow","max-snippet":"max-snippet:-1","max-image-preview":"max-image-preview:large","max-video-preview":"max-video-preview:-1"},"canonical":"https:\/\/elojocojo.org\/voces-gitanas\/","og_locale":"es_ES","og_type":"article","og_title":"Voces gitanas - el ojO cojo","og_description":"Pel\u00edcula Voces gitanas exhibida en la edici\u00f3n 2007 del Festival el ojO cojo. Dirigido por Raquel Garc\u00eda, Jessica Leung, Alessandra Caporale...","og_url":"https:\/\/elojocojo.org\/voces-gitanas\/","og_site_name":"el ojO cojo","article_publisher":"https:\/\/www.facebook.com\/elojocojo","article_published_time":"2008-09-05T03:33:34+00:00","article_modified_time":"2025-09-23T08:45:07+00:00","og_image":[{"width":640,"height":480,"url":"https:\/\/elojocojo.org\/wp-content\/uploads\/2020\/07\/vocesgitanas2.jpg","type":"image\/jpeg"}],"twitter_card":"summary_large_image","twitter_creator":"@elojocojo","twitter_site":"@elojocojo","twitter_misc":{"Escrito por":"","Tiempo de lectura":"2 minutos"},"schema":{"@context":"https:\/\/schema.org","@graph":[{"@type":"Article","@id":"https:\/\/elojocojo.org\/voces-gitanas\/#article","isPartOf":{"@id":"https:\/\/elojocojo.org\/voces-gitanas\/"},"author":{"name":"","@id":""},"headline":"Voces gitanas","datePublished":"2008-09-05T03:33:34+00:00","dateModified":"2025-09-23T08:45:07+00:00","mainEntityOfPage":{"@id":"https:\/\/elojocojo.org\/voces-gitanas\/"},"wordCount":366,"publisher":{"@id":"https:\/\/elojocojo.org\/#organization"},"image":{"@id":"https:\/\/elojocojo.org\/voces-gitanas\/#primaryimage"},"thumbnailUrl":"https:\/\/elojocojo.org\/wp-content\/uploads\/2020\/07\/vocesgitanas2.jpg","keywords":["2006","2007","discriminaci\u00f3n sexual","diversidad cultural","educaci\u00f3n social","empoderamiento","Espa\u00f1a","Europa","feminismo","festival de cine","Festival el Ojo cojo","igualdad de g\u00e9nero","interculturalidad","j\u00f3venes","machismo","mujer","violencia de g\u00e9nero"],"articleSection":["Cortometraje","Documental","Festival 2007"],"inLanguage":"es"},{"@type":"WebPage","@id":"https:\/\/elojocojo.org\/voces-gitanas\/","url":"https:\/\/elojocojo.org\/voces-gitanas\/","name":"Voces gitanas - el ojO cojo","isPartOf":{"@id":"https:\/\/elojocojo.org\/#website"},"primaryImageOfPage":{"@id":"https:\/\/elojocojo.org\/voces-gitanas\/#primaryimage"},"image":{"@id":"https:\/\/elojocojo.org\/voces-gitanas\/#primaryimage"},"thumbnailUrl":"https:\/\/elojocojo.org\/wp-content\/uploads\/2020\/07\/vocesgitanas2.jpg","datePublished":"2008-09-05T03:33:34+00:00","dateModified":"2025-09-23T08:45:07+00:00","description":"Pel\u00edcula Voces gitanas exhibida en la edici\u00f3n 2007 del Festival el ojO cojo. Dirigido por Raquel Garc\u00eda, Jessica Leung, Alessandra Caporale...","breadcrumb":{"@id":"https:\/\/elojocojo.org\/voces-gitanas\/#breadcrumb"},"inLanguage":"es","potentialAction":[{"@type":"ReadAction","target":["https:\/\/elojocojo.org\/voces-gitanas\/"]}]},{"@type":"ImageObject","inLanguage":"es","@id":"https:\/\/elojocojo.org\/voces-gitanas\/#primaryimage","url":"https:\/\/elojocojo.org\/wp-content\/uploads\/2020\/07\/vocesgitanas2.jpg","contentUrl":"https:\/\/elojocojo.org\/wp-content\/uploads\/2020\/07\/vocesgitanas2.jpg","width":640,"height":480,"caption":"Imagen de varias personas que se encuentran en un estudio alzando sus voces con un micr\u00f3fono"},{"@type":"BreadcrumbList","@id":"https:\/\/elojocojo.org\/voces-gitanas\/#breadcrumb","itemListElement":[{"@type":"ListItem","position":1,"name":"Portada","item":"https:\/\/elojocojo.org\/"},{"@type":"ListItem","position":2,"name":"2006","item":"https:\/\/elojocojo.org\/tag\/2006\/"},{"@type":"ListItem","position":3,"name":"Voces gitanas"}]},{"@type":"WebSite","@id":"https:\/\/elojocojo.org\/#website","url":"https:\/\/elojocojo.org\/","name":"el ojO cojo","description":"Todos estamos hechos de la misma esencia","publisher":{"@id":"https:\/\/elojocojo.org\/#organization"},"potentialAction":[{"@type":"SearchAction","target":{"@type":"EntryPoint","urlTemplate":"https:\/\/elojocojo.org\/?s={search_term_string}"},"query-input":{"@type":"PropertyValueSpecification","valueRequired":true,"valueName":"search_term_string"}}],"inLanguage":"es"},{"@type":"Organization","@id":"https:\/\/elojocojo.org\/#organization","name":"Meigas da r\u00faa","url":"https:\/\/elojocojo.org\/","logo":{"@type":"ImageObject","inLanguage":"es","@id":"https:\/\/elojocojo.org\/#\/schema\/logo\/image\/","url":"https:\/\/meigasdarua.org\/wp-content\/uploads\/2020\/09\/cropped-logo-meigas-5.png","contentUrl":"https:\/\/meigasdarua.org\/wp-content\/uploads\/2020\/09\/cropped-logo-meigas-5.png","width":109,"height":200,"caption":"Meigas da r\u00faa"},"image":{"@id":"https:\/\/elojocojo.org\/#\/schema\/logo\/image\/"},"sameAs":["https:\/\/www.facebook.com\/elojocojo","https:\/\/x.com\/elojocojo","https:\/\/www.instagram.com\/elojocojo\/?hl=es","https:\/\/www.linkedin.com\/in\/el-ojo-cojo-b52b7769\/","https:\/\/www.pinterest.es\/elojocojo\/_saved\/","https:\/\/www.youtube.com\/channel\/UCkFtFTV0Bms7zH7vq8FZxZg"]},{"@type":"Person","@id":"","url":"https:\/\/elojocojo.org\/author\/"}]}},"_links":{"self":[{"href":"https:\/\/elojocojo.org\/wp-json\/wp\/v2\/posts\/1240","targetHints":{"allow":["GET"]}}],"collection":[{"href":"https:\/\/elojocojo.org\/wp-json\/wp\/v2\/posts"}],"about":[{"href":"https:\/\/elojocojo.org\/wp-json\/wp\/v2\/types\/post"}],"author":[{"embeddable":true,"href":"https:\/\/elojocojo.org\/wp-json\/wp\/v2\/users\/3"}],"replies":[{"embeddable":true,"href":"https:\/\/elojocojo.org\/wp-json\/wp\/v2\/comments?post=1240"}],"version-history":[{"count":6,"href":"https:\/\/elojocojo.org\/wp-json\/wp\/v2\/posts\/1240\/revisions"}],"predecessor-version":[{"id":55084,"href":"https:\/\/elojocojo.org\/wp-json\/wp\/v2\/posts\/1240\/revisions\/55084"}],"wp:featuredmedia":[{"embeddable":true,"href":"https:\/\/elojocojo.org\/wp-json\/wp\/v2\/media\/23970"}],"wp:attachment":[{"href":"https:\/\/elojocojo.org\/wp-json\/wp\/v2\/media?parent=1240"}],"wp:term":[{"taxonomy":"category","embeddable":true,"href":"https:\/\/elojocojo.org\/wp-json\/wp\/v2\/categories?post=1240"},{"taxonomy":"post_tag","embeddable":true,"href":"https:\/\/elojocojo.org\/wp-json\/wp\/v2\/tags?post=1240"}],"curies":[{"name":"wp","href":"https:\/\/api.w.org\/{rel}","templated":true}]}}