{"id":12066,"date":"2016-05-18T17:58:40","date_gmt":"2016-05-19T00:58:40","guid":{"rendered":"http:\/\/www.elojocojo.org\/?p=12066"},"modified":"2025-09-18T00:28:50","modified_gmt":"2025-09-17T22:28:50","slug":"si-lunchai","status":"publish","type":"post","link":"https:\/\/elojocojo.org\/si-lunchai\/","title":{"rendered":"Si lunchai"},"content":{"rendered":"\n<figure class=\"wp-block-embed is-type-rich is-provider-gestor-del-servicio wp-block-embed-gestor-del-servicio wp-embed-aspect-16-9 wp-has-aspect-ratio\"><div class=\"wp-block-embed__wrapper\">\n<iframe title=\"Trailer &quot;Si Lunchai&quot;\" width=\"1140\" height=\"641\" src=\"https:\/\/www.youtube.com\/embed\/a3hK5lrhgAA?feature=oembed\" frameborder=\"0\" allow=\"accelerometer; autoplay; clipboard-write; encrypted-media; gyroscope; picture-in-picture; web-share\" referrerpolicy=\"strict-origin-when-cross-origin\" allowfullscreen><\/iframe>\n<\/div><\/figure>\n\n\n<p>T\u00cdTULO: Si lunchai<\/p>\n<p>DIRECTOR: Hannes Rall<\/p>\n<p>A\u00d1O: 2013<\/p>\n<p>PA\u00cdS: Germany and Singapore<\/p>\n<p>G\u00c9NERO: Animaci\u00f3n<\/p>\n<p>DURACI\u00d3N: 8&#8242;<\/p>\n<p>FORMATO: Digital<\/p>\n\n\n<h2 class=\"wp-block-heading\"><strong>Sinopsis<\/strong><\/h2>\n\n\n\n<p>El cortometraje de<em> Si Lunchai<\/em> es una animaci\u00f3n realizada por el director Hannes Rall. En primer lugar, se utiliza la t\u00e9cnica de marioneta de sombras. Esta t\u00e9cnica, basada en recortables unidos por varillas para su manipulaci\u00f3n, permite una representaci\u00f3n din\u00e1mica y expresiva de los personajes. Adem\u00e1s, el escenario se presenta con un fondo claro, lo que ayuda a resaltar a\u00fan m\u00e1s las figuras animadas.<\/p>\n\n\n\n<h3 class=\"wp-block-heading\">La historia<\/h3>\n\n\n\n<p>Por otro lado, la leyenda de <em>Si Lunchai<\/em>, tambi\u00e9n conocida como <em>Si Lunchai and the Emperor<\/em>, es una historia tradicional indonesia que cuenta la traves\u00eda de un astuto embaucador llamado Si Lunchai, quien logra superar a un rey cruel e injusto. Cabe destacar que esta narrativa ha sido transmitida de generaci\u00f3n en generaci\u00f3n, manteniendo su esencia a lo largo del tiempo.<\/p>\n\n\n\n<h3 class=\"wp-block-heading\">Teatro asi\u00e1tico<\/h3>\n\n\n\n<p>Asimismo, la leyenda se inspira en el teatro de sombras Wayang Kulit del sudeste asi\u00e1tico. De hecho, este tipo de teatro ha tenido una gran influencia cultural en la regi\u00f3n y sirve como base para muchas historias tradicionales. En este contexto, Si Lunchai se enfrenta al rey y, a trav\u00e9s de su astucia y habilidad, lo derrota.<\/p>\n\n\n\n<p>Gracias a esta adaptaci\u00f3n, la animaci\u00f3n ofrece una perspectiva visual de esta historia tradicional. En consecuencia, se establece un puente entre la tradici\u00f3n oral y los medios audiovisuales contempor\u00e1neos. Finalmente, esta reinterpretaci\u00f3n visual permite que nuevas generaciones conozcan y valoren el legado cultural del sudeste asi\u00e1tico.<\/p>\n\n\n\n<p><a href=\"https:\/\/www.imdb.com\/es\/title\/tt3345344\/\">IMDB<\/a><\/p>\n\n\n\n<h3 class=\"wp-block-heading\">Palmar\u00e9s<\/h3>\n\n\n\n<ul class=\"wp-block-list\">\n<li>2014\n<ul class=\"wp-block-list\">\n<li>Festival Internacional de Cine de Mt. Hood, EE. UU &#8211; Premio a la Mejor Animaci\u00f3n.<\/li>\n\n\n\n<li>Festival de Cine de Animaci\u00f3n Foco animado, EE. UU &#8211; Ganador en la Secci\u00f3n 4.<\/li>\n<\/ul>\n<\/li>\n\n\n\n<li>2015\n<ul class=\"wp-block-list\">\n<li>Festival Internacional de Cine de Richmond &#8211; Ganador del premio.<\/li>\n\n\n\n<li>Festival Internacional de Cine de Canad\u00e1 &#8211; Premio a la Excelencia en Realizaci\u00f3n o Guion.<\/li>\n\n\n\n<li>Festival La Fila de Cortometrajes, Espa\u00f1a &#8211; Premio al Mejor Cortometraje de Animaci\u00f3n.<\/li>\n\n\n\n<li>Festival Internacional de Cine de Houston Festival Mundial, EE. UU &#8211; Premio Platino Remi.<\/li>\n\n\n\n<li>Competencia Global de Cine Accolade, EE. UU &#8211; Premio al M\u00e9rito en la categor\u00eda de Animaci\u00f3n.<\/li>\n<\/ul>\n<\/li>\n<\/ul>\n\n\n<div class=\"wp-block-image\">\n<figure class=\"aligncenter size-large is-resized\"><img decoding=\"async\" width=\"240\" height=\"360\" src=\"https:\/\/elojocojo.org\/wp-content\/uploads\/2016\/05\/si-lunchai-240x360.jpg\" alt=\"\" class=\"wp-image-66675\" style=\"width:298px;height:auto\" srcset=\"https:\/\/elojocojo.org\/wp-content\/uploads\/2016\/05\/si-lunchai-240x360.jpg 240w, https:\/\/elojocojo.org\/wp-content\/uploads\/2016\/05\/si-lunchai-267x400.jpg 267w, https:\/\/elojocojo.org\/wp-content\/uploads\/2016\/05\/si-lunchai-150x225.jpg 150w, https:\/\/elojocojo.org\/wp-content\/uploads\/2016\/05\/si-lunchai.jpg 300w\" sizes=\"(max-width: 240px) 100vw, 240px\" \/><\/figure>\n<\/div>\n\n\n<p>El filme <em>Si lunchai<\/em> particip\u00f3 en la edici\u00f3n <a href=\"https:\/\/elojocojo.org\/category\/festival-2016\/\"><strong>2016<\/strong>&nbsp;<\/a>del <a href=\"https:\/\/elojocojo.org\/bienvenida\/festivalelojocojo\/\"><strong>Festival de cine el ojO cojo<\/strong> <\/a>en ese sentido nos sentimos honrados de haberla exhibido.<\/p>\n\n\n\n<p>Visita nuestro <a href=\"https:\/\/el-ojocojo.blogspot.com\/\">blog&nbsp;<\/a><\/p>\n","protected":false},"excerpt":{"rendered":"<p>Es una historia tradicional indonesia que cuenta la traves\u00eda de un astuto embaucador llamado Si Lunchai, quien logra superar a un rey cruel e injusto. Por Hannes Rall.<\/p>\n","protected":false},"author":11,"featured_media":63172,"comment_status":"closed","ping_status":"closed","sticky":false,"template":"","format":"standard","meta":{"_monsterinsights_skip_tracking":false,"_monsterinsights_sitenote_active":false,"_monsterinsights_sitenote_note":"","_monsterinsights_sitenote_category":0,"footnotes":""},"categories":[32,1460,9,337],"tags":[2001,78,1833,75,1468,1779,892,1981,1982,313,922],"class_list":{"0":"post-12066","1":"post","2":"type-post","3":"status-publish","4":"format-standard","5":"has-post-thumbnail","7":"category-animacion","8":"category-cortometraje","9":"category-festival-2016","10":"category-pajaros-pintados-2016","11":"tag-2001","12":"tag-alemania","13":"tag-animacion","14":"tag-asia","15":"tag-cortometraje","16":"tag-cultura","17":"tag-diversidad-cultural","18":"tag-festival-de-cine","19":"tag-festival-el-ojo-cojo","20":"tag-indonesia","21":"tag-peliculas-para-ninos","22":"czr-hentry"},"yoast_head":"<!-- This site is optimized with the Yoast SEO plugin v27.1.1 - https:\/\/yoast.com\/product\/yoast-seo-wordpress\/ -->\n<title>Si lunchai - el ojO cojo<\/title>\n<meta name=\"description\" content=\"Cortometraje Animado Si lunchai exhibido en la edici\u00f3n 2016 del Festival el ojO cojo. Pa\u00eds de origen, Alemania. Dirigido por Hannes Rall.\" \/>\n<meta name=\"robots\" content=\"index, follow, max-snippet:-1, max-image-preview:large, max-video-preview:-1\" \/>\n<link rel=\"canonical\" href=\"https:\/\/elojocojo.org\/si-lunchai\/\" \/>\n<meta property=\"og:locale\" content=\"es_ES\" \/>\n<meta property=\"og:type\" content=\"article\" \/>\n<meta property=\"og:title\" content=\"Si lunchai - el ojO cojo\" \/>\n<meta property=\"og:description\" content=\"Cortometraje Animado Si lunchai exhibido en la edici\u00f3n 2016 del Festival el ojO cojo. Pa\u00eds de origen, Alemania. Dirigido por Hannes Rall.\" \/>\n<meta property=\"og:url\" content=\"https:\/\/elojocojo.org\/si-lunchai\/\" \/>\n<meta property=\"og:site_name\" content=\"el ojO cojo\" \/>\n<meta property=\"article:publisher\" content=\"https:\/\/www.facebook.com\/elojocojo\" \/>\n<meta property=\"article:published_time\" content=\"2016-05-19T00:58:40+00:00\" \/>\n<meta property=\"article:modified_time\" content=\"2025-09-17T22:28:50+00:00\" \/>\n<meta property=\"og:image\" content=\"https:\/\/elojocojo.org\/wp-content\/uploads\/2016\/05\/Captura-de-pantalla-2025-05-16-165557.jpg\" \/>\n\t<meta property=\"og:image:width\" content=\"1337\" \/>\n\t<meta property=\"og:image:height\" content=\"508\" \/>\n\t<meta property=\"og:image:type\" content=\"image\/jpeg\" \/>\n<meta name=\"author\" content=\"cojo\" \/>\n<meta name=\"twitter:card\" content=\"summary_large_image\" \/>\n<meta name=\"twitter:creator\" content=\"@elojocojo\" \/>\n<meta name=\"twitter:site\" content=\"@elojocojo\" \/>\n<meta name=\"twitter:label1\" content=\"Escrito por\" \/>\n\t<meta name=\"twitter:data1\" content=\"cojo\" \/>\n\t<meta name=\"twitter:label2\" content=\"Tiempo de lectura\" \/>\n\t<meta name=\"twitter:data2\" content=\"2 minutos\" \/>\n<script type=\"application\/ld+json\" class=\"yoast-schema-graph\">{\"@context\":\"https:\/\/schema.org\",\"@graph\":[{\"@type\":\"Article\",\"@id\":\"https:\/\/elojocojo.org\/si-lunchai\/#article\",\"isPartOf\":{\"@id\":\"https:\/\/elojocojo.org\/si-lunchai\/\"},\"author\":{\"name\":\"cojo\",\"@id\":\"https:\/\/elojocojo.org\/#\/schema\/person\/cba15985dd5da095cac31c1ff0d6e23e\"},\"headline\":\"Si lunchai\",\"datePublished\":\"2016-05-19T00:58:40+00:00\",\"dateModified\":\"2025-09-17T22:28:50+00:00\",\"mainEntityOfPage\":{\"@id\":\"https:\/\/elojocojo.org\/si-lunchai\/\"},\"wordCount\":427,\"publisher\":{\"@id\":\"https:\/\/elojocojo.org\/#organization\"},\"image\":{\"@id\":\"https:\/\/elojocojo.org\/si-lunchai\/#primaryimage\"},\"thumbnailUrl\":\"https:\/\/elojocojo.org\/wp-content\/uploads\/2016\/05\/Captura-de-pantalla-2025-05-16-165557.jpg\",\"keywords\":[\"2016\",\"Alemania\",\"animaci\u00f3n\",\"Asia\",\"cortometraje\",\"cultura\",\"diversidad cultural\",\"festival de cine\",\"Festival el Ojo cojo\",\"Indonesia\",\"pel\u00edculas para ni\u00f1os\"],\"articleSection\":[\"Animaci\u00f3n\",\"Cortometraje\",\"Festival 2016\",\"P\u00e1jaros Pintados 2016\"],\"inLanguage\":\"es\"},{\"@type\":\"WebPage\",\"@id\":\"https:\/\/elojocojo.org\/si-lunchai\/\",\"url\":\"https:\/\/elojocojo.org\/si-lunchai\/\",\"name\":\"Si lunchai - el ojO cojo\",\"isPartOf\":{\"@id\":\"https:\/\/elojocojo.org\/#website\"},\"primaryImageOfPage\":{\"@id\":\"https:\/\/elojocojo.org\/si-lunchai\/#primaryimage\"},\"image\":{\"@id\":\"https:\/\/elojocojo.org\/si-lunchai\/#primaryimage\"},\"thumbnailUrl\":\"https:\/\/elojocojo.org\/wp-content\/uploads\/2016\/05\/Captura-de-pantalla-2025-05-16-165557.jpg\",\"datePublished\":\"2016-05-19T00:58:40+00:00\",\"dateModified\":\"2025-09-17T22:28:50+00:00\",\"description\":\"Cortometraje Animado Si lunchai exhibido en la edici\u00f3n 2016 del Festival el ojO cojo. Pa\u00eds de origen, Alemania. Dirigido por Hannes Rall.\",\"breadcrumb\":{\"@id\":\"https:\/\/elojocojo.org\/si-lunchai\/#breadcrumb\"},\"inLanguage\":\"es\",\"potentialAction\":[{\"@type\":\"ReadAction\",\"target\":[\"https:\/\/elojocojo.org\/si-lunchai\/\"]}]},{\"@type\":\"ImageObject\",\"inLanguage\":\"es\",\"@id\":\"https:\/\/elojocojo.org\/si-lunchai\/#primaryimage\",\"url\":\"https:\/\/elojocojo.org\/wp-content\/uploads\/2016\/05\/Captura-de-pantalla-2025-05-16-165557.jpg\",\"contentUrl\":\"https:\/\/elojocojo.org\/wp-content\/uploads\/2016\/05\/Captura-de-pantalla-2025-05-16-165557.jpg\",\"width\":1337,\"height\":508,\"caption\":\"El emperador se\u00f1alando a Si Lunchai\"},{\"@type\":\"BreadcrumbList\",\"@id\":\"https:\/\/elojocojo.org\/si-lunchai\/#breadcrumb\",\"itemListElement\":[{\"@type\":\"ListItem\",\"position\":1,\"name\":\"Portada\",\"item\":\"https:\/\/elojocojo.org\/\"},{\"@type\":\"ListItem\",\"position\":2,\"name\":\"2016\",\"item\":\"https:\/\/elojocojo.org\/tag\/2016\/\"},{\"@type\":\"ListItem\",\"position\":3,\"name\":\"Si lunchai\"}]},{\"@type\":\"WebSite\",\"@id\":\"https:\/\/elojocojo.org\/#website\",\"url\":\"https:\/\/elojocojo.org\/\",\"name\":\"el ojO cojo\",\"description\":\"Todos estamos hechos de la misma esencia\",\"publisher\":{\"@id\":\"https:\/\/elojocojo.org\/#organization\"},\"potentialAction\":[{\"@type\":\"SearchAction\",\"target\":{\"@type\":\"EntryPoint\",\"urlTemplate\":\"https:\/\/elojocojo.org\/?s={search_term_string}\"},\"query-input\":{\"@type\":\"PropertyValueSpecification\",\"valueRequired\":true,\"valueName\":\"search_term_string\"}}],\"inLanguage\":\"es\"},{\"@type\":\"Organization\",\"@id\":\"https:\/\/elojocojo.org\/#organization\",\"name\":\"Meigas da r\u00faa\",\"url\":\"https:\/\/elojocojo.org\/\",\"logo\":{\"@type\":\"ImageObject\",\"inLanguage\":\"es\",\"@id\":\"https:\/\/elojocojo.org\/#\/schema\/logo\/image\/\",\"url\":\"https:\/\/meigasdarua.org\/wp-content\/uploads\/2020\/09\/cropped-logo-meigas-5.png\",\"contentUrl\":\"https:\/\/meigasdarua.org\/wp-content\/uploads\/2020\/09\/cropped-logo-meigas-5.png\",\"width\":109,\"height\":200,\"caption\":\"Meigas da r\u00faa\"},\"image\":{\"@id\":\"https:\/\/elojocojo.org\/#\/schema\/logo\/image\/\"},\"sameAs\":[\"https:\/\/www.facebook.com\/elojocojo\",\"https:\/\/x.com\/elojocojo\",\"https:\/\/www.instagram.com\/elojocojo\/?hl=es\",\"https:\/\/www.linkedin.com\/in\/el-ojo-cojo-b52b7769\/\",\"https:\/\/www.pinterest.es\/elojocojo\/_saved\/\",\"https:\/\/www.youtube.com\/channel\/UCkFtFTV0Bms7zH7vq8FZxZg\"]},{\"@type\":\"Person\",\"@id\":\"https:\/\/elojocojo.org\/#\/schema\/person\/cba15985dd5da095cac31c1ff0d6e23e\",\"name\":\"cojo\",\"url\":\"https:\/\/elojocojo.org\/author\/cojo\/\"}]}<\/script>\n<!-- \/ Yoast SEO plugin. -->","yoast_head_json":{"title":"Si lunchai - el ojO cojo","description":"Cortometraje Animado Si lunchai exhibido en la edici\u00f3n 2016 del Festival el ojO cojo. Pa\u00eds de origen, Alemania. Dirigido por Hannes Rall.","robots":{"index":"index","follow":"follow","max-snippet":"max-snippet:-1","max-image-preview":"max-image-preview:large","max-video-preview":"max-video-preview:-1"},"canonical":"https:\/\/elojocojo.org\/si-lunchai\/","og_locale":"es_ES","og_type":"article","og_title":"Si lunchai - el ojO cojo","og_description":"Cortometraje Animado Si lunchai exhibido en la edici\u00f3n 2016 del Festival el ojO cojo. Pa\u00eds de origen, Alemania. Dirigido por Hannes Rall.","og_url":"https:\/\/elojocojo.org\/si-lunchai\/","og_site_name":"el ojO cojo","article_publisher":"https:\/\/www.facebook.com\/elojocojo","article_published_time":"2016-05-19T00:58:40+00:00","article_modified_time":"2025-09-17T22:28:50+00:00","og_image":[{"width":1337,"height":508,"url":"https:\/\/elojocojo.org\/wp-content\/uploads\/2016\/05\/Captura-de-pantalla-2025-05-16-165557.jpg","type":"image\/jpeg"}],"author":"cojo","twitter_card":"summary_large_image","twitter_creator":"@elojocojo","twitter_site":"@elojocojo","twitter_misc":{"Escrito por":"cojo","Tiempo de lectura":"2 minutos"},"schema":{"@context":"https:\/\/schema.org","@graph":[{"@type":"Article","@id":"https:\/\/elojocojo.org\/si-lunchai\/#article","isPartOf":{"@id":"https:\/\/elojocojo.org\/si-lunchai\/"},"author":{"name":"cojo","@id":"https:\/\/elojocojo.org\/#\/schema\/person\/cba15985dd5da095cac31c1ff0d6e23e"},"headline":"Si lunchai","datePublished":"2016-05-19T00:58:40+00:00","dateModified":"2025-09-17T22:28:50+00:00","mainEntityOfPage":{"@id":"https:\/\/elojocojo.org\/si-lunchai\/"},"wordCount":427,"publisher":{"@id":"https:\/\/elojocojo.org\/#organization"},"image":{"@id":"https:\/\/elojocojo.org\/si-lunchai\/#primaryimage"},"thumbnailUrl":"https:\/\/elojocojo.org\/wp-content\/uploads\/2016\/05\/Captura-de-pantalla-2025-05-16-165557.jpg","keywords":["2016","Alemania","animaci\u00f3n","Asia","cortometraje","cultura","diversidad cultural","festival de cine","Festival el Ojo cojo","Indonesia","pel\u00edculas para ni\u00f1os"],"articleSection":["Animaci\u00f3n","Cortometraje","Festival 2016","P\u00e1jaros Pintados 2016"],"inLanguage":"es"},{"@type":"WebPage","@id":"https:\/\/elojocojo.org\/si-lunchai\/","url":"https:\/\/elojocojo.org\/si-lunchai\/","name":"Si lunchai - el ojO cojo","isPartOf":{"@id":"https:\/\/elojocojo.org\/#website"},"primaryImageOfPage":{"@id":"https:\/\/elojocojo.org\/si-lunchai\/#primaryimage"},"image":{"@id":"https:\/\/elojocojo.org\/si-lunchai\/#primaryimage"},"thumbnailUrl":"https:\/\/elojocojo.org\/wp-content\/uploads\/2016\/05\/Captura-de-pantalla-2025-05-16-165557.jpg","datePublished":"2016-05-19T00:58:40+00:00","dateModified":"2025-09-17T22:28:50+00:00","description":"Cortometraje Animado Si lunchai exhibido en la edici\u00f3n 2016 del Festival el ojO cojo. Pa\u00eds de origen, Alemania. Dirigido por Hannes Rall.","breadcrumb":{"@id":"https:\/\/elojocojo.org\/si-lunchai\/#breadcrumb"},"inLanguage":"es","potentialAction":[{"@type":"ReadAction","target":["https:\/\/elojocojo.org\/si-lunchai\/"]}]},{"@type":"ImageObject","inLanguage":"es","@id":"https:\/\/elojocojo.org\/si-lunchai\/#primaryimage","url":"https:\/\/elojocojo.org\/wp-content\/uploads\/2016\/05\/Captura-de-pantalla-2025-05-16-165557.jpg","contentUrl":"https:\/\/elojocojo.org\/wp-content\/uploads\/2016\/05\/Captura-de-pantalla-2025-05-16-165557.jpg","width":1337,"height":508,"caption":"El emperador se\u00f1alando a Si Lunchai"},{"@type":"BreadcrumbList","@id":"https:\/\/elojocojo.org\/si-lunchai\/#breadcrumb","itemListElement":[{"@type":"ListItem","position":1,"name":"Portada","item":"https:\/\/elojocojo.org\/"},{"@type":"ListItem","position":2,"name":"2016","item":"https:\/\/elojocojo.org\/tag\/2016\/"},{"@type":"ListItem","position":3,"name":"Si lunchai"}]},{"@type":"WebSite","@id":"https:\/\/elojocojo.org\/#website","url":"https:\/\/elojocojo.org\/","name":"el ojO cojo","description":"Todos estamos hechos de la misma esencia","publisher":{"@id":"https:\/\/elojocojo.org\/#organization"},"potentialAction":[{"@type":"SearchAction","target":{"@type":"EntryPoint","urlTemplate":"https:\/\/elojocojo.org\/?s={search_term_string}"},"query-input":{"@type":"PropertyValueSpecification","valueRequired":true,"valueName":"search_term_string"}}],"inLanguage":"es"},{"@type":"Organization","@id":"https:\/\/elojocojo.org\/#organization","name":"Meigas da r\u00faa","url":"https:\/\/elojocojo.org\/","logo":{"@type":"ImageObject","inLanguage":"es","@id":"https:\/\/elojocojo.org\/#\/schema\/logo\/image\/","url":"https:\/\/meigasdarua.org\/wp-content\/uploads\/2020\/09\/cropped-logo-meigas-5.png","contentUrl":"https:\/\/meigasdarua.org\/wp-content\/uploads\/2020\/09\/cropped-logo-meigas-5.png","width":109,"height":200,"caption":"Meigas da r\u00faa"},"image":{"@id":"https:\/\/elojocojo.org\/#\/schema\/logo\/image\/"},"sameAs":["https:\/\/www.facebook.com\/elojocojo","https:\/\/x.com\/elojocojo","https:\/\/www.instagram.com\/elojocojo\/?hl=es","https:\/\/www.linkedin.com\/in\/el-ojo-cojo-b52b7769\/","https:\/\/www.pinterest.es\/elojocojo\/_saved\/","https:\/\/www.youtube.com\/channel\/UCkFtFTV0Bms7zH7vq8FZxZg"]},{"@type":"Person","@id":"https:\/\/elojocojo.org\/#\/schema\/person\/cba15985dd5da095cac31c1ff0d6e23e","name":"cojo","url":"https:\/\/elojocojo.org\/author\/cojo\/"}]}},"_links":{"self":[{"href":"https:\/\/elojocojo.org\/wp-json\/wp\/v2\/posts\/12066","targetHints":{"allow":["GET"]}}],"collection":[{"href":"https:\/\/elojocojo.org\/wp-json\/wp\/v2\/posts"}],"about":[{"href":"https:\/\/elojocojo.org\/wp-json\/wp\/v2\/types\/post"}],"author":[{"embeddable":true,"href":"https:\/\/elojocojo.org\/wp-json\/wp\/v2\/users\/11"}],"replies":[{"embeddable":true,"href":"https:\/\/elojocojo.org\/wp-json\/wp\/v2\/comments?post=12066"}],"version-history":[{"count":14,"href":"https:\/\/elojocojo.org\/wp-json\/wp\/v2\/posts\/12066\/revisions"}],"predecessor-version":[{"id":68766,"href":"https:\/\/elojocojo.org\/wp-json\/wp\/v2\/posts\/12066\/revisions\/68766"}],"wp:featuredmedia":[{"embeddable":true,"href":"https:\/\/elojocojo.org\/wp-json\/wp\/v2\/media\/63172"}],"wp:attachment":[{"href":"https:\/\/elojocojo.org\/wp-json\/wp\/v2\/media?parent=12066"}],"wp:term":[{"taxonomy":"category","embeddable":true,"href":"https:\/\/elojocojo.org\/wp-json\/wp\/v2\/categories?post=12066"},{"taxonomy":"post_tag","embeddable":true,"href":"https:\/\/elojocojo.org\/wp-json\/wp\/v2\/tags?post=12066"}],"curies":[{"name":"wp","href":"https:\/\/api.w.org\/{rel}","templated":true}]}}