{"id":12008,"date":"2016-05-18T17:19:25","date_gmt":"2016-05-19T00:19:25","guid":{"rendered":"http:\/\/www.elojocojo.org\/?p=12008"},"modified":"2025-09-30T18:51:28","modified_gmt":"2025-09-30T16:51:28","slug":"beyond-the-blue","status":"publish","type":"post","link":"https:\/\/elojocojo.org\/beyond-the-blue\/","title":{"rendered":"M\u00e1s all\u00e1 del azul"},"content":{"rendered":"\n<figure class=\"wp-block-image size-large\"><img decoding=\"async\" width=\"182\" height=\"268\" src=\"https:\/\/elojocojo.org\/wp-content\/uploads\/2020\/10\/MV5BMGMwZGI3ZTQtYzdjZC00ZTBlLWFmYWQtZmVhNjA2NGE5NDEzXkEyXkFqcGdeQXVyMjg2MTIxODQ@._V1_UY268_CR1630182268_AL_.jpg\" alt=\"Foto filme M\u00e1s all\u00e1 del azul\" class=\"wp-image-26356\"\/><\/figure>\n\n\n\n<p><strong>T\u00edtulo original: M\u00e1s all\u00e1 del azul<\/strong><br \/><strong>A\u00f1o:\u00a02015<\/strong><br \/><strong>Director:\u00a0Elena Sala<\/strong><br \/><strong>G\u00e9nero:\u00a0Corto<\/strong><br \/><strong>Duraci\u00f3n:\u00a013\u2032<\/strong><br \/><strong>Pa\u00eds:\u00a0Espa\u00f1a<\/strong><br \/><strong>Idioma:\u00a0Espa\u00f1ol<\/strong><\/p>\n\n\n\n<p>\u00abM\u00e1s all\u00e1 del azul\u00bb (Beyond the blue) cuenta la historia de Henry, un joven que se pierde en una feria atestada de gente. En medio de la confusi\u00f3n, Ann, una mujer compasiva, lo encuentra y decide  convertirse en su cuidadora temporal. Juntos, enfrentan no solo la soledad del momento, sino tambi\u00e9n la ausencia de una figura paterna en sus vidas, un tema que resuena profundamente a lo largo del filme.<\/p>\n\n\n\n<p>La pel\u00edcula presenta una atm\u00f3sfera de vulnerabilidad y fragilidad emocional, capturando los sentimientos de p\u00e9rdida y desconcierto de Henry. Al mismo tiempo, se muestra c\u00f3mo Ann asume el papel de protectora, lo que genera una conexi\u00f3n \u00edntima entre ambos personajes. A pesar de no ser familiares ni compartir lazos de sangre, desarrollan una relaci\u00f3n basada en el apoyo mutuo y la empat\u00eda.<\/p>\n\n\n\n<p>En este sentido, \u00abM\u00e1s all\u00e1 del azul\u00bb aborda temas universales como la familia, la p\u00e9rdida y la b\u00fasqueda de pertenencia. Adem\u00e1s, invita a reflexionar sobre el impacto de las figuras ausentes en la vida de los m\u00e1s j\u00f3venes. A lo largo de la pel\u00edcula, los espectadores son testigos de c\u00f3mo Henry y Ann navegan juntos por un mundo que, aunque complejo, tambi\u00e9n puede ser reconfortante si encuentran apoyo en el otro.<\/p>\n\n\n\n<p>Este cortometraje fue parte de la edici\u00f3n 2016 del<a href=\"https:\/\/elojocojo.org\/category\/festival-2016\/\"> Festival de cine el ojO cojo<\/a>. Su proyecci\u00f3n fue un honor para nosotros. Su mensaje y calidad lo convierten en una obra que no solo toca el coraz\u00f3n, sino que tambi\u00e9n hace reflexionar sobre las relaciones humanas y la resiliencia.<\/p>\n\n\n\n<p><\/p>\n","protected":false},"excerpt":{"rendered":"<p>T\u00edtulo original: M\u00e1s all\u00e1 del azulA\u00f1o:\u00a02015Director:\u00a0Elena SalaG\u00e9nero:\u00a0CortoDuraci\u00f3n:\u00a013\u2032Pa\u00eds:\u00a0Espa\u00f1aIdioma:\u00a0Espa\u00f1ol \u00abM\u00e1s all\u00e1 del azul\u00bb (Beyond the blue) cuenta la historia de Henry, un joven que se pierde en una feria atestada de gente. En medio de la confusi\u00f3n, Ann, una mujer compasiva, lo encuentra y decide convertirse en su cuidadora temporal. Juntos, enfrentan no solo la soledad del [&hellip;]<\/p>\n","protected":false},"author":11,"featured_media":17336,"comment_status":"closed","ping_status":"closed","sticky":false,"template":"","format":"standard","meta":{"_monsterinsights_skip_tracking":false,"_monsterinsights_sitenote_active":false,"_monsterinsights_sitenote_note":"","_monsterinsights_sitenote_category":0,"footnotes":""},"categories":[1460,9,30],"tags":[2001,1468,1603,1893,2119,2391,15,1981,1982,1628,134],"class_list":{"0":"post-12008","1":"post","2":"type-post","3":"status-publish","4":"format-standard","5":"has-post-thumbnail","7":"category-cortometraje","8":"category-festival-2016","9":"category-ficcion","10":"tag-2001","11":"tag-cortometraje","12":"tag-duelo","13":"tag-educar-en-valores","14":"tag-espanol","15":"tag-espaol","16":"tag-familia","17":"tag-festival-de-cine","18":"tag-festival-el-ojo-cojo","19":"tag-ficcion","20":"tag-reino-unido","21":"czr-hentry"},"yoast_head":"<!-- This site is optimized with the Yoast SEO plugin v27.1.1 - https:\/\/yoast.com\/product\/yoast-seo-wordpress\/ -->\n<title>M\u00e1s all\u00e1 del azul - el ojO cojo<\/title>\n<meta name=\"description\" content=\"Cortometraje M\u00e1s all\u00e1 del azul exhibido en la edici\u00f3n 2016 del Festival el ojO cojo. Pa\u00eds de origen, Reino Unido. Dirigido por Elena Sala.\" \/>\n<meta name=\"robots\" content=\"index, follow, max-snippet:-1, max-image-preview:large, max-video-preview:-1\" \/>\n<link rel=\"canonical\" href=\"https:\/\/elojocojo.org\/beyond-the-blue\/\" \/>\n<meta property=\"og:locale\" content=\"es_ES\" \/>\n<meta property=\"og:type\" content=\"article\" \/>\n<meta property=\"og:title\" content=\"M\u00e1s all\u00e1 del azul - el ojO cojo\" \/>\n<meta property=\"og:description\" content=\"Cortometraje M\u00e1s all\u00e1 del azul exhibido en la edici\u00f3n 2016 del Festival el ojO cojo. Pa\u00eds de origen, Reino Unido. Dirigido por Elena Sala.\" \/>\n<meta property=\"og:url\" content=\"https:\/\/elojocojo.org\/beyond-the-blue\/\" \/>\n<meta property=\"og:site_name\" content=\"el ojO cojo\" \/>\n<meta property=\"article:publisher\" content=\"https:\/\/www.facebook.com\/elojocojo\" \/>\n<meta property=\"article:published_time\" content=\"2016-05-19T00:19:25+00:00\" \/>\n<meta property=\"article:modified_time\" content=\"2025-09-30T16:51:28+00:00\" \/>\n<meta property=\"og:image\" content=\"https:\/\/elojocojo.org\/wp-content\/uploads\/2016\/05\/poster_beyond-the-blue.jpg\" \/>\n\t<meta property=\"og:image:width\" content=\"332\" \/>\n\t<meta property=\"og:image:height\" content=\"470\" \/>\n\t<meta property=\"og:image:type\" content=\"image\/jpeg\" \/>\n<meta name=\"author\" content=\"cojo\" \/>\n<meta name=\"twitter:card\" content=\"summary_large_image\" \/>\n<meta name=\"twitter:creator\" content=\"@elojocojo\" \/>\n<meta name=\"twitter:site\" content=\"@elojocojo\" \/>\n<meta name=\"twitter:label1\" content=\"Escrito por\" \/>\n\t<meta name=\"twitter:data1\" content=\"cojo\" \/>\n\t<meta name=\"twitter:label2\" content=\"Tiempo de lectura\" \/>\n\t<meta name=\"twitter:data2\" content=\"1 minuto\" \/>\n<script type=\"application\/ld+json\" class=\"yoast-schema-graph\">{\"@context\":\"https:\/\/schema.org\",\"@graph\":[{\"@type\":\"Article\",\"@id\":\"https:\/\/elojocojo.org\/beyond-the-blue\/#article\",\"isPartOf\":{\"@id\":\"https:\/\/elojocojo.org\/beyond-the-blue\/\"},\"author\":{\"name\":\"cojo\",\"@id\":\"https:\/\/elojocojo.org\/#\/schema\/person\/cba15985dd5da095cac31c1ff0d6e23e\"},\"headline\":\"M\u00e1s all\u00e1 del azul\",\"datePublished\":\"2016-05-19T00:19:25+00:00\",\"dateModified\":\"2025-09-30T16:51:28+00:00\",\"mainEntityOfPage\":{\"@id\":\"https:\/\/elojocojo.org\/beyond-the-blue\/\"},\"wordCount\":304,\"publisher\":{\"@id\":\"https:\/\/elojocojo.org\/#organization\"},\"image\":{\"@id\":\"https:\/\/elojocojo.org\/beyond-the-blue\/#primaryimage\"},\"thumbnailUrl\":\"https:\/\/elojocojo.org\/wp-content\/uploads\/2016\/05\/poster_beyond-the-blue.jpg\",\"keywords\":[\"2016\",\"cortometraje\",\"duelo\",\"educar en valores\",\"espa\u00f1ol\",\"espa\u00b1ol\",\"familia\",\"festival de cine\",\"Festival el Ojo cojo\",\"ficci\u00f3n\",\"Reino Unido\"],\"articleSection\":[\"Cortometraje\",\"Festival 2016\",\"Ficci\u00f3n\"],\"inLanguage\":\"es\"},{\"@type\":\"WebPage\",\"@id\":\"https:\/\/elojocojo.org\/beyond-the-blue\/\",\"url\":\"https:\/\/elojocojo.org\/beyond-the-blue\/\",\"name\":\"M\u00e1s all\u00e1 del azul - el ojO cojo\",\"isPartOf\":{\"@id\":\"https:\/\/elojocojo.org\/#website\"},\"primaryImageOfPage\":{\"@id\":\"https:\/\/elojocojo.org\/beyond-the-blue\/#primaryimage\"},\"image\":{\"@id\":\"https:\/\/elojocojo.org\/beyond-the-blue\/#primaryimage\"},\"thumbnailUrl\":\"https:\/\/elojocojo.org\/wp-content\/uploads\/2016\/05\/poster_beyond-the-blue.jpg\",\"datePublished\":\"2016-05-19T00:19:25+00:00\",\"dateModified\":\"2025-09-30T16:51:28+00:00\",\"description\":\"Cortometraje M\u00e1s all\u00e1 del azul exhibido en la edici\u00f3n 2016 del Festival el ojO cojo. Pa\u00eds de origen, Reino Unido. Dirigido por Elena Sala.\",\"breadcrumb\":{\"@id\":\"https:\/\/elojocojo.org\/beyond-the-blue\/#breadcrumb\"},\"inLanguage\":\"es\",\"potentialAction\":[{\"@type\":\"ReadAction\",\"target\":[\"https:\/\/elojocojo.org\/beyond-the-blue\/\"]}]},{\"@type\":\"ImageObject\",\"inLanguage\":\"es\",\"@id\":\"https:\/\/elojocojo.org\/beyond-the-blue\/#primaryimage\",\"url\":\"https:\/\/elojocojo.org\/wp-content\/uploads\/2016\/05\/poster_beyond-the-blue.jpg\",\"contentUrl\":\"https:\/\/elojocojo.org\/wp-content\/uploads\/2016\/05\/poster_beyond-the-blue.jpg\",\"width\":332,\"height\":470,\"caption\":\"Foto filme M\u00e1s all\u00e1 del azul\"},{\"@type\":\"BreadcrumbList\",\"@id\":\"https:\/\/elojocojo.org\/beyond-the-blue\/#breadcrumb\",\"itemListElement\":[{\"@type\":\"ListItem\",\"position\":1,\"name\":\"Portada\",\"item\":\"https:\/\/elojocojo.org\/\"},{\"@type\":\"ListItem\",\"position\":2,\"name\":\"2016\",\"item\":\"https:\/\/elojocojo.org\/tag\/2016\/\"},{\"@type\":\"ListItem\",\"position\":3,\"name\":\"M\u00e1s all\u00e1 del azul\"}]},{\"@type\":\"WebSite\",\"@id\":\"https:\/\/elojocojo.org\/#website\",\"url\":\"https:\/\/elojocojo.org\/\",\"name\":\"el ojO cojo\",\"description\":\"Todos estamos hechos de la misma esencia\",\"publisher\":{\"@id\":\"https:\/\/elojocojo.org\/#organization\"},\"potentialAction\":[{\"@type\":\"SearchAction\",\"target\":{\"@type\":\"EntryPoint\",\"urlTemplate\":\"https:\/\/elojocojo.org\/?s={search_term_string}\"},\"query-input\":{\"@type\":\"PropertyValueSpecification\",\"valueRequired\":true,\"valueName\":\"search_term_string\"}}],\"inLanguage\":\"es\"},{\"@type\":\"Organization\",\"@id\":\"https:\/\/elojocojo.org\/#organization\",\"name\":\"Meigas da r\u00faa\",\"url\":\"https:\/\/elojocojo.org\/\",\"logo\":{\"@type\":\"ImageObject\",\"inLanguage\":\"es\",\"@id\":\"https:\/\/elojocojo.org\/#\/schema\/logo\/image\/\",\"url\":\"https:\/\/meigasdarua.org\/wp-content\/uploads\/2020\/09\/cropped-logo-meigas-5.png\",\"contentUrl\":\"https:\/\/meigasdarua.org\/wp-content\/uploads\/2020\/09\/cropped-logo-meigas-5.png\",\"width\":109,\"height\":200,\"caption\":\"Meigas da r\u00faa\"},\"image\":{\"@id\":\"https:\/\/elojocojo.org\/#\/schema\/logo\/image\/\"},\"sameAs\":[\"https:\/\/www.facebook.com\/elojocojo\",\"https:\/\/x.com\/elojocojo\",\"https:\/\/www.instagram.com\/elojocojo\/?hl=es\",\"https:\/\/www.linkedin.com\/in\/el-ojo-cojo-b52b7769\/\",\"https:\/\/www.pinterest.es\/elojocojo\/_saved\/\",\"https:\/\/www.youtube.com\/channel\/UCkFtFTV0Bms7zH7vq8FZxZg\"]},{\"@type\":\"Person\",\"@id\":\"https:\/\/elojocojo.org\/#\/schema\/person\/cba15985dd5da095cac31c1ff0d6e23e\",\"name\":\"cojo\",\"url\":\"https:\/\/elojocojo.org\/author\/cojo\/\"}]}<\/script>\n<!-- \/ Yoast SEO plugin. -->","yoast_head_json":{"title":"M\u00e1s all\u00e1 del azul - el ojO cojo","description":"Cortometraje M\u00e1s all\u00e1 del azul exhibido en la edici\u00f3n 2016 del Festival el ojO cojo. Pa\u00eds de origen, Reino Unido. Dirigido por Elena Sala.","robots":{"index":"index","follow":"follow","max-snippet":"max-snippet:-1","max-image-preview":"max-image-preview:large","max-video-preview":"max-video-preview:-1"},"canonical":"https:\/\/elojocojo.org\/beyond-the-blue\/","og_locale":"es_ES","og_type":"article","og_title":"M\u00e1s all\u00e1 del azul - el ojO cojo","og_description":"Cortometraje M\u00e1s all\u00e1 del azul exhibido en la edici\u00f3n 2016 del Festival el ojO cojo. Pa\u00eds de origen, Reino Unido. Dirigido por Elena Sala.","og_url":"https:\/\/elojocojo.org\/beyond-the-blue\/","og_site_name":"el ojO cojo","article_publisher":"https:\/\/www.facebook.com\/elojocojo","article_published_time":"2016-05-19T00:19:25+00:00","article_modified_time":"2025-09-30T16:51:28+00:00","og_image":[{"width":332,"height":470,"url":"https:\/\/elojocojo.org\/wp-content\/uploads\/2016\/05\/poster_beyond-the-blue.jpg","type":"image\/jpeg"}],"author":"cojo","twitter_card":"summary_large_image","twitter_creator":"@elojocojo","twitter_site":"@elojocojo","twitter_misc":{"Escrito por":"cojo","Tiempo de lectura":"1 minuto"},"schema":{"@context":"https:\/\/schema.org","@graph":[{"@type":"Article","@id":"https:\/\/elojocojo.org\/beyond-the-blue\/#article","isPartOf":{"@id":"https:\/\/elojocojo.org\/beyond-the-blue\/"},"author":{"name":"cojo","@id":"https:\/\/elojocojo.org\/#\/schema\/person\/cba15985dd5da095cac31c1ff0d6e23e"},"headline":"M\u00e1s all\u00e1 del azul","datePublished":"2016-05-19T00:19:25+00:00","dateModified":"2025-09-30T16:51:28+00:00","mainEntityOfPage":{"@id":"https:\/\/elojocojo.org\/beyond-the-blue\/"},"wordCount":304,"publisher":{"@id":"https:\/\/elojocojo.org\/#organization"},"image":{"@id":"https:\/\/elojocojo.org\/beyond-the-blue\/#primaryimage"},"thumbnailUrl":"https:\/\/elojocojo.org\/wp-content\/uploads\/2016\/05\/poster_beyond-the-blue.jpg","keywords":["2016","cortometraje","duelo","educar en valores","espa\u00f1ol","espa\u00b1ol","familia","festival de cine","Festival el Ojo cojo","ficci\u00f3n","Reino Unido"],"articleSection":["Cortometraje","Festival 2016","Ficci\u00f3n"],"inLanguage":"es"},{"@type":"WebPage","@id":"https:\/\/elojocojo.org\/beyond-the-blue\/","url":"https:\/\/elojocojo.org\/beyond-the-blue\/","name":"M\u00e1s all\u00e1 del azul - el ojO cojo","isPartOf":{"@id":"https:\/\/elojocojo.org\/#website"},"primaryImageOfPage":{"@id":"https:\/\/elojocojo.org\/beyond-the-blue\/#primaryimage"},"image":{"@id":"https:\/\/elojocojo.org\/beyond-the-blue\/#primaryimage"},"thumbnailUrl":"https:\/\/elojocojo.org\/wp-content\/uploads\/2016\/05\/poster_beyond-the-blue.jpg","datePublished":"2016-05-19T00:19:25+00:00","dateModified":"2025-09-30T16:51:28+00:00","description":"Cortometraje M\u00e1s all\u00e1 del azul exhibido en la edici\u00f3n 2016 del Festival el ojO cojo. Pa\u00eds de origen, Reino Unido. Dirigido por Elena Sala.","breadcrumb":{"@id":"https:\/\/elojocojo.org\/beyond-the-blue\/#breadcrumb"},"inLanguage":"es","potentialAction":[{"@type":"ReadAction","target":["https:\/\/elojocojo.org\/beyond-the-blue\/"]}]},{"@type":"ImageObject","inLanguage":"es","@id":"https:\/\/elojocojo.org\/beyond-the-blue\/#primaryimage","url":"https:\/\/elojocojo.org\/wp-content\/uploads\/2016\/05\/poster_beyond-the-blue.jpg","contentUrl":"https:\/\/elojocojo.org\/wp-content\/uploads\/2016\/05\/poster_beyond-the-blue.jpg","width":332,"height":470,"caption":"Foto filme M\u00e1s all\u00e1 del azul"},{"@type":"BreadcrumbList","@id":"https:\/\/elojocojo.org\/beyond-the-blue\/#breadcrumb","itemListElement":[{"@type":"ListItem","position":1,"name":"Portada","item":"https:\/\/elojocojo.org\/"},{"@type":"ListItem","position":2,"name":"2016","item":"https:\/\/elojocojo.org\/tag\/2016\/"},{"@type":"ListItem","position":3,"name":"M\u00e1s all\u00e1 del azul"}]},{"@type":"WebSite","@id":"https:\/\/elojocojo.org\/#website","url":"https:\/\/elojocojo.org\/","name":"el ojO cojo","description":"Todos estamos hechos de la misma esencia","publisher":{"@id":"https:\/\/elojocojo.org\/#organization"},"potentialAction":[{"@type":"SearchAction","target":{"@type":"EntryPoint","urlTemplate":"https:\/\/elojocojo.org\/?s={search_term_string}"},"query-input":{"@type":"PropertyValueSpecification","valueRequired":true,"valueName":"search_term_string"}}],"inLanguage":"es"},{"@type":"Organization","@id":"https:\/\/elojocojo.org\/#organization","name":"Meigas da r\u00faa","url":"https:\/\/elojocojo.org\/","logo":{"@type":"ImageObject","inLanguage":"es","@id":"https:\/\/elojocojo.org\/#\/schema\/logo\/image\/","url":"https:\/\/meigasdarua.org\/wp-content\/uploads\/2020\/09\/cropped-logo-meigas-5.png","contentUrl":"https:\/\/meigasdarua.org\/wp-content\/uploads\/2020\/09\/cropped-logo-meigas-5.png","width":109,"height":200,"caption":"Meigas da r\u00faa"},"image":{"@id":"https:\/\/elojocojo.org\/#\/schema\/logo\/image\/"},"sameAs":["https:\/\/www.facebook.com\/elojocojo","https:\/\/x.com\/elojocojo","https:\/\/www.instagram.com\/elojocojo\/?hl=es","https:\/\/www.linkedin.com\/in\/el-ojo-cojo-b52b7769\/","https:\/\/www.pinterest.es\/elojocojo\/_saved\/","https:\/\/www.youtube.com\/channel\/UCkFtFTV0Bms7zH7vq8FZxZg"]},{"@type":"Person","@id":"https:\/\/elojocojo.org\/#\/schema\/person\/cba15985dd5da095cac31c1ff0d6e23e","name":"cojo","url":"https:\/\/elojocojo.org\/author\/cojo\/"}]}},"_links":{"self":[{"href":"https:\/\/elojocojo.org\/wp-json\/wp\/v2\/posts\/12008","targetHints":{"allow":["GET"]}}],"collection":[{"href":"https:\/\/elojocojo.org\/wp-json\/wp\/v2\/posts"}],"about":[{"href":"https:\/\/elojocojo.org\/wp-json\/wp\/v2\/types\/post"}],"author":[{"embeddable":true,"href":"https:\/\/elojocojo.org\/wp-json\/wp\/v2\/users\/11"}],"replies":[{"embeddable":true,"href":"https:\/\/elojocojo.org\/wp-json\/wp\/v2\/comments?post=12008"}],"version-history":[{"count":6,"href":"https:\/\/elojocojo.org\/wp-json\/wp\/v2\/posts\/12008\/revisions"}],"predecessor-version":[{"id":56141,"href":"https:\/\/elojocojo.org\/wp-json\/wp\/v2\/posts\/12008\/revisions\/56141"}],"wp:featuredmedia":[{"embeddable":true,"href":"https:\/\/elojocojo.org\/wp-json\/wp\/v2\/media\/17336"}],"wp:attachment":[{"href":"https:\/\/elojocojo.org\/wp-json\/wp\/v2\/media?parent=12008"}],"wp:term":[{"taxonomy":"category","embeddable":true,"href":"https:\/\/elojocojo.org\/wp-json\/wp\/v2\/categories?post=12008"},{"taxonomy":"post_tag","embeddable":true,"href":"https:\/\/elojocojo.org\/wp-json\/wp\/v2\/tags?post=12008"}],"curies":[{"name":"wp","href":"https:\/\/api.w.org\/{rel}","templated":true}]}}