{"id":12006,"date":"2015-05-18T16:00:31","date_gmt":"2015-05-18T23:00:31","guid":{"rendered":"http:\/\/www.elojocojo.org\/?p=12006"},"modified":"2025-10-06T18:48:51","modified_gmt":"2025-10-06T16:48:51","slug":"wojtek","status":"publish","type":"post","link":"https:\/\/elojocojo.org\/wojtek\/","title":{"rendered":"Wojtek"},"content":{"rendered":"<p><strong>T\u00cdTULO<\/strong>: Wojtek<\/p>\n<p><strong>T\u00cdTULO<\/strong> <strong>ORIGINAL<\/strong>: Wojtek<\/p>\n<p><strong>A\u00d1O<\/strong>: 2014<\/p>\n<p><strong>DIRECTOR<\/strong>: Ian Dunning<\/p>\n<p><strong>G\u00c9NERO<\/strong>: Ficci\u00f3n<\/p>\n<p><strong>DURACI\u00d3N<\/strong>: 8\u2019<\/p>\n<p><strong>PA\u00cdS<\/strong>: Reino Unido<\/p>\n<p><strong>FORMATO<\/strong> <strong>ORIGINAL<\/strong>: 1080p<\/p>\n<p><strong>TIPO<\/strong>: Color<\/p>\n<p><strong>IDIOMA<\/strong> <strong>ORIGINAL<\/strong>: Ingl\u00e9s\/Polaco<\/p>\n<p><strong>SUBT\u00cdTULOS<\/strong>: Espa\u00f1ol<\/p>\n<p><strong>Sinopsis<\/strong><\/p>\n<div class=\"fs-5\">\n<div class=\"fs-5\">\n<p class=\"text-black mb-2 text-break\">\u00abWojtek\u00bb nos lleva al oscuro mundo de los centros de internamiento para inmigrantes ilegales en Espa\u00f1a, un tema a menudo pasado por alto. Dirigida por Ian Dunning en 2014, la pel\u00edcula muestra la realidad dura de quienes llegan a Espa\u00f1a sin documentos, atrapados en un sistema que puede ser cruel e inhumano.<\/p>\n<\/div>\n<div class=\"fs-5\">\n<p class=\"text-black mb-2 text-break\">A trav\u00e9s de im\u00e1genes impactantes y actuaciones notables, \u00abWojtek\u00bb nos presenta a inmigrantes buscando una nueva vida, solo para quedar atrapados en un limbo legal y f\u00edsico. La pel\u00edcula no solo muestra las condiciones de vida en estos centros, sino que tambi\u00e9n provoca reflexiones sobre la pol\u00edtica europea y su impacto en las vidas humanas.<\/p>\n<\/div>\n<div class=\"fs-5\">\n<p class=\"text-black mb-2 text-break\">Se exploran temas como la esperanza frente a la desesperaci\u00f3n, la lucha por la libertad y la dignidad, y la incertidumbre del futuro. Se cuestiona la responsabilidad de la sociedad y el gobierno en la creaci\u00f3n de estos centros y c\u00f3mo las pol\u00edticas migratorias pueden ser tanto destructivas como constructivas.<\/p>\n<\/div>\n<div class=\"fs-5\">\n<p class=\"text-black mb-2 text-break\">\u00abWojtek\u00bb tambi\u00e9n examina la relaci\u00f3n entre inmigrantes y la sociedad espa\u00f1ola, y c\u00f3mo la percepci\u00f3n p\u00fablica puede influir en sus vidas. La pel\u00edcula ofrece una cr\u00edtica a la sociedad espa\u00f1ola, destacando la brecha entre la ret\u00f3rica humanitaria y la pr\u00e1ctica real.<\/p>\n<\/div>\n<div class=\"fs-5\">\n<p class=\"text-black mb-2 text-break\">Finalmente, \u00abWojtek\u00bb invita a reflexionar sobre la responsabilidad colectiva de abordar las causas de la migraci\u00f3n y promover un futuro m\u00e1s justo y equitativo para todos los habitantes de Europa.<\/p>\n<\/div>\n<\/div>\n<p class=\"p1\">El filme Wojtek particip\u00f3 en la edici\u00f3n <a href=\"https:\/\/elojocojo.org\/category\/festival-2015\/\"><span class=\"s1\"><b>2015<\/b><\/span><\/a> del <a href=\"https:\/\/elojocojo.org\/\"><span class=\"s1\"><b>Festival de cine el ojO cojo<\/b><\/span><\/a> en ese sentido nos sentimos honrados de haberla exhibido.<\/p>\n<p class=\"p1\">Visita nuestro <a href=\"https:\/\/el-ojocojo.blogspot.com\/\">blog<\/a><\/p>\n","protected":false},"excerpt":{"rendered":"<p>T\u00cdTULO: Wojtek T\u00cdTULO ORIGINAL: Wojtek A\u00d1O: 2014 DIRECTOR: Ian Dunning G\u00c9NERO: Ficci\u00f3n DURACI\u00d3N: 8\u2019 PA\u00cdS: Reino Unido FORMATO ORIGINAL: 1080p TIPO: Color IDIOMA ORIGINAL: Ingl\u00e9s\/Polaco SUBT\u00cdTULOS: Espa\u00f1ol Sinopsis \u00abWojtek\u00bb nos lleva al oscuro mundo de los centros de internamiento para inmigrantes ilegales en Espa\u00f1a, un tema a menudo pasado por alto. Dirigida por Ian Dunning [&hellip;]<\/p>\n","protected":false},"author":11,"featured_media":54991,"comment_status":"closed","ping_status":"closed","sticky":false,"template":"","format":"standard","meta":{"_monsterinsights_skip_tracking":false,"_monsterinsights_sitenote_active":false,"_monsterinsights_sitenote_note":"","_monsterinsights_sitenote_category":0,"footnotes":""},"categories":[1460,8,30],"tags":[1999,2000,940,1774,1682,1795,1771,2119,2391,2191,1221,1981,1982,1628,2118,1654,433,60,2390,134],"class_list":{"0":"post-12006","1":"post","2":"type-post","3":"status-publish","4":"format-standard","5":"has-post-thumbnail","7":"category-cortometraje","8":"category-festival-2015","9":"category-ficcion","10":"tag-1999","11":"tag-2000","12":"tag-centros-de-internamiento-de-inmigrantes","13":"tag-choque-cultural","14":"tag-compromiso","15":"tag-emigracion","16":"tag-emigrantes","17":"tag-espanol","18":"tag-espaol","19":"tag-esperanza","20":"tag-estereotipos","21":"tag-festival-de-cine","22":"tag-festival-el-ojo-cojo","23":"tag-ficcion","24":"tag-ingles","25":"tag-inmigracion","26":"tag-inmigrantes","27":"tag-migraciones","28":"tag-migrantes","29":"tag-reino-unido","30":"czr-hentry"},"yoast_head":"<!-- This site is optimized with the Yoast SEO plugin v27.1.1 - https:\/\/yoast.com\/product\/yoast-seo-wordpress\/ -->\n<title>Wojtek | el Ojo cojo<\/title>\n<meta name=\"description\" content=\"Cortometraje Wojtek exhibido en la edici\u00f3n 2015 del Festival el ojO cojo. Pa\u00eds de origen, Reino Unido. Dirigido por Ian Dunning.\" \/>\n<meta name=\"robots\" content=\"index, follow, max-snippet:-1, max-image-preview:large, max-video-preview:-1\" \/>\n<link rel=\"canonical\" href=\"https:\/\/elojocojo.org\/wojtek\/\" \/>\n<meta property=\"og:locale\" content=\"es_ES\" \/>\n<meta property=\"og:type\" content=\"article\" \/>\n<meta property=\"og:title\" content=\"Wojtek | el Ojo cojo\" \/>\n<meta property=\"og:description\" content=\"Cortometraje Wojtek exhibido en la edici\u00f3n 2015 del Festival el ojO cojo. Pa\u00eds de origen, Reino Unido. Dirigido por Ian Dunning.\" \/>\n<meta property=\"og:url\" content=\"https:\/\/elojocojo.org\/wojtek\/\" \/>\n<meta property=\"og:site_name\" content=\"el ojO cojo\" \/>\n<meta property=\"article:publisher\" content=\"https:\/\/www.facebook.com\/elojocojo\" \/>\n<meta property=\"article:published_time\" content=\"2015-05-18T23:00:31+00:00\" \/>\n<meta property=\"article:modified_time\" content=\"2025-10-06T16:48:51+00:00\" \/>\n<meta property=\"og:image\" content=\"https:\/\/elojocojo.org\/wp-content\/uploads\/2015\/05\/image_2024-07-05_00-25-11.jpg\" \/>\n\t<meta property=\"og:image:width\" content=\"720\" \/>\n\t<meta property=\"og:image:height\" content=\"404\" \/>\n\t<meta property=\"og:image:type\" content=\"image\/jpeg\" \/>\n<meta name=\"author\" content=\"cojo\" \/>\n<meta name=\"twitter:card\" content=\"summary_large_image\" \/>\n<meta name=\"twitter:creator\" content=\"@elojocojo\" \/>\n<meta name=\"twitter:site\" content=\"@elojocojo\" \/>\n<meta name=\"twitter:label1\" content=\"Escrito por\" \/>\n\t<meta name=\"twitter:data1\" content=\"cojo\" \/>\n\t<meta name=\"twitter:label2\" content=\"Tiempo de lectura\" \/>\n\t<meta name=\"twitter:data2\" content=\"2 minutos\" \/>\n<script type=\"application\/ld+json\" class=\"yoast-schema-graph\">{\"@context\":\"https:\/\/schema.org\",\"@graph\":[{\"@type\":\"Article\",\"@id\":\"https:\/\/elojocojo.org\/wojtek\/#article\",\"isPartOf\":{\"@id\":\"https:\/\/elojocojo.org\/wojtek\/\"},\"author\":{\"name\":\"cojo\",\"@id\":\"https:\/\/elojocojo.org\/#\/schema\/person\/cba15985dd5da095cac31c1ff0d6e23e\"},\"headline\":\"Wojtek\",\"datePublished\":\"2015-05-18T23:00:31+00:00\",\"dateModified\":\"2025-10-06T16:48:51+00:00\",\"mainEntityOfPage\":{\"@id\":\"https:\/\/elojocojo.org\/wojtek\/\"},\"wordCount\":318,\"publisher\":{\"@id\":\"https:\/\/elojocojo.org\/#organization\"},\"image\":{\"@id\":\"https:\/\/elojocojo.org\/wojtek\/#primaryimage\"},\"thumbnailUrl\":\"https:\/\/elojocojo.org\/wp-content\/uploads\/2015\/05\/image_2024-07-05_00-25-11.jpg\",\"keywords\":[\"2014\",\"2015\",\"centros de internamiento de inmigrantes\",\"choque cultural\",\"compromiso\",\"emigraci\u00f3n\",\"emigrantes\",\"espa\u00f1ol\",\"espa\u00b1ol\",\"esperanza\",\"estereotipos\",\"festival de cine\",\"Festival el Ojo cojo\",\"ficci\u00f3n\",\"ingl\u00e9s\",\"inmigraci\u00f3n\",\"inmigrantes\",\"migraciones\",\"migrantes\",\"Reino Unido\"],\"articleSection\":[\"Cortometraje\",\"Festival 2015\",\"Ficci\u00f3n\"],\"inLanguage\":\"es\"},{\"@type\":\"WebPage\",\"@id\":\"https:\/\/elojocojo.org\/wojtek\/\",\"url\":\"https:\/\/elojocojo.org\/wojtek\/\",\"name\":\"Wojtek | el Ojo cojo\",\"isPartOf\":{\"@id\":\"https:\/\/elojocojo.org\/#website\"},\"primaryImageOfPage\":{\"@id\":\"https:\/\/elojocojo.org\/wojtek\/#primaryimage\"},\"image\":{\"@id\":\"https:\/\/elojocojo.org\/wojtek\/#primaryimage\"},\"thumbnailUrl\":\"https:\/\/elojocojo.org\/wp-content\/uploads\/2015\/05\/image_2024-07-05_00-25-11.jpg\",\"datePublished\":\"2015-05-18T23:00:31+00:00\",\"dateModified\":\"2025-10-06T16:48:51+00:00\",\"description\":\"Cortometraje Wojtek exhibido en la edici\u00f3n 2015 del Festival el ojO cojo. Pa\u00eds de origen, Reino Unido. Dirigido por Ian Dunning.\",\"breadcrumb\":{\"@id\":\"https:\/\/elojocojo.org\/wojtek\/#breadcrumb\"},\"inLanguage\":\"es\",\"potentialAction\":[{\"@type\":\"ReadAction\",\"target\":[\"https:\/\/elojocojo.org\/wojtek\/\"]}]},{\"@type\":\"ImageObject\",\"inLanguage\":\"es\",\"@id\":\"https:\/\/elojocojo.org\/wojtek\/#primaryimage\",\"url\":\"https:\/\/elojocojo.org\/wp-content\/uploads\/2015\/05\/image_2024-07-05_00-25-11.jpg\",\"contentUrl\":\"https:\/\/elojocojo.org\/wp-content\/uploads\/2015\/05\/image_2024-07-05_00-25-11.jpg\",\"width\":720,\"height\":404,\"caption\":\"Imagen de un joven sentado mirando al mar\"},{\"@type\":\"BreadcrumbList\",\"@id\":\"https:\/\/elojocojo.org\/wojtek\/#breadcrumb\",\"itemListElement\":[{\"@type\":\"ListItem\",\"position\":1,\"name\":\"Portada\",\"item\":\"https:\/\/elojocojo.org\/\"},{\"@type\":\"ListItem\",\"position\":2,\"name\":\"2014\",\"item\":\"https:\/\/elojocojo.org\/tag\/2014\/\"},{\"@type\":\"ListItem\",\"position\":3,\"name\":\"Wojtek\"}]},{\"@type\":\"WebSite\",\"@id\":\"https:\/\/elojocojo.org\/#website\",\"url\":\"https:\/\/elojocojo.org\/\",\"name\":\"el ojO cojo\",\"description\":\"Todos estamos hechos de la misma esencia\",\"publisher\":{\"@id\":\"https:\/\/elojocojo.org\/#organization\"},\"potentialAction\":[{\"@type\":\"SearchAction\",\"target\":{\"@type\":\"EntryPoint\",\"urlTemplate\":\"https:\/\/elojocojo.org\/?s={search_term_string}\"},\"query-input\":{\"@type\":\"PropertyValueSpecification\",\"valueRequired\":true,\"valueName\":\"search_term_string\"}}],\"inLanguage\":\"es\"},{\"@type\":\"Organization\",\"@id\":\"https:\/\/elojocojo.org\/#organization\",\"name\":\"Meigas da r\u00faa\",\"url\":\"https:\/\/elojocojo.org\/\",\"logo\":{\"@type\":\"ImageObject\",\"inLanguage\":\"es\",\"@id\":\"https:\/\/elojocojo.org\/#\/schema\/logo\/image\/\",\"url\":\"https:\/\/meigasdarua.org\/wp-content\/uploads\/2020\/09\/cropped-logo-meigas-5.png\",\"contentUrl\":\"https:\/\/meigasdarua.org\/wp-content\/uploads\/2020\/09\/cropped-logo-meigas-5.png\",\"width\":109,\"height\":200,\"caption\":\"Meigas da r\u00faa\"},\"image\":{\"@id\":\"https:\/\/elojocojo.org\/#\/schema\/logo\/image\/\"},\"sameAs\":[\"https:\/\/www.facebook.com\/elojocojo\",\"https:\/\/x.com\/elojocojo\",\"https:\/\/www.instagram.com\/elojocojo\/?hl=es\",\"https:\/\/www.linkedin.com\/in\/el-ojo-cojo-b52b7769\/\",\"https:\/\/www.pinterest.es\/elojocojo\/_saved\/\",\"https:\/\/www.youtube.com\/channel\/UCkFtFTV0Bms7zH7vq8FZxZg\"]},{\"@type\":\"Person\",\"@id\":\"https:\/\/elojocojo.org\/#\/schema\/person\/cba15985dd5da095cac31c1ff0d6e23e\",\"name\":\"cojo\",\"url\":\"https:\/\/elojocojo.org\/author\/cojo\/\"}]}<\/script>\n<!-- \/ Yoast SEO plugin. -->","yoast_head_json":{"title":"Wojtek | el Ojo cojo","description":"Cortometraje Wojtek exhibido en la edici\u00f3n 2015 del Festival el ojO cojo. Pa\u00eds de origen, Reino Unido. Dirigido por Ian Dunning.","robots":{"index":"index","follow":"follow","max-snippet":"max-snippet:-1","max-image-preview":"max-image-preview:large","max-video-preview":"max-video-preview:-1"},"canonical":"https:\/\/elojocojo.org\/wojtek\/","og_locale":"es_ES","og_type":"article","og_title":"Wojtek | el Ojo cojo","og_description":"Cortometraje Wojtek exhibido en la edici\u00f3n 2015 del Festival el ojO cojo. Pa\u00eds de origen, Reino Unido. Dirigido por Ian Dunning.","og_url":"https:\/\/elojocojo.org\/wojtek\/","og_site_name":"el ojO cojo","article_publisher":"https:\/\/www.facebook.com\/elojocojo","article_published_time":"2015-05-18T23:00:31+00:00","article_modified_time":"2025-10-06T16:48:51+00:00","og_image":[{"width":720,"height":404,"url":"https:\/\/elojocojo.org\/wp-content\/uploads\/2015\/05\/image_2024-07-05_00-25-11.jpg","type":"image\/jpeg"}],"author":"cojo","twitter_card":"summary_large_image","twitter_creator":"@elojocojo","twitter_site":"@elojocojo","twitter_misc":{"Escrito por":"cojo","Tiempo de lectura":"2 minutos"},"schema":{"@context":"https:\/\/schema.org","@graph":[{"@type":"Article","@id":"https:\/\/elojocojo.org\/wojtek\/#article","isPartOf":{"@id":"https:\/\/elojocojo.org\/wojtek\/"},"author":{"name":"cojo","@id":"https:\/\/elojocojo.org\/#\/schema\/person\/cba15985dd5da095cac31c1ff0d6e23e"},"headline":"Wojtek","datePublished":"2015-05-18T23:00:31+00:00","dateModified":"2025-10-06T16:48:51+00:00","mainEntityOfPage":{"@id":"https:\/\/elojocojo.org\/wojtek\/"},"wordCount":318,"publisher":{"@id":"https:\/\/elojocojo.org\/#organization"},"image":{"@id":"https:\/\/elojocojo.org\/wojtek\/#primaryimage"},"thumbnailUrl":"https:\/\/elojocojo.org\/wp-content\/uploads\/2015\/05\/image_2024-07-05_00-25-11.jpg","keywords":["2014","2015","centros de internamiento de inmigrantes","choque cultural","compromiso","emigraci\u00f3n","emigrantes","espa\u00f1ol","espa\u00b1ol","esperanza","estereotipos","festival de cine","Festival el Ojo cojo","ficci\u00f3n","ingl\u00e9s","inmigraci\u00f3n","inmigrantes","migraciones","migrantes","Reino Unido"],"articleSection":["Cortometraje","Festival 2015","Ficci\u00f3n"],"inLanguage":"es"},{"@type":"WebPage","@id":"https:\/\/elojocojo.org\/wojtek\/","url":"https:\/\/elojocojo.org\/wojtek\/","name":"Wojtek | el Ojo cojo","isPartOf":{"@id":"https:\/\/elojocojo.org\/#website"},"primaryImageOfPage":{"@id":"https:\/\/elojocojo.org\/wojtek\/#primaryimage"},"image":{"@id":"https:\/\/elojocojo.org\/wojtek\/#primaryimage"},"thumbnailUrl":"https:\/\/elojocojo.org\/wp-content\/uploads\/2015\/05\/image_2024-07-05_00-25-11.jpg","datePublished":"2015-05-18T23:00:31+00:00","dateModified":"2025-10-06T16:48:51+00:00","description":"Cortometraje Wojtek exhibido en la edici\u00f3n 2015 del Festival el ojO cojo. Pa\u00eds de origen, Reino Unido. Dirigido por Ian Dunning.","breadcrumb":{"@id":"https:\/\/elojocojo.org\/wojtek\/#breadcrumb"},"inLanguage":"es","potentialAction":[{"@type":"ReadAction","target":["https:\/\/elojocojo.org\/wojtek\/"]}]},{"@type":"ImageObject","inLanguage":"es","@id":"https:\/\/elojocojo.org\/wojtek\/#primaryimage","url":"https:\/\/elojocojo.org\/wp-content\/uploads\/2015\/05\/image_2024-07-05_00-25-11.jpg","contentUrl":"https:\/\/elojocojo.org\/wp-content\/uploads\/2015\/05\/image_2024-07-05_00-25-11.jpg","width":720,"height":404,"caption":"Imagen de un joven sentado mirando al mar"},{"@type":"BreadcrumbList","@id":"https:\/\/elojocojo.org\/wojtek\/#breadcrumb","itemListElement":[{"@type":"ListItem","position":1,"name":"Portada","item":"https:\/\/elojocojo.org\/"},{"@type":"ListItem","position":2,"name":"2014","item":"https:\/\/elojocojo.org\/tag\/2014\/"},{"@type":"ListItem","position":3,"name":"Wojtek"}]},{"@type":"WebSite","@id":"https:\/\/elojocojo.org\/#website","url":"https:\/\/elojocojo.org\/","name":"el ojO cojo","description":"Todos estamos hechos de la misma esencia","publisher":{"@id":"https:\/\/elojocojo.org\/#organization"},"potentialAction":[{"@type":"SearchAction","target":{"@type":"EntryPoint","urlTemplate":"https:\/\/elojocojo.org\/?s={search_term_string}"},"query-input":{"@type":"PropertyValueSpecification","valueRequired":true,"valueName":"search_term_string"}}],"inLanguage":"es"},{"@type":"Organization","@id":"https:\/\/elojocojo.org\/#organization","name":"Meigas da r\u00faa","url":"https:\/\/elojocojo.org\/","logo":{"@type":"ImageObject","inLanguage":"es","@id":"https:\/\/elojocojo.org\/#\/schema\/logo\/image\/","url":"https:\/\/meigasdarua.org\/wp-content\/uploads\/2020\/09\/cropped-logo-meigas-5.png","contentUrl":"https:\/\/meigasdarua.org\/wp-content\/uploads\/2020\/09\/cropped-logo-meigas-5.png","width":109,"height":200,"caption":"Meigas da r\u00faa"},"image":{"@id":"https:\/\/elojocojo.org\/#\/schema\/logo\/image\/"},"sameAs":["https:\/\/www.facebook.com\/elojocojo","https:\/\/x.com\/elojocojo","https:\/\/www.instagram.com\/elojocojo\/?hl=es","https:\/\/www.linkedin.com\/in\/el-ojo-cojo-b52b7769\/","https:\/\/www.pinterest.es\/elojocojo\/_saved\/","https:\/\/www.youtube.com\/channel\/UCkFtFTV0Bms7zH7vq8FZxZg"]},{"@type":"Person","@id":"https:\/\/elojocojo.org\/#\/schema\/person\/cba15985dd5da095cac31c1ff0d6e23e","name":"cojo","url":"https:\/\/elojocojo.org\/author\/cojo\/"}]}},"_links":{"self":[{"href":"https:\/\/elojocojo.org\/wp-json\/wp\/v2\/posts\/12006","targetHints":{"allow":["GET"]}}],"collection":[{"href":"https:\/\/elojocojo.org\/wp-json\/wp\/v2\/posts"}],"about":[{"href":"https:\/\/elojocojo.org\/wp-json\/wp\/v2\/types\/post"}],"author":[{"embeddable":true,"href":"https:\/\/elojocojo.org\/wp-json\/wp\/v2\/users\/11"}],"replies":[{"embeddable":true,"href":"https:\/\/elojocojo.org\/wp-json\/wp\/v2\/comments?post=12006"}],"version-history":[{"count":3,"href":"https:\/\/elojocojo.org\/wp-json\/wp\/v2\/posts\/12006\/revisions"}],"predecessor-version":[{"id":54994,"href":"https:\/\/elojocojo.org\/wp-json\/wp\/v2\/posts\/12006\/revisions\/54994"}],"wp:featuredmedia":[{"embeddable":true,"href":"https:\/\/elojocojo.org\/wp-json\/wp\/v2\/media\/54991"}],"wp:attachment":[{"href":"https:\/\/elojocojo.org\/wp-json\/wp\/v2\/media?parent=12006"}],"wp:term":[{"taxonomy":"category","embeddable":true,"href":"https:\/\/elojocojo.org\/wp-json\/wp\/v2\/categories?post=12006"},{"taxonomy":"post_tag","embeddable":true,"href":"https:\/\/elojocojo.org\/wp-json\/wp\/v2\/tags?post=12006"}],"curies":[{"name":"wp","href":"https:\/\/api.w.org\/{rel}","templated":true}]}}