{"id":1200,"date":"2008-09-04T20:04:45","date_gmt":"2008-09-05T03:04:45","guid":{"rendered":"http:\/\/www.elojocojo.org\/blog2\/?p=1200"},"modified":"2025-09-23T10:45:41","modified_gmt":"2025-09-23T08:45:41","slug":"banal","status":"publish","type":"post","link":"https:\/\/elojocojo.org\/banal\/","title":{"rendered":"Banal"},"content":{"rendered":"<p>T\u00cdTULO: Banal<br \/>T\u00cdTULO ORIGINAL: Banal<br \/>A\u00d1O: 2006<br \/>DIRECTOR: David Planell<br \/>G\u00c9NERO: Ficci\u00f3n\/Comedia<br \/>DURACI\u00d3N: 12\u2019<br \/>PA\u00cdS: Espa\u00f1a<br \/>FORMATO ORIGINAL: 35mm<br \/>FORMATO DE EXHIBICI\u00d3N: DVD<br \/>TIPO: color<br \/>IDIOMA ORIGINAL: castellano<br \/>INT\u00c9RPRETES: B\u00e1rbara Madrid y Joaqu\u00edn Climent<br \/>PRODUCCI\u00d3N: Stefan Scmitz<br \/>PRODUCTORA: Avalon Productions S.L. (ECAM)<br \/>GUI\u00d3N: David Planell<br \/>EDICI\u00d3N\/MONTAJE: Nacho Ruiz Capillas<br \/>DIRECCI\u00d3N DE FOTOGRAF\u00cdA: Charly Planell<br \/>SONIDO: David Rodr\u00edguez<br \/>M\u00daSICA: Mastreta<\/p>\n\n\n<h2 class=\"wp-block-heading\"><strong>Sinopsis<\/strong><\/h2>\n\n\n\n<p>En primer lugar, David Planell refleja, con <em>Banal<\/em>, su aguda visi\u00f3n del mundo actual, donde una joven pretende hacerse o\u00edr. Adem\u00e1s El autor parte de una discusi\u00f3n entre un padre confuso y una hija rebelde para explorar temas m\u00e1s profundos. Esta situaci\u00f3n sirve como punto de partida para una reflexi\u00f3n m\u00e1s amplia sobre la comunicaci\u00f3n y los valores contempor\u00e1neos. En consecuencia, el cortometraje no solo narra una historia \u00edntima, sino que tambi\u00e9n invita al espectador a cuestionarse su propia realidad.<\/p>\n\n\n\n<h3 class=\"wp-block-heading\">Madurez<\/h3>\n\n\n\n<p>Por otro lado, esta interacci\u00f3n nos permite trazar una panor\u00e1mica del presente, un mundo en ruinas. Adem\u00e1s, el autor nos recuerda la importancia de reflexionar sobre nuestra postura frente a las tragedias que nos rodean. En cuanto a los personajes, Ainoa, una chica de diecis\u00e9is a\u00f1os, representa a la juventud en busca de su independencia. Como todos los adolescentes de su edad, Ainoa enfrenta una jornada escolar agotadora. Sin embargo, en este verano, ella decide hacer algo diferente: irse de vacaciones donde ella quiera. Por lo tanto, esta decisi\u00f3n marca un cambio significativo en su relaci\u00f3n con su padre.<\/p>\n\n\n\n<h3 class=\"wp-block-heading\">Puntos de vista<\/h3>\n\n\n\n<p>En consecuencia, la historia nos invita a reflexionar sobre la libertad y la autonom\u00eda en la adolescencia. Finalmente, el relato nos recuerda que, aunque el mundo est\u00e9 en crisis, las decisiones personales siguen siendo fundamentales. En resumen, la obra nos invita a mirar m\u00e1s all\u00e1 de las tragedias y a valorar la fuerza de las decisiones individuales, adem\u00e1s poner un punto de vista joven.<\/p>\n\n\n\n<p><a href=\"https:\/\/www.imdb.com\/es\/title\/tt0884023\/\">IMDB<\/a><\/p>\n\n\n\n<h3 class=\"wp-block-heading\">Palmares<\/h3>\n\n\n\n<ul class=\"wp-block-list\">\n<li>2005\n<ul class=\"wp-block-list\">\n<li>Festival Cinema Joven de Valencia &#8211; IV Premio Proyecto Cortometraje.<\/li>\n<\/ul>\n<\/li>\n<\/ul>\n\n\n<div class=\"wp-block-image\">\n<figure class=\"aligncenter size-full is-resized\"><img decoding=\"async\" width=\"190\" height=\"265\" src=\"https:\/\/elojocojo.org\/wp-content\/uploads\/2008\/09\/Banal.jpg\" alt=\"\" class=\"wp-image-66642\" style=\"width:300px;height:auto\" srcset=\"https:\/\/elojocojo.org\/wp-content\/uploads\/2008\/09\/Banal.jpg 190w, https:\/\/elojocojo.org\/wp-content\/uploads\/2008\/09\/Banal-150x209.jpg 150w\" sizes=\"(max-width: 190px) 100vw, 190px\" \/><\/figure>\n<\/div>\n\n\n<p>El filme <em>Banal<\/em> particip\u00f3 en la edici\u00f3n <a href=\"https:\/\/elojocojo.org\/category\/festival-2006\/\"><strong>2006<\/strong>&nbsp;<\/a>del <a href=\"https:\/\/elojocojo.org\/bienvenida\/festivalelojocojo\/\"><strong>Festival de cine el ojO cojo<\/strong> <\/a>en ese sentido nos sentimos honrados de haberla exhibido.<\/p>\n\n\n\n<p>Visita nuestro <a href=\"https:\/\/el-ojocojo.blogspot.com\/\">blog<\/a><\/p>\n","protected":false},"excerpt":{"rendered":"<p>Ainoa, una chica de diecis\u00e9is a\u00f1os, representa a la juventud en busca de su independencia. Por David Planell.<\/p>\n","protected":false},"author":3,"featured_media":63121,"comment_status":"closed","ping_status":"open","sticky":false,"template":"","format":"standard","meta":{"_monsterinsights_skip_tracking":false,"_monsterinsights_sitenote_active":false,"_monsterinsights_sitenote_note":"","_monsterinsights_sitenote_category":0,"footnotes":""},"categories":[990,1460,428,30],"tags":[1927,895,1888,2047,1891,1887,995,1893,1886,138,900,15,1981,1982,1060,288,226,91,1892,1910,2004,1896],"class_list":{"0":"post-1200","1":"post","2":"type-post","3":"status-publish","4":"format-standard","5":"has-post-thumbnail","7":"category-comedia","8":"category-cortometraje","9":"category-festival-2006","10":"category-ficcion","11":"tag-1927","12":"tag-adolescentes","13":"tag-agenda-2030","14":"tag-comunicacion","15":"tag-cultura-audiovisual","16":"tag-desarrollo-sostenible","17":"tag-educacion","18":"tag-educar-en-valores","19":"tag-el-ojo-cojo","20":"tag-espana","21":"tag-europa","22":"tag-familia","23":"tag-festival-de-cine","24":"tag-festival-el-ojo-cojo","25":"tag-igualdad-de-genero","26":"tag-jovenes","27":"tag-libertad","28":"tag-mujer","29":"tag-objetivos-de-desarrollo-sostenible","30":"tag-ods","31":"tag-peliculas","32":"tag-videoteca","33":"czr-hentry"},"yoast_head":"<!-- This site is optimized with the Yoast SEO plugin v27.1.1 - https:\/\/yoast.com\/product\/yoast-seo-wordpress\/ -->\n<title>Banal - el ojO cojo<\/title>\n<meta name=\"description\" content=\"Pel\u00edcula Banal exhibida en la edici\u00f3n 2006 del Festival el ojO cojo. Pa\u00eds de origen, Espa\u00f1a. Dirigido por David Planell.\" \/>\n<meta name=\"robots\" content=\"index, follow, max-snippet:-1, max-image-preview:large, max-video-preview:-1\" \/>\n<link rel=\"canonical\" href=\"https:\/\/elojocojo.org\/banal\/\" \/>\n<meta property=\"og:locale\" content=\"es_ES\" \/>\n<meta property=\"og:type\" content=\"article\" \/>\n<meta property=\"og:title\" content=\"Banal - el ojO cojo\" \/>\n<meta property=\"og:description\" content=\"Pel\u00edcula Banal exhibida en la edici\u00f3n 2006 del Festival el ojO cojo. Pa\u00eds de origen, Espa\u00f1a. Dirigido por David Planell.\" \/>\n<meta property=\"og:url\" content=\"https:\/\/elojocojo.org\/banal\/\" \/>\n<meta property=\"og:site_name\" content=\"el ojO cojo\" \/>\n<meta property=\"article:publisher\" content=\"https:\/\/www.facebook.com\/elojocojo\" \/>\n<meta property=\"article:published_time\" content=\"2008-09-05T03:04:45+00:00\" \/>\n<meta property=\"article:modified_time\" content=\"2025-09-23T08:45:41+00:00\" \/>\n<meta property=\"og:image\" content=\"https:\/\/elojocojo.org\/wp-content\/uploads\/2008\/09\/Captura-de-pantalla-2025-05-16-160036.jpg\" \/>\n\t<meta property=\"og:image:width\" content=\"1016\" \/>\n\t<meta property=\"og:image:height\" content=\"342\" \/>\n\t<meta property=\"og:image:type\" content=\"image\/jpeg\" \/>\n<meta name=\"twitter:card\" content=\"summary_large_image\" \/>\n<meta name=\"twitter:creator\" content=\"@elojocojo\" \/>\n<meta name=\"twitter:site\" content=\"@elojocojo\" \/>\n<meta name=\"twitter:label1\" content=\"Escrito por\" \/>\n\t<meta name=\"twitter:data1\" content=\"\" \/>\n\t<meta name=\"twitter:label2\" content=\"Tiempo de lectura\" \/>\n\t<meta name=\"twitter:data2\" content=\"2 minutos\" \/>\n<script type=\"application\/ld+json\" class=\"yoast-schema-graph\">{\"@context\":\"https:\/\/schema.org\",\"@graph\":[{\"@type\":\"Article\",\"@id\":\"https:\/\/elojocojo.org\/banal\/#article\",\"isPartOf\":{\"@id\":\"https:\/\/elojocojo.org\/banal\/\"},\"author\":{\"name\":\"\",\"@id\":\"\"},\"headline\":\"Banal\",\"datePublished\":\"2008-09-05T03:04:45+00:00\",\"dateModified\":\"2025-09-23T08:45:41+00:00\",\"mainEntityOfPage\":{\"@id\":\"https:\/\/elojocojo.org\/banal\/\"},\"wordCount\":374,\"publisher\":{\"@id\":\"https:\/\/elojocojo.org\/#organization\"},\"image\":{\"@id\":\"https:\/\/elojocojo.org\/banal\/#primaryimage\"},\"thumbnailUrl\":\"https:\/\/elojocojo.org\/wp-content\/uploads\/2008\/09\/Captura-de-pantalla-2025-05-16-160036.jpg\",\"keywords\":[\"2006\",\"Adolescentes\",\"Agenda 2030\",\"comunicaci\u00f3n\",\"cultura audiovisual\",\"Desarrollo sostenible\",\"educaci\u00f3n\",\"educar en valores\",\"el Ojo cojo\",\"Espa\u00f1a\",\"Europa\",\"familia\",\"festival de cine\",\"Festival el Ojo cojo\",\"igualdad de g\u00e9nero\",\"j\u00f3venes\",\"libertad\",\"mujer\",\"Objetivos de Desarrollo Sostenible\",\"ODS\",\"pel\u00edculas\",\"Videoteca\"],\"articleSection\":[\"Comedia\",\"Cortometraje\",\"Festival 2006\",\"Ficci\u00f3n\"],\"inLanguage\":\"es\"},{\"@type\":\"WebPage\",\"@id\":\"https:\/\/elojocojo.org\/banal\/\",\"url\":\"https:\/\/elojocojo.org\/banal\/\",\"name\":\"Banal - el ojO cojo\",\"isPartOf\":{\"@id\":\"https:\/\/elojocojo.org\/#website\"},\"primaryImageOfPage\":{\"@id\":\"https:\/\/elojocojo.org\/banal\/#primaryimage\"},\"image\":{\"@id\":\"https:\/\/elojocojo.org\/banal\/#primaryimage\"},\"thumbnailUrl\":\"https:\/\/elojocojo.org\/wp-content\/uploads\/2008\/09\/Captura-de-pantalla-2025-05-16-160036.jpg\",\"datePublished\":\"2008-09-05T03:04:45+00:00\",\"dateModified\":\"2025-09-23T08:45:41+00:00\",\"description\":\"Pel\u00edcula Banal exhibida en la edici\u00f3n 2006 del Festival el ojO cojo. Pa\u00eds de origen, Espa\u00f1a. Dirigido por David Planell.\",\"breadcrumb\":{\"@id\":\"https:\/\/elojocojo.org\/banal\/#breadcrumb\"},\"inLanguage\":\"es\",\"potentialAction\":[{\"@type\":\"ReadAction\",\"target\":[\"https:\/\/elojocojo.org\/banal\/\"]}]},{\"@type\":\"ImageObject\",\"inLanguage\":\"es\",\"@id\":\"https:\/\/elojocojo.org\/banal\/#primaryimage\",\"url\":\"https:\/\/elojocojo.org\/wp-content\/uploads\/2008\/09\/Captura-de-pantalla-2025-05-16-160036.jpg\",\"contentUrl\":\"https:\/\/elojocojo.org\/wp-content\/uploads\/2008\/09\/Captura-de-pantalla-2025-05-16-160036.jpg\",\"width\":1016,\"height\":342,\"caption\":\"Padre e hija discutiendo por las vacaciones.\"},{\"@type\":\"BreadcrumbList\",\"@id\":\"https:\/\/elojocojo.org\/banal\/#breadcrumb\",\"itemListElement\":[{\"@type\":\"ListItem\",\"position\":1,\"name\":\"Portada\",\"item\":\"https:\/\/elojocojo.org\/\"},{\"@type\":\"ListItem\",\"position\":2,\"name\":\"2006\",\"item\":\"https:\/\/elojocojo.org\/tag\/2006\/\"},{\"@type\":\"ListItem\",\"position\":3,\"name\":\"Banal\"}]},{\"@type\":\"WebSite\",\"@id\":\"https:\/\/elojocojo.org\/#website\",\"url\":\"https:\/\/elojocojo.org\/\",\"name\":\"el ojO cojo\",\"description\":\"Todos estamos hechos de la misma esencia\",\"publisher\":{\"@id\":\"https:\/\/elojocojo.org\/#organization\"},\"potentialAction\":[{\"@type\":\"SearchAction\",\"target\":{\"@type\":\"EntryPoint\",\"urlTemplate\":\"https:\/\/elojocojo.org\/?s={search_term_string}\"},\"query-input\":{\"@type\":\"PropertyValueSpecification\",\"valueRequired\":true,\"valueName\":\"search_term_string\"}}],\"inLanguage\":\"es\"},{\"@type\":\"Organization\",\"@id\":\"https:\/\/elojocojo.org\/#organization\",\"name\":\"Meigas da r\u00faa\",\"url\":\"https:\/\/elojocojo.org\/\",\"logo\":{\"@type\":\"ImageObject\",\"inLanguage\":\"es\",\"@id\":\"https:\/\/elojocojo.org\/#\/schema\/logo\/image\/\",\"url\":\"https:\/\/meigasdarua.org\/wp-content\/uploads\/2020\/09\/cropped-logo-meigas-5.png\",\"contentUrl\":\"https:\/\/meigasdarua.org\/wp-content\/uploads\/2020\/09\/cropped-logo-meigas-5.png\",\"width\":109,\"height\":200,\"caption\":\"Meigas da r\u00faa\"},\"image\":{\"@id\":\"https:\/\/elojocojo.org\/#\/schema\/logo\/image\/\"},\"sameAs\":[\"https:\/\/www.facebook.com\/elojocojo\",\"https:\/\/x.com\/elojocojo\",\"https:\/\/www.instagram.com\/elojocojo\/?hl=es\",\"https:\/\/www.linkedin.com\/in\/el-ojo-cojo-b52b7769\/\",\"https:\/\/www.pinterest.es\/elojocojo\/_saved\/\",\"https:\/\/www.youtube.com\/channel\/UCkFtFTV0Bms7zH7vq8FZxZg\"]},{\"@type\":\"Person\",\"@id\":\"\",\"url\":\"https:\/\/elojocojo.org\/author\/\"}]}<\/script>\n<!-- \/ Yoast SEO plugin. -->","yoast_head_json":{"title":"Banal - el ojO cojo","description":"Pel\u00edcula Banal exhibida en la edici\u00f3n 2006 del Festival el ojO cojo. Pa\u00eds de origen, Espa\u00f1a. Dirigido por David Planell.","robots":{"index":"index","follow":"follow","max-snippet":"max-snippet:-1","max-image-preview":"max-image-preview:large","max-video-preview":"max-video-preview:-1"},"canonical":"https:\/\/elojocojo.org\/banal\/","og_locale":"es_ES","og_type":"article","og_title":"Banal - el ojO cojo","og_description":"Pel\u00edcula Banal exhibida en la edici\u00f3n 2006 del Festival el ojO cojo. Pa\u00eds de origen, Espa\u00f1a. Dirigido por David Planell.","og_url":"https:\/\/elojocojo.org\/banal\/","og_site_name":"el ojO cojo","article_publisher":"https:\/\/www.facebook.com\/elojocojo","article_published_time":"2008-09-05T03:04:45+00:00","article_modified_time":"2025-09-23T08:45:41+00:00","og_image":[{"width":1016,"height":342,"url":"https:\/\/elojocojo.org\/wp-content\/uploads\/2008\/09\/Captura-de-pantalla-2025-05-16-160036.jpg","type":"image\/jpeg"}],"twitter_card":"summary_large_image","twitter_creator":"@elojocojo","twitter_site":"@elojocojo","twitter_misc":{"Escrito por":"","Tiempo de lectura":"2 minutos"},"schema":{"@context":"https:\/\/schema.org","@graph":[{"@type":"Article","@id":"https:\/\/elojocojo.org\/banal\/#article","isPartOf":{"@id":"https:\/\/elojocojo.org\/banal\/"},"author":{"name":"","@id":""},"headline":"Banal","datePublished":"2008-09-05T03:04:45+00:00","dateModified":"2025-09-23T08:45:41+00:00","mainEntityOfPage":{"@id":"https:\/\/elojocojo.org\/banal\/"},"wordCount":374,"publisher":{"@id":"https:\/\/elojocojo.org\/#organization"},"image":{"@id":"https:\/\/elojocojo.org\/banal\/#primaryimage"},"thumbnailUrl":"https:\/\/elojocojo.org\/wp-content\/uploads\/2008\/09\/Captura-de-pantalla-2025-05-16-160036.jpg","keywords":["2006","Adolescentes","Agenda 2030","comunicaci\u00f3n","cultura audiovisual","Desarrollo sostenible","educaci\u00f3n","educar en valores","el Ojo cojo","Espa\u00f1a","Europa","familia","festival de cine","Festival el Ojo cojo","igualdad de g\u00e9nero","j\u00f3venes","libertad","mujer","Objetivos de Desarrollo Sostenible","ODS","pel\u00edculas","Videoteca"],"articleSection":["Comedia","Cortometraje","Festival 2006","Ficci\u00f3n"],"inLanguage":"es"},{"@type":"WebPage","@id":"https:\/\/elojocojo.org\/banal\/","url":"https:\/\/elojocojo.org\/banal\/","name":"Banal - el ojO cojo","isPartOf":{"@id":"https:\/\/elojocojo.org\/#website"},"primaryImageOfPage":{"@id":"https:\/\/elojocojo.org\/banal\/#primaryimage"},"image":{"@id":"https:\/\/elojocojo.org\/banal\/#primaryimage"},"thumbnailUrl":"https:\/\/elojocojo.org\/wp-content\/uploads\/2008\/09\/Captura-de-pantalla-2025-05-16-160036.jpg","datePublished":"2008-09-05T03:04:45+00:00","dateModified":"2025-09-23T08:45:41+00:00","description":"Pel\u00edcula Banal exhibida en la edici\u00f3n 2006 del Festival el ojO cojo. Pa\u00eds de origen, Espa\u00f1a. Dirigido por David Planell.","breadcrumb":{"@id":"https:\/\/elojocojo.org\/banal\/#breadcrumb"},"inLanguage":"es","potentialAction":[{"@type":"ReadAction","target":["https:\/\/elojocojo.org\/banal\/"]}]},{"@type":"ImageObject","inLanguage":"es","@id":"https:\/\/elojocojo.org\/banal\/#primaryimage","url":"https:\/\/elojocojo.org\/wp-content\/uploads\/2008\/09\/Captura-de-pantalla-2025-05-16-160036.jpg","contentUrl":"https:\/\/elojocojo.org\/wp-content\/uploads\/2008\/09\/Captura-de-pantalla-2025-05-16-160036.jpg","width":1016,"height":342,"caption":"Padre e hija discutiendo por las vacaciones."},{"@type":"BreadcrumbList","@id":"https:\/\/elojocojo.org\/banal\/#breadcrumb","itemListElement":[{"@type":"ListItem","position":1,"name":"Portada","item":"https:\/\/elojocojo.org\/"},{"@type":"ListItem","position":2,"name":"2006","item":"https:\/\/elojocojo.org\/tag\/2006\/"},{"@type":"ListItem","position":3,"name":"Banal"}]},{"@type":"WebSite","@id":"https:\/\/elojocojo.org\/#website","url":"https:\/\/elojocojo.org\/","name":"el ojO cojo","description":"Todos estamos hechos de la misma esencia","publisher":{"@id":"https:\/\/elojocojo.org\/#organization"},"potentialAction":[{"@type":"SearchAction","target":{"@type":"EntryPoint","urlTemplate":"https:\/\/elojocojo.org\/?s={search_term_string}"},"query-input":{"@type":"PropertyValueSpecification","valueRequired":true,"valueName":"search_term_string"}}],"inLanguage":"es"},{"@type":"Organization","@id":"https:\/\/elojocojo.org\/#organization","name":"Meigas da r\u00faa","url":"https:\/\/elojocojo.org\/","logo":{"@type":"ImageObject","inLanguage":"es","@id":"https:\/\/elojocojo.org\/#\/schema\/logo\/image\/","url":"https:\/\/meigasdarua.org\/wp-content\/uploads\/2020\/09\/cropped-logo-meigas-5.png","contentUrl":"https:\/\/meigasdarua.org\/wp-content\/uploads\/2020\/09\/cropped-logo-meigas-5.png","width":109,"height":200,"caption":"Meigas da r\u00faa"},"image":{"@id":"https:\/\/elojocojo.org\/#\/schema\/logo\/image\/"},"sameAs":["https:\/\/www.facebook.com\/elojocojo","https:\/\/x.com\/elojocojo","https:\/\/www.instagram.com\/elojocojo\/?hl=es","https:\/\/www.linkedin.com\/in\/el-ojo-cojo-b52b7769\/","https:\/\/www.pinterest.es\/elojocojo\/_saved\/","https:\/\/www.youtube.com\/channel\/UCkFtFTV0Bms7zH7vq8FZxZg"]},{"@type":"Person","@id":"","url":"https:\/\/elojocojo.org\/author\/"}]}},"_links":{"self":[{"href":"https:\/\/elojocojo.org\/wp-json\/wp\/v2\/posts\/1200","targetHints":{"allow":["GET"]}}],"collection":[{"href":"https:\/\/elojocojo.org\/wp-json\/wp\/v2\/posts"}],"about":[{"href":"https:\/\/elojocojo.org\/wp-json\/wp\/v2\/types\/post"}],"author":[{"embeddable":true,"href":"https:\/\/elojocojo.org\/wp-json\/wp\/v2\/users\/3"}],"replies":[{"embeddable":true,"href":"https:\/\/elojocojo.org\/wp-json\/wp\/v2\/comments?post=1200"}],"version-history":[{"count":10,"href":"https:\/\/elojocojo.org\/wp-json\/wp\/v2\/posts\/1200\/revisions"}],"predecessor-version":[{"id":67134,"href":"https:\/\/elojocojo.org\/wp-json\/wp\/v2\/posts\/1200\/revisions\/67134"}],"wp:featuredmedia":[{"embeddable":true,"href":"https:\/\/elojocojo.org\/wp-json\/wp\/v2\/media\/63121"}],"wp:attachment":[{"href":"https:\/\/elojocojo.org\/wp-json\/wp\/v2\/media?parent=1200"}],"wp:term":[{"taxonomy":"category","embeddable":true,"href":"https:\/\/elojocojo.org\/wp-json\/wp\/v2\/categories?post=1200"},{"taxonomy":"post_tag","embeddable":true,"href":"https:\/\/elojocojo.org\/wp-json\/wp\/v2\/tags?post=1200"}],"curies":[{"name":"wp","href":"https:\/\/api.w.org\/{rel}","templated":true}]}}