{"id":11988,"date":"2015-05-18T15:52:47","date_gmt":"2015-05-18T22:52:47","guid":{"rendered":"http:\/\/www.elojocojo.org\/?p=11988"},"modified":"2025-09-18T00:44:11","modified_gmt":"2025-09-17T22:44:11","slug":"reflejo","status":"publish","type":"post","link":"https:\/\/elojocojo.org\/reflejo\/","title":{"rendered":"Reflejo"},"content":{"rendered":"\n<p><iframe src=\"https:\/\/player.vimeo.com\/video\/84901981?autoplay=1&amp;color=ff9933&amp;title=0&amp;byline=0&amp;portrait=0\" width=\"500\" height=\"281\" frameborder=\"0\" allowfullscreen=\"allowfullscreen\"><\/iframe><\/p>\n\n\n\n<p>T\u00edtulo: <em>Reflejo<\/em><\/p>\n\n\n\n<p>T\u00edtulo original: <em>Reflection<\/em><\/p>\n\n\n\n<p>A\u00f1o: 2014<\/p>\n\n\n\n<p>Genero: ficcion<\/p>\n\n\n\n<p>Duracion: 24<\/p>\n\n\n\n<p>Pais: eeuu<\/p>\n\n\n\n<p>Formato original: digital<\/p>\n\n\n\n<p>Tipo: blanco y negro color<\/p>\n\n\n\n<p>Idioma original: ingles<\/p>\n\n\n\n<p>Interpretes: Leah Cogan James Ciccarelle Jake Mestre Stephanie Cozart Fernanda Tapia Soto Silva Cesar Di Parra Daphne Ciccarelle Mia Ciccarelle Aksel Stasny John Ashby<\/p>\n\n\n\n<p>Produccion: Hazuki Aikawa Andrey Alistratov<\/p>\n\n\n\n<p>Guion: Hazuki Aikawa<\/p>\n\n\n\n<h2 class=\"wp-block-heading\">Sinopsis<\/h2>\n\n\n\n<h2 class=\"wp-block-heading\"><em>Reflejo<\/em><\/h2>\n\n\n\n<p><em>Reflejo<\/em> es una mirada \u00edntima y honesta a lo que significa ser padre o madre de un hijo que forma parte de la comunidad LGBTQ+. A trav\u00e9s del v\u00ednculo entre una madre y su hijo, el documental expone con sensibilidad las tensiones, los miedos y, sobre todo, la capacidad transformadora del amor incondicional.<\/p>\n\n\n\n<h2 class=\"wp-block-heading\">Un deseo y una realidad<\/h2>\n\n\n\n<p>La historia se centra en una madre que, aunque inicialmente deseaba tener un \u00abni\u00f1o normal\u00bb, debe enfrentarse a sus propias ideas preconcebidas cuando su hijo comienza a vivir su identidad con autenticidad. Sin embargo, en lugar de cerrarse al cambio, esta madre emprende un camino de comprensi\u00f3n, aceptaci\u00f3n y apoyo, que termina siendo tan significativo para su hijo como para ella misma.<\/p>\n\n\n\n<h2 class=\"wp-block-heading\">El proceso de aceptaci\u00f3n<\/h2>\n\n\n\n<p><em>Reflejo<\/em> muestra que el camino hacia la aceptaci\u00f3n no siempre es inmediato ni f\u00e1cil, pero s\u00ed posible y profundamente necesario. En una sociedad donde muchas personas LGBTQ+ todav\u00eda enfrentan el rechazo dentro de sus propios hogares, esta historia se convierte en un testimonio poderoso del impacto que puede tener el acompa\u00f1amiento familiar en la vida de un joven.<\/p>\n\n\n\n<h2 class=\"wp-block-heading\">V\u00ednculos y emociones<\/h2>\n\n\n\n<p>A trav\u00e9s de escenas delicadas y testimonios emocionales, el documental invita a conocer el papel crucial que juegan madres y padres en el bienestar emocional de sus hijos. Adem\u00e1s, plantea una pregunta fundamental: \u00bfqu\u00e9 significa realmente amar a alguien tal como es?<\/p>\n\n\n<div class=\"wp-block-image\">\n<figure class=\"aligncenter size-full\"><img decoding=\"async\" width=\"221\" height=\"305\" src=\"https:\/\/elojocojo.org\/wp-content\/uploads\/2015\/05\/Screenshot-2025-05-22-213548.jpg\" alt=\"Un chico con un vestido amarillo puesto es rubio y esta bailando encima del cesped\" class=\"wp-image-66628\" srcset=\"https:\/\/elojocojo.org\/wp-content\/uploads\/2015\/05\/Screenshot-2025-05-22-213548.jpg 221w, https:\/\/elojocojo.org\/wp-content\/uploads\/2015\/05\/Screenshot-2025-05-22-213548-150x207.jpg 150w\" sizes=\"(max-width: 221px) 100vw, 221px\" \/><\/figure>\n<\/div>\n\n\n<p>El filme<em> Reflejo<\/em> particip\u00f3 en la edici\u00f3n <strong>2015<\/strong> del <a href=\"https:\/\/elojocojo.org\/category\/festival-2015\/\"><strong>Festival de cine el ojO cojo<\/strong><\/a> ,en ese sentido nos sentimos honrados de haberla exhibido.<\/p>\n\n\n\n<p>Visita nuestro <a href=\"https:\/\/el-ojocojo.blogspot.com\/\">blog.<\/a><\/p>\n","protected":false},"excerpt":{"rendered":"<p>Reflejo es una mirada \u00edntima y honesta a lo que significa ser un padre o madre para un hijo que forma parte de la comunidad LGBTQ+. A trav\u00e9s del v\u00ednculo entre una madre y su hijo, el documental expone con sensibilidad las tensiones, los miedos y, sobre todo, la capacidad transformadora del amor incondicional.<\/p>\n","protected":false},"author":11,"featured_media":15543,"comment_status":"closed","ping_status":"closed","sticky":false,"template":"","format":"standard","meta":{"_monsterinsights_skip_tracking":false,"_monsterinsights_sitenote_active":false,"_monsterinsights_sitenote_note":"","_monsterinsights_sitenote_category":0,"footnotes":""},"categories":[1460,8,30],"tags":[2000,1908,1893,2117,15,1981,1982,1628,1760,948,91],"class_list":{"0":"post-11988","1":"post","2":"type-post","3":"status-publish","4":"format-standard","5":"has-post-thumbnail","7":"category-cortometraje","8":"category-festival-2015","9":"category-ficcion","10":"tag-2000","11":"tag-cine-inclusivo","12":"tag-educar-en-valores","13":"tag-eeuu","14":"tag-familia","15":"tag-festival-de-cine","16":"tag-festival-el-ojo-cojo","17":"tag-ficcion","18":"tag-genero","19":"tag-lgtbi","20":"tag-mujer","21":"czr-hentry"},"yoast_head":"<!-- This site is optimized with the Yoast SEO plugin v27.1.1 - https:\/\/yoast.com\/product\/yoast-seo-wordpress\/ -->\n<title>Reflejo - el ojO cojo<\/title>\n<meta name=\"description\" content=\"Cortometraje Reflejo exhibido en la edici\u00f3n 2015 del Festival el ojO cojo. Pa\u00eds de origen, Estados Unidos. Dirigido por Hazuki Aikawa.\" \/>\n<meta name=\"robots\" content=\"index, follow, max-snippet:-1, max-image-preview:large, max-video-preview:-1\" \/>\n<link rel=\"canonical\" href=\"https:\/\/elojocojo.org\/reflejo\/\" \/>\n<meta property=\"og:locale\" content=\"es_ES\" \/>\n<meta property=\"og:type\" content=\"article\" \/>\n<meta property=\"og:title\" content=\"Reflejo - el ojO cojo\" \/>\n<meta property=\"og:description\" content=\"Cortometraje Reflejo exhibido en la edici\u00f3n 2015 del Festival el ojO cojo. Pa\u00eds de origen, Estados Unidos. Dirigido por Hazuki Aikawa.\" \/>\n<meta property=\"og:url\" content=\"https:\/\/elojocojo.org\/reflejo\/\" \/>\n<meta property=\"og:site_name\" content=\"el ojO cojo\" \/>\n<meta property=\"article:publisher\" content=\"https:\/\/www.facebook.com\/elojocojo\" \/>\n<meta property=\"article:published_time\" content=\"2015-05-18T22:52:47+00:00\" \/>\n<meta property=\"article:modified_time\" content=\"2025-09-17T22:44:11+00:00\" \/>\n<meta property=\"og:image\" content=\"https:\/\/elojocojo.org\/wp-content\/uploads\/2019\/06\/reflection.jpg\" \/>\n\t<meta property=\"og:image:width\" content=\"640\" \/>\n\t<meta property=\"og:image:height\" content=\"322\" \/>\n\t<meta property=\"og:image:type\" content=\"image\/jpeg\" \/>\n<meta name=\"author\" content=\"cojo\" \/>\n<meta name=\"twitter:card\" content=\"summary_large_image\" \/>\n<meta name=\"twitter:creator\" content=\"@elojocojo\" \/>\n<meta name=\"twitter:site\" content=\"@elojocojo\" \/>\n<meta name=\"twitter:label1\" content=\"Escrito por\" \/>\n\t<meta name=\"twitter:data1\" content=\"cojo\" \/>\n\t<meta name=\"twitter:label2\" content=\"Tiempo de lectura\" \/>\n\t<meta name=\"twitter:data2\" content=\"2 minutos\" \/>\n<script type=\"application\/ld+json\" class=\"yoast-schema-graph\">{\"@context\":\"https:\/\/schema.org\",\"@graph\":[{\"@type\":\"Article\",\"@id\":\"https:\/\/elojocojo.org\/reflejo\/#article\",\"isPartOf\":{\"@id\":\"https:\/\/elojocojo.org\/reflejo\/\"},\"author\":{\"name\":\"cojo\",\"@id\":\"https:\/\/elojocojo.org\/#\/schema\/person\/cba15985dd5da095cac31c1ff0d6e23e\"},\"headline\":\"Reflejo\",\"datePublished\":\"2015-05-18T22:52:47+00:00\",\"dateModified\":\"2025-09-17T22:44:11+00:00\",\"mainEntityOfPage\":{\"@id\":\"https:\/\/elojocojo.org\/reflejo\/\"},\"wordCount\":327,\"publisher\":{\"@id\":\"https:\/\/elojocojo.org\/#organization\"},\"image\":{\"@id\":\"https:\/\/elojocojo.org\/reflejo\/#primaryimage\"},\"thumbnailUrl\":\"https:\/\/elojocojo.org\/wp-content\/uploads\/2019\/06\/reflection.jpg\",\"keywords\":[\"2015\",\"cine inclusivo\",\"educar en valores\",\"EEUU\",\"familia\",\"festival de cine\",\"Festival el Ojo cojo\",\"ficci\u00f3n\",\"g\u00e9nero\",\"LGTBI\",\"mujer\"],\"articleSection\":[\"Cortometraje\",\"Festival 2015\",\"Ficci\u00f3n\"],\"inLanguage\":\"es\"},{\"@type\":\"WebPage\",\"@id\":\"https:\/\/elojocojo.org\/reflejo\/\",\"url\":\"https:\/\/elojocojo.org\/reflejo\/\",\"name\":\"Reflejo - el ojO cojo\",\"isPartOf\":{\"@id\":\"https:\/\/elojocojo.org\/#website\"},\"primaryImageOfPage\":{\"@id\":\"https:\/\/elojocojo.org\/reflejo\/#primaryimage\"},\"image\":{\"@id\":\"https:\/\/elojocojo.org\/reflejo\/#primaryimage\"},\"thumbnailUrl\":\"https:\/\/elojocojo.org\/wp-content\/uploads\/2019\/06\/reflection.jpg\",\"datePublished\":\"2015-05-18T22:52:47+00:00\",\"dateModified\":\"2025-09-17T22:44:11+00:00\",\"description\":\"Cortometraje Reflejo exhibido en la edici\u00f3n 2015 del Festival el ojO cojo. Pa\u00eds de origen, Estados Unidos. Dirigido por Hazuki Aikawa.\",\"breadcrumb\":{\"@id\":\"https:\/\/elojocojo.org\/reflejo\/#breadcrumb\"},\"inLanguage\":\"es\",\"potentialAction\":[{\"@type\":\"ReadAction\",\"target\":[\"https:\/\/elojocojo.org\/reflejo\/\"]}]},{\"@type\":\"ImageObject\",\"inLanguage\":\"es\",\"@id\":\"https:\/\/elojocojo.org\/reflejo\/#primaryimage\",\"url\":\"https:\/\/elojocojo.org\/wp-content\/uploads\/2019\/06\/reflection.jpg\",\"contentUrl\":\"https:\/\/elojocojo.org\/wp-content\/uploads\/2019\/06\/reflection.jpg\",\"width\":640,\"height\":322,\"caption\":\"En primer plano, una mujer con mirada preocupada abraza a un chico.\"},{\"@type\":\"BreadcrumbList\",\"@id\":\"https:\/\/elojocojo.org\/reflejo\/#breadcrumb\",\"itemListElement\":[{\"@type\":\"ListItem\",\"position\":1,\"name\":\"Portada\",\"item\":\"https:\/\/elojocojo.org\/\"},{\"@type\":\"ListItem\",\"position\":2,\"name\":\"2015\",\"item\":\"https:\/\/elojocojo.org\/tag\/2015\/\"},{\"@type\":\"ListItem\",\"position\":3,\"name\":\"Reflejo\"}]},{\"@type\":\"WebSite\",\"@id\":\"https:\/\/elojocojo.org\/#website\",\"url\":\"https:\/\/elojocojo.org\/\",\"name\":\"el ojO cojo\",\"description\":\"Todos estamos hechos de la misma esencia\",\"publisher\":{\"@id\":\"https:\/\/elojocojo.org\/#organization\"},\"potentialAction\":[{\"@type\":\"SearchAction\",\"target\":{\"@type\":\"EntryPoint\",\"urlTemplate\":\"https:\/\/elojocojo.org\/?s={search_term_string}\"},\"query-input\":{\"@type\":\"PropertyValueSpecification\",\"valueRequired\":true,\"valueName\":\"search_term_string\"}}],\"inLanguage\":\"es\"},{\"@type\":\"Organization\",\"@id\":\"https:\/\/elojocojo.org\/#organization\",\"name\":\"Meigas da r\u00faa\",\"url\":\"https:\/\/elojocojo.org\/\",\"logo\":{\"@type\":\"ImageObject\",\"inLanguage\":\"es\",\"@id\":\"https:\/\/elojocojo.org\/#\/schema\/logo\/image\/\",\"url\":\"https:\/\/meigasdarua.org\/wp-content\/uploads\/2020\/09\/cropped-logo-meigas-5.png\",\"contentUrl\":\"https:\/\/meigasdarua.org\/wp-content\/uploads\/2020\/09\/cropped-logo-meigas-5.png\",\"width\":109,\"height\":200,\"caption\":\"Meigas da r\u00faa\"},\"image\":{\"@id\":\"https:\/\/elojocojo.org\/#\/schema\/logo\/image\/\"},\"sameAs\":[\"https:\/\/www.facebook.com\/elojocojo\",\"https:\/\/x.com\/elojocojo\",\"https:\/\/www.instagram.com\/elojocojo\/?hl=es\",\"https:\/\/www.linkedin.com\/in\/el-ojo-cojo-b52b7769\/\",\"https:\/\/www.pinterest.es\/elojocojo\/_saved\/\",\"https:\/\/www.youtube.com\/channel\/UCkFtFTV0Bms7zH7vq8FZxZg\"]},{\"@type\":\"Person\",\"@id\":\"https:\/\/elojocojo.org\/#\/schema\/person\/cba15985dd5da095cac31c1ff0d6e23e\",\"name\":\"cojo\",\"url\":\"https:\/\/elojocojo.org\/author\/cojo\/\"}]}<\/script>\n<!-- \/ Yoast SEO plugin. -->","yoast_head_json":{"title":"Reflejo - el ojO cojo","description":"Cortometraje Reflejo exhibido en la edici\u00f3n 2015 del Festival el ojO cojo. Pa\u00eds de origen, Estados Unidos. Dirigido por Hazuki Aikawa.","robots":{"index":"index","follow":"follow","max-snippet":"max-snippet:-1","max-image-preview":"max-image-preview:large","max-video-preview":"max-video-preview:-1"},"canonical":"https:\/\/elojocojo.org\/reflejo\/","og_locale":"es_ES","og_type":"article","og_title":"Reflejo - el ojO cojo","og_description":"Cortometraje Reflejo exhibido en la edici\u00f3n 2015 del Festival el ojO cojo. Pa\u00eds de origen, Estados Unidos. Dirigido por Hazuki Aikawa.","og_url":"https:\/\/elojocojo.org\/reflejo\/","og_site_name":"el ojO cojo","article_publisher":"https:\/\/www.facebook.com\/elojocojo","article_published_time":"2015-05-18T22:52:47+00:00","article_modified_time":"2025-09-17T22:44:11+00:00","og_image":[{"width":640,"height":322,"url":"https:\/\/elojocojo.org\/wp-content\/uploads\/2019\/06\/reflection.jpg","type":"image\/jpeg"}],"author":"cojo","twitter_card":"summary_large_image","twitter_creator":"@elojocojo","twitter_site":"@elojocojo","twitter_misc":{"Escrito por":"cojo","Tiempo de lectura":"2 minutos"},"schema":{"@context":"https:\/\/schema.org","@graph":[{"@type":"Article","@id":"https:\/\/elojocojo.org\/reflejo\/#article","isPartOf":{"@id":"https:\/\/elojocojo.org\/reflejo\/"},"author":{"name":"cojo","@id":"https:\/\/elojocojo.org\/#\/schema\/person\/cba15985dd5da095cac31c1ff0d6e23e"},"headline":"Reflejo","datePublished":"2015-05-18T22:52:47+00:00","dateModified":"2025-09-17T22:44:11+00:00","mainEntityOfPage":{"@id":"https:\/\/elojocojo.org\/reflejo\/"},"wordCount":327,"publisher":{"@id":"https:\/\/elojocojo.org\/#organization"},"image":{"@id":"https:\/\/elojocojo.org\/reflejo\/#primaryimage"},"thumbnailUrl":"https:\/\/elojocojo.org\/wp-content\/uploads\/2019\/06\/reflection.jpg","keywords":["2015","cine inclusivo","educar en valores","EEUU","familia","festival de cine","Festival el Ojo cojo","ficci\u00f3n","g\u00e9nero","LGTBI","mujer"],"articleSection":["Cortometraje","Festival 2015","Ficci\u00f3n"],"inLanguage":"es"},{"@type":"WebPage","@id":"https:\/\/elojocojo.org\/reflejo\/","url":"https:\/\/elojocojo.org\/reflejo\/","name":"Reflejo - el ojO cojo","isPartOf":{"@id":"https:\/\/elojocojo.org\/#website"},"primaryImageOfPage":{"@id":"https:\/\/elojocojo.org\/reflejo\/#primaryimage"},"image":{"@id":"https:\/\/elojocojo.org\/reflejo\/#primaryimage"},"thumbnailUrl":"https:\/\/elojocojo.org\/wp-content\/uploads\/2019\/06\/reflection.jpg","datePublished":"2015-05-18T22:52:47+00:00","dateModified":"2025-09-17T22:44:11+00:00","description":"Cortometraje Reflejo exhibido en la edici\u00f3n 2015 del Festival el ojO cojo. Pa\u00eds de origen, Estados Unidos. Dirigido por Hazuki Aikawa.","breadcrumb":{"@id":"https:\/\/elojocojo.org\/reflejo\/#breadcrumb"},"inLanguage":"es","potentialAction":[{"@type":"ReadAction","target":["https:\/\/elojocojo.org\/reflejo\/"]}]},{"@type":"ImageObject","inLanguage":"es","@id":"https:\/\/elojocojo.org\/reflejo\/#primaryimage","url":"https:\/\/elojocojo.org\/wp-content\/uploads\/2019\/06\/reflection.jpg","contentUrl":"https:\/\/elojocojo.org\/wp-content\/uploads\/2019\/06\/reflection.jpg","width":640,"height":322,"caption":"En primer plano, una mujer con mirada preocupada abraza a un chico."},{"@type":"BreadcrumbList","@id":"https:\/\/elojocojo.org\/reflejo\/#breadcrumb","itemListElement":[{"@type":"ListItem","position":1,"name":"Portada","item":"https:\/\/elojocojo.org\/"},{"@type":"ListItem","position":2,"name":"2015","item":"https:\/\/elojocojo.org\/tag\/2015\/"},{"@type":"ListItem","position":3,"name":"Reflejo"}]},{"@type":"WebSite","@id":"https:\/\/elojocojo.org\/#website","url":"https:\/\/elojocojo.org\/","name":"el ojO cojo","description":"Todos estamos hechos de la misma esencia","publisher":{"@id":"https:\/\/elojocojo.org\/#organization"},"potentialAction":[{"@type":"SearchAction","target":{"@type":"EntryPoint","urlTemplate":"https:\/\/elojocojo.org\/?s={search_term_string}"},"query-input":{"@type":"PropertyValueSpecification","valueRequired":true,"valueName":"search_term_string"}}],"inLanguage":"es"},{"@type":"Organization","@id":"https:\/\/elojocojo.org\/#organization","name":"Meigas da r\u00faa","url":"https:\/\/elojocojo.org\/","logo":{"@type":"ImageObject","inLanguage":"es","@id":"https:\/\/elojocojo.org\/#\/schema\/logo\/image\/","url":"https:\/\/meigasdarua.org\/wp-content\/uploads\/2020\/09\/cropped-logo-meigas-5.png","contentUrl":"https:\/\/meigasdarua.org\/wp-content\/uploads\/2020\/09\/cropped-logo-meigas-5.png","width":109,"height":200,"caption":"Meigas da r\u00faa"},"image":{"@id":"https:\/\/elojocojo.org\/#\/schema\/logo\/image\/"},"sameAs":["https:\/\/www.facebook.com\/elojocojo","https:\/\/x.com\/elojocojo","https:\/\/www.instagram.com\/elojocojo\/?hl=es","https:\/\/www.linkedin.com\/in\/el-ojo-cojo-b52b7769\/","https:\/\/www.pinterest.es\/elojocojo\/_saved\/","https:\/\/www.youtube.com\/channel\/UCkFtFTV0Bms7zH7vq8FZxZg"]},{"@type":"Person","@id":"https:\/\/elojocojo.org\/#\/schema\/person\/cba15985dd5da095cac31c1ff0d6e23e","name":"cojo","url":"https:\/\/elojocojo.org\/author\/cojo\/"}]}},"_links":{"self":[{"href":"https:\/\/elojocojo.org\/wp-json\/wp\/v2\/posts\/11988","targetHints":{"allow":["GET"]}}],"collection":[{"href":"https:\/\/elojocojo.org\/wp-json\/wp\/v2\/posts"}],"about":[{"href":"https:\/\/elojocojo.org\/wp-json\/wp\/v2\/types\/post"}],"author":[{"embeddable":true,"href":"https:\/\/elojocojo.org\/wp-json\/wp\/v2\/users\/11"}],"replies":[{"embeddable":true,"href":"https:\/\/elojocojo.org\/wp-json\/wp\/v2\/comments?post=11988"}],"version-history":[{"count":11,"href":"https:\/\/elojocojo.org\/wp-json\/wp\/v2\/posts\/11988\/revisions"}],"predecessor-version":[{"id":69361,"href":"https:\/\/elojocojo.org\/wp-json\/wp\/v2\/posts\/11988\/revisions\/69361"}],"wp:featuredmedia":[{"embeddable":true,"href":"https:\/\/elojocojo.org\/wp-json\/wp\/v2\/media\/15543"}],"wp:attachment":[{"href":"https:\/\/elojocojo.org\/wp-json\/wp\/v2\/media?parent=11988"}],"wp:term":[{"taxonomy":"category","embeddable":true,"href":"https:\/\/elojocojo.org\/wp-json\/wp\/v2\/categories?post=11988"},{"taxonomy":"post_tag","embeddable":true,"href":"https:\/\/elojocojo.org\/wp-json\/wp\/v2\/tags?post=11988"}],"curies":[{"name":"wp","href":"https:\/\/api.w.org\/{rel}","templated":true}]}}