{"id":1198,"date":"2008-09-04T20:04:12","date_gmt":"2008-09-05T03:04:12","guid":{"rendered":"http:\/\/www.elojocojo.org\/blog2\/?p=1198"},"modified":"2026-02-14T15:27:02","modified_gmt":"2026-02-14T14:27:02","slug":"belhorizon","status":"publish","type":"post","link":"https:\/\/elojocojo.org\/belhorizon\/","title":{"rendered":"Belhorizon"},"content":{"rendered":"\n<div style=\"position:relative;padding-bottom:56.25%;height:0;overflow:hidden;width:100%;\">\n    <iframe src=\"https:\/\/www.dailymotion.com\/embed\/video\/x5f3gg\"\n            style=\"position:absolute;top:0;left:0;width:100%;height:100%;\"\n            frameborder=\"0\"\n            allowfullscreen>\n    <\/iframe>\n<\/div>\n\n\n\n<p><strong>T\u00cdTULO:<\/strong> Belhorizon<strong> <br \/>T\u00cdTULO ORIGINAL: Belhorizon <br \/>A\u00d1O:<\/strong> 2005 <br \/><strong>G\u00c9NERO:<\/strong> Ficci\u00f3n<strong> <br \/>DIRECTORA<\/strong> In\u00e9s Rabad\u00e1n<strong> <br \/>INT\u00c9RPRETES:<\/strong> Emmanuel Salinger<strong> <br \/><\/strong><strong>FORMATO ORIGINAL:<\/strong> 35mm<strong> <br \/>FORMATO DE EXHIBICI\u00d3N:<\/strong> DVD<strong> <br \/>TIPO:<\/strong> color<strong> <br \/>IDIOMA ORIGINAL:<\/strong> franc\u00e9s<strong> <br \/>SUBT\u00cdTULOS:<\/strong> ingl\u00e9s<strong> <br \/>DURACI\u00d3N: <\/strong>80\u00b4<strong> <br \/>PA\u00cdS:<\/strong> B\u00e9lgica, Francia, Suiza y Luxemburgo<strong> <br \/>PRODUCCI\u00d3N:<\/strong> Denis Delcampe<strong> <br \/>GUI\u00d3N:<\/strong> In\u00e9s Rabad\u00e1n y Laurent Brandenbourger<strong> <br \/>DIRECCI\u00d3N DE FOTOGRAF\u00cdA: <\/strong>.Sabine Lancelin<strong> <br \/>EDICI\u00d3N\/MONTAJE:<\/strong> Yann Dedet<strong> <br \/>SONIDO:<\/strong> Luc Yersin, Freed Meert, Franco Piscopo<strong> <br \/>M\u00daSICA:<\/strong> Marie-Eve Ronveaux<\/p>\n\n\n\n<h3 class=\"wp-block-heading\">Sinopsis<\/h3>\n\n\n\n<p><em>Belhorizon<\/em> es una comedia negra dirigida por In\u00e9s Rabad\u00e1n que aborda, desde el humor \u00e1cido, las tensiones entre clases sociales. En primer lugar, la historia presenta a Carl, un hombre de negocios que planea adquirir un supuesto hotel de lujo para rehabilitarlo y convertirlo en una inversi\u00f3n rentable. Sin embargo, al llegar al lugar, descubre que el edificio no es lo que esperaba.<\/p>\n\n\n\n<p>Adem\u00e1s, el \u201chotel\u201d resulta ser en realidad una vieja y destartalada pensi\u00f3n situada en las afueras, lejos del glamour imaginado. Por otro lado, el establecimiento est\u00e1 a cargo de una pareja de inmigrantes espa\u00f1oles y de su hija, quienes han mantenido el negocio a flote durante a\u00f1os a pesar de las dificultades econ\u00f3micas.<\/p>\n\n\n\n<h2 class=\"wp-block-heading\"><strong>Encuentro de mundos opuestos<\/strong><\/h2>\n\n\n\n<p>A partir de este descubrimiento, se produce un inesperado choque cultural y social. De este modo, Carl se ve obligado a convivir con una realidad muy distinta a la suya. Asimismo, la familia observa con desconfianza las intenciones del reci\u00e9n llegado, temiendo perder lo poco que poseen.<\/p>\n\n\n\n<p>Por ello, la convivencia se transforma en un enfrentamiento lleno de malentendidos, iron\u00edas y situaciones inc\u00f3modas. En consecuencia, las diferencias de clase se hacen cada vez m\u00e1s evidentes.<\/p>\n\n\n\n<h2 class=\"wp-block-heading\"><strong>Tensiones y secretos<\/strong><\/h2>\n\n\n\n<p>Con el paso de los d\u00edas, surgen conflictos que revelan los intereses ocultos de cada personaje. Adem\u00e1s, las relaciones entre ellos se vuelven cada vez m\u00e1s complejas. Por tanto, lo que parec\u00eda un simple negocio comienza a convertirse en un juego de poder.<\/p>\n\n\n\n<h2 class=\"wp-block-heading\"><strong>Humor y cr\u00edtica social<\/strong><\/h2>\n\n\n\n<p>La pel\u00edcula utiliza el humor para mostrar las desigualdades y prejuicios presentes en la sociedad europea contempor\u00e1nea. As\u00ed, la comedia funciona como una herramienta para cuestionar las jerarqu\u00edas sociales. Finalmente, <em>Belhorizon<\/em> construye un retrato mordaz sobre la ambici\u00f3n y la precariedad.<\/p>\n\n\n\n<h2 class=\"wp-block-heading\"><strong>Relaciones entre personajes y din\u00e1micas de convivencia<\/strong><\/h2>\n\n\n\n<p>La historia se centra en la interacci\u00f3n entre Carl y la familia que gestiona la pensi\u00f3n, mostrando c\u00f3mo sus intereses y perspectivas chocan a lo largo del relato. A trav\u00e9s de situaciones cotidianas y conflictos progresivos, la pel\u00edcula desarrolla las tensiones surgidas por las diferencias econ\u00f3micas y culturales entre los personajes. Estas din\u00e1micas de convivencia permiten observar los cambios en sus relaciones y la evoluci\u00f3n del equilibrio de poder dentro del espacio compartido.<\/p>\n\n\n<div class=\"wp-block-image\">\n<figure class=\"aligncenter size-large is-resized\"><img decoding=\"async\" width=\"240\" height=\"360\" src=\"https:\/\/elojocojo.org\/wp-content\/uploads\/2008\/09\/FC4VsrQvIWUNgVDWDAmP7tT3e4-240x360.webp\" alt=\"Cartel promocional de la pel\u00edcula Belhorizon con varios personajes sentados al aire libre en un entorno natural.\" class=\"wp-image-74364\" style=\"object-fit:cover;width:243px;height:357px\" srcset=\"https:\/\/elojocojo.org\/wp-content\/uploads\/2008\/09\/FC4VsrQvIWUNgVDWDAmP7tT3e4-240x360.webp 240w, https:\/\/elojocojo.org\/wp-content\/uploads\/2008\/09\/FC4VsrQvIWUNgVDWDAmP7tT3e4-333x500.webp 333w, https:\/\/elojocojo.org\/wp-content\/uploads\/2008\/09\/FC4VsrQvIWUNgVDWDAmP7tT3e4-267x400.webp 267w, https:\/\/elojocojo.org\/wp-content\/uploads\/2008\/09\/FC4VsrQvIWUNgVDWDAmP7tT3e4.webp 600w\" sizes=\"(max-width: 240px) 100vw, 240px\" \/><\/figure>\n<\/div>\n\n\n<p><a href=\"https:\/\/www.imdb.com\/es-es\/title\/tt0417479\/?ref_=ttpl_ov_bk\">IMDb<\/a> 5,2\/10<\/p>\n\n\n\n<p>El filme <em>Belhorizon<\/em> particip\u00f3 en la edici\u00f3n <a href=\"https:\/\/elojocojo.org\/tag\/2006\/\"><span class=\"s1\"><b>2006<\/b><\/span>\u00a0<\/a>del <a href=\"https:\/\/elojocojo.org\/category\/festival-2006\/\"><span class=\"s1\"><b>Festival de cine el ojO cojo<\/b> <\/span><\/a>en ese sentido nos sentimos honrados de haberla exhibido.<\/p>\n\n\n\n<p>Visita nuestro<a href=\"https:\/\/el-ojocojo.blogspot.com\/\"> blog <\/a><\/p>\n\n\n\n<p><\/p>\n","protected":false},"excerpt":{"rendered":"<p>Comedia negra sobre el choque entre un inversor ambicioso y una humilde familia inmigrante que regenta una pensi\u00f3n en ruinas. Dirigido por In\u00e9s Rabad\u00e1n<\/p>\n","protected":false},"author":3,"featured_media":74363,"comment_status":"closed","ping_status":"open","sticky":false,"template":"","format":"standard","meta":{"_monsterinsights_skip_tracking":false,"_monsterinsights_sitenote_active":false,"_monsterinsights_sitenote_note":"","_monsterinsights_sitenote_category":0,"footnotes":""},"categories":[428,30],"tags":[1927,1888,169,112,886,941,2047,1891,1887,1886,900,1981,1982,438,433,288,2390,1892,1910,2004,1231,1436,1896],"class_list":{"0":"post-1198","1":"post","2":"type-post","3":"status-publish","4":"format-standard","5":"has-post-thumbnail","7":"category-festival-2006","8":"category-ficcion","9":"tag-1927","10":"tag-agenda-2030","11":"tag-amistad","12":"tag-amor","13":"tag-belgica","14":"tag-cine","15":"tag-comunicacion","16":"tag-cultura-audiovisual","17":"tag-desarrollo-sostenible","18":"tag-el-ojo-cojo","19":"tag-europa","20":"tag-festival-de-cine","21":"tag-festival-el-ojo-cojo","22":"tag-francia","23":"tag-inmigrantes","24":"tag-jovenes","25":"tag-migrantes","26":"tag-objetivos-de-desarrollo-sostenible","27":"tag-ods","28":"tag-peliculas","29":"tag-reduccion-de-las-desigualdades","30":"tag-suiza","31":"tag-videoteca","32":"czr-hentry"},"yoast_head":"<!-- This site is optimized with the Yoast SEO plugin v27.1.1 - https:\/\/yoast.com\/product\/yoast-seo-wordpress\/ -->\n<title>Belhorizon - el ojO cojo<\/title>\n<meta name=\"description\" content=\"Pel\u00edcula Belhorizon exhibida en la edici\u00f3n 2006 del Festival el ojO cojo. Pa\u00eds de origen: B\u00e9lgica, Francia, Suiza y Luxemburgo.\" \/>\n<meta name=\"robots\" content=\"index, follow, max-snippet:-1, max-image-preview:large, max-video-preview:-1\" \/>\n<link rel=\"canonical\" href=\"https:\/\/elojocojo.org\/belhorizon\/\" \/>\n<meta property=\"og:locale\" content=\"es_ES\" \/>\n<meta property=\"og:type\" content=\"article\" \/>\n<meta property=\"og:title\" content=\"Belhorizon - el ojO cojo\" \/>\n<meta property=\"og:description\" content=\"Pel\u00edcula Belhorizon exhibida en la edici\u00f3n 2006 del Festival el ojO cojo. Pa\u00eds de origen: B\u00e9lgica, Francia, Suiza y Luxemburgo.\" \/>\n<meta property=\"og:url\" content=\"https:\/\/elojocojo.org\/belhorizon\/\" \/>\n<meta property=\"og:site_name\" content=\"el ojO cojo\" \/>\n<meta property=\"article:publisher\" content=\"https:\/\/www.facebook.com\/elojocojo\" \/>\n<meta property=\"article:published_time\" content=\"2008-09-05T03:04:12+00:00\" \/>\n<meta property=\"article:modified_time\" content=\"2026-02-14T14:27:02+00:00\" \/>\n<meta property=\"og:image\" content=\"https:\/\/elojocojo.org\/wp-content\/uploads\/2008\/09\/SaskiaClaudeManuela-61b23_waifu2x_art_noise1_scale.png\" \/>\n\t<meta property=\"og:image:width\" content=\"1638\" \/>\n\t<meta property=\"og:image:height\" content=\"1089\" \/>\n\t<meta property=\"og:image:type\" content=\"image\/png\" \/>\n<meta name=\"twitter:card\" content=\"summary_large_image\" \/>\n<meta name=\"twitter:creator\" content=\"@elojocojo\" \/>\n<meta name=\"twitter:site\" content=\"@elojocojo\" \/>\n<meta name=\"twitter:label1\" content=\"Escrito por\" \/>\n\t<meta name=\"twitter:data1\" content=\"\" \/>\n\t<meta name=\"twitter:label2\" content=\"Tiempo de lectura\" \/>\n\t<meta name=\"twitter:data2\" content=\"3 minutos\" \/>\n<script type=\"application\/ld+json\" class=\"yoast-schema-graph\">{\"@context\":\"https:\/\/schema.org\",\"@graph\":[{\"@type\":\"Article\",\"@id\":\"https:\/\/elojocojo.org\/belhorizon\/#article\",\"isPartOf\":{\"@id\":\"https:\/\/elojocojo.org\/belhorizon\/\"},\"author\":{\"name\":\"\",\"@id\":\"\"},\"headline\":\"Belhorizon\",\"datePublished\":\"2008-09-05T03:04:12+00:00\",\"dateModified\":\"2026-02-14T14:27:02+00:00\",\"mainEntityOfPage\":{\"@id\":\"https:\/\/elojocojo.org\/belhorizon\/\"},\"wordCount\":512,\"publisher\":{\"@id\":\"https:\/\/elojocojo.org\/#organization\"},\"image\":{\"@id\":\"https:\/\/elojocojo.org\/belhorizon\/#primaryimage\"},\"thumbnailUrl\":\"https:\/\/elojocojo.org\/wp-content\/uploads\/2008\/09\/SaskiaClaudeManuela-61b23_waifu2x_art_noise1_scale.png\",\"keywords\":[\"2006\",\"Agenda 2030\",\"amistad\",\"amor\",\"B\u00e9lgica\",\"cine\",\"comunicaci\u00f3n\",\"cultura audiovisual\",\"Desarrollo sostenible\",\"el Ojo cojo\",\"Europa\",\"festival de cine\",\"Festival el Ojo cojo\",\"Francia\",\"inmigrantes\",\"j\u00f3venes\",\"migrantes\",\"Objetivos de Desarrollo Sostenible\",\"ODS\",\"pel\u00edculas\",\"Reducci\u00f3n de las desigualdades\",\"Suiza\",\"Videoteca\"],\"articleSection\":[\"Festival 2006\",\"Ficci\u00f3n\"],\"inLanguage\":\"es\"},{\"@type\":\"WebPage\",\"@id\":\"https:\/\/elojocojo.org\/belhorizon\/\",\"url\":\"https:\/\/elojocojo.org\/belhorizon\/\",\"name\":\"Belhorizon - el ojO cojo\",\"isPartOf\":{\"@id\":\"https:\/\/elojocojo.org\/#website\"},\"primaryImageOfPage\":{\"@id\":\"https:\/\/elojocojo.org\/belhorizon\/#primaryimage\"},\"image\":{\"@id\":\"https:\/\/elojocojo.org\/belhorizon\/#primaryimage\"},\"thumbnailUrl\":\"https:\/\/elojocojo.org\/wp-content\/uploads\/2008\/09\/SaskiaClaudeManuela-61b23_waifu2x_art_noise1_scale.png\",\"datePublished\":\"2008-09-05T03:04:12+00:00\",\"dateModified\":\"2026-02-14T14:27:02+00:00\",\"description\":\"Pel\u00edcula Belhorizon exhibida en la edici\u00f3n 2006 del Festival el ojO cojo. Pa\u00eds de origen: B\u00e9lgica, Francia, Suiza y Luxemburgo.\",\"breadcrumb\":{\"@id\":\"https:\/\/elojocojo.org\/belhorizon\/#breadcrumb\"},\"inLanguage\":\"es\",\"potentialAction\":[{\"@type\":\"ReadAction\",\"target\":[\"https:\/\/elojocojo.org\/belhorizon\/\"]}]},{\"@type\":\"ImageObject\",\"inLanguage\":\"es\",\"@id\":\"https:\/\/elojocojo.org\/belhorizon\/#primaryimage\",\"url\":\"https:\/\/elojocojo.org\/wp-content\/uploads\/2008\/09\/SaskiaClaudeManuela-61b23_waifu2x_art_noise1_scale.png\",\"contentUrl\":\"https:\/\/elojocojo.org\/wp-content\/uploads\/2008\/09\/SaskiaClaudeManuela-61b23_waifu2x_art_noise1_scale.png\",\"width\":1638,\"height\":1089,\"caption\":\"Escena interior de la pel\u00edcula Belhorizon con tres mujeres y un hombre en una habitaci\u00f3n iluminada tenuemente.\"},{\"@type\":\"BreadcrumbList\",\"@id\":\"https:\/\/elojocojo.org\/belhorizon\/#breadcrumb\",\"itemListElement\":[{\"@type\":\"ListItem\",\"position\":1,\"name\":\"Portada\",\"item\":\"https:\/\/elojocojo.org\/\"},{\"@type\":\"ListItem\",\"position\":2,\"name\":\"2006\",\"item\":\"https:\/\/elojocojo.org\/tag\/2006\/\"},{\"@type\":\"ListItem\",\"position\":3,\"name\":\"Belhorizon\"}]},{\"@type\":\"WebSite\",\"@id\":\"https:\/\/elojocojo.org\/#website\",\"url\":\"https:\/\/elojocojo.org\/\",\"name\":\"el ojO cojo\",\"description\":\"Todos estamos hechos de la misma esencia\",\"publisher\":{\"@id\":\"https:\/\/elojocojo.org\/#organization\"},\"potentialAction\":[{\"@type\":\"SearchAction\",\"target\":{\"@type\":\"EntryPoint\",\"urlTemplate\":\"https:\/\/elojocojo.org\/?s={search_term_string}\"},\"query-input\":{\"@type\":\"PropertyValueSpecification\",\"valueRequired\":true,\"valueName\":\"search_term_string\"}}],\"inLanguage\":\"es\"},{\"@type\":\"Organization\",\"@id\":\"https:\/\/elojocojo.org\/#organization\",\"name\":\"Meigas da r\u00faa\",\"url\":\"https:\/\/elojocojo.org\/\",\"logo\":{\"@type\":\"ImageObject\",\"inLanguage\":\"es\",\"@id\":\"https:\/\/elojocojo.org\/#\/schema\/logo\/image\/\",\"url\":\"https:\/\/meigasdarua.org\/wp-content\/uploads\/2020\/09\/cropped-logo-meigas-5.png\",\"contentUrl\":\"https:\/\/meigasdarua.org\/wp-content\/uploads\/2020\/09\/cropped-logo-meigas-5.png\",\"width\":109,\"height\":200,\"caption\":\"Meigas da r\u00faa\"},\"image\":{\"@id\":\"https:\/\/elojocojo.org\/#\/schema\/logo\/image\/\"},\"sameAs\":[\"https:\/\/www.facebook.com\/elojocojo\",\"https:\/\/x.com\/elojocojo\",\"https:\/\/www.instagram.com\/elojocojo\/?hl=es\",\"https:\/\/www.linkedin.com\/in\/el-ojo-cojo-b52b7769\/\",\"https:\/\/www.pinterest.es\/elojocojo\/_saved\/\",\"https:\/\/www.youtube.com\/channel\/UCkFtFTV0Bms7zH7vq8FZxZg\"]},{\"@type\":\"Person\",\"@id\":\"\",\"url\":\"https:\/\/elojocojo.org\/author\/\"}]}<\/script>\n<!-- \/ Yoast SEO plugin. -->","yoast_head_json":{"title":"Belhorizon - el ojO cojo","description":"Pel\u00edcula Belhorizon exhibida en la edici\u00f3n 2006 del Festival el ojO cojo. Pa\u00eds de origen: B\u00e9lgica, Francia, Suiza y Luxemburgo.","robots":{"index":"index","follow":"follow","max-snippet":"max-snippet:-1","max-image-preview":"max-image-preview:large","max-video-preview":"max-video-preview:-1"},"canonical":"https:\/\/elojocojo.org\/belhorizon\/","og_locale":"es_ES","og_type":"article","og_title":"Belhorizon - el ojO cojo","og_description":"Pel\u00edcula Belhorizon exhibida en la edici\u00f3n 2006 del Festival el ojO cojo. Pa\u00eds de origen: B\u00e9lgica, Francia, Suiza y Luxemburgo.","og_url":"https:\/\/elojocojo.org\/belhorizon\/","og_site_name":"el ojO cojo","article_publisher":"https:\/\/www.facebook.com\/elojocojo","article_published_time":"2008-09-05T03:04:12+00:00","article_modified_time":"2026-02-14T14:27:02+00:00","og_image":[{"width":1638,"height":1089,"url":"https:\/\/elojocojo.org\/wp-content\/uploads\/2008\/09\/SaskiaClaudeManuela-61b23_waifu2x_art_noise1_scale.png","type":"image\/png"}],"twitter_card":"summary_large_image","twitter_creator":"@elojocojo","twitter_site":"@elojocojo","twitter_misc":{"Escrito por":"","Tiempo de lectura":"3 minutos"},"schema":{"@context":"https:\/\/schema.org","@graph":[{"@type":"Article","@id":"https:\/\/elojocojo.org\/belhorizon\/#article","isPartOf":{"@id":"https:\/\/elojocojo.org\/belhorizon\/"},"author":{"name":"","@id":""},"headline":"Belhorizon","datePublished":"2008-09-05T03:04:12+00:00","dateModified":"2026-02-14T14:27:02+00:00","mainEntityOfPage":{"@id":"https:\/\/elojocojo.org\/belhorizon\/"},"wordCount":512,"publisher":{"@id":"https:\/\/elojocojo.org\/#organization"},"image":{"@id":"https:\/\/elojocojo.org\/belhorizon\/#primaryimage"},"thumbnailUrl":"https:\/\/elojocojo.org\/wp-content\/uploads\/2008\/09\/SaskiaClaudeManuela-61b23_waifu2x_art_noise1_scale.png","keywords":["2006","Agenda 2030","amistad","amor","B\u00e9lgica","cine","comunicaci\u00f3n","cultura audiovisual","Desarrollo sostenible","el Ojo cojo","Europa","festival de cine","Festival el Ojo cojo","Francia","inmigrantes","j\u00f3venes","migrantes","Objetivos de Desarrollo Sostenible","ODS","pel\u00edculas","Reducci\u00f3n de las desigualdades","Suiza","Videoteca"],"articleSection":["Festival 2006","Ficci\u00f3n"],"inLanguage":"es"},{"@type":"WebPage","@id":"https:\/\/elojocojo.org\/belhorizon\/","url":"https:\/\/elojocojo.org\/belhorizon\/","name":"Belhorizon - el ojO cojo","isPartOf":{"@id":"https:\/\/elojocojo.org\/#website"},"primaryImageOfPage":{"@id":"https:\/\/elojocojo.org\/belhorizon\/#primaryimage"},"image":{"@id":"https:\/\/elojocojo.org\/belhorizon\/#primaryimage"},"thumbnailUrl":"https:\/\/elojocojo.org\/wp-content\/uploads\/2008\/09\/SaskiaClaudeManuela-61b23_waifu2x_art_noise1_scale.png","datePublished":"2008-09-05T03:04:12+00:00","dateModified":"2026-02-14T14:27:02+00:00","description":"Pel\u00edcula Belhorizon exhibida en la edici\u00f3n 2006 del Festival el ojO cojo. Pa\u00eds de origen: B\u00e9lgica, Francia, Suiza y Luxemburgo.","breadcrumb":{"@id":"https:\/\/elojocojo.org\/belhorizon\/#breadcrumb"},"inLanguage":"es","potentialAction":[{"@type":"ReadAction","target":["https:\/\/elojocojo.org\/belhorizon\/"]}]},{"@type":"ImageObject","inLanguage":"es","@id":"https:\/\/elojocojo.org\/belhorizon\/#primaryimage","url":"https:\/\/elojocojo.org\/wp-content\/uploads\/2008\/09\/SaskiaClaudeManuela-61b23_waifu2x_art_noise1_scale.png","contentUrl":"https:\/\/elojocojo.org\/wp-content\/uploads\/2008\/09\/SaskiaClaudeManuela-61b23_waifu2x_art_noise1_scale.png","width":1638,"height":1089,"caption":"Escena interior de la pel\u00edcula Belhorizon con tres mujeres y un hombre en una habitaci\u00f3n iluminada tenuemente."},{"@type":"BreadcrumbList","@id":"https:\/\/elojocojo.org\/belhorizon\/#breadcrumb","itemListElement":[{"@type":"ListItem","position":1,"name":"Portada","item":"https:\/\/elojocojo.org\/"},{"@type":"ListItem","position":2,"name":"2006","item":"https:\/\/elojocojo.org\/tag\/2006\/"},{"@type":"ListItem","position":3,"name":"Belhorizon"}]},{"@type":"WebSite","@id":"https:\/\/elojocojo.org\/#website","url":"https:\/\/elojocojo.org\/","name":"el ojO cojo","description":"Todos estamos hechos de la misma esencia","publisher":{"@id":"https:\/\/elojocojo.org\/#organization"},"potentialAction":[{"@type":"SearchAction","target":{"@type":"EntryPoint","urlTemplate":"https:\/\/elojocojo.org\/?s={search_term_string}"},"query-input":{"@type":"PropertyValueSpecification","valueRequired":true,"valueName":"search_term_string"}}],"inLanguage":"es"},{"@type":"Organization","@id":"https:\/\/elojocojo.org\/#organization","name":"Meigas da r\u00faa","url":"https:\/\/elojocojo.org\/","logo":{"@type":"ImageObject","inLanguage":"es","@id":"https:\/\/elojocojo.org\/#\/schema\/logo\/image\/","url":"https:\/\/meigasdarua.org\/wp-content\/uploads\/2020\/09\/cropped-logo-meigas-5.png","contentUrl":"https:\/\/meigasdarua.org\/wp-content\/uploads\/2020\/09\/cropped-logo-meigas-5.png","width":109,"height":200,"caption":"Meigas da r\u00faa"},"image":{"@id":"https:\/\/elojocojo.org\/#\/schema\/logo\/image\/"},"sameAs":["https:\/\/www.facebook.com\/elojocojo","https:\/\/x.com\/elojocojo","https:\/\/www.instagram.com\/elojocojo\/?hl=es","https:\/\/www.linkedin.com\/in\/el-ojo-cojo-b52b7769\/","https:\/\/www.pinterest.es\/elojocojo\/_saved\/","https:\/\/www.youtube.com\/channel\/UCkFtFTV0Bms7zH7vq8FZxZg"]},{"@type":"Person","@id":"","url":"https:\/\/elojocojo.org\/author\/"}]}},"_links":{"self":[{"href":"https:\/\/elojocojo.org\/wp-json\/wp\/v2\/posts\/1198","targetHints":{"allow":["GET"]}}],"collection":[{"href":"https:\/\/elojocojo.org\/wp-json\/wp\/v2\/posts"}],"about":[{"href":"https:\/\/elojocojo.org\/wp-json\/wp\/v2\/types\/post"}],"author":[{"embeddable":true,"href":"https:\/\/elojocojo.org\/wp-json\/wp\/v2\/users\/3"}],"replies":[{"embeddable":true,"href":"https:\/\/elojocojo.org\/wp-json\/wp\/v2\/comments?post=1198"}],"version-history":[{"count":14,"href":"https:\/\/elojocojo.org\/wp-json\/wp\/v2\/posts\/1198\/revisions"}],"predecessor-version":[{"id":75109,"href":"https:\/\/elojocojo.org\/wp-json\/wp\/v2\/posts\/1198\/revisions\/75109"}],"wp:featuredmedia":[{"embeddable":true,"href":"https:\/\/elojocojo.org\/wp-json\/wp\/v2\/media\/74363"}],"wp:attachment":[{"href":"https:\/\/elojocojo.org\/wp-json\/wp\/v2\/media?parent=1198"}],"wp:term":[{"taxonomy":"category","embeddable":true,"href":"https:\/\/elojocojo.org\/wp-json\/wp\/v2\/categories?post=1198"},{"taxonomy":"post_tag","embeddable":true,"href":"https:\/\/elojocojo.org\/wp-json\/wp\/v2\/tags?post=1198"}],"curies":[{"name":"wp","href":"https:\/\/api.w.org\/{rel}","templated":true}]}}