{"id":11902,"date":"2014-05-12T13:23:18","date_gmt":"2014-05-12T20:23:18","guid":{"rendered":"http:\/\/www.elojocojo.org\/?p=11902"},"modified":"2025-09-25T17:37:25","modified_gmt":"2025-09-25T15:37:25","slug":"violeta","status":"publish","type":"post","link":"https:\/\/elojocojo.org\/violeta\/","title":{"rendered":"Violeta"},"content":{"rendered":"\n<p><iframe src=\"\/\/www.youtube.com\/embed\/zEwcCLTuUus?feature=player_detailpage\" width=\"640\" height=\"360\" frameborder=\"0\" allowfullscreen=\"allowfullscreen\"><\/iframe><br \/><\/p>\n\n\n\n<p><span style=\"font-weight: 400;\">Titulo Original:&nbsp;&nbsp;<em>Violeta&nbsp;<\/em><\/span><\/p>\n\n\n\n<p><span style=\"font-weight: 400;\">Titulo en&nbsp; Ingles<\/span><span style=\"font-weight: 400;\">:&nbsp;&nbsp;Purple <\/span><\/p>\n\n\n\n<p><span style=\"font-weight: 400;\">A\u00f1o: 2013&nbsp;<\/span><\/p>\n\n\n\n<p><span style=\"font-weight: 400;\">Director:&nbsp;&nbsp;Francesco Cocco<\/span><\/p>\n\n\n\n<p><span style=\"font-weight: 400;\">Genero:&nbsp;&nbsp;Ficci\u00f3n<\/span><\/p>\n\n\n\n<p><span style=\"font-weight: 400;\">Duracion :&nbsp;&nbsp;11&#8242;<\/span><\/p>\n\n\n\n<p><span style=\"font-weight: 400;\">Pais<\/span><span style=\"font-weight: 400;\">:&nbsp; Espa\u00f1a<\/span><\/p>\n\n\n\n<p><span style=\"font-weight: 400;\">Sistema de Sonido:&nbsp;&nbsp;Mono&nbsp;<\/span><\/p>\n\n\n\n<h2 class=\"wp-block-heading\">Sinopsis<\/h2>\n\n\n\n<p><span style=\"font-weight: 400;\">Un chico y una chica se encuentra en una sala de espera para hacer una entrevista de trabajo. \u00bfQui\u00e9n conseguir\u00e1 el trabajo?<\/span> <span style=\"font-weight: 400;\">&nbsp;<\/span><\/p>\n\n\n\n<p>Todo comienza en una sala de espera donde un chico y una chica coinciden, ambos con la misma intenci\u00f3n: enfrentarse a una entrevista de trabajo que puede cambiar sus vidas. A primera vista, la tensi\u00f3n se palpa en el ambiente. Sin embargo, a medida que el tiempo avanza, la interacci\u00f3n entre ellos comienza a revelar mucho m\u00e1s que simples nervios por una prueba laboral.<\/p>\n\n\n\n<h3 class=\"wp-block-heading\">Di\u00e1logos que revelan m\u00e1s de lo que aparentan<\/h3>\n\n\n\n<p>Mientras esperan ser llamados, surgen di\u00e1logos que muestran sus miedos, aspiraciones y formas distintas de afrontar los retos. Por un lado, \u00e9l parece seguro y confiado. Por otro, ella demuestra determinaci\u00f3n y preparaci\u00f3n. No obstante, nada es lo que parece. En ese breve encuentro, ambos personajes comienzan a descubrir cosas sobre s\u00ed mismos y sobre el otro que nunca imaginaron en un contexto tan formal como una entrevista de trabajo.<\/p>\n\n\n\n<h3 class=\"wp-block-heading\">Reflejo de una realidad compartida<\/h3>\n\n\n\n<p>A trav\u00e9s de esta breve pero intensa historia, el espectador se ver\u00e1 reflejado en las dudas, expectativas y la competencia impl\u00edcita que muchas veces se da en estos procesos laborales. La sala de espera, aparentemente simple, se convierte en un espacio de reflexi\u00f3n, rivalidad y empat\u00eda.<\/p>\n\n\n\n<h3 class=\"wp-block-heading\">M\u00e1s all\u00e1 de la entrevista<\/h3>\n\n\n\n<p>Finalmente, la gran pregunta se mantiene hasta el \u00faltimo momento: \u00bfqui\u00e9n obtendr\u00e1 el puesto? M\u00e1s all\u00e1 de eso, \u00bfes el trabajo realmente lo que importa? Esta historia nos recuerda que, en ocasiones, lo verdaderamente relevante no est\u00e1 en el destino, sino en lo que ocurre durante el camino.<\/p>\n\n\n<div class=\"wp-block-image\">\n<figure class=\"aligncenter size-medium\"><img decoding=\"async\" width=\"400\" height=\"225\" src=\"https:\/\/elojocojo.org\/wp-content\/uploads\/2014\/05\/Violeta-2-400x225.png\" alt=\"Foto filme Violeta\" class=\"wp-image-26015\" style=\"object-fit:cover\" srcset=\"https:\/\/elojocojo.org\/wp-content\/uploads\/2014\/05\/Violeta-2-400x225.png 400w, https:\/\/elojocojo.org\/wp-content\/uploads\/2014\/05\/Violeta-2-620x349.png 620w, https:\/\/elojocojo.org\/wp-content\/uploads\/2014\/05\/Violeta-2-300x169.png 300w, https:\/\/elojocojo.org\/wp-content\/uploads\/2014\/05\/Violeta-2-768x432.png 768w, https:\/\/elojocojo.org\/wp-content\/uploads\/2014\/05\/Violeta-2-1536x864.png 1536w, https:\/\/elojocojo.org\/wp-content\/uploads\/2014\/05\/Violeta-2-1110x624.png 1110w, https:\/\/elojocojo.org\/wp-content\/uploads\/2014\/05\/Violeta-2-528x297.png 528w, https:\/\/elojocojo.org\/wp-content\/uploads\/2014\/05\/Violeta-2.png 1920w\" sizes=\"(max-width: 400px) 100vw, 400px\" \/><\/figure>\n<\/div>\n\n\n<p class=\"p1\">El filme <em>Violeta<\/em> particip\u00f3 en la edici\u00f3n <span class=\"s1\"><b>2014<\/b><\/span>&nbsp;del <a href=\"https:\/\/elojocojo.org\/category\/festival-2014\/\"><span class=\"s1\"><b>Festival<\/b><\/span><\/a><a href=\"https:\/\/elojocojo.org\/category\/festival-2013\/\"><span class=\"s1\"><b> de cine el ojO cojo<\/b> <\/span><\/a>en ese sentido nos sentimos honrados de haberla exhibido.<\/p>\n\n\n\n<p class=\"p1\">Visita nuestro <a href=\"https:\/\/el-ojocojo.blogspot.com\/\">blog<\/a>&nbsp;<\/p>\n","protected":false},"excerpt":{"rendered":"<p>La trama se desarrolla en una sala de espera donde un hombre y una mujer coinciden minutos antes de una entrevista de trabajo.<\/p>\n","protected":false},"author":11,"featured_media":66990,"comment_status":"closed","ping_status":"closed","sticky":false,"template":"","format":"standard","meta":{"_monsterinsights_skip_tracking":false,"_monsterinsights_sitenote_active":false,"_monsterinsights_sitenote_note":"","_monsterinsights_sitenote_category":0,"footnotes":""},"categories":[1460,7,30],"tags":[1999,169,112,960,1810,1270,138,900,1981,1982,1628,91,1057,1013],"class_list":{"0":"post-11902","1":"post","2":"type-post","3":"status-publish","4":"format-standard","5":"has-post-thumbnail","7":"category-cortometraje","8":"category-festival-2014","9":"category-ficcion","10":"tag-1999","11":"tag-amistad","12":"tag-amor","13":"tag-creatividad","14":"tag-dialogo","15":"tag-empleo","16":"tag-espana","17":"tag-europa","18":"tag-festival-de-cine","19":"tag-festival-el-ojo-cojo","20":"tag-ficcion","21":"tag-mujer","22":"tag-trabajo-decente-y-crecimiento-economico","23":"tag-vida-cotidiana","24":"czr-hentry"},"yoast_head":"<!-- This site is optimized with the Yoast SEO plugin v27.1.1 - https:\/\/yoast.com\/product\/yoast-seo-wordpress\/ -->\n<title>Violeta - el ojO cojo<\/title>\n<meta name=\"description\" content=\"Cortometraje Violeta exhibido en la edici\u00f3n 2014 del Festival el ojO cojo. Pa\u00eds de origen, Espa\u00f1a. Dirigido por Francesco Cocco.\" \/>\n<meta name=\"robots\" content=\"index, follow, max-snippet:-1, max-image-preview:large, max-video-preview:-1\" \/>\n<link rel=\"canonical\" href=\"https:\/\/elojocojo.org\/violeta\/\" \/>\n<meta property=\"og:locale\" content=\"es_ES\" \/>\n<meta property=\"og:type\" content=\"article\" \/>\n<meta property=\"og:title\" content=\"Violeta - el ojO cojo\" \/>\n<meta property=\"og:description\" content=\"Cortometraje Violeta exhibido en la edici\u00f3n 2014 del Festival el ojO cojo. Pa\u00eds de origen, Espa\u00f1a. Dirigido por Francesco Cocco.\" \/>\n<meta property=\"og:url\" content=\"https:\/\/elojocojo.org\/violeta\/\" \/>\n<meta property=\"og:site_name\" content=\"el ojO cojo\" \/>\n<meta property=\"article:publisher\" content=\"https:\/\/www.facebook.com\/elojocojo\" \/>\n<meta property=\"article:published_time\" content=\"2014-05-12T20:23:18+00:00\" \/>\n<meta property=\"article:modified_time\" content=\"2025-09-25T15:37:25+00:00\" \/>\n<meta property=\"og:image\" content=\"https:\/\/elojocojo.org\/wp-content\/uploads\/2014\/05\/violeta1-e1748004661601.jpg\" \/>\n\t<meta property=\"og:image:width\" content=\"175\" \/>\n\t<meta property=\"og:image:height\" content=\"237\" \/>\n\t<meta property=\"og:image:type\" content=\"image\/jpeg\" \/>\n<meta name=\"author\" content=\"cojo\" \/>\n<meta name=\"twitter:card\" content=\"summary_large_image\" \/>\n<meta name=\"twitter:creator\" content=\"@elojocojo\" \/>\n<meta name=\"twitter:site\" content=\"@elojocojo\" \/>\n<meta name=\"twitter:label1\" content=\"Escrito por\" \/>\n\t<meta name=\"twitter:data1\" content=\"cojo\" \/>\n\t<meta name=\"twitter:label2\" content=\"Tiempo de lectura\" \/>\n\t<meta name=\"twitter:data2\" content=\"2 minutos\" \/>\n<script type=\"application\/ld+json\" class=\"yoast-schema-graph\">{\"@context\":\"https:\/\/schema.org\",\"@graph\":[{\"@type\":\"Article\",\"@id\":\"https:\/\/elojocojo.org\/violeta\/#article\",\"isPartOf\":{\"@id\":\"https:\/\/elojocojo.org\/violeta\/\"},\"author\":{\"name\":\"cojo\",\"@id\":\"https:\/\/elojocojo.org\/#\/schema\/person\/cba15985dd5da095cac31c1ff0d6e23e\"},\"headline\":\"Violeta\",\"datePublished\":\"2014-05-12T20:23:18+00:00\",\"dateModified\":\"2025-09-25T15:37:25+00:00\",\"mainEntityOfPage\":{\"@id\":\"https:\/\/elojocojo.org\/violeta\/\"},\"wordCount\":357,\"publisher\":{\"@id\":\"https:\/\/elojocojo.org\/#organization\"},\"image\":{\"@id\":\"https:\/\/elojocojo.org\/violeta\/#primaryimage\"},\"thumbnailUrl\":\"https:\/\/elojocojo.org\/wp-content\/uploads\/2014\/05\/violeta1-e1748004661601.jpg\",\"keywords\":[\"2014\",\"amistad\",\"amor\",\"creatividad\",\"di\u00e1logo\",\"empleo\",\"Espa\u00f1a\",\"Europa\",\"festival de cine\",\"Festival el Ojo cojo\",\"ficci\u00f3n\",\"mujer\",\"Trabajo decente y crecimiento econ\u00f3mico\",\"vida cotidiana\"],\"articleSection\":[\"Cortometraje\",\"Festival 2014\",\"Ficci\u00f3n\"],\"inLanguage\":\"es\"},{\"@type\":\"WebPage\",\"@id\":\"https:\/\/elojocojo.org\/violeta\/\",\"url\":\"https:\/\/elojocojo.org\/violeta\/\",\"name\":\"Violeta - el ojO cojo\",\"isPartOf\":{\"@id\":\"https:\/\/elojocojo.org\/#website\"},\"primaryImageOfPage\":{\"@id\":\"https:\/\/elojocojo.org\/violeta\/#primaryimage\"},\"image\":{\"@id\":\"https:\/\/elojocojo.org\/violeta\/#primaryimage\"},\"thumbnailUrl\":\"https:\/\/elojocojo.org\/wp-content\/uploads\/2014\/05\/violeta1-e1748004661601.jpg\",\"datePublished\":\"2014-05-12T20:23:18+00:00\",\"dateModified\":\"2025-09-25T15:37:25+00:00\",\"description\":\"Cortometraje Violeta exhibido en la edici\u00f3n 2014 del Festival el ojO cojo. Pa\u00eds de origen, Espa\u00f1a. Dirigido por Francesco Cocco.\",\"breadcrumb\":{\"@id\":\"https:\/\/elojocojo.org\/violeta\/#breadcrumb\"},\"inLanguage\":\"es\",\"potentialAction\":[{\"@type\":\"ReadAction\",\"target\":[\"https:\/\/elojocojo.org\/violeta\/\"]}]},{\"@type\":\"ImageObject\",\"inLanguage\":\"es\",\"@id\":\"https:\/\/elojocojo.org\/violeta\/#primaryimage\",\"url\":\"https:\/\/elojocojo.org\/wp-content\/uploads\/2014\/05\/violeta1-e1748004661601.jpg\",\"contentUrl\":\"https:\/\/elojocojo.org\/wp-content\/uploads\/2014\/05\/violeta1-e1748004661601.jpg\",\"width\":175,\"height\":237,\"caption\":\"Este encuentro casual se convierte en una exploraci\u00f3n de las din\u00e1micas humanas en situaciones de competencia e incertidumbre.\"},{\"@type\":\"BreadcrumbList\",\"@id\":\"https:\/\/elojocojo.org\/violeta\/#breadcrumb\",\"itemListElement\":[{\"@type\":\"ListItem\",\"position\":1,\"name\":\"Portada\",\"item\":\"https:\/\/elojocojo.org\/\"},{\"@type\":\"ListItem\",\"position\":2,\"name\":\"2014\",\"item\":\"https:\/\/elojocojo.org\/tag\/2014\/\"},{\"@type\":\"ListItem\",\"position\":3,\"name\":\"Violeta\"}]},{\"@type\":\"WebSite\",\"@id\":\"https:\/\/elojocojo.org\/#website\",\"url\":\"https:\/\/elojocojo.org\/\",\"name\":\"el ojO cojo\",\"description\":\"Todos estamos hechos de la misma esencia\",\"publisher\":{\"@id\":\"https:\/\/elojocojo.org\/#organization\"},\"potentialAction\":[{\"@type\":\"SearchAction\",\"target\":{\"@type\":\"EntryPoint\",\"urlTemplate\":\"https:\/\/elojocojo.org\/?s={search_term_string}\"},\"query-input\":{\"@type\":\"PropertyValueSpecification\",\"valueRequired\":true,\"valueName\":\"search_term_string\"}}],\"inLanguage\":\"es\"},{\"@type\":\"Organization\",\"@id\":\"https:\/\/elojocojo.org\/#organization\",\"name\":\"Meigas da r\u00faa\",\"url\":\"https:\/\/elojocojo.org\/\",\"logo\":{\"@type\":\"ImageObject\",\"inLanguage\":\"es\",\"@id\":\"https:\/\/elojocojo.org\/#\/schema\/logo\/image\/\",\"url\":\"https:\/\/meigasdarua.org\/wp-content\/uploads\/2020\/09\/cropped-logo-meigas-5.png\",\"contentUrl\":\"https:\/\/meigasdarua.org\/wp-content\/uploads\/2020\/09\/cropped-logo-meigas-5.png\",\"width\":109,\"height\":200,\"caption\":\"Meigas da r\u00faa\"},\"image\":{\"@id\":\"https:\/\/elojocojo.org\/#\/schema\/logo\/image\/\"},\"sameAs\":[\"https:\/\/www.facebook.com\/elojocojo\",\"https:\/\/x.com\/elojocojo\",\"https:\/\/www.instagram.com\/elojocojo\/?hl=es\",\"https:\/\/www.linkedin.com\/in\/el-ojo-cojo-b52b7769\/\",\"https:\/\/www.pinterest.es\/elojocojo\/_saved\/\",\"https:\/\/www.youtube.com\/channel\/UCkFtFTV0Bms7zH7vq8FZxZg\"]},{\"@type\":\"Person\",\"@id\":\"https:\/\/elojocojo.org\/#\/schema\/person\/cba15985dd5da095cac31c1ff0d6e23e\",\"name\":\"cojo\",\"url\":\"https:\/\/elojocojo.org\/author\/cojo\/\"}]}<\/script>\n<!-- \/ Yoast SEO plugin. -->","yoast_head_json":{"title":"Violeta - el ojO cojo","description":"Cortometraje Violeta exhibido en la edici\u00f3n 2014 del Festival el ojO cojo. Pa\u00eds de origen, Espa\u00f1a. Dirigido por Francesco Cocco.","robots":{"index":"index","follow":"follow","max-snippet":"max-snippet:-1","max-image-preview":"max-image-preview:large","max-video-preview":"max-video-preview:-1"},"canonical":"https:\/\/elojocojo.org\/violeta\/","og_locale":"es_ES","og_type":"article","og_title":"Violeta - el ojO cojo","og_description":"Cortometraje Violeta exhibido en la edici\u00f3n 2014 del Festival el ojO cojo. Pa\u00eds de origen, Espa\u00f1a. Dirigido por Francesco Cocco.","og_url":"https:\/\/elojocojo.org\/violeta\/","og_site_name":"el ojO cojo","article_publisher":"https:\/\/www.facebook.com\/elojocojo","article_published_time":"2014-05-12T20:23:18+00:00","article_modified_time":"2025-09-25T15:37:25+00:00","og_image":[{"width":175,"height":237,"url":"https:\/\/elojocojo.org\/wp-content\/uploads\/2014\/05\/violeta1-e1748004661601.jpg","type":"image\/jpeg"}],"author":"cojo","twitter_card":"summary_large_image","twitter_creator":"@elojocojo","twitter_site":"@elojocojo","twitter_misc":{"Escrito por":"cojo","Tiempo de lectura":"2 minutos"},"schema":{"@context":"https:\/\/schema.org","@graph":[{"@type":"Article","@id":"https:\/\/elojocojo.org\/violeta\/#article","isPartOf":{"@id":"https:\/\/elojocojo.org\/violeta\/"},"author":{"name":"cojo","@id":"https:\/\/elojocojo.org\/#\/schema\/person\/cba15985dd5da095cac31c1ff0d6e23e"},"headline":"Violeta","datePublished":"2014-05-12T20:23:18+00:00","dateModified":"2025-09-25T15:37:25+00:00","mainEntityOfPage":{"@id":"https:\/\/elojocojo.org\/violeta\/"},"wordCount":357,"publisher":{"@id":"https:\/\/elojocojo.org\/#organization"},"image":{"@id":"https:\/\/elojocojo.org\/violeta\/#primaryimage"},"thumbnailUrl":"https:\/\/elojocojo.org\/wp-content\/uploads\/2014\/05\/violeta1-e1748004661601.jpg","keywords":["2014","amistad","amor","creatividad","di\u00e1logo","empleo","Espa\u00f1a","Europa","festival de cine","Festival el Ojo cojo","ficci\u00f3n","mujer","Trabajo decente y crecimiento econ\u00f3mico","vida cotidiana"],"articleSection":["Cortometraje","Festival 2014","Ficci\u00f3n"],"inLanguage":"es"},{"@type":"WebPage","@id":"https:\/\/elojocojo.org\/violeta\/","url":"https:\/\/elojocojo.org\/violeta\/","name":"Violeta - el ojO cojo","isPartOf":{"@id":"https:\/\/elojocojo.org\/#website"},"primaryImageOfPage":{"@id":"https:\/\/elojocojo.org\/violeta\/#primaryimage"},"image":{"@id":"https:\/\/elojocojo.org\/violeta\/#primaryimage"},"thumbnailUrl":"https:\/\/elojocojo.org\/wp-content\/uploads\/2014\/05\/violeta1-e1748004661601.jpg","datePublished":"2014-05-12T20:23:18+00:00","dateModified":"2025-09-25T15:37:25+00:00","description":"Cortometraje Violeta exhibido en la edici\u00f3n 2014 del Festival el ojO cojo. Pa\u00eds de origen, Espa\u00f1a. Dirigido por Francesco Cocco.","breadcrumb":{"@id":"https:\/\/elojocojo.org\/violeta\/#breadcrumb"},"inLanguage":"es","potentialAction":[{"@type":"ReadAction","target":["https:\/\/elojocojo.org\/violeta\/"]}]},{"@type":"ImageObject","inLanguage":"es","@id":"https:\/\/elojocojo.org\/violeta\/#primaryimage","url":"https:\/\/elojocojo.org\/wp-content\/uploads\/2014\/05\/violeta1-e1748004661601.jpg","contentUrl":"https:\/\/elojocojo.org\/wp-content\/uploads\/2014\/05\/violeta1-e1748004661601.jpg","width":175,"height":237,"caption":"Este encuentro casual se convierte en una exploraci\u00f3n de las din\u00e1micas humanas en situaciones de competencia e incertidumbre."},{"@type":"BreadcrumbList","@id":"https:\/\/elojocojo.org\/violeta\/#breadcrumb","itemListElement":[{"@type":"ListItem","position":1,"name":"Portada","item":"https:\/\/elojocojo.org\/"},{"@type":"ListItem","position":2,"name":"2014","item":"https:\/\/elojocojo.org\/tag\/2014\/"},{"@type":"ListItem","position":3,"name":"Violeta"}]},{"@type":"WebSite","@id":"https:\/\/elojocojo.org\/#website","url":"https:\/\/elojocojo.org\/","name":"el ojO cojo","description":"Todos estamos hechos de la misma esencia","publisher":{"@id":"https:\/\/elojocojo.org\/#organization"},"potentialAction":[{"@type":"SearchAction","target":{"@type":"EntryPoint","urlTemplate":"https:\/\/elojocojo.org\/?s={search_term_string}"},"query-input":{"@type":"PropertyValueSpecification","valueRequired":true,"valueName":"search_term_string"}}],"inLanguage":"es"},{"@type":"Organization","@id":"https:\/\/elojocojo.org\/#organization","name":"Meigas da r\u00faa","url":"https:\/\/elojocojo.org\/","logo":{"@type":"ImageObject","inLanguage":"es","@id":"https:\/\/elojocojo.org\/#\/schema\/logo\/image\/","url":"https:\/\/meigasdarua.org\/wp-content\/uploads\/2020\/09\/cropped-logo-meigas-5.png","contentUrl":"https:\/\/meigasdarua.org\/wp-content\/uploads\/2020\/09\/cropped-logo-meigas-5.png","width":109,"height":200,"caption":"Meigas da r\u00faa"},"image":{"@id":"https:\/\/elojocojo.org\/#\/schema\/logo\/image\/"},"sameAs":["https:\/\/www.facebook.com\/elojocojo","https:\/\/x.com\/elojocojo","https:\/\/www.instagram.com\/elojocojo\/?hl=es","https:\/\/www.linkedin.com\/in\/el-ojo-cojo-b52b7769\/","https:\/\/www.pinterest.es\/elojocojo\/_saved\/","https:\/\/www.youtube.com\/channel\/UCkFtFTV0Bms7zH7vq8FZxZg"]},{"@type":"Person","@id":"https:\/\/elojocojo.org\/#\/schema\/person\/cba15985dd5da095cac31c1ff0d6e23e","name":"cojo","url":"https:\/\/elojocojo.org\/author\/cojo\/"}]}},"_links":{"self":[{"href":"https:\/\/elojocojo.org\/wp-json\/wp\/v2\/posts\/11902","targetHints":{"allow":["GET"]}}],"collection":[{"href":"https:\/\/elojocojo.org\/wp-json\/wp\/v2\/posts"}],"about":[{"href":"https:\/\/elojocojo.org\/wp-json\/wp\/v2\/types\/post"}],"author":[{"embeddable":true,"href":"https:\/\/elojocojo.org\/wp-json\/wp\/v2\/users\/11"}],"replies":[{"embeddable":true,"href":"https:\/\/elojocojo.org\/wp-json\/wp\/v2\/comments?post=11902"}],"version-history":[{"count":14,"href":"https:\/\/elojocojo.org\/wp-json\/wp\/v2\/posts\/11902\/revisions"}],"predecessor-version":[{"id":68923,"href":"https:\/\/elojocojo.org\/wp-json\/wp\/v2\/posts\/11902\/revisions\/68923"}],"wp:featuredmedia":[{"embeddable":true,"href":"https:\/\/elojocojo.org\/wp-json\/wp\/v2\/media\/66990"}],"wp:attachment":[{"href":"https:\/\/elojocojo.org\/wp-json\/wp\/v2\/media?parent=11902"}],"wp:term":[{"taxonomy":"category","embeddable":true,"href":"https:\/\/elojocojo.org\/wp-json\/wp\/v2\/categories?post=11902"},{"taxonomy":"post_tag","embeddable":true,"href":"https:\/\/elojocojo.org\/wp-json\/wp\/v2\/tags?post=11902"}],"curies":[{"name":"wp","href":"https:\/\/api.w.org\/{rel}","templated":true}]}}