{"id":1190,"date":"2008-09-04T20:00:56","date_gmt":"2008-09-05T03:00:56","guid":{"rendered":"http:\/\/www.elojocojo.org\/blog2\/?p=1190"},"modified":"2025-09-23T10:45:44","modified_gmt":"2025-09-23T08:45:44","slug":"botellon","status":"publish","type":"post","link":"https:\/\/elojocojo.org\/botellon\/","title":{"rendered":"Botell\u00f3n"},"content":{"rendered":"\n<figure class=\"wp-block-image size-large is-resized\"><img decoding=\"async\" src=\"https:\/\/elojocojo.org\/wp-content\/uploads\/2008\/09\/botellon.jpg\" alt=\"Foto filme Botell\u00f3n\" class=\"wp-image-40262\" width=\"246\" height=\"349\"\/><\/figure>\n\n\n<p><strong>T\u00cdTULO:<\/strong> Botell\u00f3n<br \/><strong>A\u00d1O:<\/strong> 2005<br \/><strong>G\u00c9NERO:<\/strong> Ficci\u00f3n<br \/><strong>DIRECTOR: <\/strong>Tom\u00e1s Silberman<br \/><strong>INT\u00c9RPRETES:<\/strong> Ana Frau<br \/><strong>T\u00cdTULO ORIGINAL:<\/strong> Botell\u00f3n<br \/><strong>FORMATO ORIGINAL:<\/strong> 16mm<br \/><strong>FORMATO DE EXHIBICION:<\/strong> dvd<br \/><strong>IDIOMA ORIGINAL:<\/strong> castellano<br \/><strong>DURACI\u00d3N:<\/strong> 14\u2019<br \/><strong>PA\u00cdS:<\/strong> Espa\u00f1a<br \/><strong>PRODUCCI\u00d3N:<\/strong> Stefan Schmitz<br \/><strong>GUI\u00d3N:<\/strong> Tom\u00e1s Silberman<br \/><strong>DIRECCI\u00d3N DE FOTOGRAF\u00cdA:<\/strong> Luis Bellido<br \/><strong>EDICI\u00d3N\/MONTAJE:<\/strong> Jose A Lazaro<br \/><strong>SONIDO:<\/strong> Carlos Lid\u00f3n, Nacho Arenas<\/p>\n<p><strong>Sinopsis:<\/strong><\/p>\n<p>Reuni\u00f3n de gente al aire libre en la que se consumen bebidas alcoh\u00f3licas de forma generalizada, normalmente en zonas urbanas de ocio juvenil.<\/p>\n<p><strong>Palmar\u00e9s:<\/strong><\/p>\n<p>21 Festival Internacional de Cine Cinema Jove _ Premio al Mejor Sonido<br \/>Certamen J\u00f3venes creadores, Ayto de Madrid _ 2\u00b0 Premio<\/p>\n\n\n<p>El filme Botell\u00f3n particip\u00f3 en la edici\u00f3n <strong>2006<\/strong>\u00a0del <a href=\"https:\/\/elojocojo.org\/category\/festival-2006\/\"><strong>Festival de cine el ojO cojo<\/strong> <\/a>en ese sentido nos sentimos honrados de haberla exhibido.<\/p>\n\n\n\n<p>Visita nuestro blog <a href=\"https:\/\/el-ojocojo.blogspot.com\/\">https:\/\/el-ojocojo.blogspot.com\/<\/a><\/p>\n","protected":false},"excerpt":{"rendered":"<p>T\u00cdTULO: Botell\u00f3nA\u00d1O: 2005G\u00c9NERO: Ficci\u00f3nDIRECTOR: Tom\u00e1s SilbermanINT\u00c9RPRETES: Ana FrauT\u00cdTULO ORIGINAL: Botell\u00f3nFORMATO ORIGINAL: 16mmFORMATO DE EXHIBICION: dvdIDIOMA ORIGINAL: castellanoDURACI\u00d3N: 14\u2019PA\u00cdS: Espa\u00f1aPRODUCCI\u00d3N: Stefan SchmitzGUI\u00d3N: Tom\u00e1s SilbermanDIRECCI\u00d3N DE FOTOGRAF\u00cdA: Luis BellidoEDICI\u00d3N\/MONTAJE: Jose A LazaroSONIDO: Carlos Lid\u00f3n, Nacho Arenas Sinopsis: Reuni\u00f3n de gente al aire libre en la que se consumen bebidas alcoh\u00f3licas de forma generalizada, normalmente en zonas urbanas [&hellip;]<\/p>\n","protected":false},"author":3,"featured_media":40262,"comment_status":"closed","ping_status":"open","sticky":false,"template":"","format":"standard","meta":{"_monsterinsights_skip_tracking":false,"_monsterinsights_sitenote_active":false,"_monsterinsights_sitenote_note":"","_monsterinsights_sitenote_category":0,"footnotes":""},"categories":[1460,428,30],"tags":[1927,895,1888,941,2047,1891,1887,1893,138,1981,1982,288,1892,1910,2004],"class_list":{"0":"post-1190","1":"post","2":"type-post","3":"status-publish","4":"format-standard","5":"has-post-thumbnail","7":"category-cortometraje","8":"category-festival-2006","9":"category-ficcion","10":"tag-1927","11":"tag-adolescentes","12":"tag-agenda-2030","13":"tag-cine","14":"tag-comunicacion","15":"tag-cultura-audiovisual","16":"tag-desarrollo-sostenible","17":"tag-educar-en-valores","18":"tag-espana","19":"tag-festival-de-cine","20":"tag-festival-el-ojo-cojo","21":"tag-jovenes","22":"tag-objetivos-de-desarrollo-sostenible","23":"tag-ods","24":"tag-peliculas","25":"czr-hentry"},"yoast_head":"<!-- This site is optimized with the Yoast SEO plugin v27.1.1 - https:\/\/yoast.com\/product\/yoast-seo-wordpress\/ -->\n<title>Botell\u00f3n - el ojO cojo<\/title>\n<meta name=\"description\" content=\"Pel\u00edcula Botell\u00f3n exhibida en la edici\u00f3n 2006 del Festival el ojO cojo. Pa\u00eds de origen, Espa\u00f1a. Dirigido por Tom\u00e1s Silberman.\" \/>\n<meta name=\"robots\" content=\"index, follow, max-snippet:-1, max-image-preview:large, max-video-preview:-1\" \/>\n<link rel=\"canonical\" href=\"https:\/\/elojocojo.org\/botellon\/\" \/>\n<meta property=\"og:locale\" content=\"es_ES\" \/>\n<meta property=\"og:type\" content=\"article\" \/>\n<meta property=\"og:title\" content=\"Botell\u00f3n - el ojO cojo\" \/>\n<meta property=\"og:description\" content=\"Pel\u00edcula Botell\u00f3n exhibida en la edici\u00f3n 2006 del Festival el ojO cojo. Pa\u00eds de origen, Espa\u00f1a. Dirigido por Tom\u00e1s Silberman.\" \/>\n<meta property=\"og:url\" content=\"https:\/\/elojocojo.org\/botellon\/\" \/>\n<meta property=\"og:site_name\" content=\"el ojO cojo\" \/>\n<meta property=\"article:publisher\" content=\"https:\/\/www.facebook.com\/elojocojo\" \/>\n<meta property=\"article:published_time\" content=\"2008-09-05T03:00:56+00:00\" \/>\n<meta property=\"article:modified_time\" content=\"2025-09-23T08:45:44+00:00\" \/>\n<meta property=\"og:image\" content=\"https:\/\/elojocojo.org\/wp-content\/uploads\/2008\/09\/botellon.jpg\" \/>\n\t<meta property=\"og:image:width\" content=\"155\" \/>\n\t<meta property=\"og:image:height\" content=\"220\" \/>\n\t<meta property=\"og:image:type\" content=\"image\/jpeg\" \/>\n<meta name=\"twitter:card\" content=\"summary_large_image\" \/>\n<meta name=\"twitter:creator\" content=\"@elojocojo\" \/>\n<meta name=\"twitter:site\" content=\"@elojocojo\" \/>\n<meta name=\"twitter:label1\" content=\"Escrito por\" \/>\n\t<meta name=\"twitter:data1\" content=\"\" \/>\n\t<meta name=\"twitter:label2\" content=\"Tiempo de lectura\" \/>\n\t<meta name=\"twitter:data2\" content=\"1 minuto\" \/>\n<script type=\"application\/ld+json\" class=\"yoast-schema-graph\">{\"@context\":\"https:\/\/schema.org\",\"@graph\":[{\"@type\":\"Article\",\"@id\":\"https:\/\/elojocojo.org\/botellon\/#article\",\"isPartOf\":{\"@id\":\"https:\/\/elojocojo.org\/botellon\/\"},\"author\":{\"name\":\"\",\"@id\":\"\"},\"headline\":\"Botell\u00f3n\",\"datePublished\":\"2008-09-05T03:00:56+00:00\",\"dateModified\":\"2025-09-23T08:45:44+00:00\",\"mainEntityOfPage\":{\"@id\":\"https:\/\/elojocojo.org\/botellon\/\"},\"wordCount\":146,\"publisher\":{\"@id\":\"https:\/\/elojocojo.org\/#organization\"},\"image\":{\"@id\":\"https:\/\/elojocojo.org\/botellon\/#primaryimage\"},\"thumbnailUrl\":\"https:\/\/elojocojo.org\/wp-content\/uploads\/2008\/09\/botellon.jpg\",\"keywords\":[\"2006\",\"Adolescentes\",\"Agenda 2030\",\"cine\",\"comunicaci\u00f3n\",\"cultura audiovisual\",\"Desarrollo sostenible\",\"educar en valores\",\"Espa\u00f1a\",\"festival de cine\",\"Festival el Ojo cojo\",\"j\u00f3venes\",\"Objetivos de Desarrollo Sostenible\",\"ODS\",\"pel\u00edculas\"],\"articleSection\":[\"Cortometraje\",\"Festival 2006\",\"Ficci\u00f3n\"],\"inLanguage\":\"es\"},{\"@type\":\"WebPage\",\"@id\":\"https:\/\/elojocojo.org\/botellon\/\",\"url\":\"https:\/\/elojocojo.org\/botellon\/\",\"name\":\"Botell\u00f3n - el ojO cojo\",\"isPartOf\":{\"@id\":\"https:\/\/elojocojo.org\/#website\"},\"primaryImageOfPage\":{\"@id\":\"https:\/\/elojocojo.org\/botellon\/#primaryimage\"},\"image\":{\"@id\":\"https:\/\/elojocojo.org\/botellon\/#primaryimage\"},\"thumbnailUrl\":\"https:\/\/elojocojo.org\/wp-content\/uploads\/2008\/09\/botellon.jpg\",\"datePublished\":\"2008-09-05T03:00:56+00:00\",\"dateModified\":\"2025-09-23T08:45:44+00:00\",\"description\":\"Pel\u00edcula Botell\u00f3n exhibida en la edici\u00f3n 2006 del Festival el ojO cojo. Pa\u00eds de origen, Espa\u00f1a. Dirigido por Tom\u00e1s Silberman.\",\"breadcrumb\":{\"@id\":\"https:\/\/elojocojo.org\/botellon\/#breadcrumb\"},\"inLanguage\":\"es\",\"potentialAction\":[{\"@type\":\"ReadAction\",\"target\":[\"https:\/\/elojocojo.org\/botellon\/\"]}]},{\"@type\":\"ImageObject\",\"inLanguage\":\"es\",\"@id\":\"https:\/\/elojocojo.org\/botellon\/#primaryimage\",\"url\":\"https:\/\/elojocojo.org\/wp-content\/uploads\/2008\/09\/botellon.jpg\",\"contentUrl\":\"https:\/\/elojocojo.org\/wp-content\/uploads\/2008\/09\/botellon.jpg\",\"width\":155,\"height\":220},{\"@type\":\"BreadcrumbList\",\"@id\":\"https:\/\/elojocojo.org\/botellon\/#breadcrumb\",\"itemListElement\":[{\"@type\":\"ListItem\",\"position\":1,\"name\":\"Portada\",\"item\":\"https:\/\/elojocojo.org\/\"},{\"@type\":\"ListItem\",\"position\":2,\"name\":\"2006\",\"item\":\"https:\/\/elojocojo.org\/tag\/2006\/\"},{\"@type\":\"ListItem\",\"position\":3,\"name\":\"Botell\u00f3n\"}]},{\"@type\":\"WebSite\",\"@id\":\"https:\/\/elojocojo.org\/#website\",\"url\":\"https:\/\/elojocojo.org\/\",\"name\":\"el ojO cojo\",\"description\":\"Todos estamos hechos de la misma esencia\",\"publisher\":{\"@id\":\"https:\/\/elojocojo.org\/#organization\"},\"potentialAction\":[{\"@type\":\"SearchAction\",\"target\":{\"@type\":\"EntryPoint\",\"urlTemplate\":\"https:\/\/elojocojo.org\/?s={search_term_string}\"},\"query-input\":{\"@type\":\"PropertyValueSpecification\",\"valueRequired\":true,\"valueName\":\"search_term_string\"}}],\"inLanguage\":\"es\"},{\"@type\":\"Organization\",\"@id\":\"https:\/\/elojocojo.org\/#organization\",\"name\":\"Meigas da r\u00faa\",\"url\":\"https:\/\/elojocojo.org\/\",\"logo\":{\"@type\":\"ImageObject\",\"inLanguage\":\"es\",\"@id\":\"https:\/\/elojocojo.org\/#\/schema\/logo\/image\/\",\"url\":\"https:\/\/meigasdarua.org\/wp-content\/uploads\/2020\/09\/cropped-logo-meigas-5.png\",\"contentUrl\":\"https:\/\/meigasdarua.org\/wp-content\/uploads\/2020\/09\/cropped-logo-meigas-5.png\",\"width\":109,\"height\":200,\"caption\":\"Meigas da r\u00faa\"},\"image\":{\"@id\":\"https:\/\/elojocojo.org\/#\/schema\/logo\/image\/\"},\"sameAs\":[\"https:\/\/www.facebook.com\/elojocojo\",\"https:\/\/x.com\/elojocojo\",\"https:\/\/www.instagram.com\/elojocojo\/?hl=es\",\"https:\/\/www.linkedin.com\/in\/el-ojo-cojo-b52b7769\/\",\"https:\/\/www.pinterest.es\/elojocojo\/_saved\/\",\"https:\/\/www.youtube.com\/channel\/UCkFtFTV0Bms7zH7vq8FZxZg\"]},{\"@type\":\"Person\",\"@id\":\"\",\"url\":\"https:\/\/elojocojo.org\/author\/\"}]}<\/script>\n<!-- \/ Yoast SEO plugin. -->","yoast_head_json":{"title":"Botell\u00f3n - el ojO cojo","description":"Pel\u00edcula Botell\u00f3n exhibida en la edici\u00f3n 2006 del Festival el ojO cojo. Pa\u00eds de origen, Espa\u00f1a. Dirigido por Tom\u00e1s Silberman.","robots":{"index":"index","follow":"follow","max-snippet":"max-snippet:-1","max-image-preview":"max-image-preview:large","max-video-preview":"max-video-preview:-1"},"canonical":"https:\/\/elojocojo.org\/botellon\/","og_locale":"es_ES","og_type":"article","og_title":"Botell\u00f3n - el ojO cojo","og_description":"Pel\u00edcula Botell\u00f3n exhibida en la edici\u00f3n 2006 del Festival el ojO cojo. Pa\u00eds de origen, Espa\u00f1a. Dirigido por Tom\u00e1s Silberman.","og_url":"https:\/\/elojocojo.org\/botellon\/","og_site_name":"el ojO cojo","article_publisher":"https:\/\/www.facebook.com\/elojocojo","article_published_time":"2008-09-05T03:00:56+00:00","article_modified_time":"2025-09-23T08:45:44+00:00","og_image":[{"width":155,"height":220,"url":"https:\/\/elojocojo.org\/wp-content\/uploads\/2008\/09\/botellon.jpg","type":"image\/jpeg"}],"twitter_card":"summary_large_image","twitter_creator":"@elojocojo","twitter_site":"@elojocojo","twitter_misc":{"Escrito por":"","Tiempo de lectura":"1 minuto"},"schema":{"@context":"https:\/\/schema.org","@graph":[{"@type":"Article","@id":"https:\/\/elojocojo.org\/botellon\/#article","isPartOf":{"@id":"https:\/\/elojocojo.org\/botellon\/"},"author":{"name":"","@id":""},"headline":"Botell\u00f3n","datePublished":"2008-09-05T03:00:56+00:00","dateModified":"2025-09-23T08:45:44+00:00","mainEntityOfPage":{"@id":"https:\/\/elojocojo.org\/botellon\/"},"wordCount":146,"publisher":{"@id":"https:\/\/elojocojo.org\/#organization"},"image":{"@id":"https:\/\/elojocojo.org\/botellon\/#primaryimage"},"thumbnailUrl":"https:\/\/elojocojo.org\/wp-content\/uploads\/2008\/09\/botellon.jpg","keywords":["2006","Adolescentes","Agenda 2030","cine","comunicaci\u00f3n","cultura audiovisual","Desarrollo sostenible","educar en valores","Espa\u00f1a","festival de cine","Festival el Ojo cojo","j\u00f3venes","Objetivos de Desarrollo Sostenible","ODS","pel\u00edculas"],"articleSection":["Cortometraje","Festival 2006","Ficci\u00f3n"],"inLanguage":"es"},{"@type":"WebPage","@id":"https:\/\/elojocojo.org\/botellon\/","url":"https:\/\/elojocojo.org\/botellon\/","name":"Botell\u00f3n - el ojO cojo","isPartOf":{"@id":"https:\/\/elojocojo.org\/#website"},"primaryImageOfPage":{"@id":"https:\/\/elojocojo.org\/botellon\/#primaryimage"},"image":{"@id":"https:\/\/elojocojo.org\/botellon\/#primaryimage"},"thumbnailUrl":"https:\/\/elojocojo.org\/wp-content\/uploads\/2008\/09\/botellon.jpg","datePublished":"2008-09-05T03:00:56+00:00","dateModified":"2025-09-23T08:45:44+00:00","description":"Pel\u00edcula Botell\u00f3n exhibida en la edici\u00f3n 2006 del Festival el ojO cojo. Pa\u00eds de origen, Espa\u00f1a. Dirigido por Tom\u00e1s Silberman.","breadcrumb":{"@id":"https:\/\/elojocojo.org\/botellon\/#breadcrumb"},"inLanguage":"es","potentialAction":[{"@type":"ReadAction","target":["https:\/\/elojocojo.org\/botellon\/"]}]},{"@type":"ImageObject","inLanguage":"es","@id":"https:\/\/elojocojo.org\/botellon\/#primaryimage","url":"https:\/\/elojocojo.org\/wp-content\/uploads\/2008\/09\/botellon.jpg","contentUrl":"https:\/\/elojocojo.org\/wp-content\/uploads\/2008\/09\/botellon.jpg","width":155,"height":220},{"@type":"BreadcrumbList","@id":"https:\/\/elojocojo.org\/botellon\/#breadcrumb","itemListElement":[{"@type":"ListItem","position":1,"name":"Portada","item":"https:\/\/elojocojo.org\/"},{"@type":"ListItem","position":2,"name":"2006","item":"https:\/\/elojocojo.org\/tag\/2006\/"},{"@type":"ListItem","position":3,"name":"Botell\u00f3n"}]},{"@type":"WebSite","@id":"https:\/\/elojocojo.org\/#website","url":"https:\/\/elojocojo.org\/","name":"el ojO cojo","description":"Todos estamos hechos de la misma esencia","publisher":{"@id":"https:\/\/elojocojo.org\/#organization"},"potentialAction":[{"@type":"SearchAction","target":{"@type":"EntryPoint","urlTemplate":"https:\/\/elojocojo.org\/?s={search_term_string}"},"query-input":{"@type":"PropertyValueSpecification","valueRequired":true,"valueName":"search_term_string"}}],"inLanguage":"es"},{"@type":"Organization","@id":"https:\/\/elojocojo.org\/#organization","name":"Meigas da r\u00faa","url":"https:\/\/elojocojo.org\/","logo":{"@type":"ImageObject","inLanguage":"es","@id":"https:\/\/elojocojo.org\/#\/schema\/logo\/image\/","url":"https:\/\/meigasdarua.org\/wp-content\/uploads\/2020\/09\/cropped-logo-meigas-5.png","contentUrl":"https:\/\/meigasdarua.org\/wp-content\/uploads\/2020\/09\/cropped-logo-meigas-5.png","width":109,"height":200,"caption":"Meigas da r\u00faa"},"image":{"@id":"https:\/\/elojocojo.org\/#\/schema\/logo\/image\/"},"sameAs":["https:\/\/www.facebook.com\/elojocojo","https:\/\/x.com\/elojocojo","https:\/\/www.instagram.com\/elojocojo\/?hl=es","https:\/\/www.linkedin.com\/in\/el-ojo-cojo-b52b7769\/","https:\/\/www.pinterest.es\/elojocojo\/_saved\/","https:\/\/www.youtube.com\/channel\/UCkFtFTV0Bms7zH7vq8FZxZg"]},{"@type":"Person","@id":"","url":"https:\/\/elojocojo.org\/author\/"}]}},"_links":{"self":[{"href":"https:\/\/elojocojo.org\/wp-json\/wp\/v2\/posts\/1190","targetHints":{"allow":["GET"]}}],"collection":[{"href":"https:\/\/elojocojo.org\/wp-json\/wp\/v2\/posts"}],"about":[{"href":"https:\/\/elojocojo.org\/wp-json\/wp\/v2\/types\/post"}],"author":[{"embeddable":true,"href":"https:\/\/elojocojo.org\/wp-json\/wp\/v2\/users\/3"}],"replies":[{"embeddable":true,"href":"https:\/\/elojocojo.org\/wp-json\/wp\/v2\/comments?post=1190"}],"version-history":[{"count":2,"href":"https:\/\/elojocojo.org\/wp-json\/wp\/v2\/posts\/1190\/revisions"}],"predecessor-version":[{"id":57579,"href":"https:\/\/elojocojo.org\/wp-json\/wp\/v2\/posts\/1190\/revisions\/57579"}],"wp:featuredmedia":[{"embeddable":true,"href":"https:\/\/elojocojo.org\/wp-json\/wp\/v2\/media\/40262"}],"wp:attachment":[{"href":"https:\/\/elojocojo.org\/wp-json\/wp\/v2\/media?parent=1190"}],"wp:term":[{"taxonomy":"category","embeddable":true,"href":"https:\/\/elojocojo.org\/wp-json\/wp\/v2\/categories?post=1190"},{"taxonomy":"post_tag","embeddable":true,"href":"https:\/\/elojocojo.org\/wp-json\/wp\/v2\/tags?post=1190"}],"curies":[{"name":"wp","href":"https:\/\/api.w.org\/{rel}","templated":true}]}}