{"id":11884,"date":"2014-05-12T13:05:57","date_gmt":"2014-05-12T20:05:57","guid":{"rendered":"http:\/\/www.elojocojo.org\/?p=11884"},"modified":"2025-09-30T18:54:27","modified_gmt":"2025-09-30T16:54:27","slug":"miedo","status":"publish","type":"post","link":"https:\/\/elojocojo.org\/miedo\/","title":{"rendered":"Miedo"},"content":{"rendered":"<p><img decoding=\"async\" class=\"alignnone size-medium wp-image-19134\" src=\"https:\/\/www.elojocojo.org\/wp-content\/uploads\/2014\/05\/MV5BNzI0MDEyNjEwNl5BMl5BanBnXkFtZTgwNTc5NDI4MjE@._V1_SY1000_CR006991000_AL_-350x500.jpg\" alt=\"Miedo\" width=\"350\" height=\"500\" srcset=\"https:\/\/elojocojo.org\/wp-content\/uploads\/2014\/05\/MV5BNzI0MDEyNjEwNl5BMl5BanBnXkFtZTgwNTc5NDI4MjE@._V1_SY1000_CR006991000_AL_-350x500.jpg 350w, https:\/\/elojocojo.org\/wp-content\/uploads\/2014\/05\/MV5BNzI0MDEyNjEwNl5BMl5BanBnXkFtZTgwNTc5NDI4MjE@._V1_SY1000_CR006991000_AL_-280x400.jpg 280w, https:\/\/elojocojo.org\/wp-content\/uploads\/2014\/05\/MV5BNzI0MDEyNjEwNl5BMl5BanBnXkFtZTgwNTc5NDI4MjE@._V1_SY1000_CR006991000_AL_-252x360.jpg 252w, https:\/\/elojocojo.org\/wp-content\/uploads\/2014\/05\/MV5BNzI0MDEyNjEwNl5BMl5BanBnXkFtZTgwNTc5NDI4MjE@._V1_SY1000_CR006991000_AL_.jpg 329w\" sizes=\"(max-width: 350px) 100vw, 350px\" \/><\/p>\n<ul data-start=\"272\" data-end=\"822\">\n<li data-start=\"272\" data-end=\"304\"><strong data-start=\"274\" data-end=\"294\">T\u00edtulo original:<\/strong> <em data-start=\"295\" data-end=\"302\">Miedo<\/em><\/li>\n<li data-start=\"305\" data-end=\"337\"><strong data-start=\"307\" data-end=\"328\">T\u00edtulo en ingl\u00e9s:<\/strong> <em data-start=\"329\" data-end=\"335\">Fear<\/em><\/li>\n<li data-start=\"338\" data-end=\"372\"><strong data-start=\"340\" data-end=\"362\">T\u00edtulo en espa\u00f1ol:<\/strong> <em data-start=\"363\" data-end=\"370\">Miedo<\/em><\/li>\n<li data-start=\"373\" data-end=\"390\"><strong data-start=\"375\" data-end=\"383\">A\u00f1o:<\/strong> 2013<\/li>\n<li data-start=\"391\" data-end=\"430\"><strong data-start=\"393\" data-end=\"407\">Directora:<\/strong> Elisa Fernanda Pirir<\/li>\n<li data-start=\"431\" data-end=\"457\"><strong data-start=\"433\" data-end=\"444\">G\u00e9nero:<\/strong> Documental<\/li>\n<li data-start=\"458\" data-end=\"498\"><strong data-start=\"460\" data-end=\"473\">Duraci\u00f3n:<\/strong> 16 minutos 40 segundos<\/li>\n<li data-start=\"499\" data-end=\"520\"><strong data-start=\"501\" data-end=\"510\">Pa\u00eds:<\/strong> Noruega<\/li>\n<li data-start=\"521\" data-end=\"584\"><strong data-start=\"523\" data-end=\"538\">Producci\u00f3n:<\/strong> Noruega \/ Guatemala \u2013 LIV Raghnild Kjellman<\/li>\n<li data-start=\"585\" data-end=\"620\"><strong data-start=\"587\" data-end=\"597\">Guion:<\/strong> Elisa Fernanda Pirir<\/li>\n<li data-start=\"621\" data-end=\"666\"><strong data-start=\"623\" data-end=\"643\">Edici\u00f3n\/Montaje:<\/strong> Elisa Fernanda Pirir<\/li>\n<li data-start=\"667\" data-end=\"720\"><strong data-start=\"669\" data-end=\"697\">Direcci\u00f3n de Fotograf\u00eda:<\/strong> Elisa Fernanda Pirir<\/li>\n<li data-start=\"721\" data-end=\"752\"><strong data-start=\"723\" data-end=\"734\">Sonido:<\/strong> Bj\u00f8rn Fjellstad<\/li>\n<li data-start=\"753\" data-end=\"787\"><strong data-start=\"755\" data-end=\"777\">Lugares de Rodaje:<\/strong> Noruega<\/li>\n<li data-start=\"788\" data-end=\"822\"><strong data-start=\"790\" data-end=\"811\">Sistema de Audio:<\/strong> Dolby SR<\/li>\n<\/ul>\n<h2><strong>SINOPSIS DE <em>MIEDO<\/em><\/strong><b><\/b><\/h2>\n<p data-start=\"992\" data-end=\"1200\"><em data-start=\"992\" data-end=\"999\">Miedo<\/em> (<em data-start=\"1001\" data-end=\"1007\">Fear<\/em>) es un documental po\u00e9tico y autobiogr\u00e1fico que nos sumerge en la mente de una paciente psiqui\u00e1trica. No teme a su enfermedad, sino a perder a quienes ama si descubren su diagn\u00f3stico.<\/p>\n<p data-start=\"1202\" data-end=\"1538\">La directora Elisa Fernanda Pirir construye un relato profundamente personal. A trav\u00e9s de im\u00e1genes evocadoras y una narrativa introspectiva, explora el impacto del estigma social en la salud mental. M\u00e1s que una simple confesi\u00f3n, el documental se convierte en un testimonio universal sobre la b\u00fasqueda de aceptaci\u00f3n y amor.<\/p>\n<h3 data-start=\"1202\" data-end=\"1538\">UNA HISTORIA DETR\u00c1S DE <em>FEAR<\/em><\/h3>\n<p data-start=\"1587\" data-end=\"1768\">En 2007, cuando Elisa Fernanda Pirir ten\u00eda 16 a\u00f1os y se mud\u00f3 a Noruega, fue diagnosticada con psicosis. Sin embargo, nunca se atrevi\u00f3 a contarlo. Sent\u00eda verg\u00fcenza y miedo.<\/p>\n<p data-start=\"1770\" data-end=\"2032\">A\u00f1os m\u00e1s tarde, en 2011, los m\u00e9dicos descubrieron que sus s\u00edntomas eran producto de una condici\u00f3n f\u00edsica, no psiqui\u00e1trica. Su familia y amigos se alegraron, pero no porque sus s\u00edntomas hubieran cambiado, sino porque ya no ten\u00eda un diagn\u00f3stico psiqui\u00e1trico.<\/p>\n<p data-start=\"2034\" data-end=\"2303\">Para la directora, el temor al rechazo fue peor que la enfermedad misma. Con este documental, espera que m\u00e1s personas comprendan c\u00f3mo se siente ser un paciente psiqui\u00e1trico y, sobre todo, que quienes viven esta situaci\u00f3n dejen de sentir verg\u00fcenza y miedo.<\/p>\n<p class=\"p1\">El filme particip\u00f3 en la edici\u00f3n <span class=\"s1\"><b>2014<\/b><\/span>\u00a0del <a href=\"https:\/\/elojocojo.org\/category\/festival-2014\/\"><span class=\"s1\"><b>Festival<\/b><\/span><\/a><a href=\"https:\/\/elojocojo.org\/category\/festival-2013\/\"><span class=\"s1\"><b> de cine el ojO cojo<\/b> <\/span><\/a>en ese sentido nos sentimos honrados de haberla exhibido.<\/p>\n<p class=\"p1\">Visita nuestro<a href=\"https:\/\/el-ojocojo.blogspot.com\/\"> blog<\/a><\/p>\n","protected":false},"excerpt":{"rendered":"<p>T\u00edtulo original: Miedo T\u00edtulo en ingl\u00e9s: Fear T\u00edtulo en espa\u00f1ol: Miedo A\u00f1o: 2013 Directora: Elisa Fernanda Pirir G\u00e9nero: Documental Duraci\u00f3n: 16 minutos 40 segundos Pa\u00eds: Noruega Producci\u00f3n: Noruega \/ Guatemala \u2013 LIV Raghnild Kjellman Guion: Elisa Fernanda Pirir Edici\u00f3n\/Montaje: Elisa Fernanda Pirir Direcci\u00f3n de Fotograf\u00eda: Elisa Fernanda Pirir Sonido: Bj\u00f8rn Fjellstad Lugares de Rodaje: Noruega [&hellip;]<\/p>\n","protected":false},"author":11,"featured_media":19134,"comment_status":"closed","ping_status":"closed","sticky":false,"template":"","format":"standard","meta":{"_monsterinsights_skip_tracking":false,"_monsterinsights_sitenote_active":false,"_monsterinsights_sitenote_note":"","_monsterinsights_sitenote_category":0,"footnotes":""},"categories":[1460,2053,7],"tags":[1999,26,1000,1838,2119,2391,1981,1982,1060,2118,91,1231,1484,1128],"class_list":{"0":"post-11884","1":"post","2":"type-post","3":"status-publish","4":"format-standard","5":"has-post-thumbnail","7":"category-cortometraje","8":"category-documental","9":"category-festival-2014","10":"tag-1999","11":"tag-discriminacion","12":"tag-diversidad-funcional","13":"tag-enfermedad","14":"tag-espanol","15":"tag-espaol","16":"tag-festival-de-cine","17":"tag-festival-el-ojo-cojo","18":"tag-igualdad-de-genero","19":"tag-ingles","20":"tag-mujer","21":"tag-reduccion-de-las-desigualdades","22":"tag-salud-mental","23":"tag-salud-y-bienestar","24":"czr-hentry"},"yoast_head":"<!-- This site is optimized with the Yoast SEO plugin v27.1.1 - https:\/\/yoast.com\/product\/yoast-seo-wordpress\/ -->\n<title>Miedo - el ojO cojo<\/title>\n<meta name=\"description\" content=\"Documental Miedo exhibido en la edici\u00f3n 2014 del Festival el ojO cojo. Pa\u00eds de origen, Noruega. Dirigido por Elisa Fernanda Pirir.\" \/>\n<meta name=\"robots\" content=\"index, follow, max-snippet:-1, max-image-preview:large, max-video-preview:-1\" \/>\n<link rel=\"canonical\" href=\"https:\/\/elojocojo.org\/miedo\/\" \/>\n<meta property=\"og:locale\" content=\"es_ES\" \/>\n<meta property=\"og:type\" content=\"article\" \/>\n<meta property=\"og:title\" content=\"Miedo - el ojO cojo\" \/>\n<meta property=\"og:description\" content=\"Documental Miedo exhibido en la edici\u00f3n 2014 del Festival el ojO cojo. Pa\u00eds de origen, Noruega. Dirigido por Elisa Fernanda Pirir.\" \/>\n<meta property=\"og:url\" content=\"https:\/\/elojocojo.org\/miedo\/\" \/>\n<meta property=\"og:site_name\" content=\"el ojO cojo\" \/>\n<meta property=\"article:publisher\" content=\"https:\/\/www.facebook.com\/elojocojo\" \/>\n<meta property=\"article:published_time\" content=\"2014-05-12T20:05:57+00:00\" \/>\n<meta property=\"article:modified_time\" content=\"2025-09-30T16:54:27+00:00\" \/>\n<meta property=\"og:image\" content=\"https:\/\/elojocojo.org\/wp-content\/uploads\/2014\/05\/MV5BNzI0MDEyNjEwNl5BMl5BanBnXkFtZTgwNTc5NDI4MjE@._V1_SY1000_CR006991000_AL_.jpg\" \/>\n\t<meta property=\"og:image:width\" content=\"329\" \/>\n\t<meta property=\"og:image:height\" content=\"470\" \/>\n\t<meta property=\"og:image:type\" content=\"image\/jpeg\" \/>\n<meta name=\"author\" content=\"cojo\" \/>\n<meta name=\"twitter:card\" content=\"summary_large_image\" \/>\n<meta name=\"twitter:creator\" content=\"@elojocojo\" \/>\n<meta name=\"twitter:site\" content=\"@elojocojo\" \/>\n<meta name=\"twitter:label1\" content=\"Escrito por\" \/>\n\t<meta name=\"twitter:data1\" content=\"cojo\" \/>\n\t<meta name=\"twitter:label2\" content=\"Tiempo de lectura\" \/>\n\t<meta name=\"twitter:data2\" content=\"2 minutos\" \/>\n<script type=\"application\/ld+json\" class=\"yoast-schema-graph\">{\"@context\":\"https:\/\/schema.org\",\"@graph\":[{\"@type\":\"Article\",\"@id\":\"https:\/\/elojocojo.org\/miedo\/#article\",\"isPartOf\":{\"@id\":\"https:\/\/elojocojo.org\/miedo\/\"},\"author\":{\"name\":\"cojo\",\"@id\":\"https:\/\/elojocojo.org\/#\/schema\/person\/cba15985dd5da095cac31c1ff0d6e23e\"},\"headline\":\"Miedo\",\"datePublished\":\"2014-05-12T20:05:57+00:00\",\"dateModified\":\"2025-09-30T16:54:27+00:00\",\"mainEntityOfPage\":{\"@id\":\"https:\/\/elojocojo.org\/miedo\/\"},\"wordCount\":326,\"publisher\":{\"@id\":\"https:\/\/elojocojo.org\/#organization\"},\"image\":{\"@id\":\"https:\/\/elojocojo.org\/miedo\/#primaryimage\"},\"thumbnailUrl\":\"https:\/\/elojocojo.org\/wp-content\/uploads\/2014\/05\/MV5BNzI0MDEyNjEwNl5BMl5BanBnXkFtZTgwNTc5NDI4MjE@._V1_SY1000_CR006991000_AL_.jpg\",\"keywords\":[\"2014\",\"discriminaci\u00f3n\",\"diversidad funcional\",\"enfermedad\",\"espa\u00f1ol\",\"espa\u00b1ol\",\"festival de cine\",\"Festival el Ojo cojo\",\"igualdad de g\u00e9nero\",\"ingl\u00e9s\",\"mujer\",\"Reducci\u00f3n de las desigualdades\",\"salud mental\",\"Salud y bienestar\"],\"articleSection\":[\"Cortometraje\",\"Documental\",\"Festival 2014\"],\"inLanguage\":\"es\"},{\"@type\":\"WebPage\",\"@id\":\"https:\/\/elojocojo.org\/miedo\/\",\"url\":\"https:\/\/elojocojo.org\/miedo\/\",\"name\":\"Miedo - el ojO cojo\",\"isPartOf\":{\"@id\":\"https:\/\/elojocojo.org\/#website\"},\"primaryImageOfPage\":{\"@id\":\"https:\/\/elojocojo.org\/miedo\/#primaryimage\"},\"image\":{\"@id\":\"https:\/\/elojocojo.org\/miedo\/#primaryimage\"},\"thumbnailUrl\":\"https:\/\/elojocojo.org\/wp-content\/uploads\/2014\/05\/MV5BNzI0MDEyNjEwNl5BMl5BanBnXkFtZTgwNTc5NDI4MjE@._V1_SY1000_CR006991000_AL_.jpg\",\"datePublished\":\"2014-05-12T20:05:57+00:00\",\"dateModified\":\"2025-09-30T16:54:27+00:00\",\"description\":\"Documental Miedo exhibido en la edici\u00f3n 2014 del Festival el ojO cojo. Pa\u00eds de origen, Noruega. Dirigido por Elisa Fernanda Pirir.\",\"breadcrumb\":{\"@id\":\"https:\/\/elojocojo.org\/miedo\/#breadcrumb\"},\"inLanguage\":\"es\",\"potentialAction\":[{\"@type\":\"ReadAction\",\"target\":[\"https:\/\/elojocojo.org\/miedo\/\"]}]},{\"@type\":\"ImageObject\",\"inLanguage\":\"es\",\"@id\":\"https:\/\/elojocojo.org\/miedo\/#primaryimage\",\"url\":\"https:\/\/elojocojo.org\/wp-content\/uploads\/2014\/05\/MV5BNzI0MDEyNjEwNl5BMl5BanBnXkFtZTgwNTc5NDI4MjE@._V1_SY1000_CR006991000_AL_.jpg\",\"contentUrl\":\"https:\/\/elojocojo.org\/wp-content\/uploads\/2014\/05\/MV5BNzI0MDEyNjEwNl5BMl5BanBnXkFtZTgwNTc5NDI4MjE@._V1_SY1000_CR006991000_AL_.jpg\",\"width\":329,\"height\":470},{\"@type\":\"BreadcrumbList\",\"@id\":\"https:\/\/elojocojo.org\/miedo\/#breadcrumb\",\"itemListElement\":[{\"@type\":\"ListItem\",\"position\":1,\"name\":\"Portada\",\"item\":\"https:\/\/elojocojo.org\/\"},{\"@type\":\"ListItem\",\"position\":2,\"name\":\"2014\",\"item\":\"https:\/\/elojocojo.org\/tag\/2014\/\"},{\"@type\":\"ListItem\",\"position\":3,\"name\":\"Miedo\"}]},{\"@type\":\"WebSite\",\"@id\":\"https:\/\/elojocojo.org\/#website\",\"url\":\"https:\/\/elojocojo.org\/\",\"name\":\"el ojO cojo\",\"description\":\"Todos estamos hechos de la misma esencia\",\"publisher\":{\"@id\":\"https:\/\/elojocojo.org\/#organization\"},\"potentialAction\":[{\"@type\":\"SearchAction\",\"target\":{\"@type\":\"EntryPoint\",\"urlTemplate\":\"https:\/\/elojocojo.org\/?s={search_term_string}\"},\"query-input\":{\"@type\":\"PropertyValueSpecification\",\"valueRequired\":true,\"valueName\":\"search_term_string\"}}],\"inLanguage\":\"es\"},{\"@type\":\"Organization\",\"@id\":\"https:\/\/elojocojo.org\/#organization\",\"name\":\"Meigas da r\u00faa\",\"url\":\"https:\/\/elojocojo.org\/\",\"logo\":{\"@type\":\"ImageObject\",\"inLanguage\":\"es\",\"@id\":\"https:\/\/elojocojo.org\/#\/schema\/logo\/image\/\",\"url\":\"https:\/\/meigasdarua.org\/wp-content\/uploads\/2020\/09\/cropped-logo-meigas-5.png\",\"contentUrl\":\"https:\/\/meigasdarua.org\/wp-content\/uploads\/2020\/09\/cropped-logo-meigas-5.png\",\"width\":109,\"height\":200,\"caption\":\"Meigas da r\u00faa\"},\"image\":{\"@id\":\"https:\/\/elojocojo.org\/#\/schema\/logo\/image\/\"},\"sameAs\":[\"https:\/\/www.facebook.com\/elojocojo\",\"https:\/\/x.com\/elojocojo\",\"https:\/\/www.instagram.com\/elojocojo\/?hl=es\",\"https:\/\/www.linkedin.com\/in\/el-ojo-cojo-b52b7769\/\",\"https:\/\/www.pinterest.es\/elojocojo\/_saved\/\",\"https:\/\/www.youtube.com\/channel\/UCkFtFTV0Bms7zH7vq8FZxZg\"]},{\"@type\":\"Person\",\"@id\":\"https:\/\/elojocojo.org\/#\/schema\/person\/cba15985dd5da095cac31c1ff0d6e23e\",\"name\":\"cojo\",\"url\":\"https:\/\/elojocojo.org\/author\/cojo\/\"}]}<\/script>\n<!-- \/ Yoast SEO plugin. -->","yoast_head_json":{"title":"Miedo - el ojO cojo","description":"Documental Miedo exhibido en la edici\u00f3n 2014 del Festival el ojO cojo. Pa\u00eds de origen, Noruega. Dirigido por Elisa Fernanda Pirir.","robots":{"index":"index","follow":"follow","max-snippet":"max-snippet:-1","max-image-preview":"max-image-preview:large","max-video-preview":"max-video-preview:-1"},"canonical":"https:\/\/elojocojo.org\/miedo\/","og_locale":"es_ES","og_type":"article","og_title":"Miedo - el ojO cojo","og_description":"Documental Miedo exhibido en la edici\u00f3n 2014 del Festival el ojO cojo. Pa\u00eds de origen, Noruega. Dirigido por Elisa Fernanda Pirir.","og_url":"https:\/\/elojocojo.org\/miedo\/","og_site_name":"el ojO cojo","article_publisher":"https:\/\/www.facebook.com\/elojocojo","article_published_time":"2014-05-12T20:05:57+00:00","article_modified_time":"2025-09-30T16:54:27+00:00","og_image":[{"width":329,"height":470,"url":"https:\/\/elojocojo.org\/wp-content\/uploads\/2014\/05\/MV5BNzI0MDEyNjEwNl5BMl5BanBnXkFtZTgwNTc5NDI4MjE@._V1_SY1000_CR006991000_AL_.jpg","type":"image\/jpeg"}],"author":"cojo","twitter_card":"summary_large_image","twitter_creator":"@elojocojo","twitter_site":"@elojocojo","twitter_misc":{"Escrito por":"cojo","Tiempo de lectura":"2 minutos"},"schema":{"@context":"https:\/\/schema.org","@graph":[{"@type":"Article","@id":"https:\/\/elojocojo.org\/miedo\/#article","isPartOf":{"@id":"https:\/\/elojocojo.org\/miedo\/"},"author":{"name":"cojo","@id":"https:\/\/elojocojo.org\/#\/schema\/person\/cba15985dd5da095cac31c1ff0d6e23e"},"headline":"Miedo","datePublished":"2014-05-12T20:05:57+00:00","dateModified":"2025-09-30T16:54:27+00:00","mainEntityOfPage":{"@id":"https:\/\/elojocojo.org\/miedo\/"},"wordCount":326,"publisher":{"@id":"https:\/\/elojocojo.org\/#organization"},"image":{"@id":"https:\/\/elojocojo.org\/miedo\/#primaryimage"},"thumbnailUrl":"https:\/\/elojocojo.org\/wp-content\/uploads\/2014\/05\/MV5BNzI0MDEyNjEwNl5BMl5BanBnXkFtZTgwNTc5NDI4MjE@._V1_SY1000_CR006991000_AL_.jpg","keywords":["2014","discriminaci\u00f3n","diversidad funcional","enfermedad","espa\u00f1ol","espa\u00b1ol","festival de cine","Festival el Ojo cojo","igualdad de g\u00e9nero","ingl\u00e9s","mujer","Reducci\u00f3n de las desigualdades","salud mental","Salud y bienestar"],"articleSection":["Cortometraje","Documental","Festival 2014"],"inLanguage":"es"},{"@type":"WebPage","@id":"https:\/\/elojocojo.org\/miedo\/","url":"https:\/\/elojocojo.org\/miedo\/","name":"Miedo - el ojO cojo","isPartOf":{"@id":"https:\/\/elojocojo.org\/#website"},"primaryImageOfPage":{"@id":"https:\/\/elojocojo.org\/miedo\/#primaryimage"},"image":{"@id":"https:\/\/elojocojo.org\/miedo\/#primaryimage"},"thumbnailUrl":"https:\/\/elojocojo.org\/wp-content\/uploads\/2014\/05\/MV5BNzI0MDEyNjEwNl5BMl5BanBnXkFtZTgwNTc5NDI4MjE@._V1_SY1000_CR006991000_AL_.jpg","datePublished":"2014-05-12T20:05:57+00:00","dateModified":"2025-09-30T16:54:27+00:00","description":"Documental Miedo exhibido en la edici\u00f3n 2014 del Festival el ojO cojo. Pa\u00eds de origen, Noruega. Dirigido por Elisa Fernanda Pirir.","breadcrumb":{"@id":"https:\/\/elojocojo.org\/miedo\/#breadcrumb"},"inLanguage":"es","potentialAction":[{"@type":"ReadAction","target":["https:\/\/elojocojo.org\/miedo\/"]}]},{"@type":"ImageObject","inLanguage":"es","@id":"https:\/\/elojocojo.org\/miedo\/#primaryimage","url":"https:\/\/elojocojo.org\/wp-content\/uploads\/2014\/05\/MV5BNzI0MDEyNjEwNl5BMl5BanBnXkFtZTgwNTc5NDI4MjE@._V1_SY1000_CR006991000_AL_.jpg","contentUrl":"https:\/\/elojocojo.org\/wp-content\/uploads\/2014\/05\/MV5BNzI0MDEyNjEwNl5BMl5BanBnXkFtZTgwNTc5NDI4MjE@._V1_SY1000_CR006991000_AL_.jpg","width":329,"height":470},{"@type":"BreadcrumbList","@id":"https:\/\/elojocojo.org\/miedo\/#breadcrumb","itemListElement":[{"@type":"ListItem","position":1,"name":"Portada","item":"https:\/\/elojocojo.org\/"},{"@type":"ListItem","position":2,"name":"2014","item":"https:\/\/elojocojo.org\/tag\/2014\/"},{"@type":"ListItem","position":3,"name":"Miedo"}]},{"@type":"WebSite","@id":"https:\/\/elojocojo.org\/#website","url":"https:\/\/elojocojo.org\/","name":"el ojO cojo","description":"Todos estamos hechos de la misma esencia","publisher":{"@id":"https:\/\/elojocojo.org\/#organization"},"potentialAction":[{"@type":"SearchAction","target":{"@type":"EntryPoint","urlTemplate":"https:\/\/elojocojo.org\/?s={search_term_string}"},"query-input":{"@type":"PropertyValueSpecification","valueRequired":true,"valueName":"search_term_string"}}],"inLanguage":"es"},{"@type":"Organization","@id":"https:\/\/elojocojo.org\/#organization","name":"Meigas da r\u00faa","url":"https:\/\/elojocojo.org\/","logo":{"@type":"ImageObject","inLanguage":"es","@id":"https:\/\/elojocojo.org\/#\/schema\/logo\/image\/","url":"https:\/\/meigasdarua.org\/wp-content\/uploads\/2020\/09\/cropped-logo-meigas-5.png","contentUrl":"https:\/\/meigasdarua.org\/wp-content\/uploads\/2020\/09\/cropped-logo-meigas-5.png","width":109,"height":200,"caption":"Meigas da r\u00faa"},"image":{"@id":"https:\/\/elojocojo.org\/#\/schema\/logo\/image\/"},"sameAs":["https:\/\/www.facebook.com\/elojocojo","https:\/\/x.com\/elojocojo","https:\/\/www.instagram.com\/elojocojo\/?hl=es","https:\/\/www.linkedin.com\/in\/el-ojo-cojo-b52b7769\/","https:\/\/www.pinterest.es\/elojocojo\/_saved\/","https:\/\/www.youtube.com\/channel\/UCkFtFTV0Bms7zH7vq8FZxZg"]},{"@type":"Person","@id":"https:\/\/elojocojo.org\/#\/schema\/person\/cba15985dd5da095cac31c1ff0d6e23e","name":"cojo","url":"https:\/\/elojocojo.org\/author\/cojo\/"}]}},"_links":{"self":[{"href":"https:\/\/elojocojo.org\/wp-json\/wp\/v2\/posts\/11884","targetHints":{"allow":["GET"]}}],"collection":[{"href":"https:\/\/elojocojo.org\/wp-json\/wp\/v2\/posts"}],"about":[{"href":"https:\/\/elojocojo.org\/wp-json\/wp\/v2\/types\/post"}],"author":[{"embeddable":true,"href":"https:\/\/elojocojo.org\/wp-json\/wp\/v2\/users\/11"}],"replies":[{"embeddable":true,"href":"https:\/\/elojocojo.org\/wp-json\/wp\/v2\/comments?post=11884"}],"version-history":[{"count":5,"href":"https:\/\/elojocojo.org\/wp-json\/wp\/v2\/posts\/11884\/revisions"}],"predecessor-version":[{"id":58417,"href":"https:\/\/elojocojo.org\/wp-json\/wp\/v2\/posts\/11884\/revisions\/58417"}],"wp:featuredmedia":[{"embeddable":true,"href":"https:\/\/elojocojo.org\/wp-json\/wp\/v2\/media\/19134"}],"wp:attachment":[{"href":"https:\/\/elojocojo.org\/wp-json\/wp\/v2\/media?parent=11884"}],"wp:term":[{"taxonomy":"category","embeddable":true,"href":"https:\/\/elojocojo.org\/wp-json\/wp\/v2\/categories?post=11884"},{"taxonomy":"post_tag","embeddable":true,"href":"https:\/\/elojocojo.org\/wp-json\/wp\/v2\/tags?post=11884"}],"curies":[{"name":"wp","href":"https:\/\/api.w.org\/{rel}","templated":true}]}}