{"id":11871,"date":"2014-05-10T15:40:08","date_gmt":"2014-05-10T22:40:08","guid":{"rendered":"http:\/\/www.elojocojo.org\/?p=11871"},"modified":"2025-09-22T18:32:43","modified_gmt":"2025-09-22T16:32:43","slug":"goran","status":"publish","type":"post","link":"https:\/\/elojocojo.org\/goran\/","title":{"rendered":"Goran"},"content":{"rendered":"\n<p>T\u00edtulo original: <em>Goran<\/em><\/p>\n\n\n\n<p>A\u00f1o: 2014<\/p>\n\n\n\n<p>Director: Roberto Santaguida&nbsp;<\/p>\n\n\n\n<p>G\u00e9nero: Documental<\/p>\n\n\n\n<p>Duraci\u00f3n: 10&#8242; 38&#8243;<\/p>\n\n\n\n<p>Pa\u00eds: Serbia<\/p>\n\n\n\n<p>Formato: HD<\/p>\n\n\n\n<p>Guionistas:&nbsp;Goran Gostoji\u0107, Roberto Santaguida, (Idea inspired by) Sasa Asentic.<\/p>\n\n\n\n<p>Productores:&nbsp;Per.Art Akademie Schloss Solitude&nbsp;<\/p>\n\n\n\n<p>Sinopsis:<\/p>\n\n\n\n<h2 class=\"wp-block-heading\"><sub>Un retrato \u00edntimo del cotidiano<\/sub><\/h2>\n\n\n\n<p><em>Goran<\/em>, documental dirigido por Roberto Santaguida, es una obra de observaci\u00f3n pausada que captura la cotidianidad del serbio Goran Gostoji\u0107 en la ciudad de Novi Sad. Desde el primer momento, la c\u00e1mara se posiciona como una presencia discreta, casi invisible, que acompa\u00f1a los gestos m\u00ednimos y los tiempos internos del protagonista. En lugar de buscar una narrativa convencional, Santaguida apuesta por la contemplaci\u00f3n de lo com\u00fan. As\u00ed, la rutina se transforma en escenario emocional. Cada acci\u00f3n sencilla \u2014encender un cigarro, mirar por la ventana\u2014 adquiere una resonancia silenciosa pero profunda.<\/p>\n\n\n\n<h2 class=\"wp-block-heading\"><strong><sub>La c\u00e1mara como presencia silenciosa<\/sub><\/strong><\/h2>\n\n\n\n<p>Desde los primeros minutos, el ritmo lento marca un tono que invita a otra forma de mirar. A medida que avanza el documental, los espacios comunes \u2014una cocina, una calle, un cuarto en penumbra\u2014 revelan una dimensi\u00f3n \u00edntima y melanc\u00f3lica. Por otro lado, la fotograf\u00eda sobria y precisa permite que lo banal se eleve con fuerza po\u00e9tica. En consecuencia, lo cotidiano deja de ser insignificante.<\/p>\n\n\n\n<h2 class=\"wp-block-heading\"><sub><strong>Goran, Silencios que dicen m\u00e1s que las palabras<\/strong><\/sub><\/h2>\n\n\n\n<p>Lejos de cualquier discurso expl\u00edcito, el silencio se convierte en lenguaje principal. En este sentido, el montaje abre espacios de pausa, donde el espectador respira junto al protagonista. De hecho, cada plano parece invitar a una reflexi\u00f3n sin palabras. Por ello, el documental se transforma en una experiencia sensorial y emocional.<\/p>\n\n\n\n<h2 class=\"wp-block-heading\"><strong><sub>Una forma distinta de mirar<\/sub><\/strong><\/h2>\n\n\n\n<p>Al mismo tiempo, el filme sugiere que lo real puede ser redescubierto si cambiamos nuestra forma de ver. As\u00ed, Goran se convierte en espejo de nuestra propia percepci\u00f3n ralentizada. En lugar de explicar, la pel\u00edcula invita a sentir.<\/p>\n\n\n\n<h2 class=\"wp-block-heading\"><sub><strong>Meditaci\u00f3n visual sobre la existencia de Goran<\/strong><\/sub><\/h2>\n\n\n\n<p>En definitiva, <em>Goran<\/em> es una meditaci\u00f3n visual que rescata la belleza oculta en lo simple. Finalmente, m\u00e1s que narrar, la obra contempla, y al contemplar, transforma.<\/p>\n\n\n\n<p>PALMAR\u00c9S:<\/p>\n\n\n\n<p>2011:<\/p>\n\n\n\n<ul class=\"wp-block-list\">\n<li>Festival Internacional de la Televisi\u00f3n Local, Eslovaquia &#8211; Premio a la Asociaci\u00f3n de Periodistas de Serbia.<\/li>\n<\/ul>\n\n\n\n<p>2013:<\/p>\n\n\n\n<ul class=\"wp-block-list\">\n<li>Festival de Cine Corcho Subterr\u00e1neo, Irlanda &#8211; Premio al mejor documental<\/li>\n<\/ul>\n\n\n\n<p>El filme <em>Goran <\/em>particip\u00f3 en la edici\u00f3n <a href=\"https:\/\/elojocojo.org\/category\/festival-2014\/\"><strong>2014<\/strong>&nbsp;<\/a>del <strong><a href=\"https:\/\/elojocojo.org\/bienvenida\/festivalelojocojo\/\">Festival de cine el ojO cojo<\/a><\/strong> en ese sentido nos sentimos honrados de haberla exhibido.<\/p>\n\n\n\n<p>Visita nuestro <a href=\"https:\/\/el-ojocojo.blogspot.com\/\">blog<\/a><\/p>\n\n\n\n<p><a href=\"https:\/\/www.imdb.com\/es-es\/title\/tt4621364\/\">IMDb<\/a><\/p>\n","protected":false},"excerpt":{"rendered":"<p>Dirigido por Roberto Santaguida, este documental ofrece una mirada contemplativa y silenciosa sobre la vida cotidiana de Goran Gostoji\u0107, revelando la profundidad emocional de lo aparentemente simple a trav\u00e9s de una c\u00e1mara discreta y una narrativa sensorial. <\/p>\n","protected":false},"author":11,"featured_media":63027,"comment_status":"closed","ping_status":"closed","sticky":false,"template":"","format":"standard","meta":{"_monsterinsights_skip_tracking":false,"_monsterinsights_sitenote_active":false,"_monsterinsights_sitenote_note":"","_monsterinsights_sitenote_category":0,"footnotes":""},"categories":[1460,2053,7],"tags":[1999,1525,186,941,26,1272,1387,1221,1981,998,60,2376,1910,1128,662,1013],"class_list":{"0":"post-11871","1":"post","2":"type-post","3":"status-publish","4":"format-standard","5":"has-post-thumbnail","7":"category-cortometraje","8":"category-documental","9":"category-festival-2014","10":"tag-1999","11":"tag-afrodescendientes","12":"tag-arte","13":"tag-cine","14":"tag-discriminacion","15":"tag-discriminacion-sexual","16":"tag-eslovaquia","17":"tag-estereotipos","18":"tag-festival-de-cine","19":"tag-interculturalidad","20":"tag-migraciones","21":"tag-observacion","22":"tag-ods","23":"tag-salud-y-bienestar","24":"tag-serbia","25":"tag-vida-cotidiana","26":"czr-hentry"},"yoast_head":"<!-- This site is optimized with the Yoast SEO plugin v27.1.1 - https:\/\/yoast.com\/product\/yoast-seo-wordpress\/ -->\n<title>Goran - el ojO cojo<\/title>\n<meta name=\"description\" content=\"Documental Goran exhibido en la edici\u00f3n 2014 del Festival el ojO cojo. Pa\u00eds de origen, Serbia. Dirigido por Roberto Santaguida.\" \/>\n<meta name=\"robots\" content=\"index, follow, max-snippet:-1, max-image-preview:large, max-video-preview:-1\" \/>\n<link rel=\"canonical\" href=\"https:\/\/elojocojo.org\/goran\/\" \/>\n<meta property=\"og:locale\" content=\"es_ES\" \/>\n<meta property=\"og:type\" content=\"article\" \/>\n<meta property=\"og:title\" content=\"Goran - el ojO cojo\" \/>\n<meta property=\"og:description\" content=\"Documental Goran exhibido en la edici\u00f3n 2014 del Festival el ojO cojo. Pa\u00eds de origen, Serbia. Dirigido por Roberto Santaguida.\" \/>\n<meta property=\"og:url\" content=\"https:\/\/elojocojo.org\/goran\/\" \/>\n<meta property=\"og:site_name\" content=\"el ojO cojo\" \/>\n<meta property=\"article:publisher\" content=\"https:\/\/www.facebook.com\/elojocojo\" \/>\n<meta property=\"article:published_time\" content=\"2014-05-10T22:40:08+00:00\" \/>\n<meta property=\"article:modified_time\" content=\"2025-09-22T16:32:43+00:00\" \/>\n<meta property=\"og:image\" content=\"https:\/\/elojocojo.org\/wp-content\/uploads\/2014\/05\/Goran-e1747056961245-1.jpg\" \/>\n\t<meta property=\"og:image:width\" content=\"640\" \/>\n\t<meta property=\"og:image:height\" content=\"231\" \/>\n\t<meta property=\"og:image:type\" content=\"image\/jpeg\" \/>\n<meta name=\"author\" content=\"cojo\" \/>\n<meta name=\"twitter:card\" content=\"summary_large_image\" \/>\n<meta name=\"twitter:creator\" content=\"@elojocojo\" \/>\n<meta name=\"twitter:site\" content=\"@elojocojo\" \/>\n<meta name=\"twitter:label1\" content=\"Escrito por\" \/>\n\t<meta name=\"twitter:data1\" content=\"cojo\" \/>\n\t<meta name=\"twitter:label2\" content=\"Tiempo de lectura\" \/>\n\t<meta name=\"twitter:data2\" content=\"1 minuto\" \/>\n<script type=\"application\/ld+json\" class=\"yoast-schema-graph\">{\"@context\":\"https:\/\/schema.org\",\"@graph\":[{\"@type\":\"Article\",\"@id\":\"https:\/\/elojocojo.org\/goran\/#article\",\"isPartOf\":{\"@id\":\"https:\/\/elojocojo.org\/goran\/\"},\"author\":{\"name\":\"cojo\",\"@id\":\"https:\/\/elojocojo.org\/#\/schema\/person\/cba15985dd5da095cac31c1ff0d6e23e\"},\"headline\":\"Goran\",\"datePublished\":\"2014-05-10T22:40:08+00:00\",\"dateModified\":\"2025-09-22T16:32:43+00:00\",\"mainEntityOfPage\":{\"@id\":\"https:\/\/elojocojo.org\/goran\/\"},\"wordCount\":422,\"publisher\":{\"@id\":\"https:\/\/elojocojo.org\/#organization\"},\"image\":{\"@id\":\"https:\/\/elojocojo.org\/goran\/#primaryimage\"},\"thumbnailUrl\":\"https:\/\/elojocojo.org\/wp-content\/uploads\/2014\/05\/Goran-e1747056961245-1.jpg\",\"keywords\":[\"2014\",\"afrodescendientes\",\"Arte\",\"cine\",\"discriminaci\u00f3n\",\"discriminaci\u00f3n sexual\",\"Eslovaquia\",\"estereotipos\",\"festival de cine\",\"interculturalidad\",\"migraciones\",\"observaci\u00f3n\",\"ODS\",\"Salud y bienestar\",\"Serbia\",\"vida cotidiana\"],\"articleSection\":[\"Cortometraje\",\"Documental\",\"Festival 2014\"],\"inLanguage\":\"es\"},{\"@type\":\"WebPage\",\"@id\":\"https:\/\/elojocojo.org\/goran\/\",\"url\":\"https:\/\/elojocojo.org\/goran\/\",\"name\":\"Goran - el ojO cojo\",\"isPartOf\":{\"@id\":\"https:\/\/elojocojo.org\/#website\"},\"primaryImageOfPage\":{\"@id\":\"https:\/\/elojocojo.org\/goran\/#primaryimage\"},\"image\":{\"@id\":\"https:\/\/elojocojo.org\/goran\/#primaryimage\"},\"thumbnailUrl\":\"https:\/\/elojocojo.org\/wp-content\/uploads\/2014\/05\/Goran-e1747056961245-1.jpg\",\"datePublished\":\"2014-05-10T22:40:08+00:00\",\"dateModified\":\"2025-09-22T16:32:43+00:00\",\"description\":\"Documental Goran exhibido en la edici\u00f3n 2014 del Festival el ojO cojo. Pa\u00eds de origen, Serbia. Dirigido por Roberto Santaguida.\",\"breadcrumb\":{\"@id\":\"https:\/\/elojocojo.org\/goran\/#breadcrumb\"},\"inLanguage\":\"es\",\"potentialAction\":[{\"@type\":\"ReadAction\",\"target\":[\"https:\/\/elojocojo.org\/goran\/\"]}]},{\"@type\":\"ImageObject\",\"inLanguage\":\"es\",\"@id\":\"https:\/\/elojocojo.org\/goran\/#primaryimage\",\"url\":\"https:\/\/elojocojo.org\/wp-content\/uploads\/2014\/05\/Goran-e1747056961245-1.jpg\",\"contentUrl\":\"https:\/\/elojocojo.org\/wp-content\/uploads\/2014\/05\/Goran-e1747056961245-1.jpg\",\"width\":640,\"height\":231,\"caption\":\"Un hombre de espaldas, est\u00e1 caminando en una ciudad. La luz proviene de las farolas, que est\u00e1n encendidas en la noche.\"},{\"@type\":\"BreadcrumbList\",\"@id\":\"https:\/\/elojocojo.org\/goran\/#breadcrumb\",\"itemListElement\":[{\"@type\":\"ListItem\",\"position\":1,\"name\":\"Portada\",\"item\":\"https:\/\/elojocojo.org\/\"},{\"@type\":\"ListItem\",\"position\":2,\"name\":\"2014\",\"item\":\"https:\/\/elojocojo.org\/tag\/2014\/\"},{\"@type\":\"ListItem\",\"position\":3,\"name\":\"Goran\"}]},{\"@type\":\"WebSite\",\"@id\":\"https:\/\/elojocojo.org\/#website\",\"url\":\"https:\/\/elojocojo.org\/\",\"name\":\"el ojO cojo\",\"description\":\"Todos estamos hechos de la misma esencia\",\"publisher\":{\"@id\":\"https:\/\/elojocojo.org\/#organization\"},\"potentialAction\":[{\"@type\":\"SearchAction\",\"target\":{\"@type\":\"EntryPoint\",\"urlTemplate\":\"https:\/\/elojocojo.org\/?s={search_term_string}\"},\"query-input\":{\"@type\":\"PropertyValueSpecification\",\"valueRequired\":true,\"valueName\":\"search_term_string\"}}],\"inLanguage\":\"es\"},{\"@type\":\"Organization\",\"@id\":\"https:\/\/elojocojo.org\/#organization\",\"name\":\"Meigas da r\u00faa\",\"url\":\"https:\/\/elojocojo.org\/\",\"logo\":{\"@type\":\"ImageObject\",\"inLanguage\":\"es\",\"@id\":\"https:\/\/elojocojo.org\/#\/schema\/logo\/image\/\",\"url\":\"https:\/\/meigasdarua.org\/wp-content\/uploads\/2020\/09\/cropped-logo-meigas-5.png\",\"contentUrl\":\"https:\/\/meigasdarua.org\/wp-content\/uploads\/2020\/09\/cropped-logo-meigas-5.png\",\"width\":109,\"height\":200,\"caption\":\"Meigas da r\u00faa\"},\"image\":{\"@id\":\"https:\/\/elojocojo.org\/#\/schema\/logo\/image\/\"},\"sameAs\":[\"https:\/\/www.facebook.com\/elojocojo\",\"https:\/\/x.com\/elojocojo\",\"https:\/\/www.instagram.com\/elojocojo\/?hl=es\",\"https:\/\/www.linkedin.com\/in\/el-ojo-cojo-b52b7769\/\",\"https:\/\/www.pinterest.es\/elojocojo\/_saved\/\",\"https:\/\/www.youtube.com\/channel\/UCkFtFTV0Bms7zH7vq8FZxZg\"]},{\"@type\":\"Person\",\"@id\":\"https:\/\/elojocojo.org\/#\/schema\/person\/cba15985dd5da095cac31c1ff0d6e23e\",\"name\":\"cojo\",\"url\":\"https:\/\/elojocojo.org\/author\/cojo\/\"}]}<\/script>\n<!-- \/ Yoast SEO plugin. -->","yoast_head_json":{"title":"Goran - el ojO cojo","description":"Documental Goran exhibido en la edici\u00f3n 2014 del Festival el ojO cojo. Pa\u00eds de origen, Serbia. Dirigido por Roberto Santaguida.","robots":{"index":"index","follow":"follow","max-snippet":"max-snippet:-1","max-image-preview":"max-image-preview:large","max-video-preview":"max-video-preview:-1"},"canonical":"https:\/\/elojocojo.org\/goran\/","og_locale":"es_ES","og_type":"article","og_title":"Goran - el ojO cojo","og_description":"Documental Goran exhibido en la edici\u00f3n 2014 del Festival el ojO cojo. Pa\u00eds de origen, Serbia. Dirigido por Roberto Santaguida.","og_url":"https:\/\/elojocojo.org\/goran\/","og_site_name":"el ojO cojo","article_publisher":"https:\/\/www.facebook.com\/elojocojo","article_published_time":"2014-05-10T22:40:08+00:00","article_modified_time":"2025-09-22T16:32:43+00:00","og_image":[{"width":640,"height":231,"url":"https:\/\/elojocojo.org\/wp-content\/uploads\/2014\/05\/Goran-e1747056961245-1.jpg","type":"image\/jpeg"}],"author":"cojo","twitter_card":"summary_large_image","twitter_creator":"@elojocojo","twitter_site":"@elojocojo","twitter_misc":{"Escrito por":"cojo","Tiempo de lectura":"1 minuto"},"schema":{"@context":"https:\/\/schema.org","@graph":[{"@type":"Article","@id":"https:\/\/elojocojo.org\/goran\/#article","isPartOf":{"@id":"https:\/\/elojocojo.org\/goran\/"},"author":{"name":"cojo","@id":"https:\/\/elojocojo.org\/#\/schema\/person\/cba15985dd5da095cac31c1ff0d6e23e"},"headline":"Goran","datePublished":"2014-05-10T22:40:08+00:00","dateModified":"2025-09-22T16:32:43+00:00","mainEntityOfPage":{"@id":"https:\/\/elojocojo.org\/goran\/"},"wordCount":422,"publisher":{"@id":"https:\/\/elojocojo.org\/#organization"},"image":{"@id":"https:\/\/elojocojo.org\/goran\/#primaryimage"},"thumbnailUrl":"https:\/\/elojocojo.org\/wp-content\/uploads\/2014\/05\/Goran-e1747056961245-1.jpg","keywords":["2014","afrodescendientes","Arte","cine","discriminaci\u00f3n","discriminaci\u00f3n sexual","Eslovaquia","estereotipos","festival de cine","interculturalidad","migraciones","observaci\u00f3n","ODS","Salud y bienestar","Serbia","vida cotidiana"],"articleSection":["Cortometraje","Documental","Festival 2014"],"inLanguage":"es"},{"@type":"WebPage","@id":"https:\/\/elojocojo.org\/goran\/","url":"https:\/\/elojocojo.org\/goran\/","name":"Goran - el ojO cojo","isPartOf":{"@id":"https:\/\/elojocojo.org\/#website"},"primaryImageOfPage":{"@id":"https:\/\/elojocojo.org\/goran\/#primaryimage"},"image":{"@id":"https:\/\/elojocojo.org\/goran\/#primaryimage"},"thumbnailUrl":"https:\/\/elojocojo.org\/wp-content\/uploads\/2014\/05\/Goran-e1747056961245-1.jpg","datePublished":"2014-05-10T22:40:08+00:00","dateModified":"2025-09-22T16:32:43+00:00","description":"Documental Goran exhibido en la edici\u00f3n 2014 del Festival el ojO cojo. Pa\u00eds de origen, Serbia. Dirigido por Roberto Santaguida.","breadcrumb":{"@id":"https:\/\/elojocojo.org\/goran\/#breadcrumb"},"inLanguage":"es","potentialAction":[{"@type":"ReadAction","target":["https:\/\/elojocojo.org\/goran\/"]}]},{"@type":"ImageObject","inLanguage":"es","@id":"https:\/\/elojocojo.org\/goran\/#primaryimage","url":"https:\/\/elojocojo.org\/wp-content\/uploads\/2014\/05\/Goran-e1747056961245-1.jpg","contentUrl":"https:\/\/elojocojo.org\/wp-content\/uploads\/2014\/05\/Goran-e1747056961245-1.jpg","width":640,"height":231,"caption":"Un hombre de espaldas, est\u00e1 caminando en una ciudad. La luz proviene de las farolas, que est\u00e1n encendidas en la noche."},{"@type":"BreadcrumbList","@id":"https:\/\/elojocojo.org\/goran\/#breadcrumb","itemListElement":[{"@type":"ListItem","position":1,"name":"Portada","item":"https:\/\/elojocojo.org\/"},{"@type":"ListItem","position":2,"name":"2014","item":"https:\/\/elojocojo.org\/tag\/2014\/"},{"@type":"ListItem","position":3,"name":"Goran"}]},{"@type":"WebSite","@id":"https:\/\/elojocojo.org\/#website","url":"https:\/\/elojocojo.org\/","name":"el ojO cojo","description":"Todos estamos hechos de la misma esencia","publisher":{"@id":"https:\/\/elojocojo.org\/#organization"},"potentialAction":[{"@type":"SearchAction","target":{"@type":"EntryPoint","urlTemplate":"https:\/\/elojocojo.org\/?s={search_term_string}"},"query-input":{"@type":"PropertyValueSpecification","valueRequired":true,"valueName":"search_term_string"}}],"inLanguage":"es"},{"@type":"Organization","@id":"https:\/\/elojocojo.org\/#organization","name":"Meigas da r\u00faa","url":"https:\/\/elojocojo.org\/","logo":{"@type":"ImageObject","inLanguage":"es","@id":"https:\/\/elojocojo.org\/#\/schema\/logo\/image\/","url":"https:\/\/meigasdarua.org\/wp-content\/uploads\/2020\/09\/cropped-logo-meigas-5.png","contentUrl":"https:\/\/meigasdarua.org\/wp-content\/uploads\/2020\/09\/cropped-logo-meigas-5.png","width":109,"height":200,"caption":"Meigas da r\u00faa"},"image":{"@id":"https:\/\/elojocojo.org\/#\/schema\/logo\/image\/"},"sameAs":["https:\/\/www.facebook.com\/elojocojo","https:\/\/x.com\/elojocojo","https:\/\/www.instagram.com\/elojocojo\/?hl=es","https:\/\/www.linkedin.com\/in\/el-ojo-cojo-b52b7769\/","https:\/\/www.pinterest.es\/elojocojo\/_saved\/","https:\/\/www.youtube.com\/channel\/UCkFtFTV0Bms7zH7vq8FZxZg"]},{"@type":"Person","@id":"https:\/\/elojocojo.org\/#\/schema\/person\/cba15985dd5da095cac31c1ff0d6e23e","name":"cojo","url":"https:\/\/elojocojo.org\/author\/cojo\/"}]}},"_links":{"self":[{"href":"https:\/\/elojocojo.org\/wp-json\/wp\/v2\/posts\/11871","targetHints":{"allow":["GET"]}}],"collection":[{"href":"https:\/\/elojocojo.org\/wp-json\/wp\/v2\/posts"}],"about":[{"href":"https:\/\/elojocojo.org\/wp-json\/wp\/v2\/types\/post"}],"author":[{"embeddable":true,"href":"https:\/\/elojocojo.org\/wp-json\/wp\/v2\/users\/11"}],"replies":[{"embeddable":true,"href":"https:\/\/elojocojo.org\/wp-json\/wp\/v2\/comments?post=11871"}],"version-history":[{"count":22,"href":"https:\/\/elojocojo.org\/wp-json\/wp\/v2\/posts\/11871\/revisions"}],"predecessor-version":[{"id":70505,"href":"https:\/\/elojocojo.org\/wp-json\/wp\/v2\/posts\/11871\/revisions\/70505"}],"wp:featuredmedia":[{"embeddable":true,"href":"https:\/\/elojocojo.org\/wp-json\/wp\/v2\/media\/63027"}],"wp:attachment":[{"href":"https:\/\/elojocojo.org\/wp-json\/wp\/v2\/media?parent=11871"}],"wp:term":[{"taxonomy":"category","embeddable":true,"href":"https:\/\/elojocojo.org\/wp-json\/wp\/v2\/categories?post=11871"},{"taxonomy":"post_tag","embeddable":true,"href":"https:\/\/elojocojo.org\/wp-json\/wp\/v2\/tags?post=11871"}],"curies":[{"name":"wp","href":"https:\/\/api.w.org\/{rel}","templated":true}]}}