{"id":11869,"date":"2014-05-10T15:35:51","date_gmt":"2014-05-10T22:35:51","guid":{"rendered":"http:\/\/www.elojocojo.org\/?p=11869"},"modified":"2025-09-30T18:54:43","modified_gmt":"2025-09-30T16:54:43","slug":"gitano","status":"publish","type":"post","link":"https:\/\/elojocojo.org\/gitano\/","title":{"rendered":"Gitano"},"content":{"rendered":"\n<figure class=\"wp-block-image size-full\"><img decoding=\"async\" src=\"https:\/\/elojocojo.org\/wp-content\/uploads\/2014\/05\/Gipsy.jpg\" alt=\"Imagen del filme Gitano\" class=\"wp-image-13544\"\/><\/figure>\n\n\n<p><iframe src=\"\/\/www.youtube.com\/embed\/pMQdqOJVDgg\" width=\"560\" height=\"315\" frameborder=\"0\" allowfullscreen=\"allowfullscreen\"><\/iframe><\/p>\n<p><strong>T\u00cdTULO EN ESPA\u00d1OL: Gitano<\/strong><\/p>\n<p><strong>T\u00cdTULO EN INGL\u00c9S: Gypsy<\/strong><\/p>\n<p><strong>A\u00d1O: 2013<\/strong><\/p>\n<p><strong>DIRECTOR:\u00a0David Bonneville\u00a0Heiko, L&#8217;Arc-en-Ciel, \u00c9den\u00a0<\/strong><\/p>\n<p><strong>G\u00c9NERO: Drama, Thriller<\/strong><\/p>\n<p><strong>DURACI\u00d3N: 18&#8242; 2\u00a8<\/strong><\/p>\n<p><strong>PA\u00cdS: Portugal<\/strong><\/p>\n<p><strong>FORMATO ORIGINAL: RED MX<\/strong><\/p>\n<p><strong>IDIOMA ORIGINAL: Portugu\u00e9s<\/strong><\/p>\n<p><strong>INT\u00c9RPRETES: Jaime freitas\u00a0Heiko, Apr\u00e9s Lui, L&#8217;Arc-en-Ciel\u00a0<\/strong><br \/><strong>Tiago Aldeia\u00a0Morangos com A\u00e7\u00facar, Esp\u00edrito Indom\u00e1vel\u00a0<\/strong><\/p>\n<p><strong>PRODUCCI\u00d3N: Fernando Vendrell\u00a0Belle \u00c9poque, The Hero, L&#8217;Arc-en-Ciel\u00a0<\/strong><\/p>\n<p><strong>GUI\u00d3N: David Bonneville\u00a0Heiko, L&#8217;Arc-en-Ciel, \u00c9den\u00a0<\/strong><\/p>\n<h4>Sinopsis<\/h4>\n<p>En general, \u00abGitano\u00bb cuenta el choque cultural que se produce entre Sebasti\u00e1n y Z\u00e9-T\u00f3. Es decir, el choque entre un joven adinerado y un gitano. Asimismo, tras pinchar una rueda, Sebasti\u00e1n acepta a rega\u00f1adientes la ayuda de Z\u00e9-T\u00f3 para cambiar la rueda del coche. Por ello, a cambio, el gitano solo le pide que lo acerque a casa.<\/p>\n<p>Sin embargo, ocurre una transformaci\u00f3n inesperada.<\/p>\n<p>As\u00ed, durante el viaje, la hostilidad prevalece hasta que ambos consumen marihuana. Es entonces cuando cambia completamente el rumbo. En resumen, a partir de ese momento, el destino toma un giro impredecible y sorprendente.<\/p>\n<h4><strong>\u00a0<\/strong><strong>Palmar\u00e9s<\/strong><\/h4>\n<ul>\n<li>CURTAS VILA DO CONDE International Film Festival<\/li>\n<\/ul>\n<p>Vila do Conde (June 15, 2013): Best Short Film nominee<\/p>\n<ul>\n<li>KOLKATA Shorts International Film Festival<\/li>\n<\/ul>\n<p>Calcutta (August 24, 2013): Best Film nominee<\/p>\n<ul>\n<li>Locarno Film Festival<\/li>\n<\/ul>\n<p>Switzerland (August 12, 2013): International Premiere<\/p>\n<ul>\n<li>Bristol Encounters International Film Festival<\/li>\n<\/ul>\n<p>UK (September 19, 2013): Best International Short nominee<\/p>\n<ul>\n<li>Adana Golden Boll Film Festival<\/li>\n<\/ul>\n<p>Turkey (September 20, 2013): Nominated for Best short<\/p>\n<ul>\n<li>Hamptons International Film Festival<\/li>\n<\/ul>\n<p>New York, USA (October 12, 2013): One of the 5 Golden Starfish Award nominee<\/p>\n<ul>\n<li>Cork Film festival<\/li>\n<\/ul>\n<p>Ireland (November 14, 2013): Nominated Best Short<\/p>\n<ul>\n<li>Leuven International Short Film Festival<\/li>\n<\/ul>\n<p>Belguim (December 4, 2013): Nominated for Best Short Film Award<\/p>\n<ul>\n<li>London Short Film Festival<\/li>\n<\/ul>\n<p>UK (January 12, 2014): Best International nominee<\/p>\n<ul>\n<li>Tampere Film Festival<\/li>\n<\/ul>\n<p>Finland (March 6, 2013): Nominated Best Short<\/p>\n<ul>\n<li>SXSW South by Southwest Film Festival<\/li>\n<\/ul>\n<p>Austin, Texas, USA (March 11, 2014): Grand Jury Award nominee<\/p>\n<ul>\n<li>Guadalajara International Film Festival<\/li>\n<\/ul>\n<p>M\u00e9xico (March 21, 2014): Iberoamerican Short nominee<\/p>\n<ul>\n<li>Cinerama BC International Film Festival<\/li>\n<\/ul>\n<p>Brazil (April 6, 2014): Best Short nominee<\/p>\n<ul>\n<li>City Cinema International Film Festival<\/li>\n<\/ul>\n<p>Serbia (June 21, 2014): Best of short films<\/p>\n<ul>\n<li>Festival of Nations<\/li>\n<\/ul>\n<p>Austria (June 6, 2014): Best Short Nominee<\/p>\n<ul>\n<li>CANNES COURT M\u00c9TRAGE, FESTIVAL de CANNES<\/li>\n<\/ul>\n<p>France: International Programmers Coup de Coeur distinction<\/p>\n\n\n<p>El filme&nbsp;Gitano&nbsp;particip\u00f3 en la edici\u00f3n&nbsp;<strong><a href=\"https:\/\/elojocojo.org\/bienvenida\/festivalelojocojo\/edicion-festival-2014\/\">2014<\/a><\/strong>&nbsp;del <strong><a href=\"https:\/\/elojocojo.org\/bienvenida\/festivalelojocojo\/\">Festival de cine el ojO cojo<\/a><\/strong> en ese sentido nos sentimos honrados de haberla exhibido.<\/p>\n\n\n\n<p>Visita nuestro <a href=\"https:\/\/el-ojocojo.blogspot.com\/\">blog<\/a><\/p>\n","protected":false},"excerpt":{"rendered":"<p>T\u00cdTULO EN ESPA\u00d1OL: Gitano T\u00cdTULO EN INGL\u00c9S: Gypsy A\u00d1O: 2013 DIRECTOR:\u00a0David Bonneville\u00a0Heiko, L&#8217;Arc-en-Ciel, \u00c9den\u00a0 G\u00c9NERO: Drama, Thriller DURACI\u00d3N: 18&#8242; 2\u00a8 PA\u00cdS: Portugal FORMATO ORIGINAL: RED MX IDIOMA ORIGINAL: Portugu\u00e9s INT\u00c9RPRETES: Jaime freitas\u00a0Heiko, Apr\u00e9s Lui, L&#8217;Arc-en-Ciel\u00a0Tiago Aldeia\u00a0Morangos com A\u00e7\u00facar, Esp\u00edrito Indom\u00e1vel\u00a0 PRODUCCI\u00d3N: Fernando Vendrell\u00a0Belle \u00c9poque, The Hero, L&#8217;Arc-en-Ciel\u00a0 GUI\u00d3N: David Bonneville\u00a0Heiko, L&#8217;Arc-en-Ciel, \u00c9den\u00a0 Sinopsis En general, [&hellip;]<\/p>\n","protected":false},"author":11,"featured_media":13544,"comment_status":"closed","ping_status":"closed","sticky":false,"template":"","format":"standard","meta":{"_monsterinsights_skip_tracking":false,"_monsterinsights_sitenote_active":false,"_monsterinsights_sitenote_note":"","_monsterinsights_sitenote_category":0,"footnotes":""},"categories":[1460,991,7,30],"tags":[1999,19,895,614,1774,1779,881,26,1272,892,1737,2117,2119,2391,15,1981,1982,1628,1790,1457,2118,998,1019,1526,63],"class_list":{"0":"post-11869","1":"post","2":"type-post","3":"status-publish","4":"format-standard","5":"has-post-thumbnail","7":"category-cortometraje","8":"category-drama","9":"category-festival-2014","10":"category-ficcion","11":"tag-1999","12":"tag-activismo-cultural","13":"tag-adolescentes","14":"tag-austria","15":"tag-choque-cultural","16":"tag-cultura","17":"tag-desplazados","18":"tag-discriminacion","19":"tag-discriminacion-sexual","20":"tag-diversidad-cultural","21":"tag-drama","22":"tag-eeuu","23":"tag-espanol","24":"tag-espaol","25":"tag-familia","26":"tag-festival-de-cine","27":"tag-festival-el-ojo-cojo","28":"tag-ficcion","29":"tag-gitanos","30":"tag-inglaterra","31":"tag-ingles","32":"tag-interculturalidad","33":"tag-irlanda","34":"tag-portugal","35":"tag-pueblos-originarios","36":"czr-hentry"},"yoast_head":"<!-- This site is optimized with the Yoast SEO plugin v27.1.1 - https:\/\/yoast.com\/product\/yoast-seo-wordpress\/ -->\n<title>Gitano - el ojO cojo<\/title>\n<meta name=\"description\" content=\"Cortometraje Gitano exhibido en la edici\u00f3n 2014 del Festival el ojO cojo. Portugal. Dirigido por David Bonneville Heiko, L&#039;Arc-en-Ciel, \u00c9den.\" \/>\n<meta name=\"robots\" content=\"index, follow, max-snippet:-1, max-image-preview:large, max-video-preview:-1\" \/>\n<link rel=\"canonical\" href=\"https:\/\/elojocojo.org\/gitano\/\" \/>\n<meta property=\"og:locale\" content=\"es_ES\" \/>\n<meta property=\"og:type\" content=\"article\" \/>\n<meta property=\"og:title\" content=\"Gitano - el ojO cojo\" \/>\n<meta property=\"og:description\" content=\"Cortometraje Gitano exhibido en la edici\u00f3n 2014 del Festival el ojO cojo. Portugal. Dirigido por David Bonneville Heiko, L&#039;Arc-en-Ciel, \u00c9den.\" \/>\n<meta property=\"og:url\" content=\"https:\/\/elojocojo.org\/gitano\/\" \/>\n<meta property=\"og:site_name\" content=\"el ojO cojo\" \/>\n<meta property=\"article:publisher\" content=\"https:\/\/www.facebook.com\/elojocojo\" \/>\n<meta property=\"article:published_time\" content=\"2014-05-10T22:35:51+00:00\" \/>\n<meta property=\"article:modified_time\" content=\"2025-09-30T16:54:43+00:00\" \/>\n<meta property=\"og:image\" content=\"https:\/\/elojocojo.org\/wp-content\/uploads\/2014\/05\/Gipsy.jpg\" \/>\n\t<meta property=\"og:image:width\" content=\"1\" \/>\n\t<meta property=\"og:image:height\" content=\"1\" \/>\n\t<meta property=\"og:image:type\" content=\"image\/jpeg\" \/>\n<meta name=\"author\" content=\"cojo\" \/>\n<meta name=\"twitter:card\" content=\"summary_large_image\" \/>\n<meta name=\"twitter:creator\" content=\"@elojocojo\" \/>\n<meta name=\"twitter:site\" content=\"@elojocojo\" \/>\n<meta name=\"twitter:label1\" content=\"Escrito por\" \/>\n\t<meta name=\"twitter:data1\" content=\"cojo\" \/>\n\t<meta name=\"twitter:label2\" content=\"Tiempo de lectura\" \/>\n\t<meta name=\"twitter:data2\" content=\"2 minutos\" \/>\n<script type=\"application\/ld+json\" class=\"yoast-schema-graph\">{\"@context\":\"https:\/\/schema.org\",\"@graph\":[{\"@type\":\"Article\",\"@id\":\"https:\/\/elojocojo.org\/gitano\/#article\",\"isPartOf\":{\"@id\":\"https:\/\/elojocojo.org\/gitano\/\"},\"author\":{\"name\":\"cojo\",\"@id\":\"https:\/\/elojocojo.org\/#\/schema\/person\/cba15985dd5da095cac31c1ff0d6e23e\"},\"headline\":\"Gitano\",\"datePublished\":\"2014-05-10T22:35:51+00:00\",\"dateModified\":\"2025-09-30T16:54:43+00:00\",\"mainEntityOfPage\":{\"@id\":\"https:\/\/elojocojo.org\/gitano\/\"},\"wordCount\":389,\"publisher\":{\"@id\":\"https:\/\/elojocojo.org\/#organization\"},\"image\":{\"@id\":\"https:\/\/elojocojo.org\/gitano\/#primaryimage\"},\"thumbnailUrl\":\"https:\/\/elojocojo.org\/wp-content\/uploads\/2014\/05\/Gipsy.jpg\",\"keywords\":[\"2014\",\"activismo cultural\",\"Adolescentes\",\"Austria\",\"choque cultural\",\"cultura\",\"Desplazados\",\"discriminaci\u00f3n\",\"discriminaci\u00f3n sexual\",\"diversidad cultural\",\"drama\",\"EEUU\",\"espa\u00f1ol\",\"espa\u00b1ol\",\"familia\",\"festival de cine\",\"Festival el Ojo cojo\",\"ficci\u00f3n\",\"gitanos\",\"Inglaterra\",\"ingl\u00e9s\",\"interculturalidad\",\"Irlanda\",\"Portugal\",\"pueblos originarios\"],\"articleSection\":[\"Cortometraje\",\"Drama\",\"Festival 2014\",\"Ficci\u00f3n\"],\"inLanguage\":\"es\"},{\"@type\":\"WebPage\",\"@id\":\"https:\/\/elojocojo.org\/gitano\/\",\"url\":\"https:\/\/elojocojo.org\/gitano\/\",\"name\":\"Gitano - el ojO cojo\",\"isPartOf\":{\"@id\":\"https:\/\/elojocojo.org\/#website\"},\"primaryImageOfPage\":{\"@id\":\"https:\/\/elojocojo.org\/gitano\/#primaryimage\"},\"image\":{\"@id\":\"https:\/\/elojocojo.org\/gitano\/#primaryimage\"},\"thumbnailUrl\":\"https:\/\/elojocojo.org\/wp-content\/uploads\/2014\/05\/Gipsy.jpg\",\"datePublished\":\"2014-05-10T22:35:51+00:00\",\"dateModified\":\"2025-09-30T16:54:43+00:00\",\"description\":\"Cortometraje Gitano exhibido en la edici\u00f3n 2014 del Festival el ojO cojo. Portugal. Dirigido por David Bonneville Heiko, L'Arc-en-Ciel, \u00c9den.\",\"breadcrumb\":{\"@id\":\"https:\/\/elojocojo.org\/gitano\/#breadcrumb\"},\"inLanguage\":\"es\",\"potentialAction\":[{\"@type\":\"ReadAction\",\"target\":[\"https:\/\/elojocojo.org\/gitano\/\"]}]},{\"@type\":\"ImageObject\",\"inLanguage\":\"es\",\"@id\":\"https:\/\/elojocojo.org\/gitano\/#primaryimage\",\"url\":\"https:\/\/elojocojo.org\/wp-content\/uploads\/2014\/05\/Gipsy.jpg\",\"contentUrl\":\"https:\/\/elojocojo.org\/wp-content\/uploads\/2014\/05\/Gipsy.jpg\",\"caption\":\"Imagen del filme Gitano\"},{\"@type\":\"BreadcrumbList\",\"@id\":\"https:\/\/elojocojo.org\/gitano\/#breadcrumb\",\"itemListElement\":[{\"@type\":\"ListItem\",\"position\":1,\"name\":\"Portada\",\"item\":\"https:\/\/elojocojo.org\/\"},{\"@type\":\"ListItem\",\"position\":2,\"name\":\"2014\",\"item\":\"https:\/\/elojocojo.org\/tag\/2014\/\"},{\"@type\":\"ListItem\",\"position\":3,\"name\":\"Gitano\"}]},{\"@type\":\"WebSite\",\"@id\":\"https:\/\/elojocojo.org\/#website\",\"url\":\"https:\/\/elojocojo.org\/\",\"name\":\"el ojO cojo\",\"description\":\"Todos estamos hechos de la misma esencia\",\"publisher\":{\"@id\":\"https:\/\/elojocojo.org\/#organization\"},\"potentialAction\":[{\"@type\":\"SearchAction\",\"target\":{\"@type\":\"EntryPoint\",\"urlTemplate\":\"https:\/\/elojocojo.org\/?s={search_term_string}\"},\"query-input\":{\"@type\":\"PropertyValueSpecification\",\"valueRequired\":true,\"valueName\":\"search_term_string\"}}],\"inLanguage\":\"es\"},{\"@type\":\"Organization\",\"@id\":\"https:\/\/elojocojo.org\/#organization\",\"name\":\"Meigas da r\u00faa\",\"url\":\"https:\/\/elojocojo.org\/\",\"logo\":{\"@type\":\"ImageObject\",\"inLanguage\":\"es\",\"@id\":\"https:\/\/elojocojo.org\/#\/schema\/logo\/image\/\",\"url\":\"https:\/\/meigasdarua.org\/wp-content\/uploads\/2020\/09\/cropped-logo-meigas-5.png\",\"contentUrl\":\"https:\/\/meigasdarua.org\/wp-content\/uploads\/2020\/09\/cropped-logo-meigas-5.png\",\"width\":109,\"height\":200,\"caption\":\"Meigas da r\u00faa\"},\"image\":{\"@id\":\"https:\/\/elojocojo.org\/#\/schema\/logo\/image\/\"},\"sameAs\":[\"https:\/\/www.facebook.com\/elojocojo\",\"https:\/\/x.com\/elojocojo\",\"https:\/\/www.instagram.com\/elojocojo\/?hl=es\",\"https:\/\/www.linkedin.com\/in\/el-ojo-cojo-b52b7769\/\",\"https:\/\/www.pinterest.es\/elojocojo\/_saved\/\",\"https:\/\/www.youtube.com\/channel\/UCkFtFTV0Bms7zH7vq8FZxZg\"]},{\"@type\":\"Person\",\"@id\":\"https:\/\/elojocojo.org\/#\/schema\/person\/cba15985dd5da095cac31c1ff0d6e23e\",\"name\":\"cojo\",\"url\":\"https:\/\/elojocojo.org\/author\/cojo\/\"}]}<\/script>\n<!-- \/ Yoast SEO plugin. -->","yoast_head_json":{"title":"Gitano - el ojO cojo","description":"Cortometraje Gitano exhibido en la edici\u00f3n 2014 del Festival el ojO cojo. Portugal. Dirigido por David Bonneville Heiko, L'Arc-en-Ciel, \u00c9den.","robots":{"index":"index","follow":"follow","max-snippet":"max-snippet:-1","max-image-preview":"max-image-preview:large","max-video-preview":"max-video-preview:-1"},"canonical":"https:\/\/elojocojo.org\/gitano\/","og_locale":"es_ES","og_type":"article","og_title":"Gitano - el ojO cojo","og_description":"Cortometraje Gitano exhibido en la edici\u00f3n 2014 del Festival el ojO cojo. Portugal. Dirigido por David Bonneville Heiko, L'Arc-en-Ciel, \u00c9den.","og_url":"https:\/\/elojocojo.org\/gitano\/","og_site_name":"el ojO cojo","article_publisher":"https:\/\/www.facebook.com\/elojocojo","article_published_time":"2014-05-10T22:35:51+00:00","article_modified_time":"2025-09-30T16:54:43+00:00","og_image":[{"url":"https:\/\/elojocojo.org\/wp-content\/uploads\/2014\/05\/Gipsy.jpg","width":1,"height":1,"type":"image\/jpeg"}],"author":"cojo","twitter_card":"summary_large_image","twitter_creator":"@elojocojo","twitter_site":"@elojocojo","twitter_misc":{"Escrito por":"cojo","Tiempo de lectura":"2 minutos"},"schema":{"@context":"https:\/\/schema.org","@graph":[{"@type":"Article","@id":"https:\/\/elojocojo.org\/gitano\/#article","isPartOf":{"@id":"https:\/\/elojocojo.org\/gitano\/"},"author":{"name":"cojo","@id":"https:\/\/elojocojo.org\/#\/schema\/person\/cba15985dd5da095cac31c1ff0d6e23e"},"headline":"Gitano","datePublished":"2014-05-10T22:35:51+00:00","dateModified":"2025-09-30T16:54:43+00:00","mainEntityOfPage":{"@id":"https:\/\/elojocojo.org\/gitano\/"},"wordCount":389,"publisher":{"@id":"https:\/\/elojocojo.org\/#organization"},"image":{"@id":"https:\/\/elojocojo.org\/gitano\/#primaryimage"},"thumbnailUrl":"https:\/\/elojocojo.org\/wp-content\/uploads\/2014\/05\/Gipsy.jpg","keywords":["2014","activismo cultural","Adolescentes","Austria","choque cultural","cultura","Desplazados","discriminaci\u00f3n","discriminaci\u00f3n sexual","diversidad cultural","drama","EEUU","espa\u00f1ol","espa\u00b1ol","familia","festival de cine","Festival el Ojo cojo","ficci\u00f3n","gitanos","Inglaterra","ingl\u00e9s","interculturalidad","Irlanda","Portugal","pueblos originarios"],"articleSection":["Cortometraje","Drama","Festival 2014","Ficci\u00f3n"],"inLanguage":"es"},{"@type":"WebPage","@id":"https:\/\/elojocojo.org\/gitano\/","url":"https:\/\/elojocojo.org\/gitano\/","name":"Gitano - el ojO cojo","isPartOf":{"@id":"https:\/\/elojocojo.org\/#website"},"primaryImageOfPage":{"@id":"https:\/\/elojocojo.org\/gitano\/#primaryimage"},"image":{"@id":"https:\/\/elojocojo.org\/gitano\/#primaryimage"},"thumbnailUrl":"https:\/\/elojocojo.org\/wp-content\/uploads\/2014\/05\/Gipsy.jpg","datePublished":"2014-05-10T22:35:51+00:00","dateModified":"2025-09-30T16:54:43+00:00","description":"Cortometraje Gitano exhibido en la edici\u00f3n 2014 del Festival el ojO cojo. Portugal. Dirigido por David Bonneville Heiko, L'Arc-en-Ciel, \u00c9den.","breadcrumb":{"@id":"https:\/\/elojocojo.org\/gitano\/#breadcrumb"},"inLanguage":"es","potentialAction":[{"@type":"ReadAction","target":["https:\/\/elojocojo.org\/gitano\/"]}]},{"@type":"ImageObject","inLanguage":"es","@id":"https:\/\/elojocojo.org\/gitano\/#primaryimage","url":"https:\/\/elojocojo.org\/wp-content\/uploads\/2014\/05\/Gipsy.jpg","contentUrl":"https:\/\/elojocojo.org\/wp-content\/uploads\/2014\/05\/Gipsy.jpg","caption":"Imagen del filme Gitano"},{"@type":"BreadcrumbList","@id":"https:\/\/elojocojo.org\/gitano\/#breadcrumb","itemListElement":[{"@type":"ListItem","position":1,"name":"Portada","item":"https:\/\/elojocojo.org\/"},{"@type":"ListItem","position":2,"name":"2014","item":"https:\/\/elojocojo.org\/tag\/2014\/"},{"@type":"ListItem","position":3,"name":"Gitano"}]},{"@type":"WebSite","@id":"https:\/\/elojocojo.org\/#website","url":"https:\/\/elojocojo.org\/","name":"el ojO cojo","description":"Todos estamos hechos de la misma esencia","publisher":{"@id":"https:\/\/elojocojo.org\/#organization"},"potentialAction":[{"@type":"SearchAction","target":{"@type":"EntryPoint","urlTemplate":"https:\/\/elojocojo.org\/?s={search_term_string}"},"query-input":{"@type":"PropertyValueSpecification","valueRequired":true,"valueName":"search_term_string"}}],"inLanguage":"es"},{"@type":"Organization","@id":"https:\/\/elojocojo.org\/#organization","name":"Meigas da r\u00faa","url":"https:\/\/elojocojo.org\/","logo":{"@type":"ImageObject","inLanguage":"es","@id":"https:\/\/elojocojo.org\/#\/schema\/logo\/image\/","url":"https:\/\/meigasdarua.org\/wp-content\/uploads\/2020\/09\/cropped-logo-meigas-5.png","contentUrl":"https:\/\/meigasdarua.org\/wp-content\/uploads\/2020\/09\/cropped-logo-meigas-5.png","width":109,"height":200,"caption":"Meigas da r\u00faa"},"image":{"@id":"https:\/\/elojocojo.org\/#\/schema\/logo\/image\/"},"sameAs":["https:\/\/www.facebook.com\/elojocojo","https:\/\/x.com\/elojocojo","https:\/\/www.instagram.com\/elojocojo\/?hl=es","https:\/\/www.linkedin.com\/in\/el-ojo-cojo-b52b7769\/","https:\/\/www.pinterest.es\/elojocojo\/_saved\/","https:\/\/www.youtube.com\/channel\/UCkFtFTV0Bms7zH7vq8FZxZg"]},{"@type":"Person","@id":"https:\/\/elojocojo.org\/#\/schema\/person\/cba15985dd5da095cac31c1ff0d6e23e","name":"cojo","url":"https:\/\/elojocojo.org\/author\/cojo\/"}]}},"_links":{"self":[{"href":"https:\/\/elojocojo.org\/wp-json\/wp\/v2\/posts\/11869","targetHints":{"allow":["GET"]}}],"collection":[{"href":"https:\/\/elojocojo.org\/wp-json\/wp\/v2\/posts"}],"about":[{"href":"https:\/\/elojocojo.org\/wp-json\/wp\/v2\/types\/post"}],"author":[{"embeddable":true,"href":"https:\/\/elojocojo.org\/wp-json\/wp\/v2\/users\/11"}],"replies":[{"embeddable":true,"href":"https:\/\/elojocojo.org\/wp-json\/wp\/v2\/comments?post=11869"}],"version-history":[{"count":6,"href":"https:\/\/elojocojo.org\/wp-json\/wp\/v2\/posts\/11869\/revisions"}],"predecessor-version":[{"id":54325,"href":"https:\/\/elojocojo.org\/wp-json\/wp\/v2\/posts\/11869\/revisions\/54325"}],"wp:featuredmedia":[{"embeddable":true,"href":"https:\/\/elojocojo.org\/wp-json\/wp\/v2\/media\/13544"}],"wp:attachment":[{"href":"https:\/\/elojocojo.org\/wp-json\/wp\/v2\/media?parent=11869"}],"wp:term":[{"taxonomy":"category","embeddable":true,"href":"https:\/\/elojocojo.org\/wp-json\/wp\/v2\/categories?post=11869"},{"taxonomy":"post_tag","embeddable":true,"href":"https:\/\/elojocojo.org\/wp-json\/wp\/v2\/tags?post=11869"}],"curies":[{"name":"wp","href":"https:\/\/api.w.org\/{rel}","templated":true}]}}