{"id":11859,"date":"2023-07-12T18:54:08","date_gmt":"2023-07-12T16:54:08","guid":{"rendered":"http:\/\/www.elojocojo.org\/?p=11859"},"modified":"2025-09-25T17:30:14","modified_gmt":"2025-09-25T15:30:14","slug":"el-robo","status":"publish","type":"post","link":"https:\/\/elojocojo.org\/el-robo\/","title":{"rendered":"El Robo"},"content":{"rendered":"<p><iframe title=\"Drown by Mohammad Kart - Official Trailer\" width=\"1140\" height=\"641\" src=\"https:\/\/www.youtube.com\/embed\/WR3Kbc6-GzQ?feature=oembed\" frameborder=\"0\" allow=\"accelerometer; autoplay; clipboard-write; encrypted-media; gyroscope; picture-in-picture; web-share\" referrerpolicy=\"strict-origin-when-cross-origin\" allowfullscreen><\/iframe><\/p>\n\n\n<p><strong>T\u00cdTULO: El Robo<br \/><\/strong><\/p>\n\n\n\n<p><strong>T\u00cdTULO ORIGINAL: The Theft<\/strong><\/p>\n\n\n\n<p><strong>A\u00d1O: 2013<\/strong><\/p>\n\n\n\n<p><strong>DIRECTOR: Mohammad Farahani<\/strong><\/p>\n\n\n\n<p><strong>G\u00c9NERO: Drama<br \/><\/strong><\/p>\n\n\n\n<p><strong>DURACI\u00d3N:00:05:04<\/strong><\/p>\n\n\n\n<p><strong>PA\u00cdS: <\/strong>Ir\u00e1n<\/p>\n\n\n\n<p><strong>IDIOMA ORIGINAL: <\/strong>Iran\u00ed<\/p>\n\n\n\n<p><strong>INT\u00c9RPRETES: <\/strong>Reyhane&nbsp;Salamat&nbsp;<\/p>\n\n\n\n<p><strong>PRODUCCI\u00d3N: <\/strong>Mohammad Farahani<\/p>\n\n\n\n<p><strong>GUI\u00d3N: <\/strong>Mohammad Farahani<\/p>\n\n\n\n<p><strong>Sinopsis<\/strong><\/p>\n\n\n\n<p>Una anciana ha cometido un robo y quiz\u00e1s no\u2026<\/p>\n\n\n<h4>SOBRE EL DIRECTOR:<\/h4>\n<p>Mohammad Farahani es un director y guionista reconocido por su trabajo en el cine. A trav\u00e9s de 11 frases de transici\u00f3n, exploraremos su trayectoria y su contribuci\u00f3n a la industria cinematogr\u00e1fica.<\/p>\n<p>Desde sus primeras incursiones en el cine, Mohammad Farahani ha demostrado su habilidad para contar historias cautivadoras y provocativas. Su enfoque narrativo se caracteriza por su estilo \u00fanico y su capacidad para explorar temas profundos y contempor\u00e1neos.\u00a0 Farahani ha recibido elogios por su enfoque aut\u00e9ntico y realista, que se refleja en la profundidad de sus personajes y en las situaciones que retrata.\u00a0 Su visi\u00f3n art\u00edstica abarca diferentes g\u00e9neros, desde dramas intensos hasta comedias sat\u00edricas, mostrando su versatilidad como director y guionista.<\/p>\n<p>Las pel\u00edculas de Farahani a menudo abordan cuestiones sociales y pol\u00edticas, ofreciendo una cr\u00edtica reflexiva de la sociedad y la condici\u00f3n humana.\u00a0 Sus historias est\u00e1n impregnadas de una sensibilidad \u00fanica, capturando la complejidad de las relaciones humanas y las emociones m\u00e1s profundas.\u00a0 Farahani ha sido reconocido en festivales internacionales por su narrativa innovadora y su capacidad para conectar con el p\u00fablico en un nivel emocional.<\/p>\n<p>A trav\u00e9s de su trabajo, ha dejado una marca distintiva en la cinematograf\u00eda contempor\u00e1nea, desafiando convenciones y explorando nuevas formas de contar historias.\u00a0 Sus pel\u00edculas han despertado debates y reflexiones en la audiencia, generando di\u00e1logos sobre temas importantes y relevantes.<\/p>\n\n\n<p><strong>&nbsp;<\/strong><strong>Palmar\u00e9s<\/strong><\/p>\n\n\n\n<ul class=\"wp-block-list\">\n<li>Media Wave film festival\/ Hungary\/ Best photography<\/li>\n\n\n\n<li>Best Student Short Film<\/li>\n\n\n\n<li>Silk Road Film Festival\/ Ireland\/ 2th Best short film<\/li>\n<\/ul>\n\n\n\n<p>El filme&nbsp;particip\u00f3 en la edici\u00f3n&nbsp;<strong>2016<\/strong>&nbsp;del <a href=\"https:\/\/elojocojo.org\/category\/festival-2016\/\"><strong>Festival de cine el ojO cojo<\/strong> <\/a>en ese sentido nos sentimos honrados de haberla exhibido.<\/p>\n\n\n\n<p>Visita nuestro<em><a href=\"https:\/\/el-ojocojo.blogspot.com\/\"> blog <\/a><\/em><\/p>\n","protected":false},"excerpt":{"rendered":"<p>T\u00cdTULO: El Robo T\u00cdTULO ORIGINAL: The Theft A\u00d1O: 2013 DIRECTOR: Mohammad Farahani G\u00c9NERO: Drama DURACI\u00d3N:00:05:04 PA\u00cdS: Ir\u00e1n IDIOMA ORIGINAL: Iran\u00ed INT\u00c9RPRETES: Reyhane&nbsp;Salamat&nbsp; PRODUCCI\u00d3N: Mohammad Farahani GUI\u00d3N: Mohammad Farahani Sinopsis Una anciana ha cometido un robo y quiz\u00e1s no\u2026 SOBRE EL DIRECTOR: Mohammad Farahani es un director y guionista reconocido por su trabajo en el cine. [&hellip;]<\/p>\n","protected":false},"author":73,"featured_media":52744,"comment_status":"closed","ping_status":"closed","sticky":false,"template":"","format":"standard","meta":{"_monsterinsights_skip_tracking":false,"_monsterinsights_sitenote_active":false,"_monsterinsights_sitenote_note":"","_monsterinsights_sitenote_category":0,"footnotes":""},"categories":[1460,991,7,30],"tags":[1999,895,2077,75,970,1810,1737,1981,1982,1628,1092,1760,878,379,128,1712,922,73],"class_list":{"0":"post-11859","1":"post","2":"type-post","3":"status-publish","4":"format-standard","5":"has-post-thumbnail","7":"category-cortometraje","8":"category-drama","9":"category-festival-2014","10":"category-ficcion","11":"tag-1999","12":"tag-adolescentes","13":"tag-adultos-mayores","14":"tag-asia","15":"tag-comedia","16":"tag-dialogo","17":"tag-drama","18":"tag-festival-de-cine","19":"tag-festival-el-ojo-cojo","20":"tag-ficcion","21":"tag-fin-de-la-pobreza","22":"tag-genero","23":"tag-historia","24":"tag-iran","25":"tag-ninos","26":"tag-peliculas-para-adolescentes","27":"tag-peliculas-para-ninos","28":"tag-tercera-edad","29":"czr-hentry"},"yoast_head":"<!-- This site is optimized with the Yoast SEO plugin v27.1.1 - https:\/\/yoast.com\/product\/yoast-seo-wordpress\/ -->\n<title>El Robo - el ojO cojo<\/title>\n<meta name=\"description\" content=\"Cortometraje El Robo exhibido en la edici\u00f3n 2014 del Festival el ojO cojo. Pa\u00eds de origen, Ir\u00e1n. Dirigido por Mohammad Farahani.\" \/>\n<meta name=\"robots\" content=\"index, follow, max-snippet:-1, max-image-preview:large, max-video-preview:-1\" \/>\n<link rel=\"canonical\" href=\"https:\/\/elojocojo.org\/el-robo\/\" \/>\n<meta property=\"og:locale\" content=\"es_ES\" \/>\n<meta property=\"og:type\" content=\"article\" \/>\n<meta property=\"og:title\" content=\"El Robo - el ojO cojo\" \/>\n<meta property=\"og:description\" content=\"Cortometraje El Robo exhibido en la edici\u00f3n 2014 del Festival el ojO cojo. Pa\u00eds de origen, Ir\u00e1n. Dirigido por Mohammad Farahani.\" \/>\n<meta property=\"og:url\" content=\"https:\/\/elojocojo.org\/el-robo\/\" \/>\n<meta property=\"og:site_name\" content=\"el ojO cojo\" \/>\n<meta property=\"article:publisher\" content=\"https:\/\/www.facebook.com\/elojocojo\" \/>\n<meta property=\"article:published_time\" content=\"2023-07-12T16:54:08+00:00\" \/>\n<meta property=\"article:modified_time\" content=\"2025-09-25T15:30:14+00:00\" \/>\n<meta property=\"og:image\" content=\"https:\/\/elojocojo.org\/wp-content\/uploads\/2023\/07\/Nonna_F1.jpg\" \/>\n\t<meta property=\"og:image:width\" content=\"924\" \/>\n\t<meta property=\"og:image:height\" content=\"924\" \/>\n\t<meta property=\"og:image:type\" content=\"image\/jpeg\" \/>\n<meta name=\"author\" content=\"Pastora Laguna\" \/>\n<meta name=\"twitter:card\" content=\"summary_large_image\" \/>\n<meta name=\"twitter:creator\" content=\"@elojocojo\" \/>\n<meta name=\"twitter:site\" content=\"@elojocojo\" \/>\n<meta name=\"twitter:label1\" content=\"Escrito por\" \/>\n\t<meta name=\"twitter:data1\" content=\"Pastora Laguna\" \/>\n\t<meta name=\"twitter:label2\" content=\"Tiempo de lectura\" \/>\n\t<meta name=\"twitter:data2\" content=\"1 minuto\" \/>\n<script type=\"application\/ld+json\" class=\"yoast-schema-graph\">{\"@context\":\"https:\/\/schema.org\",\"@graph\":[{\"@type\":\"Article\",\"@id\":\"https:\/\/elojocojo.org\/el-robo\/#article\",\"isPartOf\":{\"@id\":\"https:\/\/elojocojo.org\/el-robo\/\"},\"author\":{\"name\":\"Pastora Laguna\",\"@id\":\"https:\/\/elojocojo.org\/#\/schema\/person\/0eebd75cb4d855e3f2b18abd9f7b9876\"},\"headline\":\"El Robo\",\"datePublished\":\"2023-07-12T16:54:08+00:00\",\"dateModified\":\"2025-09-25T15:30:14+00:00\",\"mainEntityOfPage\":{\"@id\":\"https:\/\/elojocojo.org\/el-robo\/\"},\"wordCount\":352,\"publisher\":{\"@id\":\"https:\/\/elojocojo.org\/#organization\"},\"image\":{\"@id\":\"https:\/\/elojocojo.org\/el-robo\/#primaryimage\"},\"thumbnailUrl\":\"https:\/\/elojocojo.org\/wp-content\/uploads\/2023\/07\/Nonna_F1.jpg\",\"keywords\":[\"2014\",\"Adolescentes\",\"adultos mayores\",\"Asia\",\"comedia\",\"di\u00e1logo\",\"drama\",\"festival de cine\",\"Festival el Ojo cojo\",\"ficci\u00f3n\",\"Fin de la pobreza\",\"g\u00e9nero\",\"historia\",\"Ir\u00e1n\",\"ni\u00f1os\",\"pel\u00edculas para adolescentes\",\"pel\u00edculas para ni\u00f1os\",\"tercera edad\"],\"articleSection\":[\"Cortometraje\",\"Drama\",\"Festival 2014\",\"Ficci\u00f3n\"],\"inLanguage\":\"es\"},{\"@type\":\"WebPage\",\"@id\":\"https:\/\/elojocojo.org\/el-robo\/\",\"url\":\"https:\/\/elojocojo.org\/el-robo\/\",\"name\":\"El Robo - el ojO cojo\",\"isPartOf\":{\"@id\":\"https:\/\/elojocojo.org\/#website\"},\"primaryImageOfPage\":{\"@id\":\"https:\/\/elojocojo.org\/el-robo\/#primaryimage\"},\"image\":{\"@id\":\"https:\/\/elojocojo.org\/el-robo\/#primaryimage\"},\"thumbnailUrl\":\"https:\/\/elojocojo.org\/wp-content\/uploads\/2023\/07\/Nonna_F1.jpg\",\"datePublished\":\"2023-07-12T16:54:08+00:00\",\"dateModified\":\"2025-09-25T15:30:14+00:00\",\"description\":\"Cortometraje El Robo exhibido en la edici\u00f3n 2014 del Festival el ojO cojo. Pa\u00eds de origen, Ir\u00e1n. Dirigido por Mohammad Farahani.\",\"breadcrumb\":{\"@id\":\"https:\/\/elojocojo.org\/el-robo\/#breadcrumb\"},\"inLanguage\":\"es\",\"potentialAction\":[{\"@type\":\"ReadAction\",\"target\":[\"https:\/\/elojocojo.org\/el-robo\/\"]}]},{\"@type\":\"ImageObject\",\"inLanguage\":\"es\",\"@id\":\"https:\/\/elojocojo.org\/el-robo\/#primaryimage\",\"url\":\"https:\/\/elojocojo.org\/wp-content\/uploads\/2023\/07\/Nonna_F1.jpg\",\"contentUrl\":\"https:\/\/elojocojo.org\/wp-content\/uploads\/2023\/07\/Nonna_F1.jpg\",\"width\":924,\"height\":924,\"caption\":\"Fotograma de Nonna en el que aparece una mujer con heridas en la cara que llora mientras habla por tel\u00e9fono.\"},{\"@type\":\"BreadcrumbList\",\"@id\":\"https:\/\/elojocojo.org\/el-robo\/#breadcrumb\",\"itemListElement\":[{\"@type\":\"ListItem\",\"position\":1,\"name\":\"Portada\",\"item\":\"https:\/\/elojocojo.org\/\"},{\"@type\":\"ListItem\",\"position\":2,\"name\":\"2014\",\"item\":\"https:\/\/elojocojo.org\/tag\/2014\/\"},{\"@type\":\"ListItem\",\"position\":3,\"name\":\"El Robo\"}]},{\"@type\":\"WebSite\",\"@id\":\"https:\/\/elojocojo.org\/#website\",\"url\":\"https:\/\/elojocojo.org\/\",\"name\":\"el ojO cojo\",\"description\":\"Todos estamos hechos de la misma esencia\",\"publisher\":{\"@id\":\"https:\/\/elojocojo.org\/#organization\"},\"potentialAction\":[{\"@type\":\"SearchAction\",\"target\":{\"@type\":\"EntryPoint\",\"urlTemplate\":\"https:\/\/elojocojo.org\/?s={search_term_string}\"},\"query-input\":{\"@type\":\"PropertyValueSpecification\",\"valueRequired\":true,\"valueName\":\"search_term_string\"}}],\"inLanguage\":\"es\"},{\"@type\":\"Organization\",\"@id\":\"https:\/\/elojocojo.org\/#organization\",\"name\":\"Meigas da r\u00faa\",\"url\":\"https:\/\/elojocojo.org\/\",\"logo\":{\"@type\":\"ImageObject\",\"inLanguage\":\"es\",\"@id\":\"https:\/\/elojocojo.org\/#\/schema\/logo\/image\/\",\"url\":\"https:\/\/meigasdarua.org\/wp-content\/uploads\/2020\/09\/cropped-logo-meigas-5.png\",\"contentUrl\":\"https:\/\/meigasdarua.org\/wp-content\/uploads\/2020\/09\/cropped-logo-meigas-5.png\",\"width\":109,\"height\":200,\"caption\":\"Meigas da r\u00faa\"},\"image\":{\"@id\":\"https:\/\/elojocojo.org\/#\/schema\/logo\/image\/\"},\"sameAs\":[\"https:\/\/www.facebook.com\/elojocojo\",\"https:\/\/x.com\/elojocojo\",\"https:\/\/www.instagram.com\/elojocojo\/?hl=es\",\"https:\/\/www.linkedin.com\/in\/el-ojo-cojo-b52b7769\/\",\"https:\/\/www.pinterest.es\/elojocojo\/_saved\/\",\"https:\/\/www.youtube.com\/channel\/UCkFtFTV0Bms7zH7vq8FZxZg\"]},{\"@type\":\"Person\",\"@id\":\"https:\/\/elojocojo.org\/#\/schema\/person\/0eebd75cb4d855e3f2b18abd9f7b9876\",\"name\":\"Pastora Laguna\",\"url\":\"https:\/\/elojocojo.org\/author\/pastora\/\"}]}<\/script>\n<!-- \/ Yoast SEO plugin. -->","yoast_head_json":{"title":"El Robo - el ojO cojo","description":"Cortometraje El Robo exhibido en la edici\u00f3n 2014 del Festival el ojO cojo. Pa\u00eds de origen, Ir\u00e1n. Dirigido por Mohammad Farahani.","robots":{"index":"index","follow":"follow","max-snippet":"max-snippet:-1","max-image-preview":"max-image-preview:large","max-video-preview":"max-video-preview:-1"},"canonical":"https:\/\/elojocojo.org\/el-robo\/","og_locale":"es_ES","og_type":"article","og_title":"El Robo - el ojO cojo","og_description":"Cortometraje El Robo exhibido en la edici\u00f3n 2014 del Festival el ojO cojo. Pa\u00eds de origen, Ir\u00e1n. Dirigido por Mohammad Farahani.","og_url":"https:\/\/elojocojo.org\/el-robo\/","og_site_name":"el ojO cojo","article_publisher":"https:\/\/www.facebook.com\/elojocojo","article_published_time":"2023-07-12T16:54:08+00:00","article_modified_time":"2025-09-25T15:30:14+00:00","og_image":[{"width":924,"height":924,"url":"https:\/\/elojocojo.org\/wp-content\/uploads\/2023\/07\/Nonna_F1.jpg","type":"image\/jpeg"}],"author":"Pastora Laguna","twitter_card":"summary_large_image","twitter_creator":"@elojocojo","twitter_site":"@elojocojo","twitter_misc":{"Escrito por":"Pastora Laguna","Tiempo de lectura":"1 minuto"},"schema":{"@context":"https:\/\/schema.org","@graph":[{"@type":"Article","@id":"https:\/\/elojocojo.org\/el-robo\/#article","isPartOf":{"@id":"https:\/\/elojocojo.org\/el-robo\/"},"author":{"name":"Pastora Laguna","@id":"https:\/\/elojocojo.org\/#\/schema\/person\/0eebd75cb4d855e3f2b18abd9f7b9876"},"headline":"El Robo","datePublished":"2023-07-12T16:54:08+00:00","dateModified":"2025-09-25T15:30:14+00:00","mainEntityOfPage":{"@id":"https:\/\/elojocojo.org\/el-robo\/"},"wordCount":352,"publisher":{"@id":"https:\/\/elojocojo.org\/#organization"},"image":{"@id":"https:\/\/elojocojo.org\/el-robo\/#primaryimage"},"thumbnailUrl":"https:\/\/elojocojo.org\/wp-content\/uploads\/2023\/07\/Nonna_F1.jpg","keywords":["2014","Adolescentes","adultos mayores","Asia","comedia","di\u00e1logo","drama","festival de cine","Festival el Ojo cojo","ficci\u00f3n","Fin de la pobreza","g\u00e9nero","historia","Ir\u00e1n","ni\u00f1os","pel\u00edculas para adolescentes","pel\u00edculas para ni\u00f1os","tercera edad"],"articleSection":["Cortometraje","Drama","Festival 2014","Ficci\u00f3n"],"inLanguage":"es"},{"@type":"WebPage","@id":"https:\/\/elojocojo.org\/el-robo\/","url":"https:\/\/elojocojo.org\/el-robo\/","name":"El Robo - el ojO cojo","isPartOf":{"@id":"https:\/\/elojocojo.org\/#website"},"primaryImageOfPage":{"@id":"https:\/\/elojocojo.org\/el-robo\/#primaryimage"},"image":{"@id":"https:\/\/elojocojo.org\/el-robo\/#primaryimage"},"thumbnailUrl":"https:\/\/elojocojo.org\/wp-content\/uploads\/2023\/07\/Nonna_F1.jpg","datePublished":"2023-07-12T16:54:08+00:00","dateModified":"2025-09-25T15:30:14+00:00","description":"Cortometraje El Robo exhibido en la edici\u00f3n 2014 del Festival el ojO cojo. Pa\u00eds de origen, Ir\u00e1n. Dirigido por Mohammad Farahani.","breadcrumb":{"@id":"https:\/\/elojocojo.org\/el-robo\/#breadcrumb"},"inLanguage":"es","potentialAction":[{"@type":"ReadAction","target":["https:\/\/elojocojo.org\/el-robo\/"]}]},{"@type":"ImageObject","inLanguage":"es","@id":"https:\/\/elojocojo.org\/el-robo\/#primaryimage","url":"https:\/\/elojocojo.org\/wp-content\/uploads\/2023\/07\/Nonna_F1.jpg","contentUrl":"https:\/\/elojocojo.org\/wp-content\/uploads\/2023\/07\/Nonna_F1.jpg","width":924,"height":924,"caption":"Fotograma de Nonna en el que aparece una mujer con heridas en la cara que llora mientras habla por tel\u00e9fono."},{"@type":"BreadcrumbList","@id":"https:\/\/elojocojo.org\/el-robo\/#breadcrumb","itemListElement":[{"@type":"ListItem","position":1,"name":"Portada","item":"https:\/\/elojocojo.org\/"},{"@type":"ListItem","position":2,"name":"2014","item":"https:\/\/elojocojo.org\/tag\/2014\/"},{"@type":"ListItem","position":3,"name":"El Robo"}]},{"@type":"WebSite","@id":"https:\/\/elojocojo.org\/#website","url":"https:\/\/elojocojo.org\/","name":"el ojO cojo","description":"Todos estamos hechos de la misma esencia","publisher":{"@id":"https:\/\/elojocojo.org\/#organization"},"potentialAction":[{"@type":"SearchAction","target":{"@type":"EntryPoint","urlTemplate":"https:\/\/elojocojo.org\/?s={search_term_string}"},"query-input":{"@type":"PropertyValueSpecification","valueRequired":true,"valueName":"search_term_string"}}],"inLanguage":"es"},{"@type":"Organization","@id":"https:\/\/elojocojo.org\/#organization","name":"Meigas da r\u00faa","url":"https:\/\/elojocojo.org\/","logo":{"@type":"ImageObject","inLanguage":"es","@id":"https:\/\/elojocojo.org\/#\/schema\/logo\/image\/","url":"https:\/\/meigasdarua.org\/wp-content\/uploads\/2020\/09\/cropped-logo-meigas-5.png","contentUrl":"https:\/\/meigasdarua.org\/wp-content\/uploads\/2020\/09\/cropped-logo-meigas-5.png","width":109,"height":200,"caption":"Meigas da r\u00faa"},"image":{"@id":"https:\/\/elojocojo.org\/#\/schema\/logo\/image\/"},"sameAs":["https:\/\/www.facebook.com\/elojocojo","https:\/\/x.com\/elojocojo","https:\/\/www.instagram.com\/elojocojo\/?hl=es","https:\/\/www.linkedin.com\/in\/el-ojo-cojo-b52b7769\/","https:\/\/www.pinterest.es\/elojocojo\/_saved\/","https:\/\/www.youtube.com\/channel\/UCkFtFTV0Bms7zH7vq8FZxZg"]},{"@type":"Person","@id":"https:\/\/elojocojo.org\/#\/schema\/person\/0eebd75cb4d855e3f2b18abd9f7b9876","name":"Pastora Laguna","url":"https:\/\/elojocojo.org\/author\/pastora\/"}]}},"_links":{"self":[{"href":"https:\/\/elojocojo.org\/wp-json\/wp\/v2\/posts\/11859","targetHints":{"allow":["GET"]}}],"collection":[{"href":"https:\/\/elojocojo.org\/wp-json\/wp\/v2\/posts"}],"about":[{"href":"https:\/\/elojocojo.org\/wp-json\/wp\/v2\/types\/post"}],"author":[{"embeddable":true,"href":"https:\/\/elojocojo.org\/wp-json\/wp\/v2\/users\/73"}],"replies":[{"embeddable":true,"href":"https:\/\/elojocojo.org\/wp-json\/wp\/v2\/comments?post=11859"}],"version-history":[{"count":5,"href":"https:\/\/elojocojo.org\/wp-json\/wp\/v2\/posts\/11859\/revisions"}],"predecessor-version":[{"id":57447,"href":"https:\/\/elojocojo.org\/wp-json\/wp\/v2\/posts\/11859\/revisions\/57447"}],"wp:featuredmedia":[{"embeddable":true,"href":"https:\/\/elojocojo.org\/wp-json\/wp\/v2\/media\/52744"}],"wp:attachment":[{"href":"https:\/\/elojocojo.org\/wp-json\/wp\/v2\/media?parent=11859"}],"wp:term":[{"taxonomy":"category","embeddable":true,"href":"https:\/\/elojocojo.org\/wp-json\/wp\/v2\/categories?post=11859"},{"taxonomy":"post_tag","embeddable":true,"href":"https:\/\/elojocojo.org\/wp-json\/wp\/v2\/tags?post=11859"}],"curies":[{"name":"wp","href":"https:\/\/api.w.org\/{rel}","templated":true}]}}