{"id":11847,"date":"2014-05-10T15:08:57","date_gmt":"2014-05-10T22:08:57","guid":{"rendered":"http:\/\/www.elojocojo.org\/?p=11847"},"modified":"2025-09-23T01:43:46","modified_gmt":"2025-09-22T23:43:46","slug":"camaron","status":"publish","type":"post","link":"https:\/\/elojocojo.org\/camaron\/","title":{"rendered":"Camaron"},"content":{"rendered":"\n<figure class=\"wp-block-embed is-type-video is-provider-youtube wp-block-embed-youtube wp-embed-aspect-16-9 wp-has-aspect-ratio\"><div class=\"wp-block-embed__wrapper\">\n<iframe title=\"Crevette (Shrimp) - Un Court M\u00e9trage de Sophie Galibert | wocomoMOVIES\" width=\"1140\" height=\"641\" src=\"https:\/\/www.youtube.com\/embed\/cv_4I3jRlwI?feature=oembed\" frameborder=\"0\" allow=\"accelerometer; autoplay; clipboard-write; encrypted-media; gyroscope; picture-in-picture; web-share\" referrerpolicy=\"strict-origin-when-cross-origin\" allowfullscreen><\/iframe>\n<\/div><\/figure>\n\n\n<p><strong>T\u00cdTULO: <\/strong>CAMARON<br \/><strong>T\u00cdTULO ORIGINAL:<\/strong> CREVETTE<br \/><strong>A\u00d1O:<\/strong> 2014<br \/><strong>DIRECTOR:<\/strong> SOPHIE GALIBERT<br \/><strong>G\u00c9NERO: <\/strong>Ficci\u00f3n<\/p>\n<p><strong>DURACI\u00d3N:<\/strong> 17&#8242;<br \/><strong>PA\u00cdS:<\/strong> Francia<br \/><strong>PRODUCCI\u00d3N<\/strong>: \u00a0CHRISTOPHE MASSON &#8211; CARLITO FILMS<\/p>\n<p><strong>SINOPSIS<\/strong><\/p>\n<h5>Paul, el t\u00edmido<\/h5>\n<p>Paul, un ni\u00f1o de diez a\u00f1os, pasa sus vacaciones de verano en un encantador pueblo donde ha desarrollado un profundo amor por Wendy, una amiga de la aldea. Sin embargo, la timidez lo ha mantenido alejado de expresar sus sentimientos; incluso le resulta dif\u00edcil invitarla a bailar. A pesar de sus dudas, Paul finalmente logra acordar una cita con ella una tarde, un momento que espera con ansias y que lo llena de emoci\u00f3n.<\/p>\n<h5>Los pescados<\/h5>\n<p>Por desgracia, los planes de Paul se ven interrumpidos cuando su hermano mayor y su t\u00edo lo obligan a ir a pescar, una actividad que no le entusiasma en absoluto. Consciente de que debe regresar al pueblo a tiempo para su cita con Wendy, Paul se siente angustiado y frustrado. La idea de perder la oportunidad de pasar tiempo con ella lo consume y, decidido a no dejar que eso suceda, decide actuar.<\/p>\n<h5>El camino<\/h5>\n<p>Paul intenta convencer a su hermano para que regresen caminando, eligiendo un camino que les lleve a trav\u00e9s de la naturaleza, en lugar de en el autom\u00f3vil. A lo largo del viaje, Paul experimenta una serie de aventuras y descubrimientos en el entorno natural que lo rodea. Mientras camina, enfrenta desaf\u00edos que lo hacen reflexionar sobre sus miedos y deseos.<\/p>\n<h5><strong>Las lecciones<\/strong><\/h5>\n<p>La pel\u00edcula es una entra\u00f1able historia sobre la valent\u00eda de un ni\u00f1o que lucha por sus sentimientos y su deseo de amor. En medio de la belleza de la naturaleza, Paul aprende lecciones valiosas sobre la vida, la amistad y el crecimiento personal.<\/p>\n<p class=\"p1\">El filme \u00abCamaron\u00bb particip\u00f3 en la edici\u00f3n <a href=\"https:\/\/elojocojo.org\/category\/festival-2014\/\"><span class=\"s1\"><b>2014<\/b><\/span><\/a>\u00a0del <a href=\"https:\/\/elojocojo.org\/category\/festival-2014\/\"><span class=\"s1\"><b>Festival<\/b><\/span><\/a><a href=\"https:\/\/elojocojo.org\/bienvenida\/festivalelojocojo\/\"><span class=\"s1\"><b> de cine el ojO cojo<\/b> <\/span><\/a>en ese sentido nos sentimos honrados de haberla exhibido.<\/p>\n<p class=\"p1\">Visita nuestro <a href=\"https:\/\/el-ojocojo.blogspot.com\/\">blog<\/a><\/p>","protected":false},"excerpt":{"rendered":"<p>T\u00cdTULO: CAMARONT\u00cdTULO ORIGINAL: CREVETTEA\u00d1O: 2014DIRECTOR: SOPHIE GALIBERTG\u00c9NERO: Ficci\u00f3n DURACI\u00d3N: 17&#8242;PA\u00cdS: FranciaPRODUCCI\u00d3N: \u00a0CHRISTOPHE MASSON &#8211; CARLITO FILMS SINOPSIS Paul, el t\u00edmido Paul, un ni\u00f1o de diez a\u00f1os, pasa sus vacaciones de verano en un encantador pueblo donde ha desarrollado un profundo amor por Wendy, una amiga de la aldea. Sin embargo, la timidez lo ha mantenido [&hellip;]<\/p>\n","protected":false},"author":11,"featured_media":21761,"comment_status":"closed","ping_status":"closed","sticky":false,"template":"","format":"standard","meta":{"_monsterinsights_skip_tracking":false,"_monsterinsights_sitenote_active":false,"_monsterinsights_sitenote_note":"","_monsterinsights_sitenote_category":0,"footnotes":""},"categories":[1460,7,30],"tags":[1999,169,112,962,1764,2016,932,1597,1981,1982,1628,438,1618,433,998,60,63,1075],"class_list":{"0":"post-11847","1":"post","2":"type-post","3":"status-publish","4":"format-standard","5":"has-post-thumbnail","7":"category-cortometraje","8":"category-festival-2014","9":"category-ficcion","10":"tag-1999","11":"tag-amistad","12":"tag-amor","13":"tag-amor-filial","14":"tag-aventuras","15":"tag-de-9-a-12-anos","16":"tag-ecologia","17":"tag-ecosistema","18":"tag-festival-de-cine","19":"tag-festival-el-ojo-cojo","20":"tag-ficcion","21":"tag-francia","22":"tag-infancia","23":"tag-inmigrantes","24":"tag-interculturalidad","25":"tag-migraciones","26":"tag-pueblos-originarios","27":"tag-vida-de-ecosistemas-terrestres","28":"czr-hentry"},"yoast_head":"<!-- This site is optimized with the Yoast SEO plugin v27.1.1 - https:\/\/yoast.com\/product\/yoast-seo-wordpress\/ -->\n<title>Camaron - el ojO cojo<\/title>\n<meta name=\"description\" content=\"Cortometraje Camaron exhibido en la edici\u00f3n 2014 del Festival el ojO cojo. Pa\u00eds de origen, Francia. Dirigido por Sophie Galibert.\" \/>\n<meta name=\"robots\" content=\"index, follow, max-snippet:-1, max-image-preview:large, max-video-preview:-1\" \/>\n<link rel=\"canonical\" href=\"https:\/\/elojocojo.org\/camaron\/\" \/>\n<meta property=\"og:locale\" content=\"es_ES\" \/>\n<meta property=\"og:type\" content=\"article\" \/>\n<meta property=\"og:title\" content=\"Camaron - el ojO cojo\" \/>\n<meta property=\"og:description\" content=\"Cortometraje Camaron exhibido en la edici\u00f3n 2014 del Festival el ojO cojo. Pa\u00eds de origen, Francia. Dirigido por Sophie Galibert.\" \/>\n<meta property=\"og:url\" content=\"https:\/\/elojocojo.org\/camaron\/\" \/>\n<meta property=\"og:site_name\" content=\"el ojO cojo\" \/>\n<meta property=\"article:publisher\" content=\"https:\/\/www.facebook.com\/elojocojo\" \/>\n<meta property=\"article:published_time\" content=\"2014-05-10T22:08:57+00:00\" \/>\n<meta property=\"article:modified_time\" content=\"2025-09-22T23:43:46+00:00\" \/>\n<meta property=\"og:image\" content=\"https:\/\/elojocojo.org\/wp-content\/uploads\/2020\/05\/crevette.jpg\" \/>\n\t<meta property=\"og:image:width\" content=\"194\" \/>\n\t<meta property=\"og:image:height\" content=\"259\" \/>\n\t<meta property=\"og:image:type\" content=\"image\/jpeg\" \/>\n<meta name=\"author\" content=\"cojo\" \/>\n<meta name=\"twitter:card\" content=\"summary_large_image\" \/>\n<meta name=\"twitter:creator\" content=\"@elojocojo\" \/>\n<meta name=\"twitter:site\" content=\"@elojocojo\" \/>\n<meta name=\"twitter:label1\" content=\"Escrito por\" \/>\n\t<meta name=\"twitter:data1\" content=\"cojo\" \/>\n\t<meta name=\"twitter:label2\" content=\"Tiempo de lectura\" \/>\n\t<meta name=\"twitter:data2\" content=\"2 minutos\" \/>\n<script type=\"application\/ld+json\" class=\"yoast-schema-graph\">{\"@context\":\"https:\/\/schema.org\",\"@graph\":[{\"@type\":\"Article\",\"@id\":\"https:\/\/elojocojo.org\/camaron\/#article\",\"isPartOf\":{\"@id\":\"https:\/\/elojocojo.org\/camaron\/\"},\"author\":{\"name\":\"cojo\",\"@id\":\"https:\/\/elojocojo.org\/#\/schema\/person\/cba15985dd5da095cac31c1ff0d6e23e\"},\"headline\":\"Camaron\",\"datePublished\":\"2014-05-10T22:08:57+00:00\",\"dateModified\":\"2025-09-22T23:43:46+00:00\",\"mainEntityOfPage\":{\"@id\":\"https:\/\/elojocojo.org\/camaron\/\"},\"wordCount\":338,\"publisher\":{\"@id\":\"https:\/\/elojocojo.org\/#organization\"},\"image\":{\"@id\":\"https:\/\/elojocojo.org\/camaron\/#primaryimage\"},\"thumbnailUrl\":\"https:\/\/elojocojo.org\/wp-content\/uploads\/2020\/05\/crevette.jpg\",\"keywords\":[\"2014\",\"amistad\",\"amor\",\"amor filial\",\"aventuras\",\"de 9 a 12 a\u00f1os\",\"ecolog\u00eda\",\"ecosistema\",\"festival de cine\",\"Festival el Ojo cojo\",\"ficci\u00f3n\",\"Francia\",\"infancia\",\"inmigrantes\",\"interculturalidad\",\"migraciones\",\"pueblos originarios\",\"Vida de ecosistemas terrestres\"],\"articleSection\":[\"Cortometraje\",\"Festival 2014\",\"Ficci\u00f3n\"],\"inLanguage\":\"es\"},{\"@type\":\"WebPage\",\"@id\":\"https:\/\/elojocojo.org\/camaron\/\",\"url\":\"https:\/\/elojocojo.org\/camaron\/\",\"name\":\"Camaron - el ojO cojo\",\"isPartOf\":{\"@id\":\"https:\/\/elojocojo.org\/#website\"},\"primaryImageOfPage\":{\"@id\":\"https:\/\/elojocojo.org\/camaron\/#primaryimage\"},\"image\":{\"@id\":\"https:\/\/elojocojo.org\/camaron\/#primaryimage\"},\"thumbnailUrl\":\"https:\/\/elojocojo.org\/wp-content\/uploads\/2020\/05\/crevette.jpg\",\"datePublished\":\"2014-05-10T22:08:57+00:00\",\"dateModified\":\"2025-09-22T23:43:46+00:00\",\"description\":\"Cortometraje Camaron exhibido en la edici\u00f3n 2014 del Festival el ojO cojo. Pa\u00eds de origen, Francia. Dirigido por Sophie Galibert.\",\"breadcrumb\":{\"@id\":\"https:\/\/elojocojo.org\/camaron\/#breadcrumb\"},\"inLanguage\":\"es\",\"potentialAction\":[{\"@type\":\"ReadAction\",\"target\":[\"https:\/\/elojocojo.org\/camaron\/\"]}]},{\"@type\":\"ImageObject\",\"inLanguage\":\"es\",\"@id\":\"https:\/\/elojocojo.org\/camaron\/#primaryimage\",\"url\":\"https:\/\/elojocojo.org\/wp-content\/uploads\/2020\/05\/crevette.jpg\",\"contentUrl\":\"https:\/\/elojocojo.org\/wp-content\/uploads\/2020\/05\/crevette.jpg\",\"width\":194,\"height\":259,\"caption\":\"Cartel de una pelicula \\\"Camaron\\\".\"},{\"@type\":\"BreadcrumbList\",\"@id\":\"https:\/\/elojocojo.org\/camaron\/#breadcrumb\",\"itemListElement\":[{\"@type\":\"ListItem\",\"position\":1,\"name\":\"Portada\",\"item\":\"https:\/\/elojocojo.org\/\"},{\"@type\":\"ListItem\",\"position\":2,\"name\":\"2014\",\"item\":\"https:\/\/elojocojo.org\/tag\/2014\/\"},{\"@type\":\"ListItem\",\"position\":3,\"name\":\"Camaron\"}]},{\"@type\":\"WebSite\",\"@id\":\"https:\/\/elojocojo.org\/#website\",\"url\":\"https:\/\/elojocojo.org\/\",\"name\":\"el ojO cojo\",\"description\":\"Todos estamos hechos de la misma esencia\",\"publisher\":{\"@id\":\"https:\/\/elojocojo.org\/#organization\"},\"potentialAction\":[{\"@type\":\"SearchAction\",\"target\":{\"@type\":\"EntryPoint\",\"urlTemplate\":\"https:\/\/elojocojo.org\/?s={search_term_string}\"},\"query-input\":{\"@type\":\"PropertyValueSpecification\",\"valueRequired\":true,\"valueName\":\"search_term_string\"}}],\"inLanguage\":\"es\"},{\"@type\":\"Organization\",\"@id\":\"https:\/\/elojocojo.org\/#organization\",\"name\":\"Meigas da r\u00faa\",\"url\":\"https:\/\/elojocojo.org\/\",\"logo\":{\"@type\":\"ImageObject\",\"inLanguage\":\"es\",\"@id\":\"https:\/\/elojocojo.org\/#\/schema\/logo\/image\/\",\"url\":\"https:\/\/meigasdarua.org\/wp-content\/uploads\/2020\/09\/cropped-logo-meigas-5.png\",\"contentUrl\":\"https:\/\/meigasdarua.org\/wp-content\/uploads\/2020\/09\/cropped-logo-meigas-5.png\",\"width\":109,\"height\":200,\"caption\":\"Meigas da r\u00faa\"},\"image\":{\"@id\":\"https:\/\/elojocojo.org\/#\/schema\/logo\/image\/\"},\"sameAs\":[\"https:\/\/www.facebook.com\/elojocojo\",\"https:\/\/x.com\/elojocojo\",\"https:\/\/www.instagram.com\/elojocojo\/?hl=es\",\"https:\/\/www.linkedin.com\/in\/el-ojo-cojo-b52b7769\/\",\"https:\/\/www.pinterest.es\/elojocojo\/_saved\/\",\"https:\/\/www.youtube.com\/channel\/UCkFtFTV0Bms7zH7vq8FZxZg\"]},{\"@type\":\"Person\",\"@id\":\"https:\/\/elojocojo.org\/#\/schema\/person\/cba15985dd5da095cac31c1ff0d6e23e\",\"name\":\"cojo\",\"url\":\"https:\/\/elojocojo.org\/author\/cojo\/\"}]}<\/script>\n<!-- \/ Yoast SEO plugin. -->","yoast_head_json":{"title":"Camaron - el ojO cojo","description":"Cortometraje Camaron exhibido en la edici\u00f3n 2014 del Festival el ojO cojo. Pa\u00eds de origen, Francia. Dirigido por Sophie Galibert.","robots":{"index":"index","follow":"follow","max-snippet":"max-snippet:-1","max-image-preview":"max-image-preview:large","max-video-preview":"max-video-preview:-1"},"canonical":"https:\/\/elojocojo.org\/camaron\/","og_locale":"es_ES","og_type":"article","og_title":"Camaron - el ojO cojo","og_description":"Cortometraje Camaron exhibido en la edici\u00f3n 2014 del Festival el ojO cojo. Pa\u00eds de origen, Francia. Dirigido por Sophie Galibert.","og_url":"https:\/\/elojocojo.org\/camaron\/","og_site_name":"el ojO cojo","article_publisher":"https:\/\/www.facebook.com\/elojocojo","article_published_time":"2014-05-10T22:08:57+00:00","article_modified_time":"2025-09-22T23:43:46+00:00","og_image":[{"width":194,"height":259,"url":"https:\/\/elojocojo.org\/wp-content\/uploads\/2020\/05\/crevette.jpg","type":"image\/jpeg"}],"author":"cojo","twitter_card":"summary_large_image","twitter_creator":"@elojocojo","twitter_site":"@elojocojo","twitter_misc":{"Escrito por":"cojo","Tiempo de lectura":"2 minutos"},"schema":{"@context":"https:\/\/schema.org","@graph":[{"@type":"Article","@id":"https:\/\/elojocojo.org\/camaron\/#article","isPartOf":{"@id":"https:\/\/elojocojo.org\/camaron\/"},"author":{"name":"cojo","@id":"https:\/\/elojocojo.org\/#\/schema\/person\/cba15985dd5da095cac31c1ff0d6e23e"},"headline":"Camaron","datePublished":"2014-05-10T22:08:57+00:00","dateModified":"2025-09-22T23:43:46+00:00","mainEntityOfPage":{"@id":"https:\/\/elojocojo.org\/camaron\/"},"wordCount":338,"publisher":{"@id":"https:\/\/elojocojo.org\/#organization"},"image":{"@id":"https:\/\/elojocojo.org\/camaron\/#primaryimage"},"thumbnailUrl":"https:\/\/elojocojo.org\/wp-content\/uploads\/2020\/05\/crevette.jpg","keywords":["2014","amistad","amor","amor filial","aventuras","de 9 a 12 a\u00f1os","ecolog\u00eda","ecosistema","festival de cine","Festival el Ojo cojo","ficci\u00f3n","Francia","infancia","inmigrantes","interculturalidad","migraciones","pueblos originarios","Vida de ecosistemas terrestres"],"articleSection":["Cortometraje","Festival 2014","Ficci\u00f3n"],"inLanguage":"es"},{"@type":"WebPage","@id":"https:\/\/elojocojo.org\/camaron\/","url":"https:\/\/elojocojo.org\/camaron\/","name":"Camaron - el ojO cojo","isPartOf":{"@id":"https:\/\/elojocojo.org\/#website"},"primaryImageOfPage":{"@id":"https:\/\/elojocojo.org\/camaron\/#primaryimage"},"image":{"@id":"https:\/\/elojocojo.org\/camaron\/#primaryimage"},"thumbnailUrl":"https:\/\/elojocojo.org\/wp-content\/uploads\/2020\/05\/crevette.jpg","datePublished":"2014-05-10T22:08:57+00:00","dateModified":"2025-09-22T23:43:46+00:00","description":"Cortometraje Camaron exhibido en la edici\u00f3n 2014 del Festival el ojO cojo. Pa\u00eds de origen, Francia. Dirigido por Sophie Galibert.","breadcrumb":{"@id":"https:\/\/elojocojo.org\/camaron\/#breadcrumb"},"inLanguage":"es","potentialAction":[{"@type":"ReadAction","target":["https:\/\/elojocojo.org\/camaron\/"]}]},{"@type":"ImageObject","inLanguage":"es","@id":"https:\/\/elojocojo.org\/camaron\/#primaryimage","url":"https:\/\/elojocojo.org\/wp-content\/uploads\/2020\/05\/crevette.jpg","contentUrl":"https:\/\/elojocojo.org\/wp-content\/uploads\/2020\/05\/crevette.jpg","width":194,"height":259,"caption":"Cartel de una pelicula \"Camaron\"."},{"@type":"BreadcrumbList","@id":"https:\/\/elojocojo.org\/camaron\/#breadcrumb","itemListElement":[{"@type":"ListItem","position":1,"name":"Portada","item":"https:\/\/elojocojo.org\/"},{"@type":"ListItem","position":2,"name":"2014","item":"https:\/\/elojocojo.org\/tag\/2014\/"},{"@type":"ListItem","position":3,"name":"Camaron"}]},{"@type":"WebSite","@id":"https:\/\/elojocojo.org\/#website","url":"https:\/\/elojocojo.org\/","name":"el ojO cojo","description":"Todos estamos hechos de la misma esencia","publisher":{"@id":"https:\/\/elojocojo.org\/#organization"},"potentialAction":[{"@type":"SearchAction","target":{"@type":"EntryPoint","urlTemplate":"https:\/\/elojocojo.org\/?s={search_term_string}"},"query-input":{"@type":"PropertyValueSpecification","valueRequired":true,"valueName":"search_term_string"}}],"inLanguage":"es"},{"@type":"Organization","@id":"https:\/\/elojocojo.org\/#organization","name":"Meigas da r\u00faa","url":"https:\/\/elojocojo.org\/","logo":{"@type":"ImageObject","inLanguage":"es","@id":"https:\/\/elojocojo.org\/#\/schema\/logo\/image\/","url":"https:\/\/meigasdarua.org\/wp-content\/uploads\/2020\/09\/cropped-logo-meigas-5.png","contentUrl":"https:\/\/meigasdarua.org\/wp-content\/uploads\/2020\/09\/cropped-logo-meigas-5.png","width":109,"height":200,"caption":"Meigas da r\u00faa"},"image":{"@id":"https:\/\/elojocojo.org\/#\/schema\/logo\/image\/"},"sameAs":["https:\/\/www.facebook.com\/elojocojo","https:\/\/x.com\/elojocojo","https:\/\/www.instagram.com\/elojocojo\/?hl=es","https:\/\/www.linkedin.com\/in\/el-ojo-cojo-b52b7769\/","https:\/\/www.pinterest.es\/elojocojo\/_saved\/","https:\/\/www.youtube.com\/channel\/UCkFtFTV0Bms7zH7vq8FZxZg"]},{"@type":"Person","@id":"https:\/\/elojocojo.org\/#\/schema\/person\/cba15985dd5da095cac31c1ff0d6e23e","name":"cojo","url":"https:\/\/elojocojo.org\/author\/cojo\/"}]}},"_links":{"self":[{"href":"https:\/\/elojocojo.org\/wp-json\/wp\/v2\/posts\/11847","targetHints":{"allow":["GET"]}}],"collection":[{"href":"https:\/\/elojocojo.org\/wp-json\/wp\/v2\/posts"}],"about":[{"href":"https:\/\/elojocojo.org\/wp-json\/wp\/v2\/types\/post"}],"author":[{"embeddable":true,"href":"https:\/\/elojocojo.org\/wp-json\/wp\/v2\/users\/11"}],"replies":[{"embeddable":true,"href":"https:\/\/elojocojo.org\/wp-json\/wp\/v2\/comments?post=11847"}],"version-history":[{"count":2,"href":"https:\/\/elojocojo.org\/wp-json\/wp\/v2\/posts\/11847\/revisions"}],"predecessor-version":[{"id":56509,"href":"https:\/\/elojocojo.org\/wp-json\/wp\/v2\/posts\/11847\/revisions\/56509"}],"wp:featuredmedia":[{"embeddable":true,"href":"https:\/\/elojocojo.org\/wp-json\/wp\/v2\/media\/21761"}],"wp:attachment":[{"href":"https:\/\/elojocojo.org\/wp-json\/wp\/v2\/media?parent=11847"}],"wp:term":[{"taxonomy":"category","embeddable":true,"href":"https:\/\/elojocojo.org\/wp-json\/wp\/v2\/categories?post=11847"},{"taxonomy":"post_tag","embeddable":true,"href":"https:\/\/elojocojo.org\/wp-json\/wp\/v2\/tags?post=11847"}],"curies":[{"name":"wp","href":"https:\/\/api.w.org\/{rel}","templated":true}]}}