{"id":1184,"date":"2008-09-04T19:58:21","date_gmt":"2008-09-05T02:58:21","guid":{"rendered":"http:\/\/www.elojocojo.org\/blog2\/?p=1184"},"modified":"2025-09-23T10:45:45","modified_gmt":"2025-09-23T08:45:45","slug":"cafune","status":"publish","type":"post","link":"https:\/\/elojocojo.org\/cafune\/","title":{"rendered":"Cafun\u00e9"},"content":{"rendered":"\n<figure class=\"wp-block-embed is-type-video is-provider-youtube wp-block-embed-youtube wp-embed-aspect-4-3 wp-has-aspect-ratio\"><div class=\"wp-block-embed__wrapper\">\n<iframe title=\"Filme Cafun\u00e9  (2006) | Trailer Oficial\" width=\"1140\" height=\"855\" src=\"https:\/\/www.youtube.com\/embed\/I56cPk-jEFM?feature=oembed\" frameborder=\"0\" allow=\"accelerometer; autoplay; clipboard-write; encrypted-media; gyroscope; picture-in-picture; web-share\" referrerpolicy=\"strict-origin-when-cross-origin\" allowfullscreen><\/iframe>\n<\/div><\/figure>\n\n\n\n<p><strong>T\u00cdTULO:<\/strong> Cafun\u00e9<br \/><strong>T\u00cdTULO ORIGINAL:<\/strong> Cafun\u00e9<br \/><strong>A\u00d1O:<\/strong> 2005<br \/><strong>DIRECTOR:<\/strong> Vianna del Bruno<br \/><strong>G\u00c9NERO cinematogr\u00e1fico:<\/strong> Ficci\u00f3n<br \/><strong>DURACI\u00d3N:<\/strong> 93\u2019<br \/><strong>PA\u00cdS: <\/strong>Brasil<br \/><strong>FORMATO DE EXIBITION:<\/strong>DVD<br \/><strong>TIPO:<\/strong> color<br \/><strong>INT\u00c9RPRETES:<\/strong> Lucio Andrey, Priscilla Assum, Dilma Loes<br \/><strong>PRODUCCI\u00d3N:<\/strong> Vianna del Bruno<br \/><strong>GUI\u00d3N:<\/strong> Vianna del Bruno<br \/><strong>DIRECCI\u00d3N DE FOTOGRAF\u00cdA:<\/strong> Aloysio Raolino<br \/><strong>M\u00daSICA:<\/strong> Felipe Rocha<\/p>\n\n\n\n<p><strong>Sinopsis<\/strong><\/p>\n\n\n\n<p>CAFUN\u00c9, dirigida por Vianna del Bruno, narra&nbsp;la compleja transici\u00f3n hacia la vida adulta&nbsp;de dos j\u00f3venes en el&nbsp;contrastante escenario de R\u00edo de Janeiro, una ciudad que oscila entre la&nbsp;violencia urbana&nbsp;y la&nbsp;belleza cautivadora.&nbsp;Por un lado, D\u00e9bora, una joven de clase alta, enfrenta las expectativas familiares mientras busca su independencia;&nbsp;por otro lado, Marquinhos, proveniente de una favela, lucha por escapar del ciclo de marginalidad que lo rodea.&nbsp;A medida que&nbsp;sus caminos se cruzan, surge un&nbsp;v\u00ednculo intenso&nbsp;que desaf\u00eda las barreras sociales.<\/p>\n\n\n\n<p>Sin embargo, la relaci\u00f3n se ve amenazada por&nbsp;tensiones externas: la desigualdad econ\u00f3mica, la presi\u00f3n de grupos criminales y los prejuicios arraigados.&nbsp;Adem\u00e1s, el filme explora c\u00f3mo el&nbsp;entorno ca\u00f3tico&nbsp;de R\u00edo moldea sus decisiones,&nbsp;alternando&nbsp;entre momentos de&nbsp;tierna conexi\u00f3n&nbsp;y escenas cargadas de&nbsp;suspenso realista.&nbsp;No obstante, entre calles vibrantes y paisajes parad\u00f3jicos, ambos protagonistas descubren que el&nbsp;amor&nbsp;y la&nbsp;resistencia&nbsp;pueden ser formas de rebeld\u00eda.<\/p>\n\n\n\n<p>De esta manera,&nbsp;CAFUN\u00c9&nbsp;combina&nbsp;drama social&nbsp;y&nbsp;romance crudo, usando la ciudad como un&nbsp;personaje m\u00e1s&nbsp;que refleja las&nbsp;contradicciones de Brasil.&nbsp;As\u00ed, la pel\u00edcula no solo retrata un&nbsp;idilio fr\u00e1gil, sino que&nbsp;al mismo tiempo&nbsp;cuestiona las estructuras que dividen a una sociedad.&nbsp;En definitiva, una historia sobre&nbsp;encontrar luz en la oscuridad\u2026&nbsp;aunque&nbsp;el precio sea alto.<\/p>\n\n\n\n<p>El filme Cafun\u00e9 particip\u00f3 en la edici\u00f3n <strong>2006<\/strong>&nbsp;del <a href=\"https:\/\/elojocojo.org\/category\/festival-2006\/\"><strong>Festival de cine el ojO cojo<\/strong> <\/a>en ese sentido nos sentimos honrados de haberla exhibido.<\/p>\n\n\n\n<p>Visita nuestro <a href=\"https:\/\/el-ojocojo.blogspot.com\/\">blog<\/a><\/p>\n","protected":false},"excerpt":{"rendered":"<p>T\u00cdTULO: Cafun\u00e9T\u00cdTULO ORIGINAL: Cafun\u00e9A\u00d1O: 2005DIRECTOR: Vianna del BrunoG\u00c9NERO cinematogr\u00e1fico: Ficci\u00f3nDURACI\u00d3N: 93\u2019PA\u00cdS: BrasilFORMATO DE EXIBITION:DVDTIPO: colorINT\u00c9RPRETES: Lucio Andrey, Priscilla Assum, Dilma LoesPRODUCCI\u00d3N: Vianna del BrunoGUI\u00d3N: Vianna del BrunoDIRECCI\u00d3N DE FOTOGRAF\u00cdA: Aloysio RaolinoM\u00daSICA: Felipe Rocha Sinopsis CAFUN\u00c9, dirigida por Vianna del Bruno, narra&nbsp;la compleja transici\u00f3n hacia la vida adulta&nbsp;de dos j\u00f3venes en el&nbsp;contrastante escenario de R\u00edo de [&hellip;]<\/p>\n","protected":false},"author":3,"featured_media":19889,"comment_status":"closed","ping_status":"open","sticky":false,"template":"","format":"standard","meta":{"_monsterinsights_skip_tracking":false,"_monsterinsights_sitenote_active":false,"_monsterinsights_sitenote_note":"","_monsterinsights_sitenote_category":0,"footnotes":""},"categories":[428,30],"tags":[1927,895,1888,112,89,941,2047,1891,1887,1893,1886,1981,1982,1092,1892,1910,85,1086,1231,150,1057,1896],"class_list":{"0":"post-1184","1":"post","2":"type-post","3":"status-publish","4":"format-standard","5":"has-post-thumbnail","7":"category-festival-2006","8":"category-ficcion","9":"tag-1927","10":"tag-adolescentes","11":"tag-agenda-2030","12":"tag-amor","13":"tag-brasil","14":"tag-cine","15":"tag-comunicacion","16":"tag-cultura-audiovisual","17":"tag-desarrollo-sostenible","18":"tag-educar-en-valores","19":"tag-el-ojo-cojo","20":"tag-festival-de-cine","21":"tag-festival-el-ojo-cojo","22":"tag-fin-de-la-pobreza","23":"tag-objetivos-de-desarrollo-sostenible","24":"tag-ods","25":"tag-pareja","26":"tag-paz-y-justicia-e-instituciones-solidas","27":"tag-reduccion-de-las-desigualdades","28":"tag-sexualidad","29":"tag-trabajo-decente-y-crecimiento-economico","30":"tag-videoteca","31":"czr-hentry"},"yoast_head":"<!-- This site is optimized with the Yoast SEO plugin v27.1.1 - https:\/\/yoast.com\/product\/yoast-seo-wordpress\/ -->\n<title>Cafun\u00e9 - el ojO cojo<\/title>\n<meta name=\"description\" content=\"Pel\u00edcula Cafun\u00e9 exhibida en la edici\u00f3n 2006 del Festival el ojO cojo. Pa\u00eds de origen, Brasil. Dirigido por Vianna del Bruno.\" \/>\n<meta name=\"robots\" content=\"index, follow, max-snippet:-1, max-image-preview:large, max-video-preview:-1\" \/>\n<link rel=\"canonical\" href=\"https:\/\/elojocojo.org\/cafune\/\" \/>\n<meta property=\"og:locale\" content=\"es_ES\" \/>\n<meta property=\"og:type\" content=\"article\" \/>\n<meta property=\"og:title\" content=\"Cafun\u00e9 - el ojO cojo\" \/>\n<meta property=\"og:description\" content=\"Pel\u00edcula Cafun\u00e9 exhibida en la edici\u00f3n 2006 del Festival el ojO cojo. Pa\u00eds de origen, Brasil. Dirigido por Vianna del Bruno.\" \/>\n<meta property=\"og:url\" content=\"https:\/\/elojocojo.org\/cafune\/\" \/>\n<meta property=\"og:site_name\" content=\"el ojO cojo\" \/>\n<meta property=\"article:publisher\" content=\"https:\/\/www.facebook.com\/elojocojo\" \/>\n<meta property=\"article:published_time\" content=\"2008-09-05T02:58:21+00:00\" \/>\n<meta property=\"article:modified_time\" content=\"2025-09-23T08:45:45+00:00\" \/>\n<meta property=\"og:image\" content=\"https:\/\/elojocojo.org\/wp-content\/uploads\/2008\/09\/MV5BZTE5YjY1YjAtYjc2NS00ODk5LTk3ODMtNDBkNzc2ZWQzZWEzXkEyXkFqcGdeQXVyMjU4MzEwNTU@._V1_-scaled.jpg\" \/>\n\t<meta property=\"og:image:width\" content=\"314\" \/>\n\t<meta property=\"og:image:height\" content=\"470\" \/>\n\t<meta property=\"og:image:type\" content=\"image\/jpeg\" \/>\n<meta name=\"twitter:card\" content=\"summary_large_image\" \/>\n<meta name=\"twitter:creator\" content=\"@elojocojo\" \/>\n<meta name=\"twitter:site\" content=\"@elojocojo\" \/>\n<meta name=\"twitter:label1\" content=\"Escrito por\" \/>\n\t<meta name=\"twitter:data1\" content=\"\" \/>\n\t<meta name=\"twitter:label2\" content=\"Tiempo de lectura\" \/>\n\t<meta name=\"twitter:data2\" content=\"2 minutos\" \/>\n<script type=\"application\/ld+json\" class=\"yoast-schema-graph\">{\"@context\":\"https:\/\/schema.org\",\"@graph\":[{\"@type\":\"Article\",\"@id\":\"https:\/\/elojocojo.org\/cafune\/#article\",\"isPartOf\":{\"@id\":\"https:\/\/elojocojo.org\/cafune\/\"},\"author\":{\"name\":\"\",\"@id\":\"\"},\"headline\":\"Cafun\u00e9\",\"datePublished\":\"2008-09-05T02:58:21+00:00\",\"dateModified\":\"2025-09-23T08:45:45+00:00\",\"mainEntityOfPage\":{\"@id\":\"https:\/\/elojocojo.org\/cafune\/\"},\"wordCount\":375,\"publisher\":{\"@id\":\"https:\/\/elojocojo.org\/#organization\"},\"image\":{\"@id\":\"https:\/\/elojocojo.org\/cafune\/#primaryimage\"},\"thumbnailUrl\":\"https:\/\/elojocojo.org\/wp-content\/uploads\/2008\/09\/MV5BZTE5YjY1YjAtYjc2NS00ODk5LTk3ODMtNDBkNzc2ZWQzZWEzXkEyXkFqcGdeQXVyMjU4MzEwNTU@._V1_-scaled.jpg\",\"keywords\":[\"2006\",\"Adolescentes\",\"Agenda 2030\",\"amor\",\"Brasil\",\"cine\",\"comunicaci\u00f3n\",\"cultura audiovisual\",\"Desarrollo sostenible\",\"educar en valores\",\"el Ojo cojo\",\"festival de cine\",\"Festival el Ojo cojo\",\"Fin de la pobreza\",\"Objetivos de Desarrollo Sostenible\",\"ODS\",\"pareja\",\"Paz y justicia e instituciones s\u00f3lidas\",\"Reducci\u00f3n de las desigualdades\",\"sexualidad\",\"Trabajo decente y crecimiento econ\u00f3mico\",\"Videoteca\"],\"articleSection\":[\"Festival 2006\",\"Ficci\u00f3n\"],\"inLanguage\":\"es\"},{\"@type\":\"WebPage\",\"@id\":\"https:\/\/elojocojo.org\/cafune\/\",\"url\":\"https:\/\/elojocojo.org\/cafune\/\",\"name\":\"Cafun\u00e9 - el ojO cojo\",\"isPartOf\":{\"@id\":\"https:\/\/elojocojo.org\/#website\"},\"primaryImageOfPage\":{\"@id\":\"https:\/\/elojocojo.org\/cafune\/#primaryimage\"},\"image\":{\"@id\":\"https:\/\/elojocojo.org\/cafune\/#primaryimage\"},\"thumbnailUrl\":\"https:\/\/elojocojo.org\/wp-content\/uploads\/2008\/09\/MV5BZTE5YjY1YjAtYjc2NS00ODk5LTk3ODMtNDBkNzc2ZWQzZWEzXkEyXkFqcGdeQXVyMjU4MzEwNTU@._V1_-scaled.jpg\",\"datePublished\":\"2008-09-05T02:58:21+00:00\",\"dateModified\":\"2025-09-23T08:45:45+00:00\",\"description\":\"Pel\u00edcula Cafun\u00e9 exhibida en la edici\u00f3n 2006 del Festival el ojO cojo. Pa\u00eds de origen, Brasil. Dirigido por Vianna del Bruno.\",\"breadcrumb\":{\"@id\":\"https:\/\/elojocojo.org\/cafune\/#breadcrumb\"},\"inLanguage\":\"es\",\"potentialAction\":[{\"@type\":\"ReadAction\",\"target\":[\"https:\/\/elojocojo.org\/cafune\/\"]}]},{\"@type\":\"ImageObject\",\"inLanguage\":\"es\",\"@id\":\"https:\/\/elojocojo.org\/cafune\/#primaryimage\",\"url\":\"https:\/\/elojocojo.org\/wp-content\/uploads\/2008\/09\/MV5BZTE5YjY1YjAtYjc2NS00ODk5LTk3ODMtNDBkNzc2ZWQzZWEzXkEyXkFqcGdeQXVyMjU4MzEwNTU@._V1_-scaled.jpg\",\"contentUrl\":\"https:\/\/elojocojo.org\/wp-content\/uploads\/2008\/09\/MV5BZTE5YjY1YjAtYjc2NS00ODk5LTk3ODMtNDBkNzc2ZWQzZWEzXkEyXkFqcGdeQXVyMjU4MzEwNTU@._V1_-scaled.jpg\",\"width\":314,\"height\":470},{\"@type\":\"BreadcrumbList\",\"@id\":\"https:\/\/elojocojo.org\/cafune\/#breadcrumb\",\"itemListElement\":[{\"@type\":\"ListItem\",\"position\":1,\"name\":\"Portada\",\"item\":\"https:\/\/elojocojo.org\/\"},{\"@type\":\"ListItem\",\"position\":2,\"name\":\"2006\",\"item\":\"https:\/\/elojocojo.org\/tag\/2006\/\"},{\"@type\":\"ListItem\",\"position\":3,\"name\":\"Cafun\u00e9\"}]},{\"@type\":\"WebSite\",\"@id\":\"https:\/\/elojocojo.org\/#website\",\"url\":\"https:\/\/elojocojo.org\/\",\"name\":\"el ojO cojo\",\"description\":\"Todos estamos hechos de la misma esencia\",\"publisher\":{\"@id\":\"https:\/\/elojocojo.org\/#organization\"},\"potentialAction\":[{\"@type\":\"SearchAction\",\"target\":{\"@type\":\"EntryPoint\",\"urlTemplate\":\"https:\/\/elojocojo.org\/?s={search_term_string}\"},\"query-input\":{\"@type\":\"PropertyValueSpecification\",\"valueRequired\":true,\"valueName\":\"search_term_string\"}}],\"inLanguage\":\"es\"},{\"@type\":\"Organization\",\"@id\":\"https:\/\/elojocojo.org\/#organization\",\"name\":\"Meigas da r\u00faa\",\"url\":\"https:\/\/elojocojo.org\/\",\"logo\":{\"@type\":\"ImageObject\",\"inLanguage\":\"es\",\"@id\":\"https:\/\/elojocojo.org\/#\/schema\/logo\/image\/\",\"url\":\"https:\/\/meigasdarua.org\/wp-content\/uploads\/2020\/09\/cropped-logo-meigas-5.png\",\"contentUrl\":\"https:\/\/meigasdarua.org\/wp-content\/uploads\/2020\/09\/cropped-logo-meigas-5.png\",\"width\":109,\"height\":200,\"caption\":\"Meigas da r\u00faa\"},\"image\":{\"@id\":\"https:\/\/elojocojo.org\/#\/schema\/logo\/image\/\"},\"sameAs\":[\"https:\/\/www.facebook.com\/elojocojo\",\"https:\/\/x.com\/elojocojo\",\"https:\/\/www.instagram.com\/elojocojo\/?hl=es\",\"https:\/\/www.linkedin.com\/in\/el-ojo-cojo-b52b7769\/\",\"https:\/\/www.pinterest.es\/elojocojo\/_saved\/\",\"https:\/\/www.youtube.com\/channel\/UCkFtFTV0Bms7zH7vq8FZxZg\"]},{\"@type\":\"Person\",\"@id\":\"\",\"url\":\"https:\/\/elojocojo.org\/author\/\"}]}<\/script>\n<!-- \/ Yoast SEO plugin. -->","yoast_head_json":{"title":"Cafun\u00e9 - el ojO cojo","description":"Pel\u00edcula Cafun\u00e9 exhibida en la edici\u00f3n 2006 del Festival el ojO cojo. Pa\u00eds de origen, Brasil. Dirigido por Vianna del Bruno.","robots":{"index":"index","follow":"follow","max-snippet":"max-snippet:-1","max-image-preview":"max-image-preview:large","max-video-preview":"max-video-preview:-1"},"canonical":"https:\/\/elojocojo.org\/cafune\/","og_locale":"es_ES","og_type":"article","og_title":"Cafun\u00e9 - el ojO cojo","og_description":"Pel\u00edcula Cafun\u00e9 exhibida en la edici\u00f3n 2006 del Festival el ojO cojo. Pa\u00eds de origen, Brasil. Dirigido por Vianna del Bruno.","og_url":"https:\/\/elojocojo.org\/cafune\/","og_site_name":"el ojO cojo","article_publisher":"https:\/\/www.facebook.com\/elojocojo","article_published_time":"2008-09-05T02:58:21+00:00","article_modified_time":"2025-09-23T08:45:45+00:00","og_image":[{"width":314,"height":470,"url":"https:\/\/elojocojo.org\/wp-content\/uploads\/2008\/09\/MV5BZTE5YjY1YjAtYjc2NS00ODk5LTk3ODMtNDBkNzc2ZWQzZWEzXkEyXkFqcGdeQXVyMjU4MzEwNTU@._V1_-scaled.jpg","type":"image\/jpeg"}],"twitter_card":"summary_large_image","twitter_creator":"@elojocojo","twitter_site":"@elojocojo","twitter_misc":{"Escrito por":"","Tiempo de lectura":"2 minutos"},"schema":{"@context":"https:\/\/schema.org","@graph":[{"@type":"Article","@id":"https:\/\/elojocojo.org\/cafune\/#article","isPartOf":{"@id":"https:\/\/elojocojo.org\/cafune\/"},"author":{"name":"","@id":""},"headline":"Cafun\u00e9","datePublished":"2008-09-05T02:58:21+00:00","dateModified":"2025-09-23T08:45:45+00:00","mainEntityOfPage":{"@id":"https:\/\/elojocojo.org\/cafune\/"},"wordCount":375,"publisher":{"@id":"https:\/\/elojocojo.org\/#organization"},"image":{"@id":"https:\/\/elojocojo.org\/cafune\/#primaryimage"},"thumbnailUrl":"https:\/\/elojocojo.org\/wp-content\/uploads\/2008\/09\/MV5BZTE5YjY1YjAtYjc2NS00ODk5LTk3ODMtNDBkNzc2ZWQzZWEzXkEyXkFqcGdeQXVyMjU4MzEwNTU@._V1_-scaled.jpg","keywords":["2006","Adolescentes","Agenda 2030","amor","Brasil","cine","comunicaci\u00f3n","cultura audiovisual","Desarrollo sostenible","educar en valores","el Ojo cojo","festival de cine","Festival el Ojo cojo","Fin de la pobreza","Objetivos de Desarrollo Sostenible","ODS","pareja","Paz y justicia e instituciones s\u00f3lidas","Reducci\u00f3n de las desigualdades","sexualidad","Trabajo decente y crecimiento econ\u00f3mico","Videoteca"],"articleSection":["Festival 2006","Ficci\u00f3n"],"inLanguage":"es"},{"@type":"WebPage","@id":"https:\/\/elojocojo.org\/cafune\/","url":"https:\/\/elojocojo.org\/cafune\/","name":"Cafun\u00e9 - el ojO cojo","isPartOf":{"@id":"https:\/\/elojocojo.org\/#website"},"primaryImageOfPage":{"@id":"https:\/\/elojocojo.org\/cafune\/#primaryimage"},"image":{"@id":"https:\/\/elojocojo.org\/cafune\/#primaryimage"},"thumbnailUrl":"https:\/\/elojocojo.org\/wp-content\/uploads\/2008\/09\/MV5BZTE5YjY1YjAtYjc2NS00ODk5LTk3ODMtNDBkNzc2ZWQzZWEzXkEyXkFqcGdeQXVyMjU4MzEwNTU@._V1_-scaled.jpg","datePublished":"2008-09-05T02:58:21+00:00","dateModified":"2025-09-23T08:45:45+00:00","description":"Pel\u00edcula Cafun\u00e9 exhibida en la edici\u00f3n 2006 del Festival el ojO cojo. Pa\u00eds de origen, Brasil. Dirigido por Vianna del Bruno.","breadcrumb":{"@id":"https:\/\/elojocojo.org\/cafune\/#breadcrumb"},"inLanguage":"es","potentialAction":[{"@type":"ReadAction","target":["https:\/\/elojocojo.org\/cafune\/"]}]},{"@type":"ImageObject","inLanguage":"es","@id":"https:\/\/elojocojo.org\/cafune\/#primaryimage","url":"https:\/\/elojocojo.org\/wp-content\/uploads\/2008\/09\/MV5BZTE5YjY1YjAtYjc2NS00ODk5LTk3ODMtNDBkNzc2ZWQzZWEzXkEyXkFqcGdeQXVyMjU4MzEwNTU@._V1_-scaled.jpg","contentUrl":"https:\/\/elojocojo.org\/wp-content\/uploads\/2008\/09\/MV5BZTE5YjY1YjAtYjc2NS00ODk5LTk3ODMtNDBkNzc2ZWQzZWEzXkEyXkFqcGdeQXVyMjU4MzEwNTU@._V1_-scaled.jpg","width":314,"height":470},{"@type":"BreadcrumbList","@id":"https:\/\/elojocojo.org\/cafune\/#breadcrumb","itemListElement":[{"@type":"ListItem","position":1,"name":"Portada","item":"https:\/\/elojocojo.org\/"},{"@type":"ListItem","position":2,"name":"2006","item":"https:\/\/elojocojo.org\/tag\/2006\/"},{"@type":"ListItem","position":3,"name":"Cafun\u00e9"}]},{"@type":"WebSite","@id":"https:\/\/elojocojo.org\/#website","url":"https:\/\/elojocojo.org\/","name":"el ojO cojo","description":"Todos estamos hechos de la misma esencia","publisher":{"@id":"https:\/\/elojocojo.org\/#organization"},"potentialAction":[{"@type":"SearchAction","target":{"@type":"EntryPoint","urlTemplate":"https:\/\/elojocojo.org\/?s={search_term_string}"},"query-input":{"@type":"PropertyValueSpecification","valueRequired":true,"valueName":"search_term_string"}}],"inLanguage":"es"},{"@type":"Organization","@id":"https:\/\/elojocojo.org\/#organization","name":"Meigas da r\u00faa","url":"https:\/\/elojocojo.org\/","logo":{"@type":"ImageObject","inLanguage":"es","@id":"https:\/\/elojocojo.org\/#\/schema\/logo\/image\/","url":"https:\/\/meigasdarua.org\/wp-content\/uploads\/2020\/09\/cropped-logo-meigas-5.png","contentUrl":"https:\/\/meigasdarua.org\/wp-content\/uploads\/2020\/09\/cropped-logo-meigas-5.png","width":109,"height":200,"caption":"Meigas da r\u00faa"},"image":{"@id":"https:\/\/elojocojo.org\/#\/schema\/logo\/image\/"},"sameAs":["https:\/\/www.facebook.com\/elojocojo","https:\/\/x.com\/elojocojo","https:\/\/www.instagram.com\/elojocojo\/?hl=es","https:\/\/www.linkedin.com\/in\/el-ojo-cojo-b52b7769\/","https:\/\/www.pinterest.es\/elojocojo\/_saved\/","https:\/\/www.youtube.com\/channel\/UCkFtFTV0Bms7zH7vq8FZxZg"]},{"@type":"Person","@id":"","url":"https:\/\/elojocojo.org\/author\/"}]}},"_links":{"self":[{"href":"https:\/\/elojocojo.org\/wp-json\/wp\/v2\/posts\/1184","targetHints":{"allow":["GET"]}}],"collection":[{"href":"https:\/\/elojocojo.org\/wp-json\/wp\/v2\/posts"}],"about":[{"href":"https:\/\/elojocojo.org\/wp-json\/wp\/v2\/types\/post"}],"author":[{"embeddable":true,"href":"https:\/\/elojocojo.org\/wp-json\/wp\/v2\/users\/3"}],"replies":[{"embeddable":true,"href":"https:\/\/elojocojo.org\/wp-json\/wp\/v2\/comments?post=1184"}],"version-history":[{"count":5,"href":"https:\/\/elojocojo.org\/wp-json\/wp\/v2\/posts\/1184\/revisions"}],"predecessor-version":[{"id":59070,"href":"https:\/\/elojocojo.org\/wp-json\/wp\/v2\/posts\/1184\/revisions\/59070"}],"wp:featuredmedia":[{"embeddable":true,"href":"https:\/\/elojocojo.org\/wp-json\/wp\/v2\/media\/19889"}],"wp:attachment":[{"href":"https:\/\/elojocojo.org\/wp-json\/wp\/v2\/media?parent=1184"}],"wp:term":[{"taxonomy":"category","embeddable":true,"href":"https:\/\/elojocojo.org\/wp-json\/wp\/v2\/categories?post=1184"},{"taxonomy":"post_tag","embeddable":true,"href":"https:\/\/elojocojo.org\/wp-json\/wp\/v2\/tags?post=1184"}],"curies":[{"name":"wp","href":"https:\/\/api.w.org\/{rel}","templated":true}]}}