{"id":1161,"date":"2008-09-04T19:50:48","date_gmt":"2008-09-05T02:50:48","guid":{"rendered":"http:\/\/www.elojocojo.org\/blog2\/?p=1161"},"modified":"2025-09-23T10:46:15","modified_gmt":"2025-09-23T08:46:15","slug":"comedia-anonima","status":"publish","type":"post","link":"https:\/\/elojocojo.org\/comedia-anonima\/","title":{"rendered":"Comedia an\u00f3nima"},"content":{"rendered":"\n<p>T\u00edtulo: <em>Comedia an\u00f3nima<\/em><\/p>\n\n\n\n<p>A\u00f1o: 2005<\/p>\n\n\n\n<p>Director: Jos\u00e9 Manuel Carrasco<\/p>\n\n\n\n<p>G\u00e9nero: Ficci\u00f3n\/comedia<\/p>\n\n\n\n<p>Duraci\u00f3n: 12\u2019<\/p>\n\n\n\n<p>Pa\u00eds: Espa\u00f1a<\/p>\n\n\n\n<p>Formato original: Betacam SP<\/p>\n\n\n\n<p>Formato de exhibici\u00f3n: DVD<\/p>\n\n\n\n<p>Tipo: Color<\/p>\n\n\n\n<p>Idioma original: Castellano<\/p>\n\n\n\n<p>Int\u00e9rpretes: Raquel Romero, Rafael Rojas-D\u00edez, Saturna Barrio, Charo Barrag\u00e1n, Minerva Cavazos, David Dur\u00e1n<\/p>\n\n\n\n<p>Producci\u00f3n: ECAM<\/p>\n\n\n\n<p>Gui\u00f3n: Jos\u00e9 Manuel Carrasco y Mar\u00eda Rodrigo<\/p>\n\n\n\n<p>Edici\u00f3n\/Montaje: Andr\u00e9s Gil Soler<\/p>\n\n\n\n<p>Direcci\u00f3n de fotograf\u00eda: David \u00c1vila<\/p>\n\n\n\n<p>Sonido: Mois\u00e9s Garrido P\u00e9rez<\/p>\n\n\n\n<p>M\u00fasica: Pilar Ossorio<\/p>\n\n\n\n<h2 class=\"wp-block-heading\"><strong>SINOPSIS<\/strong><\/h2>\n\n\n\n<h3 class=\"wp-block-heading\"><strong>El eco de la soledad<\/strong><\/h3>\n\n\n\n<p>Milagros P\u00e9rez Zapata lleva demasiado tiempo escuchando el murmullo de sus propios pensamientos en un apartamento vac\u00edo. Su rutina laboral en una oficina gris apenas le sirve para distraerse; adem\u00e1s, los fines de semana se convierten en un recordatorio doloroso de su falta de compa\u00f1\u00eda. Por otro lado, la autocr\u00edtica constante impide que rompa ese c\u00edrculo vicioso. Por ello, decide apuntarse a un taller de terapia de grupo, convencida de que compartir sus inseguridades con desconocidos podr\u00eda darle la clave para sentirse valiosa.<\/p>\n\n\n\n<h3 class=\"wp-block-heading\"><strong>Buscando respuestas<\/strong><\/h3>\n\n\n\n<p>Cada sesi\u00f3n de terapia se transforma en un escenario de revelaciones, silencios inc\u00f3modos y abrazos grupales. Milagros, entre tanto, observa con una mezcla de curiosidad y escepticismo c\u00f3mo sus compa\u00f1eros exponen miedos que ella misma ha callado durante a\u00f1os. A trav\u00e9s de din\u00e1micas de roles y ejercicios de afirmaci\u00f3n, comienza a aprender t\u00e9cnicas de relajaci\u00f3n y mensajes positivos. Sin embargo, siente que estas herramientas no terminan de encajar con su vida cotidiana.<\/p>\n\n\n\n<p>No obstante, la terapeuta la anima a llevar esas pr\u00e1cticas al mundo exterior. Aunque lo ve como un reto dif\u00edcil, Milagros acepta, aunque con cierta reticencia. As\u00ed, se abre la posibilidad de aplicar lo aprendido en un contexto real.<\/p>\n\n\n\n<h3 class=\"wp-block-heading\"><strong>La cita perfecta<\/strong><\/h3>\n\n\n\n<p>Impulsada por una compa\u00f1era de trabajo, accede finalmente a una cita con Metodio, un chico sensible y aficionado al jazz. Aunque los nervios amenazan con dominarla, Milagros utiliza algunas de sus \u201cafirmaciones\u201d aprendidas en el taller para mostrarse m\u00e1s confiada durante la cena. La conversaci\u00f3n fluye y, por momentos, el ambiente se torna \u00edntimo.<\/p>\n\n\n\n<p>No obstante, cada vez que Metodio hace un gesto espont\u00e1neo, ella se esfuerza en aplicar alg\u00fan consejo de la terapia. As\u00ed, en lugar de dejarse llevar por el momento, busca la manera correcta de responder, como si siguiera un gui\u00f3n invisible.<\/p>\n\n\n\n<h3 class=\"wp-block-heading\"><strong>El choque de mundos<\/strong><\/h3>\n\n\n\n<p>Mientras el camarero sirve el postre, Milagros intenta conducir la charla hacia temas inspirados en el taller, preguntando: \u201c\u00bfC\u00f3mo gestionas tu autoestima?\u201d. Metodio, visiblemente sorprendido, responde con sinceridad, pero desde su propia l\u00f3gica, alejado de cualquier estructura terap\u00e9utica.<\/p>\n\n\n\n<p>En ese momento, Milagros se da cuenta de que la espontaneidad del otro no encaja en sus esquemas. Por consiguiente, empieza a comprender que la vida real es mucho m\u00e1s ca\u00f3tica y aut\u00e9ntica que cualquier din\u00e1mica grupal. Ese choque de mundos le ofrece una nueva perspectiva.<\/p>\n\n\n\n<h3 class=\"wp-block-heading\"><strong>Un nuevo aprendizaje<\/strong><\/h3>\n\n\n\n<p>Al despedirse de Metodio, Milagros reconoce que la terapia le ha proporcionado herramientas valiosas. Sin embargo, tambi\u00e9n entiende que el verdadero desaf\u00edo consiste en adaptar esas lecciones a la imperfecci\u00f3n humana. A partir de ese instante, decide dejar de lado los manuales para abrazar la naturalidad de los encuentros reales.<\/p>\n\n\n\n<p>Con una sonrisa serena, se marcha sabiendo que la autoestima no se construye solamente en un c\u00edrculo terap\u00e9utico, sino tambi\u00e9n en cada gesto cotidiano de valent\u00eda. De ah\u00ed que, en el fondo, su historia fuese una comedia an\u00f3nima.<\/p>\n\n\n\n<p>El filme <em>Comedia an\u00f3nima<\/em> particip\u00f3 en la edici\u00f3n <a href=\"https:\/\/elojocojo.org\/category\/festival-2006\/\"><strong>2006<\/strong>&nbsp;<\/a>del <a href=\"https:\/\/elojocojo.org\/bienvenida\/festivalelojocojo\/\"><strong>Festival de cine el ojO cojo<\/strong> <\/a>,en ese sentido nos sentimos honrados de haberla exhibido.<\/p>\n\n\n\n<p>Visita nuestro <a href=\"https:\/\/el-ojocojo.blogspot.com\/\"><strong>blog<\/strong><\/a>.<\/p>\n\n\n\n<p><\/p>\n","protected":false},"excerpt":{"rendered":"<p>Milagros P\u00e9rez Zapata lleva demasiado tiempo escuchando el murmullo de sus propios pensamientos. Director: Jos\u00e9 Manuel Carrasco. <\/p>\n","protected":false},"author":3,"featured_media":67428,"comment_status":"closed","ping_status":"open","sticky":false,"template":"","format":"standard","meta":{"_monsterinsights_skip_tracking":false,"_monsterinsights_sitenote_active":false,"_monsterinsights_sitenote_note":"","_monsterinsights_sitenote_category":0,"footnotes":""},"categories":[990,1460,428,30],"tags":[1927,1888,169,941,2047,1891,1887,1893,1886,1270,1269,138,402,1981,1982,1092,1892,1910,85,2004,1057,1896],"class_list":{"0":"post-1161","1":"post","2":"type-post","3":"status-publish","4":"format-standard","5":"has-post-thumbnail","7":"category-comedia","8":"category-cortometraje","9":"category-festival-2006","10":"category-ficcion","11":"tag-1927","12":"tag-agenda-2030","13":"tag-amistad","14":"tag-cine","15":"tag-comunicacion","16":"tag-cultura-audiovisual","17":"tag-desarrollo-sostenible","18":"tag-educar-en-valores","19":"tag-el-ojo-cojo","20":"tag-empleo","21":"tag-esclavitud","22":"tag-espana","23":"tag-explotacion","24":"tag-festival-de-cine","25":"tag-festival-el-ojo-cojo","26":"tag-fin-de-la-pobreza","27":"tag-objetivos-de-desarrollo-sostenible","28":"tag-ods","29":"tag-pareja","30":"tag-peliculas","31":"tag-trabajo-decente-y-crecimiento-economico","32":"tag-videoteca","33":"czr-hentry"},"yoast_head":"<!-- This site is optimized with the Yoast SEO plugin v27.1.1 - https:\/\/yoast.com\/product\/yoast-seo-wordpress\/ -->\n<title>Comedia an\u00f3nima - el ojO cojo<\/title>\n<meta name=\"description\" content=\"Pel\u00edcula Comedia an\u00f3nima exhibida en la edici\u00f3n 2006 del Festival el ojO cojo. Pa\u00eds de origen, Espa\u00f1a. Dirigido por Jos\u00e9 Manuel Carrasco.\" \/>\n<meta name=\"robots\" content=\"index, follow, max-snippet:-1, max-image-preview:large, max-video-preview:-1\" \/>\n<link rel=\"canonical\" href=\"https:\/\/elojocojo.org\/comedia-anonima\/\" \/>\n<meta property=\"og:locale\" content=\"es_ES\" \/>\n<meta property=\"og:type\" content=\"article\" \/>\n<meta property=\"og:title\" content=\"Comedia an\u00f3nima - el ojO cojo\" \/>\n<meta property=\"og:description\" content=\"Pel\u00edcula Comedia an\u00f3nima exhibida en la edici\u00f3n 2006 del Festival el ojO cojo. Pa\u00eds de origen, Espa\u00f1a. Dirigido por Jos\u00e9 Manuel Carrasco.\" \/>\n<meta property=\"og:url\" content=\"https:\/\/elojocojo.org\/comedia-anonima\/\" \/>\n<meta property=\"og:site_name\" content=\"el ojO cojo\" \/>\n<meta property=\"article:publisher\" content=\"https:\/\/www.facebook.com\/elojocojo\" \/>\n<meta property=\"article:published_time\" content=\"2008-09-05T02:50:48+00:00\" \/>\n<meta property=\"article:modified_time\" content=\"2025-09-23T08:46:15+00:00\" \/>\n<meta property=\"og:image\" content=\"https:\/\/elojocojo.org\/wp-content\/uploads\/2008\/09\/Comedia-anonima.jpg\" \/>\n\t<meta property=\"og:image:width\" content=\"600\" \/>\n\t<meta property=\"og:image:height\" content=\"600\" \/>\n\t<meta property=\"og:image:type\" content=\"image\/jpeg\" \/>\n<meta name=\"twitter:card\" content=\"summary_large_image\" \/>\n<meta name=\"twitter:creator\" content=\"@elojocojo\" \/>\n<meta name=\"twitter:site\" content=\"@elojocojo\" \/>\n<meta name=\"twitter:label1\" content=\"Escrito por\" \/>\n\t<meta name=\"twitter:data1\" content=\"\" \/>\n\t<meta name=\"twitter:label2\" content=\"Tiempo de lectura\" \/>\n\t<meta name=\"twitter:data2\" content=\"3 minutos\" \/>\n<script type=\"application\/ld+json\" class=\"yoast-schema-graph\">{\"@context\":\"https:\/\/schema.org\",\"@graph\":[{\"@type\":\"Article\",\"@id\":\"https:\/\/elojocojo.org\/comedia-anonima\/#article\",\"isPartOf\":{\"@id\":\"https:\/\/elojocojo.org\/comedia-anonima\/\"},\"author\":{\"name\":\"\",\"@id\":\"\"},\"headline\":\"Comedia an\u00f3nima\",\"datePublished\":\"2008-09-05T02:50:48+00:00\",\"dateModified\":\"2025-09-23T08:46:15+00:00\",\"mainEntityOfPage\":{\"@id\":\"https:\/\/elojocojo.org\/comedia-anonima\/\"},\"wordCount\":641,\"publisher\":{\"@id\":\"https:\/\/elojocojo.org\/#organization\"},\"image\":{\"@id\":\"https:\/\/elojocojo.org\/comedia-anonima\/#primaryimage\"},\"thumbnailUrl\":\"https:\/\/elojocojo.org\/wp-content\/uploads\/2008\/09\/Comedia-anonima.jpg\",\"keywords\":[\"2006\",\"Agenda 2030\",\"amistad\",\"cine\",\"comunicaci\u00f3n\",\"cultura audiovisual\",\"Desarrollo sostenible\",\"educar en valores\",\"el Ojo cojo\",\"empleo\",\"esclavitud\",\"Espa\u00f1a\",\"explotaci\u00f3n\",\"festival de cine\",\"Festival el Ojo cojo\",\"Fin de la pobreza\",\"Objetivos de Desarrollo Sostenible\",\"ODS\",\"pareja\",\"pel\u00edculas\",\"Trabajo decente y crecimiento econ\u00f3mico\",\"Videoteca\"],\"articleSection\":[\"Comedia\",\"Cortometraje\",\"Festival 2006\",\"Ficci\u00f3n\"],\"inLanguage\":\"es\"},{\"@type\":\"WebPage\",\"@id\":\"https:\/\/elojocojo.org\/comedia-anonima\/\",\"url\":\"https:\/\/elojocojo.org\/comedia-anonima\/\",\"name\":\"Comedia an\u00f3nima - el ojO cojo\",\"isPartOf\":{\"@id\":\"https:\/\/elojocojo.org\/#website\"},\"primaryImageOfPage\":{\"@id\":\"https:\/\/elojocojo.org\/comedia-anonima\/#primaryimage\"},\"image\":{\"@id\":\"https:\/\/elojocojo.org\/comedia-anonima\/#primaryimage\"},\"thumbnailUrl\":\"https:\/\/elojocojo.org\/wp-content\/uploads\/2008\/09\/Comedia-anonima.jpg\",\"datePublished\":\"2008-09-05T02:50:48+00:00\",\"dateModified\":\"2025-09-23T08:46:15+00:00\",\"description\":\"Pel\u00edcula Comedia an\u00f3nima exhibida en la edici\u00f3n 2006 del Festival el ojO cojo. Pa\u00eds de origen, Espa\u00f1a. Dirigido por Jos\u00e9 Manuel Carrasco.\",\"breadcrumb\":{\"@id\":\"https:\/\/elojocojo.org\/comedia-anonima\/#breadcrumb\"},\"inLanguage\":\"es\",\"potentialAction\":[{\"@type\":\"ReadAction\",\"target\":[\"https:\/\/elojocojo.org\/comedia-anonima\/\"]}]},{\"@type\":\"ImageObject\",\"inLanguage\":\"es\",\"@id\":\"https:\/\/elojocojo.org\/comedia-anonima\/#primaryimage\",\"url\":\"https:\/\/elojocojo.org\/wp-content\/uploads\/2008\/09\/Comedia-anonima.jpg\",\"contentUrl\":\"https:\/\/elojocojo.org\/wp-content\/uploads\/2008\/09\/Comedia-anonima.jpg\",\"width\":600,\"height\":600,\"caption\":\"Comedia\"},{\"@type\":\"BreadcrumbList\",\"@id\":\"https:\/\/elojocojo.org\/comedia-anonima\/#breadcrumb\",\"itemListElement\":[{\"@type\":\"ListItem\",\"position\":1,\"name\":\"Portada\",\"item\":\"https:\/\/elojocojo.org\/\"},{\"@type\":\"ListItem\",\"position\":2,\"name\":\"2006\",\"item\":\"https:\/\/elojocojo.org\/tag\/2006\/\"},{\"@type\":\"ListItem\",\"position\":3,\"name\":\"Comedia an\u00f3nima\"}]},{\"@type\":\"WebSite\",\"@id\":\"https:\/\/elojocojo.org\/#website\",\"url\":\"https:\/\/elojocojo.org\/\",\"name\":\"el ojO cojo\",\"description\":\"Todos estamos hechos de la misma esencia\",\"publisher\":{\"@id\":\"https:\/\/elojocojo.org\/#organization\"},\"potentialAction\":[{\"@type\":\"SearchAction\",\"target\":{\"@type\":\"EntryPoint\",\"urlTemplate\":\"https:\/\/elojocojo.org\/?s={search_term_string}\"},\"query-input\":{\"@type\":\"PropertyValueSpecification\",\"valueRequired\":true,\"valueName\":\"search_term_string\"}}],\"inLanguage\":\"es\"},{\"@type\":\"Organization\",\"@id\":\"https:\/\/elojocojo.org\/#organization\",\"name\":\"Meigas da r\u00faa\",\"url\":\"https:\/\/elojocojo.org\/\",\"logo\":{\"@type\":\"ImageObject\",\"inLanguage\":\"es\",\"@id\":\"https:\/\/elojocojo.org\/#\/schema\/logo\/image\/\",\"url\":\"https:\/\/meigasdarua.org\/wp-content\/uploads\/2020\/09\/cropped-logo-meigas-5.png\",\"contentUrl\":\"https:\/\/meigasdarua.org\/wp-content\/uploads\/2020\/09\/cropped-logo-meigas-5.png\",\"width\":109,\"height\":200,\"caption\":\"Meigas da r\u00faa\"},\"image\":{\"@id\":\"https:\/\/elojocojo.org\/#\/schema\/logo\/image\/\"},\"sameAs\":[\"https:\/\/www.facebook.com\/elojocojo\",\"https:\/\/x.com\/elojocojo\",\"https:\/\/www.instagram.com\/elojocojo\/?hl=es\",\"https:\/\/www.linkedin.com\/in\/el-ojo-cojo-b52b7769\/\",\"https:\/\/www.pinterest.es\/elojocojo\/_saved\/\",\"https:\/\/www.youtube.com\/channel\/UCkFtFTV0Bms7zH7vq8FZxZg\"]},{\"@type\":\"Person\",\"@id\":\"\",\"url\":\"https:\/\/elojocojo.org\/author\/\"}]}<\/script>\n<!-- \/ Yoast SEO plugin. -->","yoast_head_json":{"title":"Comedia an\u00f3nima - el ojO cojo","description":"Pel\u00edcula Comedia an\u00f3nima exhibida en la edici\u00f3n 2006 del Festival el ojO cojo. Pa\u00eds de origen, Espa\u00f1a. Dirigido por Jos\u00e9 Manuel Carrasco.","robots":{"index":"index","follow":"follow","max-snippet":"max-snippet:-1","max-image-preview":"max-image-preview:large","max-video-preview":"max-video-preview:-1"},"canonical":"https:\/\/elojocojo.org\/comedia-anonima\/","og_locale":"es_ES","og_type":"article","og_title":"Comedia an\u00f3nima - el ojO cojo","og_description":"Pel\u00edcula Comedia an\u00f3nima exhibida en la edici\u00f3n 2006 del Festival el ojO cojo. Pa\u00eds de origen, Espa\u00f1a. Dirigido por Jos\u00e9 Manuel Carrasco.","og_url":"https:\/\/elojocojo.org\/comedia-anonima\/","og_site_name":"el ojO cojo","article_publisher":"https:\/\/www.facebook.com\/elojocojo","article_published_time":"2008-09-05T02:50:48+00:00","article_modified_time":"2025-09-23T08:46:15+00:00","og_image":[{"width":600,"height":600,"url":"https:\/\/elojocojo.org\/wp-content\/uploads\/2008\/09\/Comedia-anonima.jpg","type":"image\/jpeg"}],"twitter_card":"summary_large_image","twitter_creator":"@elojocojo","twitter_site":"@elojocojo","twitter_misc":{"Escrito por":"","Tiempo de lectura":"3 minutos"},"schema":{"@context":"https:\/\/schema.org","@graph":[{"@type":"Article","@id":"https:\/\/elojocojo.org\/comedia-anonima\/#article","isPartOf":{"@id":"https:\/\/elojocojo.org\/comedia-anonima\/"},"author":{"name":"","@id":""},"headline":"Comedia an\u00f3nima","datePublished":"2008-09-05T02:50:48+00:00","dateModified":"2025-09-23T08:46:15+00:00","mainEntityOfPage":{"@id":"https:\/\/elojocojo.org\/comedia-anonima\/"},"wordCount":641,"publisher":{"@id":"https:\/\/elojocojo.org\/#organization"},"image":{"@id":"https:\/\/elojocojo.org\/comedia-anonima\/#primaryimage"},"thumbnailUrl":"https:\/\/elojocojo.org\/wp-content\/uploads\/2008\/09\/Comedia-anonima.jpg","keywords":["2006","Agenda 2030","amistad","cine","comunicaci\u00f3n","cultura audiovisual","Desarrollo sostenible","educar en valores","el Ojo cojo","empleo","esclavitud","Espa\u00f1a","explotaci\u00f3n","festival de cine","Festival el Ojo cojo","Fin de la pobreza","Objetivos de Desarrollo Sostenible","ODS","pareja","pel\u00edculas","Trabajo decente y crecimiento econ\u00f3mico","Videoteca"],"articleSection":["Comedia","Cortometraje","Festival 2006","Ficci\u00f3n"],"inLanguage":"es"},{"@type":"WebPage","@id":"https:\/\/elojocojo.org\/comedia-anonima\/","url":"https:\/\/elojocojo.org\/comedia-anonima\/","name":"Comedia an\u00f3nima - el ojO cojo","isPartOf":{"@id":"https:\/\/elojocojo.org\/#website"},"primaryImageOfPage":{"@id":"https:\/\/elojocojo.org\/comedia-anonima\/#primaryimage"},"image":{"@id":"https:\/\/elojocojo.org\/comedia-anonima\/#primaryimage"},"thumbnailUrl":"https:\/\/elojocojo.org\/wp-content\/uploads\/2008\/09\/Comedia-anonima.jpg","datePublished":"2008-09-05T02:50:48+00:00","dateModified":"2025-09-23T08:46:15+00:00","description":"Pel\u00edcula Comedia an\u00f3nima exhibida en la edici\u00f3n 2006 del Festival el ojO cojo. Pa\u00eds de origen, Espa\u00f1a. Dirigido por Jos\u00e9 Manuel Carrasco.","breadcrumb":{"@id":"https:\/\/elojocojo.org\/comedia-anonima\/#breadcrumb"},"inLanguage":"es","potentialAction":[{"@type":"ReadAction","target":["https:\/\/elojocojo.org\/comedia-anonima\/"]}]},{"@type":"ImageObject","inLanguage":"es","@id":"https:\/\/elojocojo.org\/comedia-anonima\/#primaryimage","url":"https:\/\/elojocojo.org\/wp-content\/uploads\/2008\/09\/Comedia-anonima.jpg","contentUrl":"https:\/\/elojocojo.org\/wp-content\/uploads\/2008\/09\/Comedia-anonima.jpg","width":600,"height":600,"caption":"Comedia"},{"@type":"BreadcrumbList","@id":"https:\/\/elojocojo.org\/comedia-anonima\/#breadcrumb","itemListElement":[{"@type":"ListItem","position":1,"name":"Portada","item":"https:\/\/elojocojo.org\/"},{"@type":"ListItem","position":2,"name":"2006","item":"https:\/\/elojocojo.org\/tag\/2006\/"},{"@type":"ListItem","position":3,"name":"Comedia an\u00f3nima"}]},{"@type":"WebSite","@id":"https:\/\/elojocojo.org\/#website","url":"https:\/\/elojocojo.org\/","name":"el ojO cojo","description":"Todos estamos hechos de la misma esencia","publisher":{"@id":"https:\/\/elojocojo.org\/#organization"},"potentialAction":[{"@type":"SearchAction","target":{"@type":"EntryPoint","urlTemplate":"https:\/\/elojocojo.org\/?s={search_term_string}"},"query-input":{"@type":"PropertyValueSpecification","valueRequired":true,"valueName":"search_term_string"}}],"inLanguage":"es"},{"@type":"Organization","@id":"https:\/\/elojocojo.org\/#organization","name":"Meigas da r\u00faa","url":"https:\/\/elojocojo.org\/","logo":{"@type":"ImageObject","inLanguage":"es","@id":"https:\/\/elojocojo.org\/#\/schema\/logo\/image\/","url":"https:\/\/meigasdarua.org\/wp-content\/uploads\/2020\/09\/cropped-logo-meigas-5.png","contentUrl":"https:\/\/meigasdarua.org\/wp-content\/uploads\/2020\/09\/cropped-logo-meigas-5.png","width":109,"height":200,"caption":"Meigas da r\u00faa"},"image":{"@id":"https:\/\/elojocojo.org\/#\/schema\/logo\/image\/"},"sameAs":["https:\/\/www.facebook.com\/elojocojo","https:\/\/x.com\/elojocojo","https:\/\/www.instagram.com\/elojocojo\/?hl=es","https:\/\/www.linkedin.com\/in\/el-ojo-cojo-b52b7769\/","https:\/\/www.pinterest.es\/elojocojo\/_saved\/","https:\/\/www.youtube.com\/channel\/UCkFtFTV0Bms7zH7vq8FZxZg"]},{"@type":"Person","@id":"","url":"https:\/\/elojocojo.org\/author\/"}]}},"_links":{"self":[{"href":"https:\/\/elojocojo.org\/wp-json\/wp\/v2\/posts\/1161","targetHints":{"allow":["GET"]}}],"collection":[{"href":"https:\/\/elojocojo.org\/wp-json\/wp\/v2\/posts"}],"about":[{"href":"https:\/\/elojocojo.org\/wp-json\/wp\/v2\/types\/post"}],"author":[{"embeddable":true,"href":"https:\/\/elojocojo.org\/wp-json\/wp\/v2\/users\/3"}],"replies":[{"embeddable":true,"href":"https:\/\/elojocojo.org\/wp-json\/wp\/v2\/comments?post=1161"}],"version-history":[{"count":16,"href":"https:\/\/elojocojo.org\/wp-json\/wp\/v2\/posts\/1161\/revisions"}],"predecessor-version":[{"id":69538,"href":"https:\/\/elojocojo.org\/wp-json\/wp\/v2\/posts\/1161\/revisions\/69538"}],"wp:featuredmedia":[{"embeddable":true,"href":"https:\/\/elojocojo.org\/wp-json\/wp\/v2\/media\/67428"}],"wp:attachment":[{"href":"https:\/\/elojocojo.org\/wp-json\/wp\/v2\/media?parent=1161"}],"wp:term":[{"taxonomy":"category","embeddable":true,"href":"https:\/\/elojocojo.org\/wp-json\/wp\/v2\/categories?post=1161"},{"taxonomy":"post_tag","embeddable":true,"href":"https:\/\/elojocojo.org\/wp-json\/wp\/v2\/tags?post=1161"}],"curies":[{"name":"wp","href":"https:\/\/api.w.org\/{rel}","templated":true}]}}