{"id":1155,"date":"2008-09-04T19:47:57","date_gmt":"2008-09-05T02:47:57","guid":{"rendered":"http:\/\/www.elojocojo.org\/blog2\/?p=1155"},"modified":"2025-09-23T10:46:16","modified_gmt":"2025-09-23T08:46:16","slug":"corazon-abierto","status":"publish","type":"post","link":"https:\/\/elojocojo.org\/corazon-abierto\/","title":{"rendered":"Coraz\u00f3n abierto"},"content":{"rendered":"\n<figure class=\"wp-block-embed is-type-video is-provider-youtube wp-block-embed-youtube wp-embed-aspect-4-3 wp-has-aspect-ratio\"><div class=\"wp-block-embed__wrapper\">\n<iframe title=\"TRAILER CORAZON ABIERTO\" width=\"1140\" height=\"855\" src=\"https:\/\/www.youtube.com\/embed\/EZ_A-OSYNks?feature=oembed\" frameborder=\"0\" allow=\"accelerometer; autoplay; clipboard-write; encrypted-media; gyroscope; picture-in-picture; web-share\" referrerpolicy=\"strict-origin-when-cross-origin\" allowfullscreen><\/iframe>\n<\/div><\/figure>\n\n\n<blockquote>\n<p><strong>T\u00cdTULO<\/strong>: CORAZ\u00d3N ABIERTO<br \/><strong>T\u00cdTULO ORIGINAL<\/strong>: CORAZ\u00d3N ABIERTO<br \/><strong>A\u00d1O<\/strong>: 2005<br \/><strong>DIRECTOR<\/strong>: Katia Lara<br \/><strong>G\u00c9NERO CINEMATOGR\u00c1FICO<\/strong>: Documental<br \/><strong>DURACI\u00d3N<\/strong>: 40&#8242;<br \/><strong>PA\u00cdS<\/strong>: Honduras<br \/><strong>FORMATO ORIGINAL<\/strong>: DV-Cam, color NTSC (disponible en DVD)<br \/><strong>TIPO<\/strong>: (color o blanco y negro)<br \/><strong>IDIOMA ORIGINAL<\/strong>: (castellano)<br \/><strong>SUBT\u00cdTULOS<\/strong>: Ingles<br \/><strong>PRODUCCI\u00d3N<\/strong>: Katia Lara, Karla Reyes<br \/><strong>GUI\u00d3N<\/strong>: Katia Lara<br \/><strong>EDICI\u00d3N\/MONTAJE<\/strong>: Katia Lara, Julio Molina, Andr\u00e9s Papousek<br \/><strong>DIRECCI\u00d3N DE FOTOGRAF\u00cdA<\/strong>: Andr\u00e9s Papousek<br \/><strong>SONIDO<\/strong>: Julio Molina<br \/><strong>M\u00daSICA<\/strong>: \u201cCatedral\u201d de Manuel Obreg\u00f3n interpretada por Manuel Obreg\u00f3n y la Orquesta de la Papaya. Papaya Music de Centroam\u00e9rica, Alfredo Poujol, basada en improvisaci\u00f3n al piano de Sami Kafati<\/p>\n<\/blockquote>\n<p>Opera prima<\/p>\n<h3 class=\"\" data-start=\"225\" data-end=\"258\">Sinopsis de <em data-start=\"241\" data-end=\"258\">Coraz\u00f3n abierto<\/em><\/h3>\n<p class=\"\" data-start=\"260\" data-end=\"540\"><strong data-start=\"102\" data-end=\"121\">Coraz\u00f3n abierto<\/strong> es un documental que explora el legado inacabado del cine hondure\u00f1o contempor\u00e1neo. La historia comienza con la muerte del reconocido cineasta Sami Kafati en 1996, quien dej\u00f3 inconcluso su proyecto m\u00e1s ambicioso: <em data-start=\"334\" data-end=\"359\">No hay tierra sin due\u00f1o<\/em>, el primer largometraje de ficci\u00f3n en Honduras.<\/p>\n<h3 class=\"\" data-start=\"542\" data-end=\"575\">El poder de terminar una obra<\/h3>\n<p class=\"\" data-start=\"577\" data-end=\"917\">Tras su fallecimiento, su hijo Rams\u00e9s Kafati, junto con la reconocida montajista chilena Carmen Brito, se enfrentan al reto de finalizar la pel\u00edcula. A partir de materiales dispersos, recuerdos personales y fragmentos sin editar, ambos reconstruyen no solo una obra cinematogr\u00e1fica, sino tambi\u00e9n un homenaje al compromiso art\u00edstico de Sami.<\/p>\n<h3 class=\"\" data-start=\"919\" data-end=\"954\">Entre lo personal y lo pol\u00edtico<\/h3>\n<p class=\"\" data-start=\"956\" data-end=\"1349\">La narrativa entrelaza lo \u00edntimo y lo hist\u00f3rico. Por un lado, muestra el esfuerzo de una familia por honrar una vida dedicada al cine. Por otro, revela los obst\u00e1culos del sector audiovisual en un pa\u00eds con escasa infraestructura para la producci\u00f3n cinematogr\u00e1fica. Gracias a esta dualidad, <strong data-start=\"1245\" data-end=\"1264\">Coraz\u00f3n abierto<\/strong> se convierte en una reflexi\u00f3n sobre la persistencia creativa frente a la adversidad.<\/p>\n<h3 class=\"\" data-start=\"113\" data-end=\"154\">Una huella en el cine latinoamericano<\/h3>\n<p class=\"\" data-start=\"156\" data-end=\"633\">Este documental no solo rescata una pel\u00edcula olvidada. Tambi\u00e9n celebra la pasi\u00f3n de quienes creen en el poder del arte como memoria viva, herramienta cr\u00edtica y puente emocional entre generaciones. Su mirada profunda sobre la identidad, la p\u00e9rdida, la resistencia y el contexto pol\u00edtico y social de Honduras lo convierte en una pieza clave del cine centroamericano. Adem\u00e1s, rinde homenaje a la importancia del legado familiar y al compromiso de terminar lo que otros comenzaron.<\/p>\n<h3 data-start=\"1394\" data-end=\"1656\">Palmar\u00e9s<\/h3>\n<p><a href=\"https:\/\/elojocojo.org\/category\/festival-2006\/\">Festival el ojO cojo<\/a>. Selecci\u00f3n oficial, <a href=\"https:\/\/elojocojo.org\/category\/festival-2006\/\">2006<\/a><\/p>\n<p>\u00a0<\/p>\n\n\n<figure class=\"wp-block-image size-large is-resized\"><img decoding=\"async\" width=\"211\" height=\"238\" src=\"https:\/\/elojocojo.org\/wp-content\/uploads\/2008\/09\/corazonAbierto.jpg\" alt=\"Foto filme Coraz\u00f3n abierto\" class=\"wp-image-40387\" style=\"width:283px;height:auto\"\/><\/figure>\n\n\n\n<p>Visita nuestro <a href=\"https:\/\/el-ojocojo.blogspot.com\/\">blog<\/a>.<\/p>\n\n\n\n<p><\/p>\n","protected":false},"excerpt":{"rendered":"<p>T\u00cdTULO: CORAZ\u00d3N ABIERTOT\u00cdTULO ORIGINAL: CORAZ\u00d3N ABIERTOA\u00d1O: 2005DIRECTOR: Katia LaraG\u00c9NERO CINEMATOGR\u00c1FICO: DocumentalDURACI\u00d3N: 40&#8242;PA\u00cdS: HondurasFORMATO ORIGINAL: DV-Cam, color NTSC (disponible en DVD)TIPO: (color o blanco y negro)IDIOMA ORIGINAL: (castellano)SUBT\u00cdTULOS: InglesPRODUCCI\u00d3N: Katia Lara, Karla ReyesGUI\u00d3N: Katia LaraEDICI\u00d3N\/MONTAJE: Katia Lara, Julio Molina, Andr\u00e9s PapousekDIRECCI\u00d3N DE FOTOGRAF\u00cdA: Andr\u00e9s PapousekSONIDO: Julio MolinaM\u00daSICA: \u201cCatedral\u201d de Manuel Obreg\u00f3n interpretada por Manuel Obreg\u00f3n y [&hellip;]<\/p>\n","protected":false},"author":3,"featured_media":40387,"comment_status":"closed","ping_status":"open","sticky":false,"template":"","format":"standard","meta":{"_monsterinsights_skip_tracking":false,"_monsterinsights_sitenote_active":false,"_monsterinsights_sitenote_note":"","_monsterinsights_sitenote_category":0,"footnotes":""},"categories":[2053,428],"tags":[1927,19,1888,88,186,936,941,2047,1891,1193,1887,1403,1893,1886,1270,1258,1269,402,15,1981,1982,1092,1383,1023,1892,1910,2004,1207,1057,1896],"class_list":{"0":"post-1155","1":"post","2":"type-post","3":"status-publish","4":"format-standard","5":"has-post-thumbnail","7":"category-documental","8":"category-festival-2006","9":"tag-1927","10":"tag-activismo-cultural","11":"tag-agenda-2030","12":"tag-america-latina","13":"tag-arte","14":"tag-artista","15":"tag-cine","16":"tag-comunicacion","17":"tag-cultura-audiovisual","18":"tag-derechos-humanos","19":"tag-desarrollo-sostenible","20":"tag-educacion-de-calidad","21":"tag-educar-en-valores","22":"tag-el-ojo-cojo","23":"tag-empleo","24":"tag-empoderamiento","25":"tag-esclavitud","26":"tag-explotacion","27":"tag-familia","28":"tag-festival-de-cine","29":"tag-festival-el-ojo-cojo","30":"tag-fin-de-la-pobreza","31":"tag-honduras","32":"tag-memoria-historica","33":"tag-objetivos-de-desarrollo-sostenible","34":"tag-ods","35":"tag-peliculas","36":"tag-prostitucion","37":"tag-trabajo-decente-y-crecimiento-economico","38":"tag-videoteca","39":"czr-hentry"},"yoast_head":"<!-- This site is optimized with the Yoast SEO plugin v27.1.1 - https:\/\/yoast.com\/product\/yoast-seo-wordpress\/ -->\n<title>Coraz\u00f3n abierto - el ojO cojo<\/title>\n<meta name=\"description\" content=\"Pel\u00edcula Coraz\u00f3n abierto exhibida en la edici\u00f3n 2006 del Festival el ojO cojo. Pa\u00eds de origen, Honduras. Dirigido por Katia Lara.\" \/>\n<meta name=\"robots\" content=\"index, follow, max-snippet:-1, max-image-preview:large, max-video-preview:-1\" \/>\n<link rel=\"canonical\" href=\"https:\/\/elojocojo.org\/corazon-abierto\/\" \/>\n<meta property=\"og:locale\" content=\"es_ES\" \/>\n<meta property=\"og:type\" content=\"article\" \/>\n<meta property=\"og:title\" content=\"Coraz\u00f3n abierto - el ojO cojo\" \/>\n<meta property=\"og:description\" content=\"Pel\u00edcula Coraz\u00f3n abierto exhibida en la edici\u00f3n 2006 del Festival el ojO cojo. Pa\u00eds de origen, Honduras. Dirigido por Katia Lara.\" \/>\n<meta property=\"og:url\" content=\"https:\/\/elojocojo.org\/corazon-abierto\/\" \/>\n<meta property=\"og:site_name\" content=\"el ojO cojo\" \/>\n<meta property=\"article:publisher\" content=\"https:\/\/www.facebook.com\/elojocojo\" \/>\n<meta property=\"article:published_time\" content=\"2008-09-05T02:47:57+00:00\" \/>\n<meta property=\"article:modified_time\" content=\"2025-09-23T08:46:16+00:00\" \/>\n<meta property=\"og:image\" content=\"https:\/\/elojocojo.org\/wp-content\/uploads\/2008\/09\/corazonAbierto.jpg\" \/>\n\t<meta property=\"og:image:width\" content=\"211\" \/>\n\t<meta property=\"og:image:height\" content=\"238\" \/>\n\t<meta property=\"og:image:type\" content=\"image\/jpeg\" \/>\n<meta name=\"twitter:card\" content=\"summary_large_image\" \/>\n<meta name=\"twitter:creator\" content=\"@elojocojo\" \/>\n<meta name=\"twitter:site\" content=\"@elojocojo\" \/>\n<meta name=\"twitter:label1\" content=\"Escrito por\" \/>\n\t<meta name=\"twitter:data1\" content=\"\" \/>\n\t<meta name=\"twitter:label2\" content=\"Tiempo de lectura\" \/>\n\t<meta name=\"twitter:data2\" content=\"2 minutos\" \/>\n<script type=\"application\/ld+json\" class=\"yoast-schema-graph\">{\"@context\":\"https:\/\/schema.org\",\"@graph\":[{\"@type\":\"Article\",\"@id\":\"https:\/\/elojocojo.org\/corazon-abierto\/#article\",\"isPartOf\":{\"@id\":\"https:\/\/elojocojo.org\/corazon-abierto\/\"},\"author\":{\"name\":\"\",\"@id\":\"\"},\"headline\":\"Coraz\u00f3n abierto\",\"datePublished\":\"2008-09-05T02:47:57+00:00\",\"dateModified\":\"2025-09-23T08:46:16+00:00\",\"mainEntityOfPage\":{\"@id\":\"https:\/\/elojocojo.org\/corazon-abierto\/\"},\"wordCount\":417,\"publisher\":{\"@id\":\"https:\/\/elojocojo.org\/#organization\"},\"image\":{\"@id\":\"https:\/\/elojocojo.org\/corazon-abierto\/#primaryimage\"},\"thumbnailUrl\":\"https:\/\/elojocojo.org\/wp-content\/uploads\/2008\/09\/corazonAbierto.jpg\",\"keywords\":[\"2006\",\"activismo cultural\",\"Agenda 2030\",\"Am\u00e9rica Latina\",\"Arte\",\"artista\",\"cine\",\"comunicaci\u00f3n\",\"cultura audiovisual\",\"Derechos Humanos\",\"Desarrollo sostenible\",\"Educaci\u00f3n de calidad\",\"educar en valores\",\"el Ojo cojo\",\"empleo\",\"empoderamiento\",\"esclavitud\",\"explotaci\u00f3n\",\"familia\",\"festival de cine\",\"Festival el Ojo cojo\",\"Fin de la pobreza\",\"Honduras\",\"memoria hist\u00f3rica\",\"Objetivos de Desarrollo Sostenible\",\"ODS\",\"pel\u00edculas\",\"prostituci\u00f3n\",\"Trabajo decente y crecimiento econ\u00f3mico\",\"Videoteca\"],\"articleSection\":[\"Documental\",\"Festival 2006\"],\"inLanguage\":\"es\"},{\"@type\":\"WebPage\",\"@id\":\"https:\/\/elojocojo.org\/corazon-abierto\/\",\"url\":\"https:\/\/elojocojo.org\/corazon-abierto\/\",\"name\":\"Coraz\u00f3n abierto - el ojO cojo\",\"isPartOf\":{\"@id\":\"https:\/\/elojocojo.org\/#website\"},\"primaryImageOfPage\":{\"@id\":\"https:\/\/elojocojo.org\/corazon-abierto\/#primaryimage\"},\"image\":{\"@id\":\"https:\/\/elojocojo.org\/corazon-abierto\/#primaryimage\"},\"thumbnailUrl\":\"https:\/\/elojocojo.org\/wp-content\/uploads\/2008\/09\/corazonAbierto.jpg\",\"datePublished\":\"2008-09-05T02:47:57+00:00\",\"dateModified\":\"2025-09-23T08:46:16+00:00\",\"description\":\"Pel\u00edcula Coraz\u00f3n abierto exhibida en la edici\u00f3n 2006 del Festival el ojO cojo. Pa\u00eds de origen, Honduras. Dirigido por Katia Lara.\",\"breadcrumb\":{\"@id\":\"https:\/\/elojocojo.org\/corazon-abierto\/#breadcrumb\"},\"inLanguage\":\"es\",\"potentialAction\":[{\"@type\":\"ReadAction\",\"target\":[\"https:\/\/elojocojo.org\/corazon-abierto\/\"]}]},{\"@type\":\"ImageObject\",\"inLanguage\":\"es\",\"@id\":\"https:\/\/elojocojo.org\/corazon-abierto\/#primaryimage\",\"url\":\"https:\/\/elojocojo.org\/wp-content\/uploads\/2008\/09\/corazonAbierto.jpg\",\"contentUrl\":\"https:\/\/elojocojo.org\/wp-content\/uploads\/2008\/09\/corazonAbierto.jpg\",\"width\":211,\"height\":238},{\"@type\":\"BreadcrumbList\",\"@id\":\"https:\/\/elojocojo.org\/corazon-abierto\/#breadcrumb\",\"itemListElement\":[{\"@type\":\"ListItem\",\"position\":1,\"name\":\"Portada\",\"item\":\"https:\/\/elojocojo.org\/\"},{\"@type\":\"ListItem\",\"position\":2,\"name\":\"2006\",\"item\":\"https:\/\/elojocojo.org\/tag\/2006\/\"},{\"@type\":\"ListItem\",\"position\":3,\"name\":\"Coraz\u00f3n abierto\"}]},{\"@type\":\"WebSite\",\"@id\":\"https:\/\/elojocojo.org\/#website\",\"url\":\"https:\/\/elojocojo.org\/\",\"name\":\"el ojO cojo\",\"description\":\"Todos estamos hechos de la misma esencia\",\"publisher\":{\"@id\":\"https:\/\/elojocojo.org\/#organization\"},\"potentialAction\":[{\"@type\":\"SearchAction\",\"target\":{\"@type\":\"EntryPoint\",\"urlTemplate\":\"https:\/\/elojocojo.org\/?s={search_term_string}\"},\"query-input\":{\"@type\":\"PropertyValueSpecification\",\"valueRequired\":true,\"valueName\":\"search_term_string\"}}],\"inLanguage\":\"es\"},{\"@type\":\"Organization\",\"@id\":\"https:\/\/elojocojo.org\/#organization\",\"name\":\"Meigas da r\u00faa\",\"url\":\"https:\/\/elojocojo.org\/\",\"logo\":{\"@type\":\"ImageObject\",\"inLanguage\":\"es\",\"@id\":\"https:\/\/elojocojo.org\/#\/schema\/logo\/image\/\",\"url\":\"https:\/\/meigasdarua.org\/wp-content\/uploads\/2020\/09\/cropped-logo-meigas-5.png\",\"contentUrl\":\"https:\/\/meigasdarua.org\/wp-content\/uploads\/2020\/09\/cropped-logo-meigas-5.png\",\"width\":109,\"height\":200,\"caption\":\"Meigas da r\u00faa\"},\"image\":{\"@id\":\"https:\/\/elojocojo.org\/#\/schema\/logo\/image\/\"},\"sameAs\":[\"https:\/\/www.facebook.com\/elojocojo\",\"https:\/\/x.com\/elojocojo\",\"https:\/\/www.instagram.com\/elojocojo\/?hl=es\",\"https:\/\/www.linkedin.com\/in\/el-ojo-cojo-b52b7769\/\",\"https:\/\/www.pinterest.es\/elojocojo\/_saved\/\",\"https:\/\/www.youtube.com\/channel\/UCkFtFTV0Bms7zH7vq8FZxZg\"]},{\"@type\":\"Person\",\"@id\":\"\",\"url\":\"https:\/\/elojocojo.org\/author\/\"}]}<\/script>\n<!-- \/ Yoast SEO plugin. -->","yoast_head_json":{"title":"Coraz\u00f3n abierto - el ojO cojo","description":"Pel\u00edcula Coraz\u00f3n abierto exhibida en la edici\u00f3n 2006 del Festival el ojO cojo. Pa\u00eds de origen, Honduras. Dirigido por Katia Lara.","robots":{"index":"index","follow":"follow","max-snippet":"max-snippet:-1","max-image-preview":"max-image-preview:large","max-video-preview":"max-video-preview:-1"},"canonical":"https:\/\/elojocojo.org\/corazon-abierto\/","og_locale":"es_ES","og_type":"article","og_title":"Coraz\u00f3n abierto - el ojO cojo","og_description":"Pel\u00edcula Coraz\u00f3n abierto exhibida en la edici\u00f3n 2006 del Festival el ojO cojo. Pa\u00eds de origen, Honduras. Dirigido por Katia Lara.","og_url":"https:\/\/elojocojo.org\/corazon-abierto\/","og_site_name":"el ojO cojo","article_publisher":"https:\/\/www.facebook.com\/elojocojo","article_published_time":"2008-09-05T02:47:57+00:00","article_modified_time":"2025-09-23T08:46:16+00:00","og_image":[{"width":211,"height":238,"url":"https:\/\/elojocojo.org\/wp-content\/uploads\/2008\/09\/corazonAbierto.jpg","type":"image\/jpeg"}],"twitter_card":"summary_large_image","twitter_creator":"@elojocojo","twitter_site":"@elojocojo","twitter_misc":{"Escrito por":"","Tiempo de lectura":"2 minutos"},"schema":{"@context":"https:\/\/schema.org","@graph":[{"@type":"Article","@id":"https:\/\/elojocojo.org\/corazon-abierto\/#article","isPartOf":{"@id":"https:\/\/elojocojo.org\/corazon-abierto\/"},"author":{"name":"","@id":""},"headline":"Coraz\u00f3n abierto","datePublished":"2008-09-05T02:47:57+00:00","dateModified":"2025-09-23T08:46:16+00:00","mainEntityOfPage":{"@id":"https:\/\/elojocojo.org\/corazon-abierto\/"},"wordCount":417,"publisher":{"@id":"https:\/\/elojocojo.org\/#organization"},"image":{"@id":"https:\/\/elojocojo.org\/corazon-abierto\/#primaryimage"},"thumbnailUrl":"https:\/\/elojocojo.org\/wp-content\/uploads\/2008\/09\/corazonAbierto.jpg","keywords":["2006","activismo cultural","Agenda 2030","Am\u00e9rica Latina","Arte","artista","cine","comunicaci\u00f3n","cultura audiovisual","Derechos Humanos","Desarrollo sostenible","Educaci\u00f3n de calidad","educar en valores","el Ojo cojo","empleo","empoderamiento","esclavitud","explotaci\u00f3n","familia","festival de cine","Festival el Ojo cojo","Fin de la pobreza","Honduras","memoria hist\u00f3rica","Objetivos de Desarrollo Sostenible","ODS","pel\u00edculas","prostituci\u00f3n","Trabajo decente y crecimiento econ\u00f3mico","Videoteca"],"articleSection":["Documental","Festival 2006"],"inLanguage":"es"},{"@type":"WebPage","@id":"https:\/\/elojocojo.org\/corazon-abierto\/","url":"https:\/\/elojocojo.org\/corazon-abierto\/","name":"Coraz\u00f3n abierto - el ojO cojo","isPartOf":{"@id":"https:\/\/elojocojo.org\/#website"},"primaryImageOfPage":{"@id":"https:\/\/elojocojo.org\/corazon-abierto\/#primaryimage"},"image":{"@id":"https:\/\/elojocojo.org\/corazon-abierto\/#primaryimage"},"thumbnailUrl":"https:\/\/elojocojo.org\/wp-content\/uploads\/2008\/09\/corazonAbierto.jpg","datePublished":"2008-09-05T02:47:57+00:00","dateModified":"2025-09-23T08:46:16+00:00","description":"Pel\u00edcula Coraz\u00f3n abierto exhibida en la edici\u00f3n 2006 del Festival el ojO cojo. Pa\u00eds de origen, Honduras. Dirigido por Katia Lara.","breadcrumb":{"@id":"https:\/\/elojocojo.org\/corazon-abierto\/#breadcrumb"},"inLanguage":"es","potentialAction":[{"@type":"ReadAction","target":["https:\/\/elojocojo.org\/corazon-abierto\/"]}]},{"@type":"ImageObject","inLanguage":"es","@id":"https:\/\/elojocojo.org\/corazon-abierto\/#primaryimage","url":"https:\/\/elojocojo.org\/wp-content\/uploads\/2008\/09\/corazonAbierto.jpg","contentUrl":"https:\/\/elojocojo.org\/wp-content\/uploads\/2008\/09\/corazonAbierto.jpg","width":211,"height":238},{"@type":"BreadcrumbList","@id":"https:\/\/elojocojo.org\/corazon-abierto\/#breadcrumb","itemListElement":[{"@type":"ListItem","position":1,"name":"Portada","item":"https:\/\/elojocojo.org\/"},{"@type":"ListItem","position":2,"name":"2006","item":"https:\/\/elojocojo.org\/tag\/2006\/"},{"@type":"ListItem","position":3,"name":"Coraz\u00f3n abierto"}]},{"@type":"WebSite","@id":"https:\/\/elojocojo.org\/#website","url":"https:\/\/elojocojo.org\/","name":"el ojO cojo","description":"Todos estamos hechos de la misma esencia","publisher":{"@id":"https:\/\/elojocojo.org\/#organization"},"potentialAction":[{"@type":"SearchAction","target":{"@type":"EntryPoint","urlTemplate":"https:\/\/elojocojo.org\/?s={search_term_string}"},"query-input":{"@type":"PropertyValueSpecification","valueRequired":true,"valueName":"search_term_string"}}],"inLanguage":"es"},{"@type":"Organization","@id":"https:\/\/elojocojo.org\/#organization","name":"Meigas da r\u00faa","url":"https:\/\/elojocojo.org\/","logo":{"@type":"ImageObject","inLanguage":"es","@id":"https:\/\/elojocojo.org\/#\/schema\/logo\/image\/","url":"https:\/\/meigasdarua.org\/wp-content\/uploads\/2020\/09\/cropped-logo-meigas-5.png","contentUrl":"https:\/\/meigasdarua.org\/wp-content\/uploads\/2020\/09\/cropped-logo-meigas-5.png","width":109,"height":200,"caption":"Meigas da r\u00faa"},"image":{"@id":"https:\/\/elojocojo.org\/#\/schema\/logo\/image\/"},"sameAs":["https:\/\/www.facebook.com\/elojocojo","https:\/\/x.com\/elojocojo","https:\/\/www.instagram.com\/elojocojo\/?hl=es","https:\/\/www.linkedin.com\/in\/el-ojo-cojo-b52b7769\/","https:\/\/www.pinterest.es\/elojocojo\/_saved\/","https:\/\/www.youtube.com\/channel\/UCkFtFTV0Bms7zH7vq8FZxZg"]},{"@type":"Person","@id":"","url":"https:\/\/elojocojo.org\/author\/"}]}},"_links":{"self":[{"href":"https:\/\/elojocojo.org\/wp-json\/wp\/v2\/posts\/1155","targetHints":{"allow":["GET"]}}],"collection":[{"href":"https:\/\/elojocojo.org\/wp-json\/wp\/v2\/posts"}],"about":[{"href":"https:\/\/elojocojo.org\/wp-json\/wp\/v2\/types\/post"}],"author":[{"embeddable":true,"href":"https:\/\/elojocojo.org\/wp-json\/wp\/v2\/users\/3"}],"replies":[{"embeddable":true,"href":"https:\/\/elojocojo.org\/wp-json\/wp\/v2\/comments?post=1155"}],"version-history":[{"count":9,"href":"https:\/\/elojocojo.org\/wp-json\/wp\/v2\/posts\/1155\/revisions"}],"predecessor-version":[{"id":59372,"href":"https:\/\/elojocojo.org\/wp-json\/wp\/v2\/posts\/1155\/revisions\/59372"}],"wp:featuredmedia":[{"embeddable":true,"href":"https:\/\/elojocojo.org\/wp-json\/wp\/v2\/media\/40387"}],"wp:attachment":[{"href":"https:\/\/elojocojo.org\/wp-json\/wp\/v2\/media?parent=1155"}],"wp:term":[{"taxonomy":"category","embeddable":true,"href":"https:\/\/elojocojo.org\/wp-json\/wp\/v2\/categories?post=1155"},{"taxonomy":"post_tag","embeddable":true,"href":"https:\/\/elojocojo.org\/wp-json\/wp\/v2\/tags?post=1155"}],"curies":[{"name":"wp","href":"https:\/\/api.w.org\/{rel}","templated":true}]}}