{"id":1144,"date":"2008-09-04T19:44:40","date_gmt":"2008-09-05T02:44:40","guid":{"rendered":"http:\/\/www.elojocojo.org\/blog2\/?p=1144"},"modified":"2025-09-23T10:46:17","modified_gmt":"2025-09-23T08:46:17","slug":"desconocidos","status":"publish","type":"post","link":"https:\/\/elojocojo.org\/desconocidos\/","title":{"rendered":"Desconocidos"},"content":{"rendered":"\n<figure class=\"wp-block-image size-large is-resized\"><img decoding=\"async\" src=\"https:\/\/elojocojo.org\/wp-content\/uploads\/2008\/09\/desconocidos-1.jpg\" alt=\"Foto filme Desconocidos\" class=\"wp-image-40417\" width=\"268\" height=\"208\"\/><\/figure>\n\n\n<p><strong>T\u00cdTULO<\/strong>: Desconocidos<br \/><strong>T\u00cdTULO ORIGINAL<\/strong>: Desconocidos<br \/><strong>A\u00d1O<\/strong>: 2006<br \/><strong>DIRECTOR<\/strong>: David Del Aguila<br \/><strong>G\u00c9NERO CINEMATOGR\u00c1FICO<\/strong>: Ficci\u00f3n, drama<br \/><strong>DURACI\u00d3N<\/strong>: 11\u2019 40\u2019\u2019<br \/><strong>PA\u00cdS<\/strong>: Espa\u00f1a<br \/><strong>FORMATO ORIGINAL<\/strong>: HD 35mm<br \/><strong>FORMATO DE EXHIBICION<\/strong>: dvd<br \/><strong>TIPO<\/strong>: color<br \/><strong>IDIOMA ORIGINA<\/strong>L: castellano<br \/><strong>INT\u00c9RPRETES<\/strong>: Elisa Matilla, Hesus Herrera<br \/><strong>PRODUCCI\u00d3N<\/strong>: David del Aguila<br \/><strong>GUION<\/strong>: David del Aguila<br \/><strong>DIRECCI\u00d3N DE FOTOGRAF\u00cdA<\/strong>: Javier Gutierrez<br \/><strong>EDICI\u00d3N\/MONTAJE<\/strong>: David del Aguila<br \/><strong>SONIDO<\/strong>: Pepe Jimenez<br \/><strong>M\u00daSICA<\/strong>: Juanna Hidalgo<\/p>\n<p><strong>Sinopsis<\/strong><\/p>\n<p>La noche trascurre con normalidad hasta que un hecho imprevisible impide a cuatro personas continuar con sus acciones.<\/p>\n<p><strong>Palmar\u00e9s<\/strong><\/p>\n<p>Festival Sala Radio City de Valencia _ Premio del p\u00fablico<\/p>\n<p>Certamen de j\u00f3venes creadores 2006 del Ayuntamiento de Madrid _ Premio \u00e1ccesit<\/p>\n<p>Certamen de v\u00eddeo de San Joan de Alivante _ Gran Premio del jurado<\/p>\n\n\n<p>El filme Desconocidos particip\u00f3 en la edici\u00f3n <strong>2006<\/strong>\u00a0del <a href=\"https:\/\/elojocojo.org\/category\/festival-2006\/\"><strong>Festival de cine el ojO cojo<\/strong> <\/a>en ese sentido nos sentimos honrados de haberla exhibido.<\/p>\n\n\n\n<p>Visita nuestro blog <a href=\"https:\/\/el-ojocojo.blogspot.com\/\">https:\/\/el-ojocojo.blogspot.com\/<\/a><\/p>\n","protected":false},"excerpt":{"rendered":"<p>T\u00cdTULO: DesconocidosT\u00cdTULO ORIGINAL: DesconocidosA\u00d1O: 2006DIRECTOR: David Del AguilaG\u00c9NERO CINEMATOGR\u00c1FICO: Ficci\u00f3n, dramaDURACI\u00d3N: 11\u2019 40\u2019\u2019PA\u00cdS: Espa\u00f1aFORMATO ORIGINAL: HD 35mmFORMATO DE EXHIBICION: dvdTIPO: colorIDIOMA ORIGINAL: castellanoINT\u00c9RPRETES: Elisa Matilla, Hesus HerreraPRODUCCI\u00d3N: David del AguilaGUION: David del AguilaDIRECCI\u00d3N DE FOTOGRAF\u00cdA: Javier GutierrezEDICI\u00d3N\/MONTAJE: David del AguilaSONIDO: Pepe JimenezM\u00daSICA: Juanna Hidalgo Sinopsis La noche trascurre con normalidad hasta que un hecho imprevisible [&hellip;]<\/p>\n","protected":false},"author":3,"featured_media":26759,"comment_status":"closed","ping_status":"open","sticky":false,"template":"","format":"standard","meta":{"_monsterinsights_skip_tracking":false,"_monsterinsights_sitenote_active":false,"_monsterinsights_sitenote_note":"","_monsterinsights_sitenote_category":0,"footnotes":""},"categories":[1460,991,428,30],"tags":[1927,1888,941,2047,1891,1887,1893,1886,138,900,1981,1982,1892,1910,1086,2004,1896],"class_list":{"0":"post-1144","1":"post","2":"type-post","3":"status-publish","4":"format-standard","5":"has-post-thumbnail","7":"category-cortometraje","8":"category-drama","9":"category-festival-2006","10":"category-ficcion","11":"tag-1927","12":"tag-agenda-2030","13":"tag-cine","14":"tag-comunicacion","15":"tag-cultura-audiovisual","16":"tag-desarrollo-sostenible","17":"tag-educar-en-valores","18":"tag-el-ojo-cojo","19":"tag-espana","20":"tag-europa","21":"tag-festival-de-cine","22":"tag-festival-el-ojo-cojo","23":"tag-objetivos-de-desarrollo-sostenible","24":"tag-ods","25":"tag-paz-y-justicia-e-instituciones-solidas","26":"tag-peliculas","27":"tag-videoteca","28":"czr-hentry"},"yoast_head":"<!-- This site is optimized with the Yoast SEO plugin v27.1.1 - https:\/\/yoast.com\/product\/yoast-seo-wordpress\/ -->\n<title>Desconocidos - el ojO cojo<\/title>\n<meta name=\"description\" content=\"Pel\u00edcula Desconocidos exhibida en la edici\u00f3n 2006 del Festival el ojO cojo. Pa\u00eds de origen, Espa\u00f1a. Dirigido por David Del Aguila.\" \/>\n<meta name=\"robots\" content=\"index, follow, max-snippet:-1, max-image-preview:large, max-video-preview:-1\" \/>\n<link rel=\"canonical\" href=\"https:\/\/elojocojo.org\/desconocidos\/\" \/>\n<meta property=\"og:locale\" content=\"es_ES\" \/>\n<meta property=\"og:type\" content=\"article\" \/>\n<meta property=\"og:title\" content=\"Desconocidos - el ojO cojo\" \/>\n<meta property=\"og:description\" content=\"Pel\u00edcula Desconocidos exhibida en la edici\u00f3n 2006 del Festival el ojO cojo. Pa\u00eds de origen, Espa\u00f1a. Dirigido por David Del Aguila.\" \/>\n<meta property=\"og:url\" content=\"https:\/\/elojocojo.org\/desconocidos\/\" \/>\n<meta property=\"og:site_name\" content=\"el ojO cojo\" \/>\n<meta property=\"article:publisher\" content=\"https:\/\/www.facebook.com\/elojocojo\" \/>\n<meta property=\"article:published_time\" content=\"2008-09-05T02:44:40+00:00\" \/>\n<meta property=\"article:modified_time\" content=\"2025-09-23T08:46:17+00:00\" \/>\n<meta property=\"og:image\" content=\"https:\/\/elojocojo.org\/wp-content\/uploads\/2008\/09\/desconocidos.jpg\" \/>\n\t<meta property=\"og:image:width\" content=\"480\" \/>\n\t<meta property=\"og:image:height\" content=\"360\" \/>\n\t<meta property=\"og:image:type\" content=\"image\/jpeg\" \/>\n<meta name=\"twitter:card\" content=\"summary_large_image\" \/>\n<meta name=\"twitter:creator\" content=\"@elojocojo\" \/>\n<meta name=\"twitter:site\" content=\"@elojocojo\" \/>\n<meta name=\"twitter:label1\" content=\"Escrito por\" \/>\n\t<meta name=\"twitter:data1\" content=\"\" \/>\n\t<meta name=\"twitter:label2\" content=\"Tiempo de lectura\" \/>\n\t<meta name=\"twitter:data2\" content=\"1 minuto\" \/>\n<script type=\"application\/ld+json\" class=\"yoast-schema-graph\">{\"@context\":\"https:\/\/schema.org\",\"@graph\":[{\"@type\":\"Article\",\"@id\":\"https:\/\/elojocojo.org\/desconocidos\/#article\",\"isPartOf\":{\"@id\":\"https:\/\/elojocojo.org\/desconocidos\/\"},\"author\":{\"name\":\"\",\"@id\":\"\"},\"headline\":\"Desconocidos\",\"datePublished\":\"2008-09-05T02:44:40+00:00\",\"dateModified\":\"2025-09-23T08:46:17+00:00\",\"mainEntityOfPage\":{\"@id\":\"https:\/\/elojocojo.org\/desconocidos\/\"},\"wordCount\":161,\"publisher\":{\"@id\":\"https:\/\/elojocojo.org\/#organization\"},\"image\":{\"@id\":\"https:\/\/elojocojo.org\/desconocidos\/#primaryimage\"},\"thumbnailUrl\":\"https:\/\/elojocojo.org\/wp-content\/uploads\/2008\/09\/desconocidos.jpg\",\"keywords\":[\"2006\",\"Agenda 2030\",\"cine\",\"comunicaci\u00f3n\",\"cultura audiovisual\",\"Desarrollo sostenible\",\"educar en valores\",\"el Ojo cojo\",\"Espa\u00f1a\",\"Europa\",\"festival de cine\",\"Festival el Ojo cojo\",\"Objetivos de Desarrollo Sostenible\",\"ODS\",\"Paz y justicia e instituciones s\u00f3lidas\",\"pel\u00edculas\",\"Videoteca\"],\"articleSection\":[\"Cortometraje\",\"Drama\",\"Festival 2006\",\"Ficci\u00f3n\"],\"inLanguage\":\"es\"},{\"@type\":\"WebPage\",\"@id\":\"https:\/\/elojocojo.org\/desconocidos\/\",\"url\":\"https:\/\/elojocojo.org\/desconocidos\/\",\"name\":\"Desconocidos - el ojO cojo\",\"isPartOf\":{\"@id\":\"https:\/\/elojocojo.org\/#website\"},\"primaryImageOfPage\":{\"@id\":\"https:\/\/elojocojo.org\/desconocidos\/#primaryimage\"},\"image\":{\"@id\":\"https:\/\/elojocojo.org\/desconocidos\/#primaryimage\"},\"thumbnailUrl\":\"https:\/\/elojocojo.org\/wp-content\/uploads\/2008\/09\/desconocidos.jpg\",\"datePublished\":\"2008-09-05T02:44:40+00:00\",\"dateModified\":\"2025-09-23T08:46:17+00:00\",\"description\":\"Pel\u00edcula Desconocidos exhibida en la edici\u00f3n 2006 del Festival el ojO cojo. Pa\u00eds de origen, Espa\u00f1a. Dirigido por David Del Aguila.\",\"breadcrumb\":{\"@id\":\"https:\/\/elojocojo.org\/desconocidos\/#breadcrumb\"},\"inLanguage\":\"es\",\"potentialAction\":[{\"@type\":\"ReadAction\",\"target\":[\"https:\/\/elojocojo.org\/desconocidos\/\"]}]},{\"@type\":\"ImageObject\",\"inLanguage\":\"es\",\"@id\":\"https:\/\/elojocojo.org\/desconocidos\/#primaryimage\",\"url\":\"https:\/\/elojocojo.org\/wp-content\/uploads\/2008\/09\/desconocidos.jpg\",\"contentUrl\":\"https:\/\/elojocojo.org\/wp-content\/uploads\/2008\/09\/desconocidos.jpg\",\"width\":480,\"height\":360},{\"@type\":\"BreadcrumbList\",\"@id\":\"https:\/\/elojocojo.org\/desconocidos\/#breadcrumb\",\"itemListElement\":[{\"@type\":\"ListItem\",\"position\":1,\"name\":\"Portada\",\"item\":\"https:\/\/elojocojo.org\/\"},{\"@type\":\"ListItem\",\"position\":2,\"name\":\"2006\",\"item\":\"https:\/\/elojocojo.org\/tag\/2006\/\"},{\"@type\":\"ListItem\",\"position\":3,\"name\":\"Desconocidos\"}]},{\"@type\":\"WebSite\",\"@id\":\"https:\/\/elojocojo.org\/#website\",\"url\":\"https:\/\/elojocojo.org\/\",\"name\":\"el ojO cojo\",\"description\":\"Todos estamos hechos de la misma esencia\",\"publisher\":{\"@id\":\"https:\/\/elojocojo.org\/#organization\"},\"potentialAction\":[{\"@type\":\"SearchAction\",\"target\":{\"@type\":\"EntryPoint\",\"urlTemplate\":\"https:\/\/elojocojo.org\/?s={search_term_string}\"},\"query-input\":{\"@type\":\"PropertyValueSpecification\",\"valueRequired\":true,\"valueName\":\"search_term_string\"}}],\"inLanguage\":\"es\"},{\"@type\":\"Organization\",\"@id\":\"https:\/\/elojocojo.org\/#organization\",\"name\":\"Meigas da r\u00faa\",\"url\":\"https:\/\/elojocojo.org\/\",\"logo\":{\"@type\":\"ImageObject\",\"inLanguage\":\"es\",\"@id\":\"https:\/\/elojocojo.org\/#\/schema\/logo\/image\/\",\"url\":\"https:\/\/meigasdarua.org\/wp-content\/uploads\/2020\/09\/cropped-logo-meigas-5.png\",\"contentUrl\":\"https:\/\/meigasdarua.org\/wp-content\/uploads\/2020\/09\/cropped-logo-meigas-5.png\",\"width\":109,\"height\":200,\"caption\":\"Meigas da r\u00faa\"},\"image\":{\"@id\":\"https:\/\/elojocojo.org\/#\/schema\/logo\/image\/\"},\"sameAs\":[\"https:\/\/www.facebook.com\/elojocojo\",\"https:\/\/x.com\/elojocojo\",\"https:\/\/www.instagram.com\/elojocojo\/?hl=es\",\"https:\/\/www.linkedin.com\/in\/el-ojo-cojo-b52b7769\/\",\"https:\/\/www.pinterest.es\/elojocojo\/_saved\/\",\"https:\/\/www.youtube.com\/channel\/UCkFtFTV0Bms7zH7vq8FZxZg\"]},{\"@type\":\"Person\",\"@id\":\"\",\"url\":\"https:\/\/elojocojo.org\/author\/\"}]}<\/script>\n<!-- \/ Yoast SEO plugin. -->","yoast_head_json":{"title":"Desconocidos - el ojO cojo","description":"Pel\u00edcula Desconocidos exhibida en la edici\u00f3n 2006 del Festival el ojO cojo. Pa\u00eds de origen, Espa\u00f1a. Dirigido por David Del Aguila.","robots":{"index":"index","follow":"follow","max-snippet":"max-snippet:-1","max-image-preview":"max-image-preview:large","max-video-preview":"max-video-preview:-1"},"canonical":"https:\/\/elojocojo.org\/desconocidos\/","og_locale":"es_ES","og_type":"article","og_title":"Desconocidos - el ojO cojo","og_description":"Pel\u00edcula Desconocidos exhibida en la edici\u00f3n 2006 del Festival el ojO cojo. Pa\u00eds de origen, Espa\u00f1a. Dirigido por David Del Aguila.","og_url":"https:\/\/elojocojo.org\/desconocidos\/","og_site_name":"el ojO cojo","article_publisher":"https:\/\/www.facebook.com\/elojocojo","article_published_time":"2008-09-05T02:44:40+00:00","article_modified_time":"2025-09-23T08:46:17+00:00","og_image":[{"width":480,"height":360,"url":"https:\/\/elojocojo.org\/wp-content\/uploads\/2008\/09\/desconocidos.jpg","type":"image\/jpeg"}],"twitter_card":"summary_large_image","twitter_creator":"@elojocojo","twitter_site":"@elojocojo","twitter_misc":{"Escrito por":"","Tiempo de lectura":"1 minuto"},"schema":{"@context":"https:\/\/schema.org","@graph":[{"@type":"Article","@id":"https:\/\/elojocojo.org\/desconocidos\/#article","isPartOf":{"@id":"https:\/\/elojocojo.org\/desconocidos\/"},"author":{"name":"","@id":""},"headline":"Desconocidos","datePublished":"2008-09-05T02:44:40+00:00","dateModified":"2025-09-23T08:46:17+00:00","mainEntityOfPage":{"@id":"https:\/\/elojocojo.org\/desconocidos\/"},"wordCount":161,"publisher":{"@id":"https:\/\/elojocojo.org\/#organization"},"image":{"@id":"https:\/\/elojocojo.org\/desconocidos\/#primaryimage"},"thumbnailUrl":"https:\/\/elojocojo.org\/wp-content\/uploads\/2008\/09\/desconocidos.jpg","keywords":["2006","Agenda 2030","cine","comunicaci\u00f3n","cultura audiovisual","Desarrollo sostenible","educar en valores","el Ojo cojo","Espa\u00f1a","Europa","festival de cine","Festival el Ojo cojo","Objetivos de Desarrollo Sostenible","ODS","Paz y justicia e instituciones s\u00f3lidas","pel\u00edculas","Videoteca"],"articleSection":["Cortometraje","Drama","Festival 2006","Ficci\u00f3n"],"inLanguage":"es"},{"@type":"WebPage","@id":"https:\/\/elojocojo.org\/desconocidos\/","url":"https:\/\/elojocojo.org\/desconocidos\/","name":"Desconocidos - el ojO cojo","isPartOf":{"@id":"https:\/\/elojocojo.org\/#website"},"primaryImageOfPage":{"@id":"https:\/\/elojocojo.org\/desconocidos\/#primaryimage"},"image":{"@id":"https:\/\/elojocojo.org\/desconocidos\/#primaryimage"},"thumbnailUrl":"https:\/\/elojocojo.org\/wp-content\/uploads\/2008\/09\/desconocidos.jpg","datePublished":"2008-09-05T02:44:40+00:00","dateModified":"2025-09-23T08:46:17+00:00","description":"Pel\u00edcula Desconocidos exhibida en la edici\u00f3n 2006 del Festival el ojO cojo. Pa\u00eds de origen, Espa\u00f1a. Dirigido por David Del Aguila.","breadcrumb":{"@id":"https:\/\/elojocojo.org\/desconocidos\/#breadcrumb"},"inLanguage":"es","potentialAction":[{"@type":"ReadAction","target":["https:\/\/elojocojo.org\/desconocidos\/"]}]},{"@type":"ImageObject","inLanguage":"es","@id":"https:\/\/elojocojo.org\/desconocidos\/#primaryimage","url":"https:\/\/elojocojo.org\/wp-content\/uploads\/2008\/09\/desconocidos.jpg","contentUrl":"https:\/\/elojocojo.org\/wp-content\/uploads\/2008\/09\/desconocidos.jpg","width":480,"height":360},{"@type":"BreadcrumbList","@id":"https:\/\/elojocojo.org\/desconocidos\/#breadcrumb","itemListElement":[{"@type":"ListItem","position":1,"name":"Portada","item":"https:\/\/elojocojo.org\/"},{"@type":"ListItem","position":2,"name":"2006","item":"https:\/\/elojocojo.org\/tag\/2006\/"},{"@type":"ListItem","position":3,"name":"Desconocidos"}]},{"@type":"WebSite","@id":"https:\/\/elojocojo.org\/#website","url":"https:\/\/elojocojo.org\/","name":"el ojO cojo","description":"Todos estamos hechos de la misma esencia","publisher":{"@id":"https:\/\/elojocojo.org\/#organization"},"potentialAction":[{"@type":"SearchAction","target":{"@type":"EntryPoint","urlTemplate":"https:\/\/elojocojo.org\/?s={search_term_string}"},"query-input":{"@type":"PropertyValueSpecification","valueRequired":true,"valueName":"search_term_string"}}],"inLanguage":"es"},{"@type":"Organization","@id":"https:\/\/elojocojo.org\/#organization","name":"Meigas da r\u00faa","url":"https:\/\/elojocojo.org\/","logo":{"@type":"ImageObject","inLanguage":"es","@id":"https:\/\/elojocojo.org\/#\/schema\/logo\/image\/","url":"https:\/\/meigasdarua.org\/wp-content\/uploads\/2020\/09\/cropped-logo-meigas-5.png","contentUrl":"https:\/\/meigasdarua.org\/wp-content\/uploads\/2020\/09\/cropped-logo-meigas-5.png","width":109,"height":200,"caption":"Meigas da r\u00faa"},"image":{"@id":"https:\/\/elojocojo.org\/#\/schema\/logo\/image\/"},"sameAs":["https:\/\/www.facebook.com\/elojocojo","https:\/\/x.com\/elojocojo","https:\/\/www.instagram.com\/elojocojo\/?hl=es","https:\/\/www.linkedin.com\/in\/el-ojo-cojo-b52b7769\/","https:\/\/www.pinterest.es\/elojocojo\/_saved\/","https:\/\/www.youtube.com\/channel\/UCkFtFTV0Bms7zH7vq8FZxZg"]},{"@type":"Person","@id":"","url":"https:\/\/elojocojo.org\/author\/"}]}},"_links":{"self":[{"href":"https:\/\/elojocojo.org\/wp-json\/wp\/v2\/posts\/1144","targetHints":{"allow":["GET"]}}],"collection":[{"href":"https:\/\/elojocojo.org\/wp-json\/wp\/v2\/posts"}],"about":[{"href":"https:\/\/elojocojo.org\/wp-json\/wp\/v2\/types\/post"}],"author":[{"embeddable":true,"href":"https:\/\/elojocojo.org\/wp-json\/wp\/v2\/users\/3"}],"replies":[{"embeddable":true,"href":"https:\/\/elojocojo.org\/wp-json\/wp\/v2\/comments?post=1144"}],"version-history":[{"count":2,"href":"https:\/\/elojocojo.org\/wp-json\/wp\/v2\/posts\/1144\/revisions"}],"predecessor-version":[{"id":57565,"href":"https:\/\/elojocojo.org\/wp-json\/wp\/v2\/posts\/1144\/revisions\/57565"}],"wp:featuredmedia":[{"embeddable":true,"href":"https:\/\/elojocojo.org\/wp-json\/wp\/v2\/media\/26759"}],"wp:attachment":[{"href":"https:\/\/elojocojo.org\/wp-json\/wp\/v2\/media?parent=1144"}],"wp:term":[{"taxonomy":"category","embeddable":true,"href":"https:\/\/elojocojo.org\/wp-json\/wp\/v2\/categories?post=1144"},{"taxonomy":"post_tag","embeddable":true,"href":"https:\/\/elojocojo.org\/wp-json\/wp\/v2\/tags?post=1144"}],"curies":[{"name":"wp","href":"https:\/\/api.w.org\/{rel}","templated":true}]}}