{"id":1141,"date":"2008-09-04T19:43:44","date_gmt":"2008-09-05T02:43:44","guid":{"rendered":"http:\/\/www.elojocojo.org\/blog2\/?p=1141"},"modified":"2025-09-25T17:12:48","modified_gmt":"2025-09-25T15:12:48","slug":"desde-adentro","status":"publish","type":"post","link":"https:\/\/elojocojo.org\/desde-adentro\/","title":{"rendered":"Desde adentro"},"content":{"rendered":"<p><strong>T\u00cdTULO:<\/strong> Desde adentro<\/p>\n<p><strong>A\u00d1O:<\/strong> 2005<\/p>\n<p><strong>G\u00c9NERO:<\/strong> Documental<\/p>\n<p><strong>DIRECTOR:<\/strong> Valeria Selinger<\/p>\n<p><strong>T\u00cdTULO ORIGINAL:<\/strong> Desde adentro<\/p>\n<p><strong>FORMATO ORIGINAL:<\/strong> BETACAM PAL<\/p>\n<p><strong>FORMATO DE EXHIBICI\u00d3N:<\/strong> DVD<\/p>\n<p><strong>TIPO<\/strong>: color<\/p>\n<p><strong>IDIOMA ORIGINAL<\/strong>: espa\u00f1ol<\/p>\n<p><strong>SUBT\u00cdTULOS<\/strong>: franc\u00e9s<\/p>\n<p><strong>DURACION<\/strong>: 52\u2019<\/p>\n<p><strong>PA\u00cdS<\/strong>: Francia<\/p>\n<p><strong>PRODUCCI\u00d3N<\/strong>: 5\u00e8me Plan\u00e8te<\/p>\n<p><strong>GUION<\/strong>: Valeria Selinger<\/p>\n<p><strong>DIRECCI\u00d3N DE FOTOGRAF\u00cdA:<\/strong> Valeria Selinger<\/p>\n<p><strong>EDICI\u00d3N<\/strong>: Valeria Selinger<\/p>\n<p><strong>SONIDO<\/strong>: Valeria Selinger<\/p>\n<h2><strong>Sinopsis:<\/strong><\/h2>\n<h2 data-start=\"115\" data-end=\"157\">Una mirada \u00edntima al Hospital Borda<\/h2>\n<p data-start=\"159\" data-end=\"462\"><em data-start=\"159\" data-end=\"174\">Desde adentro<\/em> es un documental argentino que acompa\u00f1a la vida diaria en el Hospital Borda de Buenos Aires. La c\u00e1mara, testigo silencioso, muestra con naturalidad la rutina de los pacientes, poniendo especial \u00e9nfasis en Radio La Colifata, una emisora creada por ellos mismos para expresarse libremente.<\/p>\n<h2 data-start=\"469\" data-end=\"504\">Voces que rompen el silencio<\/h2>\n<p data-start=\"506\" data-end=\"762\">El documental da voz a personas que la sociedad suele invisibilizar. Sus testimonios reflejan una lucidez profunda, que invita a cuestionar las barreras entre normalidad y locura, confrontando al espectador con sus propios prejuicios sobre la salud mental.<\/p>\n<h2 data-start=\"769\" data-end=\"805\">Est\u00e9tica sencilla y aut\u00e9ntica<\/h2>\n<p data-start=\"807\" data-end=\"1054\">Con un estilo sobrio y directo, la pel\u00edcula evita artificios para favorecer la autenticidad. La c\u00e1mara acompa\u00f1a sin invadir, lo que permite que los protagonistas se expresen con sinceridad, otorgando una dimensi\u00f3n humana muy cercana a la realidad.<\/p>\n<h2 data-start=\"1061\" data-end=\"1104\">Cr\u00edtica al sistema y denuncia social<\/h2>\n<p data-start=\"1106\" data-end=\"1334\">M\u00e1s que documentar, <em data-start=\"1126\" data-end=\"1141\">Desde adentro<\/em> interpela sobre las condiciones del sistema de salud mental en Argentina. Plantea una cr\u00edtica social y una invitaci\u00f3n a reflexionar sobre c\u00f3mo tratamos a quienes son considerados \u201cdiferentes\u201d.<\/p>\n<h2 data-start=\"1341\" data-end=\"1382\">Humanidad m\u00e1s all\u00e1 del diagn\u00f3stico<\/h2>\n<p data-start=\"1384\" data-end=\"1618\">El mensaje central es claro: detr\u00e1s de cada diagn\u00f3stico hay personas con historias, emociones y reflexiones. El documental deja una huella emocional y abre el debate sobre la necesidad de mayor empat\u00eda y respeto hacia la salud mental.<\/p>\n<h2 data-start=\"1559\" data-end=\"1590\"><strong>Palmares:<\/strong><\/h2>\n<ul>\n<li><strong data-start=\"254\" data-end=\"278\">Festival de Lorquin:<\/strong> <span class=\"relative -mx-px my-[-0.2rem] rounded px-px py-[0.2rem] transition-colors duration-100 ease-in-out\">Obtuvo el <strong data-start=\"10\" data-end=\"32\">Premio Roger Camar<\/strong>, un reconocimiento que resalta su impacto y calidad cinematogr\u00e1fica.<\/span><\/li>\n<\/ul>\n\n\n<p>El filme Desde adentro particip\u00f3 en la edici\u00f3n <strong>2006<\/strong>&nbsp;del <a href=\"https:\/\/elojocojo.org\/category\/festival-2006\/\"><strong>Festival de cine el ojO cojo<\/strong> <\/a>en ese sentido nos sentimos honrados de haberla exhibido.<\/p>\n\n\n\n<p>Visita nuestro <a href=\"https:\/\/el-ojocojo.blogspot.com\/\">blog<\/a><\/p>\n\n\n\n<p><\/p>\n","protected":false},"excerpt":{"rendered":"<p>T\u00cdTULO: Desde adentro A\u00d1O: 2005 G\u00c9NERO: Documental DIRECTOR: Valeria Selinger T\u00cdTULO ORIGINAL: Desde adentro FORMATO ORIGINAL: BETACAM PAL FORMATO DE EXHIBICI\u00d3N: DVD TIPO: color IDIOMA ORIGINAL: espa\u00f1ol SUBT\u00cdTULOS: franc\u00e9s DURACION: 52\u2019 PA\u00cdS: Francia PRODUCCI\u00d3N: 5\u00e8me Plan\u00e8te GUION: Valeria Selinger DIRECCI\u00d3N DE FOTOGRAF\u00cdA: Valeria Selinger EDICI\u00d3N: Valeria Selinger SONIDO: Valeria Selinger Sinopsis: Una mirada \u00edntima al [&hellip;]<\/p>\n","protected":false},"author":3,"featured_media":0,"comment_status":"closed","ping_status":"open","sticky":false,"template":"","format":"standard","meta":{"_monsterinsights_skip_tracking":false,"_monsterinsights_sitenote_active":false,"_monsterinsights_sitenote_note":"","_monsterinsights_sitenote_category":0,"footnotes":""},"categories":[2053,428],"tags":[1927,1888,88,420,186,936,941,2047,1891,1836,1193,1887,1443,26,997,1893,1886,1258,2378,1981,2188,226,1892,1910,707,1484,1128,74,1013,1896],"class_list":{"0":"post-1141","1":"post","2":"type-post","3":"status-publish","4":"format-standard","6":"category-documental","7":"category-festival-2006","8":"tag-1927","9":"tag-agenda-2030","10":"tag-america-latina","11":"tag-argentina","12":"tag-arte","13":"tag-artista","14":"tag-cine","15":"tag-comunicacion","16":"tag-cultura-audiovisual","17":"tag-denuncia-social","18":"tag-derechos-humanos","19":"tag-desarrollo-sostenible","20":"tag-desigualdad","21":"tag-discriminacion","22":"tag-diversidad","23":"tag-educar-en-valores","24":"tag-el-ojo-cojo","25":"tag-empoderamiento","26":"tag-etica","27":"tag-festival-de-cine","28":"tag-inclusion","29":"tag-libertad","30":"tag-objetivos-de-desarrollo-sostenible","31":"tag-ods","32":"tag-reivindicacion","33":"tag-salud-mental","34":"tag-salud-y-bienestar","35":"tag-solidaridad","36":"tag-vida-cotidiana","37":"tag-videoteca","38":"czr-hentry"},"yoast_head":"<!-- This site is optimized with the Yoast SEO plugin v27.1.1 - https:\/\/yoast.com\/product\/yoast-seo-wordpress\/ -->\n<title>Desde adentro - el ojO cojo<\/title>\n<meta name=\"description\" content=\"Pel\u00edcula Desde adentro exhibida en la edici\u00f3n 2006 del Festival el ojO cojo. Pa\u00eds de origen, Francia. Dirigido por Valeria Selinger.\" \/>\n<meta name=\"robots\" content=\"index, follow, max-snippet:-1, max-image-preview:large, max-video-preview:-1\" \/>\n<link rel=\"canonical\" href=\"https:\/\/elojocojo.org\/desde-adentro\/\" \/>\n<meta property=\"og:locale\" content=\"es_ES\" \/>\n<meta property=\"og:type\" content=\"article\" \/>\n<meta property=\"og:title\" content=\"Desde adentro - el ojO cojo\" \/>\n<meta property=\"og:description\" content=\"Pel\u00edcula Desde adentro exhibida en la edici\u00f3n 2006 del Festival el ojO cojo. Pa\u00eds de origen, Francia. Dirigido por Valeria Selinger.\" \/>\n<meta property=\"og:url\" content=\"https:\/\/elojocojo.org\/desde-adentro\/\" \/>\n<meta property=\"og:site_name\" content=\"el ojO cojo\" \/>\n<meta property=\"article:publisher\" content=\"https:\/\/www.facebook.com\/elojocojo\" \/>\n<meta property=\"article:published_time\" content=\"2008-09-05T02:43:44+00:00\" \/>\n<meta property=\"article:modified_time\" content=\"2025-09-25T15:12:48+00:00\" \/>\n<meta property=\"og:image\" content=\"https:\/\/elojocojo.org\/wp-content\/uploads\/2020\/09\/cropped-logo-meigas-5.png\" \/>\n\t<meta property=\"og:image:width\" content=\"109\" \/>\n\t<meta property=\"og:image:height\" content=\"200\" \/>\n\t<meta property=\"og:image:type\" content=\"image\/png\" \/>\n<meta name=\"twitter:card\" content=\"summary_large_image\" \/>\n<meta name=\"twitter:creator\" content=\"@elojocojo\" \/>\n<meta name=\"twitter:site\" content=\"@elojocojo\" \/>\n<meta name=\"twitter:label1\" content=\"Escrito por\" \/>\n\t<meta name=\"twitter:data1\" content=\"\" \/>\n\t<meta name=\"twitter:label2\" content=\"Tiempo de lectura\" \/>\n\t<meta name=\"twitter:data2\" content=\"2 minutos\" \/>\n<script type=\"application\/ld+json\" class=\"yoast-schema-graph\">{\"@context\":\"https:\/\/schema.org\",\"@graph\":[{\"@type\":\"Article\",\"@id\":\"https:\/\/elojocojo.org\/desde-adentro\/#article\",\"isPartOf\":{\"@id\":\"https:\/\/elojocojo.org\/desde-adentro\/\"},\"author\":{\"name\":\"\",\"@id\":\"\"},\"headline\":\"Desde adentro\",\"datePublished\":\"2008-09-05T02:43:44+00:00\",\"dateModified\":\"2025-09-25T15:12:48+00:00\",\"mainEntityOfPage\":{\"@id\":\"https:\/\/elojocojo.org\/desde-adentro\/\"},\"wordCount\":350,\"publisher\":{\"@id\":\"https:\/\/elojocojo.org\/#organization\"},\"keywords\":[\"2006\",\"Agenda 2030\",\"Am\u00e9rica Latina\",\"Argentina\",\"Arte\",\"artista\",\"cine\",\"comunicaci\u00f3n\",\"cultura audiovisual\",\"denuncia social\",\"Derechos Humanos\",\"Desarrollo sostenible\",\"desigualdad\",\"discriminaci\u00f3n\",\"diversidad\",\"educar en valores\",\"el Ojo cojo\",\"empoderamiento\",\"\u00e9tica\",\"festival de cine\",\"inclusi\u00f3n\",\"libertad\",\"Objetivos de Desarrollo Sostenible\",\"ODS\",\"reivindicaci\u00f3n\",\"salud mental\",\"Salud y bienestar\",\"solidaridad\",\"vida cotidiana\",\"Videoteca\"],\"articleSection\":[\"Documental\",\"Festival 2006\"],\"inLanguage\":\"es\"},{\"@type\":\"WebPage\",\"@id\":\"https:\/\/elojocojo.org\/desde-adentro\/\",\"url\":\"https:\/\/elojocojo.org\/desde-adentro\/\",\"name\":\"Desde adentro - el ojO cojo\",\"isPartOf\":{\"@id\":\"https:\/\/elojocojo.org\/#website\"},\"datePublished\":\"2008-09-05T02:43:44+00:00\",\"dateModified\":\"2025-09-25T15:12:48+00:00\",\"description\":\"Pel\u00edcula Desde adentro exhibida en la edici\u00f3n 2006 del Festival el ojO cojo. Pa\u00eds de origen, Francia. Dirigido por Valeria Selinger.\",\"breadcrumb\":{\"@id\":\"https:\/\/elojocojo.org\/desde-adentro\/#breadcrumb\"},\"inLanguage\":\"es\",\"potentialAction\":[{\"@type\":\"ReadAction\",\"target\":[\"https:\/\/elojocojo.org\/desde-adentro\/\"]}]},{\"@type\":\"BreadcrumbList\",\"@id\":\"https:\/\/elojocojo.org\/desde-adentro\/#breadcrumb\",\"itemListElement\":[{\"@type\":\"ListItem\",\"position\":1,\"name\":\"Portada\",\"item\":\"https:\/\/elojocojo.org\/\"},{\"@type\":\"ListItem\",\"position\":2,\"name\":\"2006\",\"item\":\"https:\/\/elojocojo.org\/tag\/2006\/\"},{\"@type\":\"ListItem\",\"position\":3,\"name\":\"Desde adentro\"}]},{\"@type\":\"WebSite\",\"@id\":\"https:\/\/elojocojo.org\/#website\",\"url\":\"https:\/\/elojocojo.org\/\",\"name\":\"el ojO cojo\",\"description\":\"Todos estamos hechos de la misma esencia\",\"publisher\":{\"@id\":\"https:\/\/elojocojo.org\/#organization\"},\"potentialAction\":[{\"@type\":\"SearchAction\",\"target\":{\"@type\":\"EntryPoint\",\"urlTemplate\":\"https:\/\/elojocojo.org\/?s={search_term_string}\"},\"query-input\":{\"@type\":\"PropertyValueSpecification\",\"valueRequired\":true,\"valueName\":\"search_term_string\"}}],\"inLanguage\":\"es\"},{\"@type\":\"Organization\",\"@id\":\"https:\/\/elojocojo.org\/#organization\",\"name\":\"Meigas da r\u00faa\",\"url\":\"https:\/\/elojocojo.org\/\",\"logo\":{\"@type\":\"ImageObject\",\"inLanguage\":\"es\",\"@id\":\"https:\/\/elojocojo.org\/#\/schema\/logo\/image\/\",\"url\":\"https:\/\/meigasdarua.org\/wp-content\/uploads\/2020\/09\/cropped-logo-meigas-5.png\",\"contentUrl\":\"https:\/\/meigasdarua.org\/wp-content\/uploads\/2020\/09\/cropped-logo-meigas-5.png\",\"width\":109,\"height\":200,\"caption\":\"Meigas da r\u00faa\"},\"image\":{\"@id\":\"https:\/\/elojocojo.org\/#\/schema\/logo\/image\/\"},\"sameAs\":[\"https:\/\/www.facebook.com\/elojocojo\",\"https:\/\/x.com\/elojocojo\",\"https:\/\/www.instagram.com\/elojocojo\/?hl=es\",\"https:\/\/www.linkedin.com\/in\/el-ojo-cojo-b52b7769\/\",\"https:\/\/www.pinterest.es\/elojocojo\/_saved\/\",\"https:\/\/www.youtube.com\/channel\/UCkFtFTV0Bms7zH7vq8FZxZg\"]},{\"@type\":\"Person\",\"@id\":\"\",\"url\":\"https:\/\/elojocojo.org\/author\/\"}]}<\/script>\n<!-- \/ Yoast SEO plugin. -->","yoast_head_json":{"title":"Desde adentro - el ojO cojo","description":"Pel\u00edcula Desde adentro exhibida en la edici\u00f3n 2006 del Festival el ojO cojo. Pa\u00eds de origen, Francia. Dirigido por Valeria Selinger.","robots":{"index":"index","follow":"follow","max-snippet":"max-snippet:-1","max-image-preview":"max-image-preview:large","max-video-preview":"max-video-preview:-1"},"canonical":"https:\/\/elojocojo.org\/desde-adentro\/","og_locale":"es_ES","og_type":"article","og_title":"Desde adentro - el ojO cojo","og_description":"Pel\u00edcula Desde adentro exhibida en la edici\u00f3n 2006 del Festival el ojO cojo. Pa\u00eds de origen, Francia. Dirigido por Valeria Selinger.","og_url":"https:\/\/elojocojo.org\/desde-adentro\/","og_site_name":"el ojO cojo","article_publisher":"https:\/\/www.facebook.com\/elojocojo","article_published_time":"2008-09-05T02:43:44+00:00","article_modified_time":"2025-09-25T15:12:48+00:00","og_image":[{"width":109,"height":200,"url":"https:\/\/elojocojo.org\/wp-content\/uploads\/2020\/09\/cropped-logo-meigas-5.png","type":"image\/png"}],"twitter_card":"summary_large_image","twitter_creator":"@elojocojo","twitter_site":"@elojocojo","twitter_misc":{"Escrito por":"","Tiempo de lectura":"2 minutos"},"schema":{"@context":"https:\/\/schema.org","@graph":[{"@type":"Article","@id":"https:\/\/elojocojo.org\/desde-adentro\/#article","isPartOf":{"@id":"https:\/\/elojocojo.org\/desde-adentro\/"},"author":{"name":"","@id":""},"headline":"Desde adentro","datePublished":"2008-09-05T02:43:44+00:00","dateModified":"2025-09-25T15:12:48+00:00","mainEntityOfPage":{"@id":"https:\/\/elojocojo.org\/desde-adentro\/"},"wordCount":350,"publisher":{"@id":"https:\/\/elojocojo.org\/#organization"},"keywords":["2006","Agenda 2030","Am\u00e9rica Latina","Argentina","Arte","artista","cine","comunicaci\u00f3n","cultura audiovisual","denuncia social","Derechos Humanos","Desarrollo sostenible","desigualdad","discriminaci\u00f3n","diversidad","educar en valores","el Ojo cojo","empoderamiento","\u00e9tica","festival de cine","inclusi\u00f3n","libertad","Objetivos de Desarrollo Sostenible","ODS","reivindicaci\u00f3n","salud mental","Salud y bienestar","solidaridad","vida cotidiana","Videoteca"],"articleSection":["Documental","Festival 2006"],"inLanguage":"es"},{"@type":"WebPage","@id":"https:\/\/elojocojo.org\/desde-adentro\/","url":"https:\/\/elojocojo.org\/desde-adentro\/","name":"Desde adentro - el ojO cojo","isPartOf":{"@id":"https:\/\/elojocojo.org\/#website"},"datePublished":"2008-09-05T02:43:44+00:00","dateModified":"2025-09-25T15:12:48+00:00","description":"Pel\u00edcula Desde adentro exhibida en la edici\u00f3n 2006 del Festival el ojO cojo. Pa\u00eds de origen, Francia. Dirigido por Valeria Selinger.","breadcrumb":{"@id":"https:\/\/elojocojo.org\/desde-adentro\/#breadcrumb"},"inLanguage":"es","potentialAction":[{"@type":"ReadAction","target":["https:\/\/elojocojo.org\/desde-adentro\/"]}]},{"@type":"BreadcrumbList","@id":"https:\/\/elojocojo.org\/desde-adentro\/#breadcrumb","itemListElement":[{"@type":"ListItem","position":1,"name":"Portada","item":"https:\/\/elojocojo.org\/"},{"@type":"ListItem","position":2,"name":"2006","item":"https:\/\/elojocojo.org\/tag\/2006\/"},{"@type":"ListItem","position":3,"name":"Desde adentro"}]},{"@type":"WebSite","@id":"https:\/\/elojocojo.org\/#website","url":"https:\/\/elojocojo.org\/","name":"el ojO cojo","description":"Todos estamos hechos de la misma esencia","publisher":{"@id":"https:\/\/elojocojo.org\/#organization"},"potentialAction":[{"@type":"SearchAction","target":{"@type":"EntryPoint","urlTemplate":"https:\/\/elojocojo.org\/?s={search_term_string}"},"query-input":{"@type":"PropertyValueSpecification","valueRequired":true,"valueName":"search_term_string"}}],"inLanguage":"es"},{"@type":"Organization","@id":"https:\/\/elojocojo.org\/#organization","name":"Meigas da r\u00faa","url":"https:\/\/elojocojo.org\/","logo":{"@type":"ImageObject","inLanguage":"es","@id":"https:\/\/elojocojo.org\/#\/schema\/logo\/image\/","url":"https:\/\/meigasdarua.org\/wp-content\/uploads\/2020\/09\/cropped-logo-meigas-5.png","contentUrl":"https:\/\/meigasdarua.org\/wp-content\/uploads\/2020\/09\/cropped-logo-meigas-5.png","width":109,"height":200,"caption":"Meigas da r\u00faa"},"image":{"@id":"https:\/\/elojocojo.org\/#\/schema\/logo\/image\/"},"sameAs":["https:\/\/www.facebook.com\/elojocojo","https:\/\/x.com\/elojocojo","https:\/\/www.instagram.com\/elojocojo\/?hl=es","https:\/\/www.linkedin.com\/in\/el-ojo-cojo-b52b7769\/","https:\/\/www.pinterest.es\/elojocojo\/_saved\/","https:\/\/www.youtube.com\/channel\/UCkFtFTV0Bms7zH7vq8FZxZg"]},{"@type":"Person","@id":"","url":"https:\/\/elojocojo.org\/author\/"}]}},"_links":{"self":[{"href":"https:\/\/elojocojo.org\/wp-json\/wp\/v2\/posts\/1141","targetHints":{"allow":["GET"]}}],"collection":[{"href":"https:\/\/elojocojo.org\/wp-json\/wp\/v2\/posts"}],"about":[{"href":"https:\/\/elojocojo.org\/wp-json\/wp\/v2\/types\/post"}],"author":[{"embeddable":true,"href":"https:\/\/elojocojo.org\/wp-json\/wp\/v2\/users\/3"}],"replies":[{"embeddable":true,"href":"https:\/\/elojocojo.org\/wp-json\/wp\/v2\/comments?post=1141"}],"version-history":[{"count":9,"href":"https:\/\/elojocojo.org\/wp-json\/wp\/v2\/posts\/1141\/revisions"}],"predecessor-version":[{"id":67813,"href":"https:\/\/elojocojo.org\/wp-json\/wp\/v2\/posts\/1141\/revisions\/67813"}],"wp:attachment":[{"href":"https:\/\/elojocojo.org\/wp-json\/wp\/v2\/media?parent=1141"}],"wp:term":[{"taxonomy":"category","embeddable":true,"href":"https:\/\/elojocojo.org\/wp-json\/wp\/v2\/categories?post=1141"},{"taxonomy":"post_tag","embeddable":true,"href":"https:\/\/elojocojo.org\/wp-json\/wp\/v2\/tags?post=1141"}],"curies":[{"name":"wp","href":"https:\/\/api.w.org\/{rel}","templated":true}]}}