{"id":1118,"date":"2008-09-04T19:31:04","date_gmt":"2008-09-05T02:31:04","guid":{"rendered":"http:\/\/www.elojocojo.org\/blog2\/?p=1118"},"modified":"2026-02-14T14:03:26","modified_gmt":"2026-02-14T13:03:26","slug":"el-negro","status":"publish","type":"post","link":"https:\/\/elojocojo.org\/el-negro\/","title":{"rendered":"El negro"},"content":{"rendered":"<p><iframe title=\"El Negro, Documental (Parte I)\" width=\"1140\" height=\"855\" src=\"https:\/\/www.youtube.com\/embed\/WlJ32edtBKA?feature=oembed\" frameborder=\"0\" allow=\"accelerometer; autoplay; clipboard-write; encrypted-media; gyroscope; picture-in-picture; web-share\" referrerpolicy=\"strict-origin-when-cross-origin\" allowfullscreen><\/iframe><\/p>\n\n\n\n<p><strong>T\u00cdTULO ORIGINAL<\/strong>: El negro<br \/><strong>A\u00d1O<\/strong>: 2005<br \/><strong>G\u00c9NERO<\/strong>: Documental<br \/><strong>DIRECTOR<\/strong>: Juan Dar\u00edo Almagro<br \/><strong>FORMATO ORIGINAL<\/strong>: DVD<br \/><strong>FORMATO DE EXHIBICI\u00d3N<\/strong>: DVD<br \/><strong>TIPO<\/strong>: color<br \/><strong>IDIOMA ORIGINAL<\/strong>: castellano<br \/><strong>DURACI\u00d3N<\/strong>: 20\u2019<br \/><strong>PA\u00cdS<\/strong>: Argentina<br \/><strong>PRODUCCI\u00d3N<\/strong>: Juan Dar\u00edo Almagro<br \/><strong>GUION<\/strong>: Juan Dar\u00edo Almagro<br \/><strong>EDICI\u00d3N\/MONTAJE<\/strong>: Juan Dar\u00edo Almagro, Santiago Seminara<br \/><strong>SONIDO<\/strong>: Ana Medici<\/p>\n\n\n\n<h3 class=\"wp-block-heading\">Sinopsis<\/h3>\n\n\n\n<p><em>El negro<\/em> es un documental que se centra en la vida y trayectoria de H\u00e9ctor Grillo, un artista nacido en Lan\u00fas con una fuerte vocaci\u00f3n teatral.<br \/>Desde sus primeros a\u00f1os, Grillo muestra una inquietud creativa que marcar\u00e1 todo su recorrido personal.<br \/>La pel\u00edcula reconstruye su camino a trav\u00e9s de testimonios, recuerdos y registros de su trabajo.<br \/>Adem\u00e1s, el film presenta c\u00f3mo el arte se convierte en el eje fundamental de su existencia.<br \/>El espectador descubre a un creador en permanente b\u00fasqueda.<\/p>\n\n\n\n<h2 class=\"wp-block-heading\"><strong>Vocaci\u00f3n y creaci\u00f3n<\/strong><\/h2>\n\n\n\n<p>El documental profundiza en los inicios de Grillo dentro del mundo del teatro.<br \/>Por otro lado, se destacan sus primeros proyectos y la manera en que fue construyendo su identidad art\u00edstica.<br \/>Su pasi\u00f3n lo impulsa a explorar nuevas formas de expresi\u00f3n y nuevos escenarios.<br \/>Asimismo, la obra muestra c\u00f3mo cada experiencia va moldeando su mirada sobre el arte y la vida.<br \/>El proceso creativo aparece como un camino lleno de desaf\u00edos y aprendizajes.<\/p>\n\n\n\n<h2 class=\"wp-block-heading\"><strong>Viajes y experiencias<\/strong><\/h2>\n\n\n\n<p>En un momento decisivo de su carrera, H\u00e9ctor Grillo decide trasladarse a Brasil.<br \/>A medida que avanza el relato, se revela la importancia de este per\u00edodo en su formaci\u00f3n.<br \/>All\u00ed funda el grupo teatral Gralha Azul y se integra a la escena cultural brasile\u00f1a.<br \/>Mientras tanto, su lenguaje art\u00edstico se expande gracias al contacto con nuevas realidades.<br \/>El viaje se convierte en una herramienta esencial para su desarrollo personal.<\/p>\n\n\n\n<h2 class=\"wp-block-heading\"><strong>Nuevos horizontes<\/strong><\/h2>\n\n\n\n<p>Posteriormente, su recorrido lo lleva a Italia y a Espa\u00f1a, donde contin\u00faa creando y aprendiendo.<br \/>Sin embargo, el paso del tiempo lo enfrenta a la necesidad de replantearse su camino.<br \/>Cada pa\u00eds aporta experiencias que enriquecen su visi\u00f3n del mundo y del teatro.<br \/>No obstante, comienza a surgir en \u00e9l el deseo de regresar a sus ra\u00edces.<br \/>El documental refleja esta etapa como un per\u00edodo de b\u00fasqueda interior.<\/p>\n\n\n\n<h2 class=\"wp-block-heading\"><strong>Retorno y continuidad art\u00edstica<\/strong><\/h2>\n\n\n\n<p>El documental muestra el regreso de H\u00e9ctor Grillo a Argentina como una nueva etapa dentro de su recorrido creativo. A partir de esta vuelta, la pel\u00edcula observa c\u00f3mo las experiencias acumuladas en distintos pa\u00edses influyen en sus proyectos posteriores y en su manera de entender el trabajo art\u00edstico. El relato presenta este momento como parte del proceso continuo de creaci\u00f3n, integrando pasado y presente en la evoluci\u00f3n personal y profesional del protagonista.<\/p>\n\n\n<div class=\"wp-block-image\">\n<figure class=\"aligncenter is-resized\"><img decoding=\"async\" width=\"308\" height=\"416\" src=\"https:\/\/elojocojo.org\/wp-content\/uploads\/2008\/09\/Captura6.jpg\" alt=\"Grupo de personas observando y grabando con una c\u00e1mara en un espacio exterior durante un evento o reuni\u00f3n.\" class=\"wp-image-74127\" style=\"object-fit:cover;width:243px;height:357px\" srcset=\"https:\/\/elojocojo.org\/wp-content\/uploads\/2008\/09\/Captura6.jpg 308w, https:\/\/elojocojo.org\/wp-content\/uploads\/2008\/09\/Captura6-267x360.jpg 267w, https:\/\/elojocojo.org\/wp-content\/uploads\/2008\/09\/Captura6-296x400.jpg 296w\" sizes=\"(max-width: 308px) 100vw, 308px\" \/><\/figure>\n<\/div>\n\n\n<p class=\"has-text-align-left\"><br \/><strong>2006<\/strong><\/p>\n\n\n\n<ul class=\"wp-block-list\">\n<li>Muestra anual del Departamento de Cine y TV \u2013 Universidad Nacional de C\u00f3rdoba (Argentina) &#8211; Premio al Mejor Trabajo<\/li>\n<\/ul>\n\n\n\n<p>El filme <em>El negro<\/em> particip\u00f3 en la edici\u00f3n <a href=\"https:\/\/elojocojo.org\/tag\/2006\/\"><strong>2006<\/strong>\u00a0<\/a>del <a href=\"https:\/\/elojocojo.org\/category\/festival-2006\/\" target=\"_blank\" rel=\"noreferrer noopener\"><strong>Festival de cine el ojO cojo<\/strong> <\/a>en ese sentido nos sentimos honrados de haberla exhibido.<\/p>\n\n\n\n<p><a href=\"https:\/\/el-ojocojo.blogspot.com\/\">Visita nuestro blog<\/a><\/p>\n","protected":false},"excerpt":{"rendered":"<p>Un documental \u00edntimo que retrata la vida y la evoluci\u00f3n art\u00edstica de H\u00e9ctor Grillo. La obra recorre su trayectoria desde sus inicios en Lan\u00fas hasta su paso por Brasil, Italia y Espa\u00f1a, explorando c\u00f3mo la pasi\u00f3n por el teatro se convierte en un motor de transformaci\u00f3n personal y en un testimonio sensible sobre la identidad y la creaci\u00f3n. Director: Juan Dar\u00edo Almagro<\/p>\n","protected":false},"author":3,"featured_media":74275,"comment_status":"closed","ping_status":"open","sticky":false,"template":"","format":"standard","meta":{"_monsterinsights_skip_tracking":false,"_monsterinsights_sitenote_active":false,"_monsterinsights_sitenote_note":"","_monsterinsights_sitenote_category":0,"footnotes":""},"categories":[1460,2053,428],"tags":[1936,1927,420,186,936,941,960,1470,1403,878,226,1484,1128,1057,883,1013],"class_list":{"0":"post-1118","1":"post","2":"type-post","3":"status-publish","4":"format-standard","5":"has-post-thumbnail","7":"category-cortometraje","8":"category-documental","9":"category-festival-2006","10":"tag-1936","11":"tag-1927","12":"tag-argentina","13":"tag-arte","14":"tag-artista","15":"tag-cine","16":"tag-creatividad","17":"tag-documental","18":"tag-educacion-de-calidad","19":"tag-historia","20":"tag-libertad","21":"tag-salud-mental","22":"tag-salud-y-bienestar","23":"tag-trabajo-decente-y-crecimiento-economico","24":"tag-viajes","25":"tag-vida-cotidiana","26":"czr-hentry"},"yoast_head":"<!-- This site is optimized with the Yoast SEO plugin v27.1.1 - https:\/\/yoast.com\/product\/yoast-seo-wordpress\/ -->\n<title>El negro - el ojO cojo<\/title>\n<meta name=\"description\" content=\"Pel\u00edcula El negro exhibida en la edici\u00f3n 2006 del Festival el ojO cojo. Pa\u00eds de origen, Argentina. Dirigido por Juan Dar\u00edo Almagro.\" \/>\n<meta name=\"robots\" content=\"index, follow, max-snippet:-1, max-image-preview:large, max-video-preview:-1\" \/>\n<link rel=\"canonical\" href=\"https:\/\/elojocojo.org\/el-negro\/\" \/>\n<meta property=\"og:locale\" content=\"es_ES\" \/>\n<meta property=\"og:type\" content=\"article\" \/>\n<meta property=\"og:title\" content=\"El negro - el ojO cojo\" \/>\n<meta property=\"og:description\" content=\"Pel\u00edcula El negro exhibida en la edici\u00f3n 2006 del Festival el ojO cojo. Pa\u00eds de origen, Argentina. Dirigido por Juan Dar\u00edo Almagro.\" \/>\n<meta property=\"og:url\" content=\"https:\/\/elojocojo.org\/el-negro\/\" \/>\n<meta property=\"og:site_name\" content=\"el ojO cojo\" \/>\n<meta property=\"article:publisher\" content=\"https:\/\/www.facebook.com\/elojocojo\" \/>\n<meta property=\"article:published_time\" content=\"2008-09-05T02:31:04+00:00\" \/>\n<meta property=\"article:modified_time\" content=\"2026-02-14T13:03:26+00:00\" \/>\n<meta property=\"og:image\" content=\"https:\/\/elojocojo.org\/wp-content\/uploads\/2008\/09\/Captura-de-pantalla-2026-02-07-125404.png\" \/>\n\t<meta property=\"og:image:width\" content=\"1440\" \/>\n\t<meta property=\"og:image:height\" content=\"1068\" \/>\n\t<meta property=\"og:image:type\" content=\"image\/png\" \/>\n<meta name=\"twitter:card\" content=\"summary_large_image\" \/>\n<meta name=\"twitter:creator\" content=\"@elojocojo\" \/>\n<meta name=\"twitter:site\" content=\"@elojocojo\" \/>\n<meta name=\"twitter:label1\" content=\"Escrito por\" \/>\n\t<meta name=\"twitter:data1\" content=\"\" \/>\n\t<meta name=\"twitter:label2\" content=\"Tiempo de lectura\" \/>\n\t<meta name=\"twitter:data2\" content=\"1 minuto\" \/>\n<script type=\"application\/ld+json\" class=\"yoast-schema-graph\">{\"@context\":\"https:\/\/schema.org\",\"@graph\":[{\"@type\":\"Article\",\"@id\":\"https:\/\/elojocojo.org\/el-negro\/#article\",\"isPartOf\":{\"@id\":\"https:\/\/elojocojo.org\/el-negro\/\"},\"author\":{\"name\":\"\",\"@id\":\"\"},\"headline\":\"El negro\",\"datePublished\":\"2008-09-05T02:31:04+00:00\",\"dateModified\":\"2026-02-14T13:03:26+00:00\",\"mainEntityOfPage\":{\"@id\":\"https:\/\/elojocojo.org\/el-negro\/\"},\"wordCount\":527,\"publisher\":{\"@id\":\"https:\/\/elojocojo.org\/#organization\"},\"image\":{\"@id\":\"https:\/\/elojocojo.org\/el-negro\/#primaryimage\"},\"thumbnailUrl\":\"https:\/\/elojocojo.org\/wp-content\/uploads\/2008\/09\/Captura-de-pantalla-2026-02-07-125404.png\",\"keywords\":[\"2005\",\"2006\",\"Argentina\",\"Arte\",\"artista\",\"cine\",\"creatividad\",\"documental\",\"Educaci\u00f3n de calidad\",\"historia\",\"libertad\",\"salud mental\",\"Salud y bienestar\",\"Trabajo decente y crecimiento econ\u00f3mico\",\"viajes\",\"vida cotidiana\"],\"articleSection\":[\"Cortometraje\",\"Documental\",\"Festival 2006\"],\"inLanguage\":\"es\"},{\"@type\":\"WebPage\",\"@id\":\"https:\/\/elojocojo.org\/el-negro\/\",\"url\":\"https:\/\/elojocojo.org\/el-negro\/\",\"name\":\"El negro - el ojO cojo\",\"isPartOf\":{\"@id\":\"https:\/\/elojocojo.org\/#website\"},\"primaryImageOfPage\":{\"@id\":\"https:\/\/elojocojo.org\/el-negro\/#primaryimage\"},\"image\":{\"@id\":\"https:\/\/elojocojo.org\/el-negro\/#primaryimage\"},\"thumbnailUrl\":\"https:\/\/elojocojo.org\/wp-content\/uploads\/2008\/09\/Captura-de-pantalla-2026-02-07-125404.png\",\"datePublished\":\"2008-09-05T02:31:04+00:00\",\"dateModified\":\"2026-02-14T13:03:26+00:00\",\"description\":\"Pel\u00edcula El negro exhibida en la edici\u00f3n 2006 del Festival el ojO cojo. Pa\u00eds de origen, Argentina. Dirigido por Juan Dar\u00edo Almagro.\",\"breadcrumb\":{\"@id\":\"https:\/\/elojocojo.org\/el-negro\/#breadcrumb\"},\"inLanguage\":\"es\",\"potentialAction\":[{\"@type\":\"ReadAction\",\"target\":[\"https:\/\/elojocojo.org\/el-negro\/\"]}]},{\"@type\":\"ImageObject\",\"inLanguage\":\"es\",\"@id\":\"https:\/\/elojocojo.org\/el-negro\/#primaryimage\",\"url\":\"https:\/\/elojocojo.org\/wp-content\/uploads\/2008\/09\/Captura-de-pantalla-2026-02-07-125404.png\",\"contentUrl\":\"https:\/\/elojocojo.org\/wp-content\/uploads\/2008\/09\/Captura-de-pantalla-2026-02-07-125404.png\",\"width\":1440,\"height\":1068,\"caption\":\"Hombre y mujer sentados en una escalera conversando en una imagen en blanco y negro con subt\u00edtulos en portugu\u00e9s.\"},{\"@type\":\"BreadcrumbList\",\"@id\":\"https:\/\/elojocojo.org\/el-negro\/#breadcrumb\",\"itemListElement\":[{\"@type\":\"ListItem\",\"position\":1,\"name\":\"Portada\",\"item\":\"https:\/\/elojocojo.org\/\"},{\"@type\":\"ListItem\",\"position\":2,\"name\":\"2005\",\"item\":\"https:\/\/elojocojo.org\/tag\/2005\/\"},{\"@type\":\"ListItem\",\"position\":3,\"name\":\"El negro\"}]},{\"@type\":\"WebSite\",\"@id\":\"https:\/\/elojocojo.org\/#website\",\"url\":\"https:\/\/elojocojo.org\/\",\"name\":\"el ojO cojo\",\"description\":\"Todos estamos hechos de la misma esencia\",\"publisher\":{\"@id\":\"https:\/\/elojocojo.org\/#organization\"},\"potentialAction\":[{\"@type\":\"SearchAction\",\"target\":{\"@type\":\"EntryPoint\",\"urlTemplate\":\"https:\/\/elojocojo.org\/?s={search_term_string}\"},\"query-input\":{\"@type\":\"PropertyValueSpecification\",\"valueRequired\":true,\"valueName\":\"search_term_string\"}}],\"inLanguage\":\"es\"},{\"@type\":\"Organization\",\"@id\":\"https:\/\/elojocojo.org\/#organization\",\"name\":\"Meigas da r\u00faa\",\"url\":\"https:\/\/elojocojo.org\/\",\"logo\":{\"@type\":\"ImageObject\",\"inLanguage\":\"es\",\"@id\":\"https:\/\/elojocojo.org\/#\/schema\/logo\/image\/\",\"url\":\"https:\/\/meigasdarua.org\/wp-content\/uploads\/2020\/09\/cropped-logo-meigas-5.png\",\"contentUrl\":\"https:\/\/meigasdarua.org\/wp-content\/uploads\/2020\/09\/cropped-logo-meigas-5.png\",\"width\":109,\"height\":200,\"caption\":\"Meigas da r\u00faa\"},\"image\":{\"@id\":\"https:\/\/elojocojo.org\/#\/schema\/logo\/image\/\"},\"sameAs\":[\"https:\/\/www.facebook.com\/elojocojo\",\"https:\/\/x.com\/elojocojo\",\"https:\/\/www.instagram.com\/elojocojo\/?hl=es\",\"https:\/\/www.linkedin.com\/in\/el-ojo-cojo-b52b7769\/\",\"https:\/\/www.pinterest.es\/elojocojo\/_saved\/\",\"https:\/\/www.youtube.com\/channel\/UCkFtFTV0Bms7zH7vq8FZxZg\"]},{\"@type\":\"Person\",\"@id\":\"\",\"url\":\"https:\/\/elojocojo.org\/author\/\"}]}<\/script>\n<!-- \/ Yoast SEO plugin. -->","yoast_head_json":{"title":"El negro - el ojO cojo","description":"Pel\u00edcula El negro exhibida en la edici\u00f3n 2006 del Festival el ojO cojo. Pa\u00eds de origen, Argentina. Dirigido por Juan Dar\u00edo Almagro.","robots":{"index":"index","follow":"follow","max-snippet":"max-snippet:-1","max-image-preview":"max-image-preview:large","max-video-preview":"max-video-preview:-1"},"canonical":"https:\/\/elojocojo.org\/el-negro\/","og_locale":"es_ES","og_type":"article","og_title":"El negro - el ojO cojo","og_description":"Pel\u00edcula El negro exhibida en la edici\u00f3n 2006 del Festival el ojO cojo. Pa\u00eds de origen, Argentina. Dirigido por Juan Dar\u00edo Almagro.","og_url":"https:\/\/elojocojo.org\/el-negro\/","og_site_name":"el ojO cojo","article_publisher":"https:\/\/www.facebook.com\/elojocojo","article_published_time":"2008-09-05T02:31:04+00:00","article_modified_time":"2026-02-14T13:03:26+00:00","og_image":[{"width":1440,"height":1068,"url":"https:\/\/elojocojo.org\/wp-content\/uploads\/2008\/09\/Captura-de-pantalla-2026-02-07-125404.png","type":"image\/png"}],"twitter_card":"summary_large_image","twitter_creator":"@elojocojo","twitter_site":"@elojocojo","twitter_misc":{"Escrito por":"","Tiempo de lectura":"1 minuto"},"schema":{"@context":"https:\/\/schema.org","@graph":[{"@type":"Article","@id":"https:\/\/elojocojo.org\/el-negro\/#article","isPartOf":{"@id":"https:\/\/elojocojo.org\/el-negro\/"},"author":{"name":"","@id":""},"headline":"El negro","datePublished":"2008-09-05T02:31:04+00:00","dateModified":"2026-02-14T13:03:26+00:00","mainEntityOfPage":{"@id":"https:\/\/elojocojo.org\/el-negro\/"},"wordCount":527,"publisher":{"@id":"https:\/\/elojocojo.org\/#organization"},"image":{"@id":"https:\/\/elojocojo.org\/el-negro\/#primaryimage"},"thumbnailUrl":"https:\/\/elojocojo.org\/wp-content\/uploads\/2008\/09\/Captura-de-pantalla-2026-02-07-125404.png","keywords":["2005","2006","Argentina","Arte","artista","cine","creatividad","documental","Educaci\u00f3n de calidad","historia","libertad","salud mental","Salud y bienestar","Trabajo decente y crecimiento econ\u00f3mico","viajes","vida cotidiana"],"articleSection":["Cortometraje","Documental","Festival 2006"],"inLanguage":"es"},{"@type":"WebPage","@id":"https:\/\/elojocojo.org\/el-negro\/","url":"https:\/\/elojocojo.org\/el-negro\/","name":"El negro - el ojO cojo","isPartOf":{"@id":"https:\/\/elojocojo.org\/#website"},"primaryImageOfPage":{"@id":"https:\/\/elojocojo.org\/el-negro\/#primaryimage"},"image":{"@id":"https:\/\/elojocojo.org\/el-negro\/#primaryimage"},"thumbnailUrl":"https:\/\/elojocojo.org\/wp-content\/uploads\/2008\/09\/Captura-de-pantalla-2026-02-07-125404.png","datePublished":"2008-09-05T02:31:04+00:00","dateModified":"2026-02-14T13:03:26+00:00","description":"Pel\u00edcula El negro exhibida en la edici\u00f3n 2006 del Festival el ojO cojo. Pa\u00eds de origen, Argentina. Dirigido por Juan Dar\u00edo Almagro.","breadcrumb":{"@id":"https:\/\/elojocojo.org\/el-negro\/#breadcrumb"},"inLanguage":"es","potentialAction":[{"@type":"ReadAction","target":["https:\/\/elojocojo.org\/el-negro\/"]}]},{"@type":"ImageObject","inLanguage":"es","@id":"https:\/\/elojocojo.org\/el-negro\/#primaryimage","url":"https:\/\/elojocojo.org\/wp-content\/uploads\/2008\/09\/Captura-de-pantalla-2026-02-07-125404.png","contentUrl":"https:\/\/elojocojo.org\/wp-content\/uploads\/2008\/09\/Captura-de-pantalla-2026-02-07-125404.png","width":1440,"height":1068,"caption":"Hombre y mujer sentados en una escalera conversando en una imagen en blanco y negro con subt\u00edtulos en portugu\u00e9s."},{"@type":"BreadcrumbList","@id":"https:\/\/elojocojo.org\/el-negro\/#breadcrumb","itemListElement":[{"@type":"ListItem","position":1,"name":"Portada","item":"https:\/\/elojocojo.org\/"},{"@type":"ListItem","position":2,"name":"2005","item":"https:\/\/elojocojo.org\/tag\/2005\/"},{"@type":"ListItem","position":3,"name":"El negro"}]},{"@type":"WebSite","@id":"https:\/\/elojocojo.org\/#website","url":"https:\/\/elojocojo.org\/","name":"el ojO cojo","description":"Todos estamos hechos de la misma esencia","publisher":{"@id":"https:\/\/elojocojo.org\/#organization"},"potentialAction":[{"@type":"SearchAction","target":{"@type":"EntryPoint","urlTemplate":"https:\/\/elojocojo.org\/?s={search_term_string}"},"query-input":{"@type":"PropertyValueSpecification","valueRequired":true,"valueName":"search_term_string"}}],"inLanguage":"es"},{"@type":"Organization","@id":"https:\/\/elojocojo.org\/#organization","name":"Meigas da r\u00faa","url":"https:\/\/elojocojo.org\/","logo":{"@type":"ImageObject","inLanguage":"es","@id":"https:\/\/elojocojo.org\/#\/schema\/logo\/image\/","url":"https:\/\/meigasdarua.org\/wp-content\/uploads\/2020\/09\/cropped-logo-meigas-5.png","contentUrl":"https:\/\/meigasdarua.org\/wp-content\/uploads\/2020\/09\/cropped-logo-meigas-5.png","width":109,"height":200,"caption":"Meigas da r\u00faa"},"image":{"@id":"https:\/\/elojocojo.org\/#\/schema\/logo\/image\/"},"sameAs":["https:\/\/www.facebook.com\/elojocojo","https:\/\/x.com\/elojocojo","https:\/\/www.instagram.com\/elojocojo\/?hl=es","https:\/\/www.linkedin.com\/in\/el-ojo-cojo-b52b7769\/","https:\/\/www.pinterest.es\/elojocojo\/_saved\/","https:\/\/www.youtube.com\/channel\/UCkFtFTV0Bms7zH7vq8FZxZg"]},{"@type":"Person","@id":"","url":"https:\/\/elojocojo.org\/author\/"}]}},"_links":{"self":[{"href":"https:\/\/elojocojo.org\/wp-json\/wp\/v2\/posts\/1118","targetHints":{"allow":["GET"]}}],"collection":[{"href":"https:\/\/elojocojo.org\/wp-json\/wp\/v2\/posts"}],"about":[{"href":"https:\/\/elojocojo.org\/wp-json\/wp\/v2\/types\/post"}],"author":[{"embeddable":true,"href":"https:\/\/elojocojo.org\/wp-json\/wp\/v2\/users\/3"}],"replies":[{"embeddable":true,"href":"https:\/\/elojocojo.org\/wp-json\/wp\/v2\/comments?post=1118"}],"version-history":[{"count":13,"href":"https:\/\/elojocojo.org\/wp-json\/wp\/v2\/posts\/1118\/revisions"}],"predecessor-version":[{"id":75072,"href":"https:\/\/elojocojo.org\/wp-json\/wp\/v2\/posts\/1118\/revisions\/75072"}],"wp:featuredmedia":[{"embeddable":true,"href":"https:\/\/elojocojo.org\/wp-json\/wp\/v2\/media\/74275"}],"wp:attachment":[{"href":"https:\/\/elojocojo.org\/wp-json\/wp\/v2\/media?parent=1118"}],"wp:term":[{"taxonomy":"category","embeddable":true,"href":"https:\/\/elojocojo.org\/wp-json\/wp\/v2\/categories?post=1118"},{"taxonomy":"post_tag","embeddable":true,"href":"https:\/\/elojocojo.org\/wp-json\/wp\/v2\/tags?post=1118"}],"curies":[{"name":"wp","href":"https:\/\/api.w.org\/{rel}","templated":true}]}}