{"id":1100,"date":"2008-09-04T19:20:32","date_gmt":"2008-09-05T02:20:32","guid":{"rendered":"http:\/\/www.elojocojo.org\/blog2\/?p=1100"},"modified":"2025-09-23T10:46:37","modified_gmt":"2025-09-23T08:46:37","slug":"engendro","status":"publish","type":"post","link":"https:\/\/elojocojo.org\/engendro\/","title":{"rendered":"Engendro"},"content":{"rendered":"<p><img decoding=\"async\" class=\"alignnone size-full wp-image-26553\" src=\"https:\/\/elojocojo.org\/wp-content\/uploads\/2008\/09\/engendro-2.jpg\" alt=\"\" width=\"317\" height=\"159\" srcset=\"https:\/\/elojocojo.org\/wp-content\/uploads\/2008\/09\/engendro-2.jpg 317w, https:\/\/elojocojo.org\/wp-content\/uploads\/2008\/09\/engendro-2-300x150.jpg 300w\" sizes=\"(max-width: 317px) 100vw, 317px\" \/><\/p>\n<p class=\"MsoNormal\"><span style=\"font-size: 9pt; font-family: Arial;\"><strong>T\u00cdTULO<\/strong>: Engendro<br \/><\/span><span style=\"font-size: 9pt; font-family: Arial;\"><strong>A\u00d1O<\/strong>: 2005<br \/><\/span><span style=\"font-size: 9pt; font-family: Arial;\"><strong>G\u00c9NERO<\/strong>: Ficci\u00f3n<br \/><\/span><span style=\"font-size: 9pt; font-family: Arial;\"><strong>DIRECTOR<\/strong>: Luis Cabeza<br \/><\/span><span style=\"font-size: 9pt; font-family: Arial;\"><strong>INT\u00c9RPRETES<\/strong>: Toni Albi, Maribel Mart\u00edn, Manel Artigas, V\u00edctor Lavagnini<br \/><\/span><span style=\"font-family: Arial; font-size: 9pt;\"><strong>T\u00cdTULO ORIGINA<\/strong>L: Freaking<br \/><\/span><span style=\"font-size: 9pt; font-family: Arial;\"><strong>FORMATO ORIGINAL<\/strong>: 35 mm.<br \/><\/span><span style=\"font-size: 9pt; font-family: Arial;\"><strong>TIPO<\/strong>: Color<br \/><\/span><span style=\"font-size: 9pt; font-family: Arial;\"><strong>IDIOMA ORIGINAL<\/strong>: Castellano<\/span><span style=\"font-size: 9pt; font-family: Arial;\"><br \/><\/span><span style=\"font-family: Arial; font-size: 9pt;\"><strong>DURACI\u00d3N<\/strong>: 16 min.<br \/><\/span><span style=\"font-size: 9pt; font-family: Arial;\"><strong>PA\u00cdS<\/strong>: Espa\u00f1a<br \/><\/span><span style=\"font-size: 9pt; font-family: Arial;\"><strong>PRODUCCI\u00d3N<\/strong>: Luis Cabeza<br \/><\/span><span style=\"font-size: 9pt; font-family: Arial;\"><strong>GUION<\/strong>: Luis Cabeza\/Rub\u00e9n Dos Santos<br \/><\/span><span style=\"font-size: 9pt; font-family: Arial;\"><strong>DIRECCI\u00d3N DE FOTOGRAF\u00cdA<\/strong>: Pedro Segura<br \/><\/span><span style=\"font-size: 9pt; font-family: Arial;\"><strong>EDICI\u00d3N\/MONTAJE<\/strong>: Luis Cabeza<br \/><\/span><span style=\"font-size: 9pt; font-family: Arial;\"><strong>SONIDO<\/strong>: Arnau Melgosa<br \/><\/span><span style=\"font-size: 9pt; font-family: Arial;\"><strong>M\u00daSICA<\/strong>: \u201cOrkestina\u201d<\/span><\/p>\n<p class=\"MsoNormal\"><strong><span lang=\"IT\" style=\"font-size: 10pt; font-family: Arial;\">Sinopsis<\/span><\/strong><\/p>\n<p class=\"MsoNormal\"><span lang=\"ES-TRAD\" style=\"font-size: 9pt; font-family: Arial;\">El Dr Languenstein crea engendros a partir de seres muertos. <\/span><span lang=\"ES-TRAD\" style=\"font-size: 9pt; font-family: Arial;\">La muerte de Jullietta, su hija, hace que terror, pasi\u00f3n y amor se unan en una historia que acaeci\u00f3 en un castillo de la vieja Europa. <\/span><span lang=\"ES-TRAD\" style=\"font-size: 9pt; font-family: Arial;\">Engendro, el ayudante del Dr. Languenstein, nos explicar\u00e1 toda la historia.<\/span><\/p>\n<p class=\"MsoNormal\"><strong><span lang=\"IT\" style=\"font-size: 9pt; font-family: Arial;\">Palmar\u00e9s<\/span><\/strong><\/p>\n<p class=\"MsoNormal\"><span lang=\"IT\" style=\"font-size: 9pt; font-family: Arial;\">Premio de Maquillaje IX Festival LA FILA, Valladolid<\/span><\/p>\n<p class=\"MsoNormal\"><span lang=\"IT\" style=\"font-size: 9pt; font-family: Arial;\">3er. Premio Festival de Cine Fant\u00e1stico de Sestao<\/span><\/p>\n<p class=\"MsoNormal\"><span lang=\"IT\" style=\"font-size: 9pt; font-family: Arial;\">3er. Premio Festival CRIT D\u2019ART, Blanes<\/span><\/p>\n\n\n<p>El filme Engendro particip\u00f3 en la edici\u00f3n <strong>2006<\/strong>\u00a0del <a href=\"https:\/\/elojocojo.org\/category\/festival-2006\/\"><strong>Festival de cine el ojO cojo<\/strong> <\/a>en ese sentido nos sentimos honrados de haberla exhibido.<\/p>\n\n\n\n<p>Visita nuestro blog <a href=\"https:\/\/el-ojocojo.blogspot.com\/\">https:\/\/el-ojocojo.blogspot.com\/<\/a><\/p>\n","protected":false},"excerpt":{"rendered":"<p>T\u00cdTULO: EngendroA\u00d1O: 2005G\u00c9NERO: Ficci\u00f3nDIRECTOR: Luis CabezaINT\u00c9RPRETES: Toni Albi, Maribel Mart\u00edn, Manel Artigas, V\u00edctor LavagniniT\u00cdTULO ORIGINAL: FreakingFORMATO ORIGINAL: 35 mm.TIPO: ColorIDIOMA ORIGINAL: CastellanoDURACI\u00d3N: 16 min.PA\u00cdS: Espa\u00f1aPRODUCCI\u00d3N: Luis CabezaGUION: Luis Cabeza\/Rub\u00e9n Dos SantosDIRECCI\u00d3N DE FOTOGRAF\u00cdA: Pedro SeguraEDICI\u00d3N\/MONTAJE: Luis CabezaSONIDO: Arnau MelgosaM\u00daSICA: \u201cOrkestina\u201d Sinopsis El Dr Languenstein crea engendros a partir de seres muertos. La muerte de Jullietta, [&hellip;]<\/p>\n","protected":false},"author":3,"featured_media":26551,"comment_status":"closed","ping_status":"closed","sticky":false,"template":"","format":"standard","meta":{"_monsterinsights_skip_tracking":false,"_monsterinsights_sitenote_active":false,"_monsterinsights_sitenote_note":"","_monsterinsights_sitenote_category":0,"footnotes":""},"categories":[1460,428,30],"tags":[1927,112,941,2047,1891,1886,138,900,1981,1982,2004,1896],"class_list":{"0":"post-1100","1":"post","2":"type-post","3":"status-publish","4":"format-standard","5":"has-post-thumbnail","7":"category-cortometraje","8":"category-festival-2006","9":"category-ficcion","10":"tag-1927","11":"tag-amor","12":"tag-cine","13":"tag-comunicacion","14":"tag-cultura-audiovisual","15":"tag-el-ojo-cojo","16":"tag-espana","17":"tag-europa","18":"tag-festival-de-cine","19":"tag-festival-el-ojo-cojo","20":"tag-peliculas","21":"tag-videoteca","22":"czr-hentry"},"yoast_head":"<!-- This site is optimized with the Yoast SEO plugin v27.1.1 - https:\/\/yoast.com\/product\/yoast-seo-wordpress\/ -->\n<title>Engendro - el ojO cojo<\/title>\n<meta name=\"description\" content=\"Pel\u00edcula Engendro exhibida en la edici\u00f3n 2006 del Festival el ojO cojo. Pa\u00eds de origen, Espa\u00f1a. Dirigido por Luis Cabeza.\" \/>\n<meta name=\"robots\" content=\"index, follow, max-snippet:-1, max-image-preview:large, max-video-preview:-1\" \/>\n<link rel=\"canonical\" href=\"https:\/\/elojocojo.org\/engendro\/\" \/>\n<meta property=\"og:locale\" content=\"es_ES\" \/>\n<meta property=\"og:type\" content=\"article\" \/>\n<meta property=\"og:title\" content=\"Engendro - el ojO cojo\" \/>\n<meta property=\"og:description\" content=\"Pel\u00edcula Engendro exhibida en la edici\u00f3n 2006 del Festival el ojO cojo. Pa\u00eds de origen, Espa\u00f1a. Dirigido por Luis Cabeza.\" \/>\n<meta property=\"og:url\" content=\"https:\/\/elojocojo.org\/engendro\/\" \/>\n<meta property=\"og:site_name\" content=\"el ojO cojo\" \/>\n<meta property=\"article:publisher\" content=\"https:\/\/www.facebook.com\/elojocojo\" \/>\n<meta property=\"article:published_time\" content=\"2008-09-05T02:20:32+00:00\" \/>\n<meta property=\"article:modified_time\" content=\"2025-09-23T08:46:37+00:00\" \/>\n<meta property=\"og:image\" content=\"https:\/\/elojocojo.org\/wp-content\/uploads\/2008\/09\/engendro.jpg\" \/>\n\t<meta property=\"og:image:width\" content=\"182\" \/>\n\t<meta property=\"og:image:height\" content=\"268\" \/>\n\t<meta property=\"og:image:type\" content=\"image\/jpeg\" \/>\n<meta name=\"twitter:card\" content=\"summary_large_image\" \/>\n<meta name=\"twitter:creator\" content=\"@elojocojo\" \/>\n<meta name=\"twitter:site\" content=\"@elojocojo\" \/>\n<meta name=\"twitter:label1\" content=\"Escrito por\" \/>\n\t<meta name=\"twitter:data1\" content=\"\" \/>\n\t<meta name=\"twitter:label2\" content=\"Tiempo de lectura\" \/>\n\t<meta name=\"twitter:data2\" content=\"1 minuto\" \/>\n<script type=\"application\/ld+json\" class=\"yoast-schema-graph\">{\"@context\":\"https:\/\/schema.org\",\"@graph\":[{\"@type\":\"Article\",\"@id\":\"https:\/\/elojocojo.org\/engendro\/#article\",\"isPartOf\":{\"@id\":\"https:\/\/elojocojo.org\/engendro\/\"},\"author\":{\"name\":\"\",\"@id\":\"\"},\"headline\":\"Engendro\",\"datePublished\":\"2008-09-05T02:20:32+00:00\",\"dateModified\":\"2025-09-23T08:46:37+00:00\",\"mainEntityOfPage\":{\"@id\":\"https:\/\/elojocojo.org\/engendro\/\"},\"wordCount\":179,\"publisher\":{\"@id\":\"https:\/\/elojocojo.org\/#organization\"},\"image\":{\"@id\":\"https:\/\/elojocojo.org\/engendro\/#primaryimage\"},\"thumbnailUrl\":\"https:\/\/elojocojo.org\/wp-content\/uploads\/2008\/09\/engendro.jpg\",\"keywords\":[\"2006\",\"amor\",\"cine\",\"comunicaci\u00f3n\",\"cultura audiovisual\",\"el Ojo cojo\",\"Espa\u00f1a\",\"Europa\",\"festival de cine\",\"Festival el Ojo cojo\",\"pel\u00edculas\",\"Videoteca\"],\"articleSection\":[\"Cortometraje\",\"Festival 2006\",\"Ficci\u00f3n\"],\"inLanguage\":\"es\"},{\"@type\":\"WebPage\",\"@id\":\"https:\/\/elojocojo.org\/engendro\/\",\"url\":\"https:\/\/elojocojo.org\/engendro\/\",\"name\":\"Engendro - el ojO cojo\",\"isPartOf\":{\"@id\":\"https:\/\/elojocojo.org\/#website\"},\"primaryImageOfPage\":{\"@id\":\"https:\/\/elojocojo.org\/engendro\/#primaryimage\"},\"image\":{\"@id\":\"https:\/\/elojocojo.org\/engendro\/#primaryimage\"},\"thumbnailUrl\":\"https:\/\/elojocojo.org\/wp-content\/uploads\/2008\/09\/engendro.jpg\",\"datePublished\":\"2008-09-05T02:20:32+00:00\",\"dateModified\":\"2025-09-23T08:46:37+00:00\",\"description\":\"Pel\u00edcula Engendro exhibida en la edici\u00f3n 2006 del Festival el ojO cojo. Pa\u00eds de origen, Espa\u00f1a. Dirigido por Luis Cabeza.\",\"breadcrumb\":{\"@id\":\"https:\/\/elojocojo.org\/engendro\/#breadcrumb\"},\"inLanguage\":\"es\",\"potentialAction\":[{\"@type\":\"ReadAction\",\"target\":[\"https:\/\/elojocojo.org\/engendro\/\"]}]},{\"@type\":\"ImageObject\",\"inLanguage\":\"es\",\"@id\":\"https:\/\/elojocojo.org\/engendro\/#primaryimage\",\"url\":\"https:\/\/elojocojo.org\/wp-content\/uploads\/2008\/09\/engendro.jpg\",\"contentUrl\":\"https:\/\/elojocojo.org\/wp-content\/uploads\/2008\/09\/engendro.jpg\",\"width\":182,\"height\":268},{\"@type\":\"BreadcrumbList\",\"@id\":\"https:\/\/elojocojo.org\/engendro\/#breadcrumb\",\"itemListElement\":[{\"@type\":\"ListItem\",\"position\":1,\"name\":\"Portada\",\"item\":\"https:\/\/elojocojo.org\/\"},{\"@type\":\"ListItem\",\"position\":2,\"name\":\"2006\",\"item\":\"https:\/\/elojocojo.org\/tag\/2006\/\"},{\"@type\":\"ListItem\",\"position\":3,\"name\":\"Engendro\"}]},{\"@type\":\"WebSite\",\"@id\":\"https:\/\/elojocojo.org\/#website\",\"url\":\"https:\/\/elojocojo.org\/\",\"name\":\"el ojO cojo\",\"description\":\"Todos estamos hechos de la misma esencia\",\"publisher\":{\"@id\":\"https:\/\/elojocojo.org\/#organization\"},\"potentialAction\":[{\"@type\":\"SearchAction\",\"target\":{\"@type\":\"EntryPoint\",\"urlTemplate\":\"https:\/\/elojocojo.org\/?s={search_term_string}\"},\"query-input\":{\"@type\":\"PropertyValueSpecification\",\"valueRequired\":true,\"valueName\":\"search_term_string\"}}],\"inLanguage\":\"es\"},{\"@type\":\"Organization\",\"@id\":\"https:\/\/elojocojo.org\/#organization\",\"name\":\"Meigas da r\u00faa\",\"url\":\"https:\/\/elojocojo.org\/\",\"logo\":{\"@type\":\"ImageObject\",\"inLanguage\":\"es\",\"@id\":\"https:\/\/elojocojo.org\/#\/schema\/logo\/image\/\",\"url\":\"https:\/\/meigasdarua.org\/wp-content\/uploads\/2020\/09\/cropped-logo-meigas-5.png\",\"contentUrl\":\"https:\/\/meigasdarua.org\/wp-content\/uploads\/2020\/09\/cropped-logo-meigas-5.png\",\"width\":109,\"height\":200,\"caption\":\"Meigas da r\u00faa\"},\"image\":{\"@id\":\"https:\/\/elojocojo.org\/#\/schema\/logo\/image\/\"},\"sameAs\":[\"https:\/\/www.facebook.com\/elojocojo\",\"https:\/\/x.com\/elojocojo\",\"https:\/\/www.instagram.com\/elojocojo\/?hl=es\",\"https:\/\/www.linkedin.com\/in\/el-ojo-cojo-b52b7769\/\",\"https:\/\/www.pinterest.es\/elojocojo\/_saved\/\",\"https:\/\/www.youtube.com\/channel\/UCkFtFTV0Bms7zH7vq8FZxZg\"]},{\"@type\":\"Person\",\"@id\":\"\",\"url\":\"https:\/\/elojocojo.org\/author\/\"}]}<\/script>\n<!-- \/ Yoast SEO plugin. -->","yoast_head_json":{"title":"Engendro - el ojO cojo","description":"Pel\u00edcula Engendro exhibida en la edici\u00f3n 2006 del Festival el ojO cojo. Pa\u00eds de origen, Espa\u00f1a. Dirigido por Luis Cabeza.","robots":{"index":"index","follow":"follow","max-snippet":"max-snippet:-1","max-image-preview":"max-image-preview:large","max-video-preview":"max-video-preview:-1"},"canonical":"https:\/\/elojocojo.org\/engendro\/","og_locale":"es_ES","og_type":"article","og_title":"Engendro - el ojO cojo","og_description":"Pel\u00edcula Engendro exhibida en la edici\u00f3n 2006 del Festival el ojO cojo. Pa\u00eds de origen, Espa\u00f1a. Dirigido por Luis Cabeza.","og_url":"https:\/\/elojocojo.org\/engendro\/","og_site_name":"el ojO cojo","article_publisher":"https:\/\/www.facebook.com\/elojocojo","article_published_time":"2008-09-05T02:20:32+00:00","article_modified_time":"2025-09-23T08:46:37+00:00","og_image":[{"width":182,"height":268,"url":"https:\/\/elojocojo.org\/wp-content\/uploads\/2008\/09\/engendro.jpg","type":"image\/jpeg"}],"twitter_card":"summary_large_image","twitter_creator":"@elojocojo","twitter_site":"@elojocojo","twitter_misc":{"Escrito por":"","Tiempo de lectura":"1 minuto"},"schema":{"@context":"https:\/\/schema.org","@graph":[{"@type":"Article","@id":"https:\/\/elojocojo.org\/engendro\/#article","isPartOf":{"@id":"https:\/\/elojocojo.org\/engendro\/"},"author":{"name":"","@id":""},"headline":"Engendro","datePublished":"2008-09-05T02:20:32+00:00","dateModified":"2025-09-23T08:46:37+00:00","mainEntityOfPage":{"@id":"https:\/\/elojocojo.org\/engendro\/"},"wordCount":179,"publisher":{"@id":"https:\/\/elojocojo.org\/#organization"},"image":{"@id":"https:\/\/elojocojo.org\/engendro\/#primaryimage"},"thumbnailUrl":"https:\/\/elojocojo.org\/wp-content\/uploads\/2008\/09\/engendro.jpg","keywords":["2006","amor","cine","comunicaci\u00f3n","cultura audiovisual","el Ojo cojo","Espa\u00f1a","Europa","festival de cine","Festival el Ojo cojo","pel\u00edculas","Videoteca"],"articleSection":["Cortometraje","Festival 2006","Ficci\u00f3n"],"inLanguage":"es"},{"@type":"WebPage","@id":"https:\/\/elojocojo.org\/engendro\/","url":"https:\/\/elojocojo.org\/engendro\/","name":"Engendro - el ojO cojo","isPartOf":{"@id":"https:\/\/elojocojo.org\/#website"},"primaryImageOfPage":{"@id":"https:\/\/elojocojo.org\/engendro\/#primaryimage"},"image":{"@id":"https:\/\/elojocojo.org\/engendro\/#primaryimage"},"thumbnailUrl":"https:\/\/elojocojo.org\/wp-content\/uploads\/2008\/09\/engendro.jpg","datePublished":"2008-09-05T02:20:32+00:00","dateModified":"2025-09-23T08:46:37+00:00","description":"Pel\u00edcula Engendro exhibida en la edici\u00f3n 2006 del Festival el ojO cojo. Pa\u00eds de origen, Espa\u00f1a. Dirigido por Luis Cabeza.","breadcrumb":{"@id":"https:\/\/elojocojo.org\/engendro\/#breadcrumb"},"inLanguage":"es","potentialAction":[{"@type":"ReadAction","target":["https:\/\/elojocojo.org\/engendro\/"]}]},{"@type":"ImageObject","inLanguage":"es","@id":"https:\/\/elojocojo.org\/engendro\/#primaryimage","url":"https:\/\/elojocojo.org\/wp-content\/uploads\/2008\/09\/engendro.jpg","contentUrl":"https:\/\/elojocojo.org\/wp-content\/uploads\/2008\/09\/engendro.jpg","width":182,"height":268},{"@type":"BreadcrumbList","@id":"https:\/\/elojocojo.org\/engendro\/#breadcrumb","itemListElement":[{"@type":"ListItem","position":1,"name":"Portada","item":"https:\/\/elojocojo.org\/"},{"@type":"ListItem","position":2,"name":"2006","item":"https:\/\/elojocojo.org\/tag\/2006\/"},{"@type":"ListItem","position":3,"name":"Engendro"}]},{"@type":"WebSite","@id":"https:\/\/elojocojo.org\/#website","url":"https:\/\/elojocojo.org\/","name":"el ojO cojo","description":"Todos estamos hechos de la misma esencia","publisher":{"@id":"https:\/\/elojocojo.org\/#organization"},"potentialAction":[{"@type":"SearchAction","target":{"@type":"EntryPoint","urlTemplate":"https:\/\/elojocojo.org\/?s={search_term_string}"},"query-input":{"@type":"PropertyValueSpecification","valueRequired":true,"valueName":"search_term_string"}}],"inLanguage":"es"},{"@type":"Organization","@id":"https:\/\/elojocojo.org\/#organization","name":"Meigas da r\u00faa","url":"https:\/\/elojocojo.org\/","logo":{"@type":"ImageObject","inLanguage":"es","@id":"https:\/\/elojocojo.org\/#\/schema\/logo\/image\/","url":"https:\/\/meigasdarua.org\/wp-content\/uploads\/2020\/09\/cropped-logo-meigas-5.png","contentUrl":"https:\/\/meigasdarua.org\/wp-content\/uploads\/2020\/09\/cropped-logo-meigas-5.png","width":109,"height":200,"caption":"Meigas da r\u00faa"},"image":{"@id":"https:\/\/elojocojo.org\/#\/schema\/logo\/image\/"},"sameAs":["https:\/\/www.facebook.com\/elojocojo","https:\/\/x.com\/elojocojo","https:\/\/www.instagram.com\/elojocojo\/?hl=es","https:\/\/www.linkedin.com\/in\/el-ojo-cojo-b52b7769\/","https:\/\/www.pinterest.es\/elojocojo\/_saved\/","https:\/\/www.youtube.com\/channel\/UCkFtFTV0Bms7zH7vq8FZxZg"]},{"@type":"Person","@id":"","url":"https:\/\/elojocojo.org\/author\/"}]}},"_links":{"self":[{"href":"https:\/\/elojocojo.org\/wp-json\/wp\/v2\/posts\/1100","targetHints":{"allow":["GET"]}}],"collection":[{"href":"https:\/\/elojocojo.org\/wp-json\/wp\/v2\/posts"}],"about":[{"href":"https:\/\/elojocojo.org\/wp-json\/wp\/v2\/types\/post"}],"author":[{"embeddable":true,"href":"https:\/\/elojocojo.org\/wp-json\/wp\/v2\/users\/3"}],"replies":[{"embeddable":true,"href":"https:\/\/elojocojo.org\/wp-json\/wp\/v2\/comments?post=1100"}],"version-history":[{"count":2,"href":"https:\/\/elojocojo.org\/wp-json\/wp\/v2\/posts\/1100\/revisions"}],"predecessor-version":[{"id":57560,"href":"https:\/\/elojocojo.org\/wp-json\/wp\/v2\/posts\/1100\/revisions\/57560"}],"wp:featuredmedia":[{"embeddable":true,"href":"https:\/\/elojocojo.org\/wp-json\/wp\/v2\/media\/26551"}],"wp:attachment":[{"href":"https:\/\/elojocojo.org\/wp-json\/wp\/v2\/media?parent=1100"}],"wp:term":[{"taxonomy":"category","embeddable":true,"href":"https:\/\/elojocojo.org\/wp-json\/wp\/v2\/categories?post=1100"},{"taxonomy":"post_tag","embeddable":true,"href":"https:\/\/elojocojo.org\/wp-json\/wp\/v2\/tags?post=1100"}],"curies":[{"name":"wp","href":"https:\/\/api.w.org\/{rel}","templated":true}]}}