{"id":1089,"date":"2008-12-17T14:52:10","date_gmt":"2008-12-17T21:52:10","guid":{"rendered":"http:\/\/www.elojocojo.org\/blog2\/?p=1089"},"modified":"2025-09-25T17:03:59","modified_gmt":"2025-09-25T15:03:59","slug":"exodo-2320","status":"publish","type":"post","link":"https:\/\/elojocojo.org\/exodo-2320\/","title":{"rendered":"\u00c9xodo-23:20"},"content":{"rendered":"\n<p>T\u00edtulo: \u00c9xodo-23:20<\/p>\n\n\n\n<p>A\u00f1o: 2006<\/p>\n\n\n\n<p>Director: Sergi Gonz\u00e1lez<\/p>\n\n\n\n<p>G\u00e9nero: Ficci\u00f3n<\/p>\n\n\n\n<p>Formato: DVD<\/p>\n\n\n\n<p>Tipo: Blanco y Negro<\/p>\n\n\n\n<p>Idioma: Castellano<\/p>\n\n\n\n<p>Duraci\u00f3n: 16&#8242;<\/p>\n\n\n\n<p>Pa\u00eds: Espa\u00f1a<\/p>\n\n\n\n<h2 class=\"wp-block-heading\"><strong>Sinopsis<\/strong><\/h2>\n\n\n\n<p><br \/>\u201c<em>Ni siquiera recuerdo la primera vez que encontr\u00e9 su mano en mi oscuridad. No recuerdo que d\u00eda era, ni si hac\u00eda fr\u00eda o color. S\u00f3lo la dulzura de sus dedos contra los m\u00edos&#8230;En ocasiones sue\u00f1o que puedo verle&#8230;En ocasiones pienso que realmente no existe&#8230;<\/em>\u201d<\/p>\n\n\n\n<h3 class=\"wp-block-heading\"><strong>\u00c9xodo-23:20 es una cita b\u00edblica y un \u00e1ngel de la guarda<\/strong><\/h3>\n\n\n\n<p>En <em>\u00c9xodo-23:20<\/em>, Sergi Gonz\u00e1lez nos presenta un cortometraje \u00edntimo y po\u00e9tico que, desde el primer instante, envuelve al espectador en una atm\u00f3sfera de melancol\u00eda y esperanza. La voz en off del protagonista, sumida en la oscuridad tanto literal como emocional, evoca una presencia que le acompa\u00f1a, quiz\u00e1s real, quiz\u00e1s imaginaria. <\/p>\n\n\n\n<h3 class=\"wp-block-heading\"><strong>Memoria sensorial y compa\u00f1\u00eda invisible en la oscuridad<\/strong><\/h3>\n\n\n\n<p>Aunque no logra recordar cu\u00e1ndo comenz\u00f3 esa compa\u00f1\u00eda, lo que s\u00ed conserva es la memoria sensorial de una mano c\u00e1lida entrelazada con la suya. As\u00ed, el cortometraje nos conduce a trav\u00e9s de un viaje interno en el que el deseo, la fe y la memoria se entrelazan.<\/p>\n\n\n\n<p>Ahora bien, el t\u00edtulo b\u00edblico elegido no es casual. M\u00e1s bien, sugiere que esa figura protectora \u2014ese \u00ab\u00e1ngel\u00bb invisible\u2014 puede representar la gu\u00eda en medio del dolor, la soledad o la incertidumbre. Por consiguiente, la historia adquiere una dimensi\u00f3n simb\u00f3lica donde la oscuridad no es solo ceguera o p\u00e9rdida, sino tambi\u00e9n una traves\u00eda espiritual. En ocasiones, el protagonista sue\u00f1a con ver a esa figura. En otras, duda de su existencia. Pero, pese a ello, sigue avanzando, sostenido por la esperanza de que ese ser le lleve a un lugar preparado solo para \u00e9l.<\/p>\n\n\n\n<h3 class=\"wp-block-heading\"><strong>\u00c9xodo-23:20: La fe como gu\u00eda en la oscuridad<\/strong><\/h3>\n\n\n\n<p>Asimismo, el cortometraje plantea una elucubraci\u00f3n sobre c\u00f3mo los seres humanos enfrentamos el vac\u00edo. Ya sea mediante la religi\u00f3n, la imaginaci\u00f3n o el amor, buscamos constantemente algo que nos gu\u00ede. En definitiva, <em>\u00c9xodo, 23:20<\/em> no es solo una pieza audiovisual bellamente narrada, sino tambi\u00e9n una met\u00e1fora sobre la fe y la b\u00fasqueda del sentido. Aunque muchas veces no sepamos hacia d\u00f3nde vamos, incluso si lo dudamos todo, siempre habr\u00e1 una presencia \u2014visible o no\u2014 que nos impulse a seguir.<\/p>\n\n\n\n<h3 class=\"wp-block-heading\"><strong>Una traves\u00eda po\u00e9tica hacia el sentido de la vida<\/strong><\/h3>\n\n\n\n<p>El cortometraje <em>\u00c9xodo-23:20<\/em>, toma su t\u00edtulo de un vers\u00edculo b\u00edblico del libro del \u00c9xodo: \u201c<em>He aqu\u00ed que yo env\u00edo un \u00e1ngel delante de ti para que te guarde en el camino y te introduzca en el lugar que he preparado.<\/em>\u201d El vers\u00edculo hace referencia a la gu\u00eda y protecci\u00f3n en el viaje.<\/p>\n\n\n\n<h3 class=\"wp-block-heading\"><strong>Palmar\u00e9s<\/strong><\/h3>\n\n\n\n<p><strong>2006<\/strong><\/p>\n\n\n\n<ul class=\"wp-block-list\">\n<li>Semana del Cine de Medina del Campo: Premio del Jurado Joven al Mejor Cortometraje en Video.<\/li>\n<\/ul>\n\n\n<div class=\"wp-block-image\">\n<figure class=\"aligncenter size-medium is-resized\"><img decoding=\"async\" width=\"400\" height=\"296\" src=\"https:\/\/elojocojo.org\/wp-content\/uploads\/2008\/12\/Exodo-23-20-400x296.jpg\" alt=\"\u00c9xodo-23:20. Cartel del corto. Se ve la imagen de una mujer con gabardina negra, en un fondo blanco y negro.\" class=\"wp-image-68700\" style=\"width:350px;height:auto\" srcset=\"https:\/\/elojocojo.org\/wp-content\/uploads\/2008\/12\/Exodo-23-20-400x296.jpg 400w, https:\/\/elojocojo.org\/wp-content\/uploads\/2008\/12\/Exodo-23-20-486x360.jpg 486w, https:\/\/elojocojo.org\/wp-content\/uploads\/2008\/12\/Exodo-23-20-300x222.jpg 300w, https:\/\/elojocojo.org\/wp-content\/uploads\/2008\/12\/Exodo-23-20-768x569.jpg 768w, https:\/\/elojocojo.org\/wp-content\/uploads\/2008\/12\/Exodo-23-20-150x111.jpg 150w, https:\/\/elojocojo.org\/wp-content\/uploads\/2008\/12\/Exodo-23-20.jpg 1042w\" sizes=\"(max-width: 400px) 100vw, 400px\" \/><\/figure>\n<\/div>\n\n\n<p class=\"p1\">El filme <em>\u00c9xodo-23:20<\/em> particip\u00f3 en la edici\u00f3n <span class=\"s1\"><b>2008<\/b><\/span>&nbsp;del <a href=\"https:\/\/elojocojo.org\/category\/festival-2008\/\"><span class=\"s1\"><b>Festival de cine el ojO cojo<\/b> <\/span><\/a>en ese sentido nos sentimos honrados de haberla exhibido.<\/p>\n\n\n\n<p><a href=\"https:\/\/www.imdb.com\/es-es\/title\/tt4208728\/\" target=\"_blank\" rel=\"noreferrer noopener\">IMDB<\/a><\/p>\n\n\n\n<p class=\"p1\">Visita nuestro <a href=\"https:\/\/el-ojocojo.blogspot.com\/\">blog<\/a><\/p>\n","protected":false},"excerpt":{"rendered":"<p>\u201cNi siquiera recuerdo la primera vez que encontr\u00e9 su mano en mi oscuridad. No recuerdo que d\u00eda era, ni si hac\u00eda fr\u00eda o color. S\u00f3lo la dulzura de sus dedos contra los m\u00edos&#8230;En ocasiones sue\u00f1o que puedo verle&#8230;En ocasiones pienso que realmente no existe&#8230;\u201d Dirigido por Sergi Gonz\u00e1lez.<\/p>\n","protected":false},"author":3,"featured_media":66015,"comment_status":"closed","ping_status":"open","sticky":false,"template":"","format":"standard","meta":{"_monsterinsights_skip_tracking":false,"_monsterinsights_sitenote_active":false,"_monsterinsights_sitenote_note":"","_monsterinsights_sitenote_category":0,"footnotes":""},"categories":[1460,1],"tags":[1905,1468,1000,1603,1893,138,2119,2191,2378,1981,1982,1628,1632,91,123,25],"class_list":{"0":"post-1089","1":"post","2":"type-post","3":"status-publish","4":"format-standard","5":"has-post-thumbnail","7":"category-cortometraje","8":"category-festival-2008","9":"tag-1905","10":"tag-cortometraje","11":"tag-diversidad-funcional","12":"tag-duelo","13":"tag-educar-en-valores","14":"tag-espana","15":"tag-espanol","16":"tag-esperanza","17":"tag-etica","18":"tag-festival-de-cine","19":"tag-festival-el-ojo-cojo","20":"tag-ficcion","21":"tag-imaginacion","22":"tag-mujer","23":"tag-religion","24":"tag-soledad","25":"czr-hentry"},"yoast_head":"<!-- This site is optimized with the Yoast SEO plugin v27.1.1 - https:\/\/yoast.com\/product\/yoast-seo-wordpress\/ -->\n<title>\u00c9xodo-23:20 - el ojO cojo<\/title>\n<meta name=\"description\" content=\"Pel\u00edcula \u00c9xodo, 23:20 exhibida en la edici\u00f3n 2008 del Festival el ojO cojo. Pa\u00eds de origen, Espa\u00f1a. Dirigido por Sergi Gonzalez.\" \/>\n<meta name=\"robots\" content=\"index, follow, max-snippet:-1, max-image-preview:large, max-video-preview:-1\" \/>\n<link rel=\"canonical\" href=\"https:\/\/elojocojo.org\/exodo-2320\/\" \/>\n<meta property=\"og:locale\" content=\"es_ES\" \/>\n<meta property=\"og:type\" content=\"article\" \/>\n<meta property=\"og:title\" content=\"\u00c9xodo-23:20 - el ojO cojo\" \/>\n<meta property=\"og:description\" content=\"Pel\u00edcula \u00c9xodo, 23:20 exhibida en la edici\u00f3n 2008 del Festival el ojO cojo. Pa\u00eds de origen, Espa\u00f1a. Dirigido por Sergi Gonzalez.\" \/>\n<meta property=\"og:url\" content=\"https:\/\/elojocojo.org\/exodo-2320\/\" \/>\n<meta property=\"og:site_name\" content=\"el ojO cojo\" \/>\n<meta property=\"article:publisher\" content=\"https:\/\/www.facebook.com\/elojocojo\" \/>\n<meta property=\"article:published_time\" content=\"2008-12-17T21:52:10+00:00\" \/>\n<meta property=\"article:modified_time\" content=\"2025-09-25T15:03:59+00:00\" \/>\n<meta property=\"og:image\" content=\"https:\/\/elojocojo.org\/wp-content\/uploads\/2008\/12\/Exodo-1-e1748265142635.png\" \/>\n\t<meta property=\"og:image:width\" content=\"1206\" \/>\n\t<meta property=\"og:image:height\" content=\"328\" \/>\n\t<meta property=\"og:image:type\" content=\"image\/png\" \/>\n<meta name=\"twitter:card\" content=\"summary_large_image\" \/>\n<meta name=\"twitter:creator\" content=\"@elojocojo\" \/>\n<meta name=\"twitter:site\" content=\"@elojocojo\" \/>\n<meta name=\"twitter:label1\" content=\"Escrito por\" \/>\n\t<meta name=\"twitter:data1\" content=\"\" \/>\n\t<meta name=\"twitter:label2\" content=\"Tiempo de lectura\" \/>\n\t<meta name=\"twitter:data2\" content=\"3 minutos\" \/>\n<script type=\"application\/ld+json\" class=\"yoast-schema-graph\">{\"@context\":\"https:\/\/schema.org\",\"@graph\":[{\"@type\":\"Article\",\"@id\":\"https:\/\/elojocojo.org\/exodo-2320\/#article\",\"isPartOf\":{\"@id\":\"https:\/\/elojocojo.org\/exodo-2320\/\"},\"author\":{\"name\":\"\",\"@id\":\"\"},\"headline\":\"\u00c9xodo-23:20\",\"datePublished\":\"2008-12-17T21:52:10+00:00\",\"dateModified\":\"2025-09-25T15:03:59+00:00\",\"mainEntityOfPage\":{\"@id\":\"https:\/\/elojocojo.org\/exodo-2320\/\"},\"wordCount\":527,\"publisher\":{\"@id\":\"https:\/\/elojocojo.org\/#organization\"},\"image\":{\"@id\":\"https:\/\/elojocojo.org\/exodo-2320\/#primaryimage\"},\"thumbnailUrl\":\"https:\/\/elojocojo.org\/wp-content\/uploads\/2008\/12\/Exodo-1-e1748265142635.png\",\"keywords\":[\"2008\",\"cortometraje\",\"diversidad funcional\",\"duelo\",\"educar en valores\",\"Espa\u00f1a\",\"espa\u00f1ol\",\"esperanza\",\"\u00e9tica\",\"festival de cine\",\"Festival el Ojo cojo\",\"ficci\u00f3n\",\"imaginaci\u00f3n\",\"mujer\",\"religi\u00f3n\",\"soledad\"],\"articleSection\":[\"Cortometraje\",\"Festival 2008\"],\"inLanguage\":\"es\"},{\"@type\":\"WebPage\",\"@id\":\"https:\/\/elojocojo.org\/exodo-2320\/\",\"url\":\"https:\/\/elojocojo.org\/exodo-2320\/\",\"name\":\"\u00c9xodo-23:20 - el ojO cojo\",\"isPartOf\":{\"@id\":\"https:\/\/elojocojo.org\/#website\"},\"primaryImageOfPage\":{\"@id\":\"https:\/\/elojocojo.org\/exodo-2320\/#primaryimage\"},\"image\":{\"@id\":\"https:\/\/elojocojo.org\/exodo-2320\/#primaryimage\"},\"thumbnailUrl\":\"https:\/\/elojocojo.org\/wp-content\/uploads\/2008\/12\/Exodo-1-e1748265142635.png\",\"datePublished\":\"2008-12-17T21:52:10+00:00\",\"dateModified\":\"2025-09-25T15:03:59+00:00\",\"description\":\"Pel\u00edcula \u00c9xodo, 23:20 exhibida en la edici\u00f3n 2008 del Festival el ojO cojo. Pa\u00eds de origen, Espa\u00f1a. Dirigido por Sergi Gonzalez.\",\"breadcrumb\":{\"@id\":\"https:\/\/elojocojo.org\/exodo-2320\/#breadcrumb\"},\"inLanguage\":\"es\",\"potentialAction\":[{\"@type\":\"ReadAction\",\"target\":[\"https:\/\/elojocojo.org\/exodo-2320\/\"]}]},{\"@type\":\"ImageObject\",\"inLanguage\":\"es\",\"@id\":\"https:\/\/elojocojo.org\/exodo-2320\/#primaryimage\",\"url\":\"https:\/\/elojocojo.org\/wp-content\/uploads\/2008\/12\/Exodo-1-e1748265142635.png\",\"contentUrl\":\"https:\/\/elojocojo.org\/wp-content\/uploads\/2008\/12\/Exodo-1-e1748265142635.png\",\"width\":1206,\"height\":328,\"caption\":\"\u00c9xodo, 23:20. Fotograma del corto. Se ve una mujer dando la espalda al primer plano de la imagen y cruzando un cruce de peatones.\"},{\"@type\":\"BreadcrumbList\",\"@id\":\"https:\/\/elojocojo.org\/exodo-2320\/#breadcrumb\",\"itemListElement\":[{\"@type\":\"ListItem\",\"position\":1,\"name\":\"Portada\",\"item\":\"https:\/\/elojocojo.org\/\"},{\"@type\":\"ListItem\",\"position\":2,\"name\":\"2008\",\"item\":\"https:\/\/elojocojo.org\/tag\/2008\/\"},{\"@type\":\"ListItem\",\"position\":3,\"name\":\"\u00c9xodo-23:20\"}]},{\"@type\":\"WebSite\",\"@id\":\"https:\/\/elojocojo.org\/#website\",\"url\":\"https:\/\/elojocojo.org\/\",\"name\":\"el ojO cojo\",\"description\":\"Todos estamos hechos de la misma esencia\",\"publisher\":{\"@id\":\"https:\/\/elojocojo.org\/#organization\"},\"potentialAction\":[{\"@type\":\"SearchAction\",\"target\":{\"@type\":\"EntryPoint\",\"urlTemplate\":\"https:\/\/elojocojo.org\/?s={search_term_string}\"},\"query-input\":{\"@type\":\"PropertyValueSpecification\",\"valueRequired\":true,\"valueName\":\"search_term_string\"}}],\"inLanguage\":\"es\"},{\"@type\":\"Organization\",\"@id\":\"https:\/\/elojocojo.org\/#organization\",\"name\":\"Meigas da r\u00faa\",\"url\":\"https:\/\/elojocojo.org\/\",\"logo\":{\"@type\":\"ImageObject\",\"inLanguage\":\"es\",\"@id\":\"https:\/\/elojocojo.org\/#\/schema\/logo\/image\/\",\"url\":\"https:\/\/meigasdarua.org\/wp-content\/uploads\/2020\/09\/cropped-logo-meigas-5.png\",\"contentUrl\":\"https:\/\/meigasdarua.org\/wp-content\/uploads\/2020\/09\/cropped-logo-meigas-5.png\",\"width\":109,\"height\":200,\"caption\":\"Meigas da r\u00faa\"},\"image\":{\"@id\":\"https:\/\/elojocojo.org\/#\/schema\/logo\/image\/\"},\"sameAs\":[\"https:\/\/www.facebook.com\/elojocojo\",\"https:\/\/x.com\/elojocojo\",\"https:\/\/www.instagram.com\/elojocojo\/?hl=es\",\"https:\/\/www.linkedin.com\/in\/el-ojo-cojo-b52b7769\/\",\"https:\/\/www.pinterest.es\/elojocojo\/_saved\/\",\"https:\/\/www.youtube.com\/channel\/UCkFtFTV0Bms7zH7vq8FZxZg\"]},{\"@type\":\"Person\",\"@id\":\"\",\"url\":\"https:\/\/elojocojo.org\/author\/\"}]}<\/script>\n<!-- \/ Yoast SEO plugin. -->","yoast_head_json":{"title":"\u00c9xodo-23:20 - el ojO cojo","description":"Pel\u00edcula \u00c9xodo, 23:20 exhibida en la edici\u00f3n 2008 del Festival el ojO cojo. Pa\u00eds de origen, Espa\u00f1a. Dirigido por Sergi Gonzalez.","robots":{"index":"index","follow":"follow","max-snippet":"max-snippet:-1","max-image-preview":"max-image-preview:large","max-video-preview":"max-video-preview:-1"},"canonical":"https:\/\/elojocojo.org\/exodo-2320\/","og_locale":"es_ES","og_type":"article","og_title":"\u00c9xodo-23:20 - el ojO cojo","og_description":"Pel\u00edcula \u00c9xodo, 23:20 exhibida en la edici\u00f3n 2008 del Festival el ojO cojo. Pa\u00eds de origen, Espa\u00f1a. Dirigido por Sergi Gonzalez.","og_url":"https:\/\/elojocojo.org\/exodo-2320\/","og_site_name":"el ojO cojo","article_publisher":"https:\/\/www.facebook.com\/elojocojo","article_published_time":"2008-12-17T21:52:10+00:00","article_modified_time":"2025-09-25T15:03:59+00:00","og_image":[{"width":1206,"height":328,"url":"https:\/\/elojocojo.org\/wp-content\/uploads\/2008\/12\/Exodo-1-e1748265142635.png","type":"image\/png"}],"twitter_card":"summary_large_image","twitter_creator":"@elojocojo","twitter_site":"@elojocojo","twitter_misc":{"Escrito por":"","Tiempo de lectura":"3 minutos"},"schema":{"@context":"https:\/\/schema.org","@graph":[{"@type":"Article","@id":"https:\/\/elojocojo.org\/exodo-2320\/#article","isPartOf":{"@id":"https:\/\/elojocojo.org\/exodo-2320\/"},"author":{"name":"","@id":""},"headline":"\u00c9xodo-23:20","datePublished":"2008-12-17T21:52:10+00:00","dateModified":"2025-09-25T15:03:59+00:00","mainEntityOfPage":{"@id":"https:\/\/elojocojo.org\/exodo-2320\/"},"wordCount":527,"publisher":{"@id":"https:\/\/elojocojo.org\/#organization"},"image":{"@id":"https:\/\/elojocojo.org\/exodo-2320\/#primaryimage"},"thumbnailUrl":"https:\/\/elojocojo.org\/wp-content\/uploads\/2008\/12\/Exodo-1-e1748265142635.png","keywords":["2008","cortometraje","diversidad funcional","duelo","educar en valores","Espa\u00f1a","espa\u00f1ol","esperanza","\u00e9tica","festival de cine","Festival el Ojo cojo","ficci\u00f3n","imaginaci\u00f3n","mujer","religi\u00f3n","soledad"],"articleSection":["Cortometraje","Festival 2008"],"inLanguage":"es"},{"@type":"WebPage","@id":"https:\/\/elojocojo.org\/exodo-2320\/","url":"https:\/\/elojocojo.org\/exodo-2320\/","name":"\u00c9xodo-23:20 - el ojO cojo","isPartOf":{"@id":"https:\/\/elojocojo.org\/#website"},"primaryImageOfPage":{"@id":"https:\/\/elojocojo.org\/exodo-2320\/#primaryimage"},"image":{"@id":"https:\/\/elojocojo.org\/exodo-2320\/#primaryimage"},"thumbnailUrl":"https:\/\/elojocojo.org\/wp-content\/uploads\/2008\/12\/Exodo-1-e1748265142635.png","datePublished":"2008-12-17T21:52:10+00:00","dateModified":"2025-09-25T15:03:59+00:00","description":"Pel\u00edcula \u00c9xodo, 23:20 exhibida en la edici\u00f3n 2008 del Festival el ojO cojo. Pa\u00eds de origen, Espa\u00f1a. Dirigido por Sergi Gonzalez.","breadcrumb":{"@id":"https:\/\/elojocojo.org\/exodo-2320\/#breadcrumb"},"inLanguage":"es","potentialAction":[{"@type":"ReadAction","target":["https:\/\/elojocojo.org\/exodo-2320\/"]}]},{"@type":"ImageObject","inLanguage":"es","@id":"https:\/\/elojocojo.org\/exodo-2320\/#primaryimage","url":"https:\/\/elojocojo.org\/wp-content\/uploads\/2008\/12\/Exodo-1-e1748265142635.png","contentUrl":"https:\/\/elojocojo.org\/wp-content\/uploads\/2008\/12\/Exodo-1-e1748265142635.png","width":1206,"height":328,"caption":"\u00c9xodo, 23:20. Fotograma del corto. Se ve una mujer dando la espalda al primer plano de la imagen y cruzando un cruce de peatones."},{"@type":"BreadcrumbList","@id":"https:\/\/elojocojo.org\/exodo-2320\/#breadcrumb","itemListElement":[{"@type":"ListItem","position":1,"name":"Portada","item":"https:\/\/elojocojo.org\/"},{"@type":"ListItem","position":2,"name":"2008","item":"https:\/\/elojocojo.org\/tag\/2008\/"},{"@type":"ListItem","position":3,"name":"\u00c9xodo-23:20"}]},{"@type":"WebSite","@id":"https:\/\/elojocojo.org\/#website","url":"https:\/\/elojocojo.org\/","name":"el ojO cojo","description":"Todos estamos hechos de la misma esencia","publisher":{"@id":"https:\/\/elojocojo.org\/#organization"},"potentialAction":[{"@type":"SearchAction","target":{"@type":"EntryPoint","urlTemplate":"https:\/\/elojocojo.org\/?s={search_term_string}"},"query-input":{"@type":"PropertyValueSpecification","valueRequired":true,"valueName":"search_term_string"}}],"inLanguage":"es"},{"@type":"Organization","@id":"https:\/\/elojocojo.org\/#organization","name":"Meigas da r\u00faa","url":"https:\/\/elojocojo.org\/","logo":{"@type":"ImageObject","inLanguage":"es","@id":"https:\/\/elojocojo.org\/#\/schema\/logo\/image\/","url":"https:\/\/meigasdarua.org\/wp-content\/uploads\/2020\/09\/cropped-logo-meigas-5.png","contentUrl":"https:\/\/meigasdarua.org\/wp-content\/uploads\/2020\/09\/cropped-logo-meigas-5.png","width":109,"height":200,"caption":"Meigas da r\u00faa"},"image":{"@id":"https:\/\/elojocojo.org\/#\/schema\/logo\/image\/"},"sameAs":["https:\/\/www.facebook.com\/elojocojo","https:\/\/x.com\/elojocojo","https:\/\/www.instagram.com\/elojocojo\/?hl=es","https:\/\/www.linkedin.com\/in\/el-ojo-cojo-b52b7769\/","https:\/\/www.pinterest.es\/elojocojo\/_saved\/","https:\/\/www.youtube.com\/channel\/UCkFtFTV0Bms7zH7vq8FZxZg"]},{"@type":"Person","@id":"","url":"https:\/\/elojocojo.org\/author\/"}]}},"_links":{"self":[{"href":"https:\/\/elojocojo.org\/wp-json\/wp\/v2\/posts\/1089","targetHints":{"allow":["GET"]}}],"collection":[{"href":"https:\/\/elojocojo.org\/wp-json\/wp\/v2\/posts"}],"about":[{"href":"https:\/\/elojocojo.org\/wp-json\/wp\/v2\/types\/post"}],"author":[{"embeddable":true,"href":"https:\/\/elojocojo.org\/wp-json\/wp\/v2\/users\/3"}],"replies":[{"embeddable":true,"href":"https:\/\/elojocojo.org\/wp-json\/wp\/v2\/comments?post=1089"}],"version-history":[{"count":20,"href":"https:\/\/elojocojo.org\/wp-json\/wp\/v2\/posts\/1089\/revisions"}],"predecessor-version":[{"id":68705,"href":"https:\/\/elojocojo.org\/wp-json\/wp\/v2\/posts\/1089\/revisions\/68705"}],"wp:featuredmedia":[{"embeddable":true,"href":"https:\/\/elojocojo.org\/wp-json\/wp\/v2\/media\/66015"}],"wp:attachment":[{"href":"https:\/\/elojocojo.org\/wp-json\/wp\/v2\/media?parent=1089"}],"wp:term":[{"taxonomy":"category","embeddable":true,"href":"https:\/\/elojocojo.org\/wp-json\/wp\/v2\/categories?post=1089"},{"taxonomy":"post_tag","embeddable":true,"href":"https:\/\/elojocojo.org\/wp-json\/wp\/v2\/tags?post=1089"}],"curies":[{"name":"wp","href":"https:\/\/api.w.org\/{rel}","templated":true}]}}