{"id":1065,"date":"2008-09-04T19:04:22","date_gmt":"2008-09-05T02:04:22","guid":{"rendered":"http:\/\/www.elojocojo.org\/blog2\/?p=1065"},"modified":"2025-09-23T10:46:58","modified_gmt":"2025-09-23T08:46:58","slug":"hola","status":"publish","type":"post","link":"https:\/\/elojocojo.org\/hola\/","title":{"rendered":"Hola"},"content":{"rendered":"\n<figure class=\"wp-block-image size-large is-resized\"><img decoding=\"async\" src=\"https:\/\/elojocojo.org\/wp-content\/uploads\/2008\/09\/hola_thumb.jpg\" alt=\"Foto filme Hola\" class=\"wp-image-37133\" width=\"244\" height=\"342\"\/><\/figure>\n\n\n<p><strong>T\u00cdTULO:<\/strong> Hola<br \/><strong>T\u00cdTULO ORIGINAL:<\/strong> Hola<br \/><strong>A\u00d1O: <\/strong>2005<br \/><strong>G\u00c9NERO:<\/strong> Ficci\u00f3n<br \/><strong>DIRECTOR:<\/strong> Ana Ynsaurralde<br \/><strong>INT\u00c9RPRETES:<\/strong> Veronica martinez<\/p>\n<p><strong>FORMATO ORIGINAL:<\/strong> mdv<br \/><strong>TIPO:<\/strong> color<br \/><strong>IDIOMA ORIGINAL:<\/strong> castellano<br \/><strong>SUBT\u00cdTULOS:<\/strong><br \/><strong>DURACI\u00d3N:<\/strong> 61 minutos<br \/><strong>PA\u00cdS:<\/strong> Argentina<br \/><strong>PRODUCCI\u00d3N:<\/strong> Valeria Negretti<br \/><strong>GUI\u00d3N:<\/strong> Ana Ynsaurralde<br \/><strong>DIRECCI\u00d3N DE FOTOGRAF\u00cdA:<\/strong> Diego Tauber<br \/><strong>EDICI\u00d3N\/MONTAJE:<\/strong> Eduardo Dellamea<br \/><strong>SONIDO:<\/strong> Diego Santucho<\/p>\n<p><strong>OPERA PRIMA<\/strong><\/p>\n<p><strong>SINOPSIS:<\/strong><br \/>Andrea, es parte de uno de los grupos mas grande de j\u00f3venes argentinos que, en su d\u00eda a d\u00eda, lo que buscan es dar una sonrisa. De este modo, intentan poder subir nuestra sensaci\u00f3n de confort. Ella Trabaja en el servicio de atenci\u00f3n al p\u00fablico.<\/p>\n\n\n<p>El filme Hola particip\u00f3 en la edici\u00f3n <strong>2010<\/strong> del <a href=\"https:\/\/elojocojo.org\/category\/festival-2010\/\"><strong>Festival de cine el ojO cojo<\/strong> <\/a>en ese sentido nos sentimos honrados de haberla exhibido.<\/p>\n\n\n\n<p>Visita nuestro blog <a href=\"https:\/\/el-ojocojo.blogspot.com\/\">https:\/\/el-ojocojo.blogspot.com\/<\/a><\/p>\n","protected":false},"excerpt":{"rendered":"<p>T\u00cdTULO: HolaT\u00cdTULO ORIGINAL: HolaA\u00d1O: 2005G\u00c9NERO: Ficci\u00f3nDIRECTOR: Ana YnsaurraldeINT\u00c9RPRETES: Veronica martinez FORMATO ORIGINAL: mdvTIPO: colorIDIOMA ORIGINAL: castellanoSUBT\u00cdTULOS:DURACI\u00d3N: 61 minutosPA\u00cdS: ArgentinaPRODUCCI\u00d3N: Valeria NegrettiGUI\u00d3N: Ana YnsaurraldeDIRECCI\u00d3N DE FOTOGRAF\u00cdA: Diego TauberEDICI\u00d3N\/MONTAJE: Eduardo DellameaSONIDO: Diego Santucho OPERA PRIMA SINOPSIS:Andrea, es parte de uno de los grupos mas grande de j\u00f3venes argentinos que, en su d\u00eda a d\u00eda, lo que buscan [&hellip;]<\/p>\n","protected":false},"author":3,"featured_media":37133,"comment_status":"closed","ping_status":"closed","sticky":false,"template":"","format":"standard","meta":{"_monsterinsights_skip_tracking":false,"_monsterinsights_sitenote_active":false,"_monsterinsights_sitenote_note":"","_monsterinsights_sitenote_category":0,"footnotes":""},"categories":[3,30],"tags":[1996,420,1893,1981,1982,91,1231,1057],"class_list":{"0":"post-1065","1":"post","2":"type-post","3":"status-publish","4":"format-standard","5":"has-post-thumbnail","7":"category-festival-2010","8":"category-ficcion","9":"tag-1996","10":"tag-argentina","11":"tag-educar-en-valores","12":"tag-festival-de-cine","13":"tag-festival-el-ojo-cojo","14":"tag-mujer","15":"tag-reduccion-de-las-desigualdades","16":"tag-trabajo-decente-y-crecimiento-economico","17":"czr-hentry"},"yoast_head":"<!-- This site is optimized with the Yoast SEO plugin v27.1.1 - https:\/\/yoast.com\/product\/yoast-seo-wordpress\/ -->\n<title>Hola - el ojO cojo<\/title>\n<meta name=\"description\" content=\"Pel\u00edcula Hola exhibida en la edici\u00f3n 2010 del Festival el ojO cojo. Pa\u00eds de origen, Argentina. Dirigido por Ana Ynsaurralde.\" \/>\n<meta name=\"robots\" content=\"index, follow, max-snippet:-1, max-image-preview:large, max-video-preview:-1\" \/>\n<link rel=\"canonical\" href=\"https:\/\/elojocojo.org\/hola\/\" \/>\n<meta property=\"og:locale\" content=\"es_ES\" \/>\n<meta property=\"og:type\" content=\"article\" \/>\n<meta property=\"og:title\" content=\"Hola - el ojO cojo\" \/>\n<meta property=\"og:description\" content=\"Pel\u00edcula Hola exhibida en la edici\u00f3n 2010 del Festival el ojO cojo. Pa\u00eds de origen, Argentina. Dirigido por Ana Ynsaurralde.\" \/>\n<meta property=\"og:url\" content=\"https:\/\/elojocojo.org\/hola\/\" \/>\n<meta property=\"og:site_name\" content=\"el ojO cojo\" \/>\n<meta property=\"article:publisher\" content=\"https:\/\/www.facebook.com\/elojocojo\" \/>\n<meta property=\"article:published_time\" content=\"2008-09-05T02:04:22+00:00\" \/>\n<meta property=\"article:modified_time\" content=\"2025-09-23T08:46:58+00:00\" \/>\n<meta property=\"og:image\" content=\"https:\/\/elojocojo.org\/wp-content\/uploads\/2008\/09\/hola_thumb.jpg\" \/>\n\t<meta property=\"og:image:width\" content=\"105\" \/>\n\t<meta property=\"og:image:height\" content=\"147\" \/>\n\t<meta property=\"og:image:type\" content=\"image\/jpeg\" \/>\n<meta name=\"twitter:card\" content=\"summary_large_image\" \/>\n<meta name=\"twitter:creator\" content=\"@elojocojo\" \/>\n<meta name=\"twitter:site\" content=\"@elojocojo\" \/>\n<meta name=\"twitter:label1\" content=\"Escrito por\" \/>\n\t<meta name=\"twitter:data1\" content=\"\" \/>\n\t<meta name=\"twitter:label2\" content=\"Tiempo de lectura\" \/>\n\t<meta name=\"twitter:data2\" content=\"1 minuto\" \/>\n<script type=\"application\/ld+json\" class=\"yoast-schema-graph\">{\"@context\":\"https:\/\/schema.org\",\"@graph\":[{\"@type\":\"Article\",\"@id\":\"https:\/\/elojocojo.org\/hola\/#article\",\"isPartOf\":{\"@id\":\"https:\/\/elojocojo.org\/hola\/\"},\"author\":{\"name\":\"\",\"@id\":\"\"},\"headline\":\"Hola\",\"datePublished\":\"2008-09-05T02:04:22+00:00\",\"dateModified\":\"2025-09-23T08:46:58+00:00\",\"mainEntityOfPage\":{\"@id\":\"https:\/\/elojocojo.org\/hola\/\"},\"wordCount\":145,\"publisher\":{\"@id\":\"https:\/\/elojocojo.org\/#organization\"},\"image\":{\"@id\":\"https:\/\/elojocojo.org\/hola\/#primaryimage\"},\"thumbnailUrl\":\"https:\/\/elojocojo.org\/wp-content\/uploads\/2008\/09\/hola_thumb.jpg\",\"keywords\":[\"2010\",\"Argentina\",\"educar en valores\",\"festival de cine\",\"Festival el Ojo cojo\",\"mujer\",\"Reducci\u00f3n de las desigualdades\",\"Trabajo decente y crecimiento econ\u00f3mico\"],\"articleSection\":[\"Festival 2010\",\"Ficci\u00f3n\"],\"inLanguage\":\"es\"},{\"@type\":\"WebPage\",\"@id\":\"https:\/\/elojocojo.org\/hola\/\",\"url\":\"https:\/\/elojocojo.org\/hola\/\",\"name\":\"Hola - el ojO cojo\",\"isPartOf\":{\"@id\":\"https:\/\/elojocojo.org\/#website\"},\"primaryImageOfPage\":{\"@id\":\"https:\/\/elojocojo.org\/hola\/#primaryimage\"},\"image\":{\"@id\":\"https:\/\/elojocojo.org\/hola\/#primaryimage\"},\"thumbnailUrl\":\"https:\/\/elojocojo.org\/wp-content\/uploads\/2008\/09\/hola_thumb.jpg\",\"datePublished\":\"2008-09-05T02:04:22+00:00\",\"dateModified\":\"2025-09-23T08:46:58+00:00\",\"description\":\"Pel\u00edcula Hola exhibida en la edici\u00f3n 2010 del Festival el ojO cojo. Pa\u00eds de origen, Argentina. Dirigido por Ana Ynsaurralde.\",\"breadcrumb\":{\"@id\":\"https:\/\/elojocojo.org\/hola\/#breadcrumb\"},\"inLanguage\":\"es\",\"potentialAction\":[{\"@type\":\"ReadAction\",\"target\":[\"https:\/\/elojocojo.org\/hola\/\"]}]},{\"@type\":\"ImageObject\",\"inLanguage\":\"es\",\"@id\":\"https:\/\/elojocojo.org\/hola\/#primaryimage\",\"url\":\"https:\/\/elojocojo.org\/wp-content\/uploads\/2008\/09\/hola_thumb.jpg\",\"contentUrl\":\"https:\/\/elojocojo.org\/wp-content\/uploads\/2008\/09\/hola_thumb.jpg\",\"width\":105,\"height\":147},{\"@type\":\"BreadcrumbList\",\"@id\":\"https:\/\/elojocojo.org\/hola\/#breadcrumb\",\"itemListElement\":[{\"@type\":\"ListItem\",\"position\":1,\"name\":\"Portada\",\"item\":\"https:\/\/elojocojo.org\/\"},{\"@type\":\"ListItem\",\"position\":2,\"name\":\"2010\",\"item\":\"https:\/\/elojocojo.org\/tag\/2010\/\"},{\"@type\":\"ListItem\",\"position\":3,\"name\":\"Hola\"}]},{\"@type\":\"WebSite\",\"@id\":\"https:\/\/elojocojo.org\/#website\",\"url\":\"https:\/\/elojocojo.org\/\",\"name\":\"el ojO cojo\",\"description\":\"Todos estamos hechos de la misma esencia\",\"publisher\":{\"@id\":\"https:\/\/elojocojo.org\/#organization\"},\"potentialAction\":[{\"@type\":\"SearchAction\",\"target\":{\"@type\":\"EntryPoint\",\"urlTemplate\":\"https:\/\/elojocojo.org\/?s={search_term_string}\"},\"query-input\":{\"@type\":\"PropertyValueSpecification\",\"valueRequired\":true,\"valueName\":\"search_term_string\"}}],\"inLanguage\":\"es\"},{\"@type\":\"Organization\",\"@id\":\"https:\/\/elojocojo.org\/#organization\",\"name\":\"Meigas da r\u00faa\",\"url\":\"https:\/\/elojocojo.org\/\",\"logo\":{\"@type\":\"ImageObject\",\"inLanguage\":\"es\",\"@id\":\"https:\/\/elojocojo.org\/#\/schema\/logo\/image\/\",\"url\":\"https:\/\/meigasdarua.org\/wp-content\/uploads\/2020\/09\/cropped-logo-meigas-5.png\",\"contentUrl\":\"https:\/\/meigasdarua.org\/wp-content\/uploads\/2020\/09\/cropped-logo-meigas-5.png\",\"width\":109,\"height\":200,\"caption\":\"Meigas da r\u00faa\"},\"image\":{\"@id\":\"https:\/\/elojocojo.org\/#\/schema\/logo\/image\/\"},\"sameAs\":[\"https:\/\/www.facebook.com\/elojocojo\",\"https:\/\/x.com\/elojocojo\",\"https:\/\/www.instagram.com\/elojocojo\/?hl=es\",\"https:\/\/www.linkedin.com\/in\/el-ojo-cojo-b52b7769\/\",\"https:\/\/www.pinterest.es\/elojocojo\/_saved\/\",\"https:\/\/www.youtube.com\/channel\/UCkFtFTV0Bms7zH7vq8FZxZg\"]},{\"@type\":\"Person\",\"@id\":\"\",\"url\":\"https:\/\/elojocojo.org\/author\/\"}]}<\/script>\n<!-- \/ Yoast SEO plugin. -->","yoast_head_json":{"title":"Hola - el ojO cojo","description":"Pel\u00edcula Hola exhibida en la edici\u00f3n 2010 del Festival el ojO cojo. Pa\u00eds de origen, Argentina. Dirigido por Ana Ynsaurralde.","robots":{"index":"index","follow":"follow","max-snippet":"max-snippet:-1","max-image-preview":"max-image-preview:large","max-video-preview":"max-video-preview:-1"},"canonical":"https:\/\/elojocojo.org\/hola\/","og_locale":"es_ES","og_type":"article","og_title":"Hola - el ojO cojo","og_description":"Pel\u00edcula Hola exhibida en la edici\u00f3n 2010 del Festival el ojO cojo. Pa\u00eds de origen, Argentina. Dirigido por Ana Ynsaurralde.","og_url":"https:\/\/elojocojo.org\/hola\/","og_site_name":"el ojO cojo","article_publisher":"https:\/\/www.facebook.com\/elojocojo","article_published_time":"2008-09-05T02:04:22+00:00","article_modified_time":"2025-09-23T08:46:58+00:00","og_image":[{"width":105,"height":147,"url":"https:\/\/elojocojo.org\/wp-content\/uploads\/2008\/09\/hola_thumb.jpg","type":"image\/jpeg"}],"twitter_card":"summary_large_image","twitter_creator":"@elojocojo","twitter_site":"@elojocojo","twitter_misc":{"Escrito por":"","Tiempo de lectura":"1 minuto"},"schema":{"@context":"https:\/\/schema.org","@graph":[{"@type":"Article","@id":"https:\/\/elojocojo.org\/hola\/#article","isPartOf":{"@id":"https:\/\/elojocojo.org\/hola\/"},"author":{"name":"","@id":""},"headline":"Hola","datePublished":"2008-09-05T02:04:22+00:00","dateModified":"2025-09-23T08:46:58+00:00","mainEntityOfPage":{"@id":"https:\/\/elojocojo.org\/hola\/"},"wordCount":145,"publisher":{"@id":"https:\/\/elojocojo.org\/#organization"},"image":{"@id":"https:\/\/elojocojo.org\/hola\/#primaryimage"},"thumbnailUrl":"https:\/\/elojocojo.org\/wp-content\/uploads\/2008\/09\/hola_thumb.jpg","keywords":["2010","Argentina","educar en valores","festival de cine","Festival el Ojo cojo","mujer","Reducci\u00f3n de las desigualdades","Trabajo decente y crecimiento econ\u00f3mico"],"articleSection":["Festival 2010","Ficci\u00f3n"],"inLanguage":"es"},{"@type":"WebPage","@id":"https:\/\/elojocojo.org\/hola\/","url":"https:\/\/elojocojo.org\/hola\/","name":"Hola - el ojO cojo","isPartOf":{"@id":"https:\/\/elojocojo.org\/#website"},"primaryImageOfPage":{"@id":"https:\/\/elojocojo.org\/hola\/#primaryimage"},"image":{"@id":"https:\/\/elojocojo.org\/hola\/#primaryimage"},"thumbnailUrl":"https:\/\/elojocojo.org\/wp-content\/uploads\/2008\/09\/hola_thumb.jpg","datePublished":"2008-09-05T02:04:22+00:00","dateModified":"2025-09-23T08:46:58+00:00","description":"Pel\u00edcula Hola exhibida en la edici\u00f3n 2010 del Festival el ojO cojo. Pa\u00eds de origen, Argentina. Dirigido por Ana Ynsaurralde.","breadcrumb":{"@id":"https:\/\/elojocojo.org\/hola\/#breadcrumb"},"inLanguage":"es","potentialAction":[{"@type":"ReadAction","target":["https:\/\/elojocojo.org\/hola\/"]}]},{"@type":"ImageObject","inLanguage":"es","@id":"https:\/\/elojocojo.org\/hola\/#primaryimage","url":"https:\/\/elojocojo.org\/wp-content\/uploads\/2008\/09\/hola_thumb.jpg","contentUrl":"https:\/\/elojocojo.org\/wp-content\/uploads\/2008\/09\/hola_thumb.jpg","width":105,"height":147},{"@type":"BreadcrumbList","@id":"https:\/\/elojocojo.org\/hola\/#breadcrumb","itemListElement":[{"@type":"ListItem","position":1,"name":"Portada","item":"https:\/\/elojocojo.org\/"},{"@type":"ListItem","position":2,"name":"2010","item":"https:\/\/elojocojo.org\/tag\/2010\/"},{"@type":"ListItem","position":3,"name":"Hola"}]},{"@type":"WebSite","@id":"https:\/\/elojocojo.org\/#website","url":"https:\/\/elojocojo.org\/","name":"el ojO cojo","description":"Todos estamos hechos de la misma esencia","publisher":{"@id":"https:\/\/elojocojo.org\/#organization"},"potentialAction":[{"@type":"SearchAction","target":{"@type":"EntryPoint","urlTemplate":"https:\/\/elojocojo.org\/?s={search_term_string}"},"query-input":{"@type":"PropertyValueSpecification","valueRequired":true,"valueName":"search_term_string"}}],"inLanguage":"es"},{"@type":"Organization","@id":"https:\/\/elojocojo.org\/#organization","name":"Meigas da r\u00faa","url":"https:\/\/elojocojo.org\/","logo":{"@type":"ImageObject","inLanguage":"es","@id":"https:\/\/elojocojo.org\/#\/schema\/logo\/image\/","url":"https:\/\/meigasdarua.org\/wp-content\/uploads\/2020\/09\/cropped-logo-meigas-5.png","contentUrl":"https:\/\/meigasdarua.org\/wp-content\/uploads\/2020\/09\/cropped-logo-meigas-5.png","width":109,"height":200,"caption":"Meigas da r\u00faa"},"image":{"@id":"https:\/\/elojocojo.org\/#\/schema\/logo\/image\/"},"sameAs":["https:\/\/www.facebook.com\/elojocojo","https:\/\/x.com\/elojocojo","https:\/\/www.instagram.com\/elojocojo\/?hl=es","https:\/\/www.linkedin.com\/in\/el-ojo-cojo-b52b7769\/","https:\/\/www.pinterest.es\/elojocojo\/_saved\/","https:\/\/www.youtube.com\/channel\/UCkFtFTV0Bms7zH7vq8FZxZg"]},{"@type":"Person","@id":"","url":"https:\/\/elojocojo.org\/author\/"}]}},"_links":{"self":[{"href":"https:\/\/elojocojo.org\/wp-json\/wp\/v2\/posts\/1065","targetHints":{"allow":["GET"]}}],"collection":[{"href":"https:\/\/elojocojo.org\/wp-json\/wp\/v2\/posts"}],"about":[{"href":"https:\/\/elojocojo.org\/wp-json\/wp\/v2\/types\/post"}],"author":[{"embeddable":true,"href":"https:\/\/elojocojo.org\/wp-json\/wp\/v2\/users\/3"}],"replies":[{"embeddable":true,"href":"https:\/\/elojocojo.org\/wp-json\/wp\/v2\/comments?post=1065"}],"version-history":[{"count":2,"href":"https:\/\/elojocojo.org\/wp-json\/wp\/v2\/posts\/1065\/revisions"}],"predecessor-version":[{"id":56984,"href":"https:\/\/elojocojo.org\/wp-json\/wp\/v2\/posts\/1065\/revisions\/56984"}],"wp:featuredmedia":[{"embeddable":true,"href":"https:\/\/elojocojo.org\/wp-json\/wp\/v2\/media\/37133"}],"wp:attachment":[{"href":"https:\/\/elojocojo.org\/wp-json\/wp\/v2\/media?parent=1065"}],"wp:term":[{"taxonomy":"category","embeddable":true,"href":"https:\/\/elojocojo.org\/wp-json\/wp\/v2\/categories?post=1065"},{"taxonomy":"post_tag","embeddable":true,"href":"https:\/\/elojocojo.org\/wp-json\/wp\/v2\/tags?post=1065"}],"curies":[{"name":"wp","href":"https:\/\/api.w.org\/{rel}","templated":true}]}}