{"id":4076,"date":"2024-01-19T08:17:25","date_gmt":"2024-01-19T07:17:25","guid":{"rendered":"https:\/\/corresponsabl.es\/?p=4076"},"modified":"2024-01-29T09:56:12","modified_gmt":"2024-01-29T08:56:12","slug":"presentacio-barcelona","status":"publish","type":"post","link":"https:\/\/corresponsabl.es\/presentacio-barcelona\/","title":{"rendered":"Presentaci\u00f3 del projecte a Barcelona"},"content":{"rendered":"\t\t<div data-elementor-type=\"wp-post\" data-elementor-id=\"4076\" class=\"elementor elementor-4076\" data-elementor-post-type=\"post\">\n\t\t\t\t<div class=\"elementor-element elementor-element-25d0e418 e-flex e-con-boxed e-con e-parent\" data-id=\"25d0e418\" data-element_type=\"container\" data-e-type=\"container\">\n\t\t\t\t\t<div class=\"e-con-inner\">\n\t\t\t\t<div class=\"elementor-element elementor-element-17c16e11 elementor-widget elementor-widget-text-editor\" data-id=\"17c16e11\" data-element_type=\"widget\" data-e-type=\"widget\" id=\"&lt;h2 id=&quot;Masculinidades&quot;&gt;Masculinidades&lt;\/h2&gt;\" data-widget_type=\"text-editor.default\">\n\t\t\t\t<div class=\"elementor-widget-container\">\n\t\t\t\t\t\t\t\t\t<p><\/p>\n<div class=\"wp-block-media-text is-stacked-on-mobile\">\n<figure class=\"wp-block-media-text__media\"><img fetchpriority=\"high\" decoding=\"async\" class=\"alignnone wp-image-4109 size-full alignright\" src=\"https:\/\/corresponsabl.es\/wp-content\/uploads\/2024\/01\/2024.02.02-Presentacio-Barcelona.jpg\" alt=\"\" width=\"756\" height=\"756\" srcset=\"https:\/\/corresponsabl.es\/wp-content\/uploads\/2024\/01\/2024.02.02-Presentacio-Barcelona.jpg 756w, https:\/\/corresponsabl.es\/wp-content\/uploads\/2024\/01\/2024.02.02-Presentacio-Barcelona-300x300.jpg 300w, https:\/\/corresponsabl.es\/wp-content\/uploads\/2024\/01\/2024.02.02-Presentacio-Barcelona-150x150.jpg 150w\" sizes=\"(max-width: 756px) 100vw, 756px\" \/><\/figure>\n<div class=\"wp-block-media-text__content\">\n<p><\/p>\n<p style=\"text-align: right;\">(<i>versi\u00f3n en castellano <a href=\"https:\/\/corresponsabl.es\/presentacio-barcelona\/#castellano\">aqu\u00ed<\/a><\/i>)<\/p>\n<p>Masculinitats Corresponsables es un projecte impulsat per la xarxa <b>MenEngage Ib\u00e8ria<\/b> per a promoure la <b>implicaci\u00f3 i corresponsabilitat dels homes<\/b> a la Just\u00edcia de G\u00e8nere.<\/p>\n<h5 class=\"wp-block-heading\">Dates i adre\u00e7a:<\/h5>\n<p><\/p>\n<p><\/p>\n<p><span style=\"font-style: inherit; font-weight: inherit; text-align: var(--text-align); letter-spacing: 0px; word-spacing: 0em;\">Centre Plural, Av. del Marqu\u00e8s de l&#8217;Argentera, 22, (<a href=\"https:\/\/www.google.com\/maps\/place\/\/data=!4m2!3m1!1s0x12a4bcd3784a0af5:0xbefac19d01de337c?sa=X&amp;ved=2ahUKEwjls7Xh8OiDAxVLUaQEHQHoBc4Q4kB6BAgOEAA\">mapa<\/a>).<\/span><\/p>\n<p>Divendres 2 de febrer, de 17h a 19h.<\/p>\n<p><\/p>\n<p><\/p>\n<h5 class=\"wp-block-heading\">Col\u00b7laboren:\u00a0<\/h5>\n<p><\/p>\n<p><\/p>\n<ul>\n<li>Centre Plural<\/li>\n<li>Ajuntament de Barcelona<\/li>\n<\/ul>\n<p><\/p>\n<\/div>\n<\/div>\n<p><\/p>\t\t\t\t\t\t\t\t<\/div>\n\t\t\t\t<\/div>\n\t\t\t\t<div class=\"elementor-element elementor-element-4a5b8c5 elementor-align-center elementor-widget elementor-widget-button\" data-id=\"4a5b8c5\" data-element_type=\"widget\" data-e-type=\"widget\" data-widget_type=\"button.default\">\n\t\t\t\t<div class=\"elementor-widget-container\">\n\t\t\t\t\t\t\t\t\t<div class=\"elementor-button-wrapper\">\n\t\t\t\t\t<a class=\"elementor-button elementor-button-link elementor-size-sm\" href=\"https:\/\/docs.google.com\/forms\/d\/e\/1FAIpQLSeNN10D2hJIVq1mljwZIvq5x5tiYv87Hja4HWRC93NfGJuV3w\/viewform\">\n\t\t\t\t\t\t<span class=\"elementor-button-content-wrapper\">\n\t\t\t\t\t\t\t\t\t<span class=\"elementor-button-text\">registreu-vos aqu\u00ed<\/span>\n\t\t\t\t\t<\/span>\n\t\t\t\t\t<\/a>\n\t\t\t\t<\/div>\n\t\t\t\t\t\t\t\t<\/div>\n\t\t\t\t<\/div>\n\t\t\t\t\t<\/div>\n\t\t\t\t<\/div>\n\t\t<div class=\"elementor-element elementor-element-907b2e4 e-flex e-con-boxed e-con e-parent\" data-id=\"907b2e4\" data-element_type=\"container\" data-e-type=\"container\">\n\t\t\t\t\t<div class=\"e-con-inner\">\n\t\t<div class=\"elementor-element elementor-element-2e7b861 e-con-full e-flex e-con e-child\" data-id=\"2e7b861\" data-element_type=\"container\" data-e-type=\"container\">\n\t\t\t\t<div class=\"elementor-element elementor-element-04c18fa elementor-widget elementor-widget-text-editor\" data-id=\"04c18fa\" data-element_type=\"widget\" data-e-type=\"widget\" data-widget_type=\"text-editor.default\">\n\t\t\t\t<div class=\"elementor-widget-container\">\n\t\t\t\t\t\t\t\t\t<h5>Segueix l&#8217;acte en streaming:<\/h5>\n<p>L&#8217;acte es pot seguir en l\u00ednia al canal de Youtube de&nbsp;<a href=\"https:\/\/www.youtube.com\/watch?v=pPmIXij86ps\" target=\"_blank\">@MenEngageIberia<\/a>. (Per a la retransmissi\u00f3 online no cal inscriure&#8217;s)<\/p>\t\t\t\t\t\t\t\t<\/div>\n\t\t\t\t<\/div>\n\t\t\t\t<\/div>\n\t\t<div class=\"elementor-element elementor-element-2b78692 e-con-full e-flex e-con e-child\" data-id=\"2b78692\" data-element_type=\"container\" data-e-type=\"container\">\n\t\t\t\t<div class=\"elementor-element elementor-element-c959926 elementor-widget elementor-widget-video\" data-id=\"c959926\" data-element_type=\"widget\" data-e-type=\"widget\" data-settings=\"{&quot;youtube_url&quot;:&quot;https:\\\/\\\/www.youtube.com\\\/watch?v=pPmIXij86ps&quot;,&quot;video_type&quot;:&quot;youtube&quot;,&quot;controls&quot;:&quot;yes&quot;}\" data-widget_type=\"video.default\">\n\t\t\t\t<div class=\"elementor-widget-container\">\n\t\t\t\t\t\t\t<div class=\"elementor-wrapper elementor-open-inline\">\n\t\t\t<div class=\"elementor-video\"><\/div>\t\t<\/div>\n\t\t\t\t\t\t<\/div>\n\t\t\t\t<\/div>\n\t\t\t\t<\/div>\n\t\t\t\t\t<\/div>\n\t\t\t\t<\/div>\n\t\t<div class=\"elementor-element elementor-element-6b56db3 e-flex e-con-boxed e-con e-parent\" data-id=\"6b56db3\" data-element_type=\"container\" data-e-type=\"container\">\n\t\t\t\t\t<div class=\"e-con-inner\">\n\t\t\t\t<div class=\"elementor-element elementor-element-17a746d elementor-widget elementor-widget-text-editor\" data-id=\"17a746d\" data-element_type=\"widget\" data-e-type=\"widget\" data-widget_type=\"text-editor.default\">\n\t\t\t\t<div class=\"elementor-widget-container\">\n\t\t\t\t\t\t\t\t\t<h5><span style=\"font-size: 1.2em; font-weight: bold;\">Programa:<\/span><\/h5>\n<p>\u00a0<\/p>\n<p>17.00h \u2013 17.35h: <b>Sessi\u00f3<\/b><b> Inaugural<\/b><\/p>\n<p style=\"padding-left: 40px;\">Presenta i condueix Miguel L\u00e1zaro (MEI \/ Masculinidades Beta)<\/p>\n<ul>\n<li>Maria Rengel (Direcci\u00f3 de Serveis de Feminismes i LGTBI, Ajuntament de Barcelona)<\/li>\n<li>N\u00faria Verg\u00e9s (Directora General de Cures, Organitzaci\u00f3 del Temps i Equitat en els Treballs, Departament d\u2019Igualtat i Feminismes, Generalitat de Catalunya)<\/li>\n<li>Rebeca Mart\u00edn (Responsable t\u00e8cnica del Plan Corresponsables, Secretar\u00eda de Estado de Igualdad y para la Erradicaci\u00f3n de la Violencia contra las Mujeres, Ministerio de Igualdad)<\/li>\n<\/ul>\n<p>17:35h &#8211; 17:50h: <b>Intervenci\u00f3<\/b><b> Joni Van de <\/b><b>Sand<\/b><b> (<\/b><b>CoDirectora<\/b> <b>MenEngage<\/b><b> Global)<\/b><\/p>\n<p style=\"padding-left: 40px;\">\u00ab<i>La implicaci\u00f3n de los hombres en los cuidados y la corresponsabilidad: el panorama global<\/i>\u201c<\/p>\n<p>17:50h &#8211; 18:30h: <b>Presentaci\u00f3<\/b> <b>Projecte<\/b><b> \u00abMasculinidades Corresponsables\u00bb<\/b><\/p>\n<p style=\"padding-left: 40px;\">Presenta i condueix Heinrich Geldschl\u00e4ger (MEI \/ Conexus)<\/p>\n<ul>\n<li><i>Masculinidades Corresponsables: una visi\u00f3n general del Programa<\/i> &#8211; Bakea Alonso (CEPAIM)<\/li>\n<li><i>Hombres y masculinidades cuidadoras<\/i> &#8211; Paco Abril (Homes Igualitaris- AHIGE Catalu\u00f1a)<\/li>\n<li><i>Informaci\u00f3n y Asesoramiento a Profesionales e Instituciones sobre hombres y masculinidades <\/i>&#8211; Hilario S\u00e1ez (FIS)<\/li>\n<li><i>La formaci\u00f3n en masculinidades para la intervenci\u00f3n con hombres <\/i>&#8211; Oriol Gin\u00e9s (Conexus)<\/li>\n<\/ul>\n<p>18:30- 19:00h: <b>Intervencions<\/b><b> persones convidades i <\/b><b>p\u00fablic<\/b><\/p>\t\t\t\t\t\t\t\t<\/div>\n\t\t\t\t<\/div>\n\t\t\t\t<div class=\"elementor-element elementor-element-543667d elementor-widget elementor-widget-html\" data-id=\"543667d\" data-element_type=\"widget\" data-e-type=\"widget\" data-widget_type=\"html.default\">\n\t\t\t\t<div class=\"elementor-widget-container\">\n\t\t\t\t\t<iframe src=\"https:\/\/docs.google.com\/forms\/d\/e\/1FAIpQLSciE6iSgiUheXHA67wv2mcCcHCrxPVKacQ1UahtW7qVyREjdw\/viewform?embedded=true\"  height=\"4700\" frameborder=\"0\" marginheight=\"0\" marginwidth=\"0\">Cargando\u2026<\/iframe>\t\t\t\t<\/div>\n\t\t\t\t<\/div>\n\t\t\t\t\t<\/div>\n\t\t\t\t<\/div>\n\t\t<div class=\"elementor-element elementor-element-e13f71b e-flex e-con-boxed e-con e-parent\" data-id=\"e13f71b\" data-element_type=\"container\" data-e-type=\"container\" id=\"castellano\">\n\t\t\t\t\t<div class=\"e-con-inner\">\n\t\t\t\t<div class=\"elementor-element elementor-element-1fec902 elementor-widget elementor-widget-text-editor\" data-id=\"1fec902\" data-element_type=\"widget\" data-e-type=\"widget\" data-widget_type=\"text-editor.default\">\n\t\t\t\t<div class=\"elementor-widget-container\">\n\t\t\t\t\t\t\t\t\t<p><\/p>\n<div class=\"wp-block-media-text is-stacked-on-mobile\">\n<figure class=\"wp-block-media-text__media\"><img decoding=\"async\" class=\"alignnone wp-image-4313 size-full\" src=\"https:\/\/corresponsabl.es\/wp-content\/uploads\/2024\/01\/2024.02.02-Presentacion-Barcelona-CAST.jpg\" alt=\"\" width=\"756\" height=\"756\" srcset=\"https:\/\/corresponsabl.es\/wp-content\/uploads\/2024\/01\/2024.02.02-Presentacion-Barcelona-CAST.jpg 756w, https:\/\/corresponsabl.es\/wp-content\/uploads\/2024\/01\/2024.02.02-Presentacion-Barcelona-CAST-300x300.jpg 300w, https:\/\/corresponsabl.es\/wp-content\/uploads\/2024\/01\/2024.02.02-Presentacion-Barcelona-CAST-150x150.jpg 150w\" sizes=\"(max-width: 756px) 100vw, 756px\" \/><\/figure>\n<div class=\"wp-block-media-text__content\">\n<p><\/p>\n<p style=\"text-align: left;\"><span style=\"font-style: inherit; font-weight: inherit; text-align: var(--text-align); letter-spacing: 0px; word-spacing: 0em;\">Masculinidades Corresponsables es un proyecto impulsado por la red <\/span><b style=\"font-style: inherit; text-align: var(--text-align); letter-spacing: 0px; word-spacing: 0em;\">MenEngage Iberia<\/b><span style=\"font-style: inherit; font-weight: inherit; text-align: var(--text-align); letter-spacing: 0px; word-spacing: 0em;\"> para promover la <\/span><b style=\"font-style: inherit; text-align: var(--text-align); letter-spacing: 0px; word-spacing: 0em;\">implicaci\u00f3n y la corresponsabilidad de los hombres <\/b><span style=\"font-style: inherit; font-weight: inherit; text-align: var(--text-align); letter-spacing: 0px; word-spacing: 0em;\">con la Justicia de G\u00e9nero.<\/span><\/p>\n<h5 class=\"wp-block-heading\">Fechas y lugar:<\/h5>\n<p><\/p>\n<p><\/p>\n<div>\ud83d\udcc6 Viernes 2 de febrero<\/div>\n<div>\ud83d\udd61 17h &#8211; 19h<\/div>\n<div>\ud83d\udccd Centro Plural,\u00a0<span style=\"text-align: var(--text-align); letter-spacing: 0px; word-spacing: 0em;\">Av. del Marqu\u00e8s de l&#8217;Argentera, 22, (<\/span><a style=\"text-align: var(--text-align); letter-spacing: 0px; word-spacing: 0em; background-color: #ffffff;\" href=\"https:\/\/www.google.com\/maps\/place\/\/data=!4m2!3m1!1s0x12a4bcd3784a0af5:0xbefac19d01de337c?sa=X&amp;ved=2ahUKEwjls7Xh8OiDAxVLUaQEHQHoBc4Q4kB6BAgOEAA\">mapa<\/a><span style=\"text-align: var(--text-align); letter-spacing: 0px; word-spacing: 0em;\">)<\/span><\/div>\n<p><span style=\"font-size: 16px;\">.<\/span><\/p>\n<p><\/p>\n<p><\/p>\n<h5 class=\"wp-block-heading\">Colaboran:\u00a0<\/h5>\n<p><\/p>\n<p><\/p>\n<ul>\n<li>Centre Plural<\/li>\n<li>Ayuntamiento de Barcelona<\/li>\n<\/ul>\n<p><\/p>\n<\/div>\n<\/div>\n<p><\/p>\t\t\t\t\t\t\t\t<\/div>\n\t\t\t\t<\/div>\n\t\t\t\t<div class=\"elementor-element elementor-element-a24524b elementor-align-center elementor-widget elementor-widget-button\" data-id=\"a24524b\" data-element_type=\"widget\" data-e-type=\"widget\" data-widget_type=\"button.default\">\n\t\t\t\t<div class=\"elementor-widget-container\">\n\t\t\t\t\t\t\t\t\t<div class=\"elementor-button-wrapper\">\n\t\t\t\t\t<a class=\"elementor-button elementor-button-link elementor-size-sm\" href=\"https:\/\/docs.google.com\/forms\/d\/e\/1FAIpQLSeNN10D2hJIVq1mljwZIvq5x5tiYv87Hja4HWRC93NfGJuV3w\/viewform\">\n\t\t\t\t\t\t<span class=\"elementor-button-content-wrapper\">\n\t\t\t\t\t\t\t\t\t<span class=\"elementor-button-text\">reg\u00edstrese aqu\u00ed<\/span>\n\t\t\t\t\t<\/span>\n\t\t\t\t\t<\/a>\n\t\t\t\t<\/div>\n\t\t\t\t\t\t\t\t<\/div>\n\t\t\t\t<\/div>\n\t\t\t\t\t<\/div>\n\t\t\t\t<\/div>\n\t\t<div class=\"elementor-element elementor-element-cb82288 e-flex e-con-boxed e-con e-parent\" data-id=\"cb82288\" data-element_type=\"container\" data-e-type=\"container\">\n\t\t\t\t\t<div class=\"e-con-inner\">\n\t\t<div class=\"elementor-element elementor-element-afb6c11 e-con-full e-flex e-con e-child\" data-id=\"afb6c11\" data-element_type=\"container\" data-e-type=\"container\">\n\t\t\t\t<div class=\"elementor-element elementor-element-2120b9e elementor-widget elementor-widget-text-editor\" data-id=\"2120b9e\" data-element_type=\"widget\" data-e-type=\"widget\" data-widget_type=\"text-editor.default\">\n\t\t\t\t<div class=\"elementor-widget-container\">\n\t\t\t\t\t\t\t\t\t<h5>Siga el acto en streaming:<\/h5>\n<p>\u00a0<\/p>\n<p>El acto se puede seguir online en el canal de Youtube de\u00a0<a href=\"https:\/\/www.youtube.com\/watch?v=pPmIXij86ps\" target=\"_blank\" rel=\"noopener\">@MenEngageIberia<\/a>. (Para la retransmisi\u00f3n online no hace falta inscribirse).<\/p>\t\t\t\t\t\t\t\t<\/div>\n\t\t\t\t<\/div>\n\t\t\t\t<\/div>\n\t\t<div class=\"elementor-element elementor-element-b1a10da e-con-full e-flex e-con e-child\" data-id=\"b1a10da\" data-element_type=\"container\" data-e-type=\"container\">\n\t\t\t\t<div class=\"elementor-element elementor-element-3a365ac elementor-widget elementor-widget-video\" data-id=\"3a365ac\" data-element_type=\"widget\" data-e-type=\"widget\" data-settings=\"{&quot;youtube_url&quot;:&quot;https:\\\/\\\/www.youtube.com\\\/watch?v=pPmIXij86ps&quot;,&quot;video_type&quot;:&quot;youtube&quot;,&quot;controls&quot;:&quot;yes&quot;}\" data-widget_type=\"video.default\">\n\t\t\t\t<div class=\"elementor-widget-container\">\n\t\t\t\t\t\t\t<div class=\"elementor-wrapper elementor-open-inline\">\n\t\t\t<div class=\"elementor-video\"><\/div>\t\t<\/div>\n\t\t\t\t\t\t<\/div>\n\t\t\t\t<\/div>\n\t\t\t\t<\/div>\n\t\t\t\t\t<\/div>\n\t\t\t\t<\/div>\n\t\t<div class=\"elementor-element elementor-element-15024f7 e-flex e-con-boxed e-con e-parent\" data-id=\"15024f7\" data-element_type=\"container\" data-e-type=\"container\">\n\t\t\t\t\t<div class=\"e-con-inner\">\n\t\t\t\t<div class=\"elementor-element elementor-element-16b1b21 elementor-widget elementor-widget-text-editor\" data-id=\"16b1b21\" data-element_type=\"widget\" data-e-type=\"widget\" data-widget_type=\"text-editor.default\">\n\t\t\t\t<div class=\"elementor-widget-container\">\n\t\t\t\t\t\t\t\t\t<h5>Programa:<\/h5>\n<p>\u00a0<\/p>\n<p>17.00h \u2013 17.35h: <b>Sesi\u00f3n<\/b><b> Inaugural<\/b><\/p>\n<p style=\"padding-left: 40px;\">Presenta y conduce Miguel L\u00e1zaro (<a href=\"https:\/\/menengage.org\/\">MenEngage<\/a> \/ <a href=\"https:\/\/masculinidadesbeta.org\/\">Masculinidades Beta<\/a>)<\/p>\n<ul>\n<li>Maria Rengel (Directora de Servicios de Feminismos y LGTBI, Ayuntamiento de Barcelona)<\/li>\n<li>N\u00faria Verg\u00e9s (Directora General de Cuidados, Organizaci\u00f3n del Tiempo y Equidad en los Trabajos, Departamento de Igualdad y Feminismos, Generalitat de Catalunya)<\/li>\n<li>Rebeca Mart\u00edn (Responsable t\u00e9cnica del Plan Corresponsables, Secretar\u00eda de Estado de Igualdad y para la Erradicaci\u00f3n de la Violencia contra las Mujeres, Ministerio de Igualdad)<\/li>\n<\/ul>\n<p>17:35h &#8211; 17:50h: <b>Intervenci\u00f3n de<\/b><b>\u00a0Joni Van de <\/b><b>Sand<\/b><b> (<\/b><b>CoDirectora<\/b> <b>MenEngage<\/b><b> Global)<\/b><\/p>\n<p style=\"padding-left: 40px;\">\u00ab<i>La implicaci\u00f3n de los hombres en los cuidados y la corresponsabilidad: el panorama global<\/i>\u201c<\/p>\n<p>17:50h &#8211; 18:30h: <b>Presentaci\u00f3n del<\/b> Proyecto <b>\u00abMasculinidades Corresponsables\u00bb<\/b><\/p>\n<p style=\"padding-left: 40px;\">Presenta conduce Heinrich Geldschl\u00e4ger (MenEngage Iberia \/ <a href=\"https:\/\/conexus.cat\/\" target=\"_blank\" rel=\"noopener\">Conexus<\/a>)<\/p>\n<ul>\n<li><i>Masculinidades Corresponsables: una visi\u00f3n general del Programa<\/i> &#8211; Bakea Alonso (<a href=\"https:\/\/cepaim.org\/\" target=\"_blank\" rel=\"noopener\">Fundaci\u00f3n CEPAIM<\/a>)<\/li>\n<li><i>Hombres y masculinidades cuidadoras<\/i> &#8211; Paco Abril (<a href=\"https:\/\/www.homesigualitaris.cat\/\" target=\"_blank\" rel=\"noopener\">Homes Igualitaris- AHIGE Catalu\u00f1a<\/a>)<\/li>\n<li><i>Informaci\u00f3n y Asesoramiento a Profesionales e Instituciones sobre hombres y masculinidades <\/i>&#8211; Hilario S\u00e1ez (<a href=\"https:\/\/fundacioniniciativasocial.es\/\" target=\"_blank\" rel=\"noopener\">FIS<\/a>)<\/li>\n<li><i>La formaci\u00f3n en masculinidades para la intervenci\u00f3n con hombres <\/i>&#8211; Oriol Gin\u00e9s (<a href=\"https:\/\/conexus.cat\/\" target=\"_blank\" rel=\"noopener\">Conexus<\/a>)<\/li>\n<\/ul>\n<p>18:30- 19:00h: <b>Intervenciones del p\u00fablico<\/b><\/p>\t\t\t\t\t\t\t\t<\/div>\n\t\t\t\t<\/div>\n\t\t\t\t<div class=\"elementor-element elementor-element-d861b0d elementor-widget elementor-widget-html\" data-id=\"d861b0d\" data-element_type=\"widget\" data-e-type=\"widget\" data-widget_type=\"html.default\">\n\t\t\t\t<div class=\"elementor-widget-container\">\n\t\t\t\t\t<iframe src=\"https:\/\/docs.google.com\/forms\/d\/e\/1FAIpQLSciE6iSgiUheXHA67wv2mcCcHCrxPVKacQ1UahtW7qVyREjdw\/viewform?embedded=true\"  height=\"4700\" frameborder=\"0\" marginheight=\"0\" marginwidth=\"0\">Cargando\u2026<\/iframe>\t\t\t\t<\/div>\n\t\t\t\t<\/div>\n\t\t\t\t\t<\/div>\n\t\t\t\t<\/div>\n\t\t\t\t<\/div>\n\t\t","protected":false},"excerpt":{"rendered":"<p>2 de febrer, 17h a 19h &#8211; Barcelona. Acte de presentaci\u00f3 del projecte Masculinitats Corresponsables al Centre Plural. I per streaming a Youtube <\/p>\n","protected":false},"author":1,"featured_media":4109,"comment_status":"open","ping_status":"closed","sticky":false,"template":"","format":"standard","meta":{"site-sidebar-layout":"default","site-content-layout":"","ast-site-content-layout":"default","site-content-style":"default","site-sidebar-style":"default","ast-global-header-display":"","ast-banner-title-visibility":"","ast-main-header-display":"","ast-hfb-above-header-display":"","ast-hfb-below-header-display":"","ast-hfb-mobile-header-display":"","site-post-title":"","ast-breadcrumbs-content":"","ast-featured-img":"disabled","footer-sml-layout":"","ast-disable-related-posts":"","theme-transparent-header-meta":"","adv-header-id-meta":"","stick-header-meta":"","header-above-stick-meta":"","header-main-stick-meta":"","header-below-stick-meta":"","astra-migrate-meta-layouts":"set","ast-page-background-enabled":"default","ast-page-background-meta":{"desktop":{"background-color":"var(--ast-global-color-4)","background-image":"","background-repeat":"repeat","background-position":"center center","background-size":"auto","background-attachment":"scroll","background-type":"","background-media":"","overlay-type":"","overlay-color":"","overlay-opacity":"","overlay-gradient":""},"tablet":{"background-color":"","background-image":"","background-repeat":"repeat","background-position":"center center","background-size":"auto","background-attachment":"scroll","background-type":"","background-media":"","overlay-type":"","overlay-color":"","overlay-opacity":"","overlay-gradient":""},"mobile":{"background-color":"","background-image":"","background-repeat":"repeat","background-position":"center center","background-size":"auto","background-attachment":"scroll","background-type":"","background-media":"","overlay-type":"","overlay-color":"","overlay-opacity":"","overlay-gradient":""}},"ast-content-background-meta":{"desktop":{"background-color":"var(--ast-global-color-5)","background-image":"","background-repeat":"repeat","background-position":"center center","background-size":"auto","background-attachment":"scroll","background-type":"","background-media":"","overlay-type":"","overlay-color":"","overlay-opacity":"","overlay-gradient":""},"tablet":{"background-color":"var(--ast-global-color-5)","background-image":"","background-repeat":"repeat","background-position":"center center","background-size":"auto","background-attachment":"scroll","background-type":"","background-media":"","overlay-type":"","overlay-color":"","overlay-opacity":"","overlay-gradient":""},"mobile":{"background-color":"var(--ast-global-color-5)","background-image":"","background-repeat":"repeat","background-position":"center center","background-size":"auto","background-attachment":"scroll","background-type":"","background-media":"","overlay-type":"","overlay-color":"","overlay-opacity":"","overlay-gradient":""}},"_joinchat":{"view":"no"},"footnotes":""},"categories":[1],"tags":[],"class_list":["post-4076","post","type-post","status-publish","format-standard","has-post-thumbnail","hentry","category-sin-categoria"],"yoast_head":"<!-- This site is optimized with the Yoast SEO plugin v27.5 - https:\/\/yoast.com\/product\/yoast-seo-wordpress\/ -->\n<title>Presentaci\u00f3 del projecte a Barcelona - Masculinidades Corresponsables<\/title>\n<meta name=\"description\" content=\"2 de febrer, 17h a 19h - Barcelona. Acte de presentaci\u00f3 del projecte Masculinitats Corresponsables al Centre Plural. I per streaming a Youtube\" \/>\n<meta name=\"robots\" content=\"index, follow, max-snippet:-1, max-image-preview:large, max-video-preview:-1\" \/>\n<link rel=\"canonical\" href=\"https:\/\/corresponsabl.es\/presentacio-barcelona\/\" \/>\n<meta property=\"og:locale\" content=\"es_ES\" \/>\n<meta property=\"og:type\" content=\"article\" \/>\n<meta property=\"og:title\" content=\"Presentaci\u00f3 a Barcelona\" \/>\n<meta property=\"og:description\" content=\"2 de febrer, 17h a 19h - Barcelona. Acte de presentaci\u00f3 del projecte Masculinitats Corresponsables al Centre Plural. I per streaming a Youtube\" \/>\n<meta property=\"og:url\" content=\"https:\/\/corresponsabl.es\/presentacio-barcelona\/\" \/>\n<meta property=\"og:site_name\" content=\"Masculinidades Corresponsables\" \/>\n<meta property=\"article:published_time\" content=\"2024-01-19T07:17:25+00:00\" \/>\n<meta property=\"article:modified_time\" content=\"2024-01-29T08:56:12+00:00\" \/>\n<meta property=\"og:image\" content=\"https:\/\/corresponsabl.es\/wp-content\/uploads\/2024\/01\/2024.02.02-Presentacio-Barcelona.jpg\" \/>\n\t<meta property=\"og:image:width\" content=\"756\" \/>\n\t<meta property=\"og:image:height\" content=\"756\" \/>\n\t<meta property=\"og:image:type\" content=\"image\/jpeg\" \/>\n<meta name=\"author\" content=\"corresponsabl.es\" \/>\n<meta name=\"twitter:card\" content=\"summary_large_image\" \/>\n<meta name=\"twitter:label1\" content=\"Escrito por\" \/>\n\t<meta name=\"twitter:data1\" content=\"corresponsabl.es\" \/>\n\t<meta name=\"twitter:label2\" content=\"Tiempo de lectura\" \/>\n\t<meta name=\"twitter:data2\" content=\"3 minutos\" \/>\n<script type=\"application\/ld+json\" class=\"yoast-schema-graph\">{\"@context\":\"https:\\\/\\\/schema.org\",\"@graph\":[{\"@type\":\"Article\",\"@id\":\"https:\\\/\\\/corresponsabl.es\\\/presentacio-barcelona\\\/#article\",\"isPartOf\":{\"@id\":\"https:\\\/\\\/corresponsabl.es\\\/presentacio-barcelona\\\/\"},\"author\":{\"name\":\"corresponsabl.es\",\"@id\":\"https:\\\/\\\/corresponsabl.es\\\/#\\\/schema\\\/person\\\/c1a23c8242092f58b6f70c7b68198689\"},\"headline\":\"Presentaci\u00f3 del projecte a Barcelona\",\"datePublished\":\"2024-01-19T07:17:25+00:00\",\"dateModified\":\"2024-01-29T08:56:12+00:00\",\"mainEntityOfPage\":{\"@id\":\"https:\\\/\\\/corresponsabl.es\\\/presentacio-barcelona\\\/\"},\"wordCount\":572,\"commentCount\":0,\"publisher\":{\"@id\":\"https:\\\/\\\/corresponsabl.es\\\/#organization\"},\"image\":{\"@id\":\"https:\\\/\\\/corresponsabl.es\\\/presentacio-barcelona\\\/#primaryimage\"},\"thumbnailUrl\":\"https:\\\/\\\/corresponsabl.es\\\/wp-content\\\/uploads\\\/2024\\\/01\\\/2024.02.02-Presentacio-Barcelona.jpg\",\"inLanguage\":\"es\",\"potentialAction\":[{\"@type\":\"CommentAction\",\"name\":\"Comment\",\"target\":[\"https:\\\/\\\/corresponsabl.es\\\/presentacio-barcelona\\\/#respond\"]}]},{\"@type\":\"WebPage\",\"@id\":\"https:\\\/\\\/corresponsabl.es\\\/presentacio-barcelona\\\/\",\"url\":\"https:\\\/\\\/corresponsabl.es\\\/presentacio-barcelona\\\/\",\"name\":\"Presentaci\u00f3 del projecte a Barcelona - Masculinidades Corresponsables\",\"isPartOf\":{\"@id\":\"https:\\\/\\\/corresponsabl.es\\\/#website\"},\"primaryImageOfPage\":{\"@id\":\"https:\\\/\\\/corresponsabl.es\\\/presentacio-barcelona\\\/#primaryimage\"},\"image\":{\"@id\":\"https:\\\/\\\/corresponsabl.es\\\/presentacio-barcelona\\\/#primaryimage\"},\"thumbnailUrl\":\"https:\\\/\\\/corresponsabl.es\\\/wp-content\\\/uploads\\\/2024\\\/01\\\/2024.02.02-Presentacio-Barcelona.jpg\",\"datePublished\":\"2024-01-19T07:17:25+00:00\",\"dateModified\":\"2024-01-29T08:56:12+00:00\",\"description\":\"2 de febrer, 17h a 19h - Barcelona. Acte de presentaci\u00f3 del projecte Masculinitats Corresponsables al Centre Plural. I per streaming a Youtube\",\"breadcrumb\":{\"@id\":\"https:\\\/\\\/corresponsabl.es\\\/presentacio-barcelona\\\/#breadcrumb\"},\"inLanguage\":\"es\",\"potentialAction\":[{\"@type\":\"ReadAction\",\"target\":[\"https:\\\/\\\/corresponsabl.es\\\/presentacio-barcelona\\\/\"]}]},{\"@type\":\"ImageObject\",\"inLanguage\":\"es\",\"@id\":\"https:\\\/\\\/corresponsabl.es\\\/presentacio-barcelona\\\/#primaryimage\",\"url\":\"https:\\\/\\\/corresponsabl.es\\\/wp-content\\\/uploads\\\/2024\\\/01\\\/2024.02.02-Presentacio-Barcelona.jpg\",\"contentUrl\":\"https:\\\/\\\/corresponsabl.es\\\/wp-content\\\/uploads\\\/2024\\\/01\\\/2024.02.02-Presentacio-Barcelona.jpg\",\"width\":756,\"height\":756},{\"@type\":\"BreadcrumbList\",\"@id\":\"https:\\\/\\\/corresponsabl.es\\\/presentacio-barcelona\\\/#breadcrumb\",\"itemListElement\":[{\"@type\":\"ListItem\",\"position\":1,\"name\":\"Portada\",\"item\":\"https:\\\/\\\/corresponsabl.es\\\/\"},{\"@type\":\"ListItem\",\"position\":2,\"name\":\"Presentaci\u00f3 del projecte a Barcelona\"}]},{\"@type\":\"WebSite\",\"@id\":\"https:\\\/\\\/corresponsabl.es\\\/#website\",\"url\":\"https:\\\/\\\/corresponsabl.es\\\/\",\"name\":\"Masculinidades Corresponsables\",\"description\":\"Masculinidades Corresponsables\",\"publisher\":{\"@id\":\"https:\\\/\\\/corresponsabl.es\\\/#organization\"},\"potentialAction\":[{\"@type\":\"SearchAction\",\"target\":{\"@type\":\"EntryPoint\",\"urlTemplate\":\"https:\\\/\\\/corresponsabl.es\\\/?s={search_term_string}\"},\"query-input\":{\"@type\":\"PropertyValueSpecification\",\"valueRequired\":true,\"valueName\":\"search_term_string\"}}],\"inLanguage\":\"es\"},{\"@type\":\"Organization\",\"@id\":\"https:\\\/\\\/corresponsabl.es\\\/#organization\",\"name\":\"Masculinidades Corresponsables\",\"url\":\"https:\\\/\\\/corresponsabl.es\\\/\",\"logo\":{\"@type\":\"ImageObject\",\"inLanguage\":\"es\",\"@id\":\"https:\\\/\\\/corresponsabl.es\\\/#\\\/schema\\\/logo\\\/image\\\/\",\"url\":\"https:\\\/\\\/corresponsabl.es\\\/wp-content\\\/uploads\\\/2023\\\/09\\\/cropped-icono-ME-original.png\",\"contentUrl\":\"https:\\\/\\\/corresponsabl.es\\\/wp-content\\\/uploads\\\/2023\\\/09\\\/cropped-icono-ME-original.png\",\"width\":512,\"height\":512,\"caption\":\"Masculinidades Corresponsables\"},\"image\":{\"@id\":\"https:\\\/\\\/corresponsabl.es\\\/#\\\/schema\\\/logo\\\/image\\\/\"}},{\"@type\":\"Person\",\"@id\":\"https:\\\/\\\/corresponsabl.es\\\/#\\\/schema\\\/person\\\/c1a23c8242092f58b6f70c7b68198689\",\"name\":\"corresponsabl.es\",\"image\":{\"@type\":\"ImageObject\",\"inLanguage\":\"es\",\"@id\":\"https:\\\/\\\/secure.gravatar.com\\\/avatar\\\/039a7e0196014a1c37508426b3827db3baf09ba5554bfbb0da2deb2bce350299?s=96&d=mm&r=g\",\"url\":\"https:\\\/\\\/secure.gravatar.com\\\/avatar\\\/039a7e0196014a1c37508426b3827db3baf09ba5554bfbb0da2deb2bce350299?s=96&d=mm&r=g\",\"contentUrl\":\"https:\\\/\\\/secure.gravatar.com\\\/avatar\\\/039a7e0196014a1c37508426b3827db3baf09ba5554bfbb0da2deb2bce350299?s=96&d=mm&r=g\",\"caption\":\"corresponsabl.es\"},\"sameAs\":[\"http:\\\/\\\/corresponsabl.es\"],\"url\":\"https:\\\/\\\/corresponsabl.es\\\/author\\\/wp6479b169a838a\\\/\"}]}<\/script>\n<!-- \/ Yoast SEO plugin. -->","yoast_head_json":{"title":"Presentaci\u00f3 del projecte a Barcelona - Masculinidades Corresponsables","description":"2 de febrer, 17h a 19h - Barcelona. Acte de presentaci\u00f3 del projecte Masculinitats Corresponsables al Centre Plural. I per streaming a Youtube","robots":{"index":"index","follow":"follow","max-snippet":"max-snippet:-1","max-image-preview":"max-image-preview:large","max-video-preview":"max-video-preview:-1"},"canonical":"https:\/\/corresponsabl.es\/presentacio-barcelona\/","og_locale":"es_ES","og_type":"article","og_title":"Presentaci\u00f3 a Barcelona","og_description":"2 de febrer, 17h a 19h - Barcelona. Acte de presentaci\u00f3 del projecte Masculinitats Corresponsables al Centre Plural. I per streaming a Youtube","og_url":"https:\/\/corresponsabl.es\/presentacio-barcelona\/","og_site_name":"Masculinidades Corresponsables","article_published_time":"2024-01-19T07:17:25+00:00","article_modified_time":"2024-01-29T08:56:12+00:00","og_image":[{"width":756,"height":756,"url":"https:\/\/corresponsabl.es\/wp-content\/uploads\/2024\/01\/2024.02.02-Presentacio-Barcelona.jpg","type":"image\/jpeg"}],"author":"corresponsabl.es","twitter_card":"summary_large_image","twitter_misc":{"Escrito por":"corresponsabl.es","Tiempo de lectura":"3 minutos"},"schema":{"@context":"https:\/\/schema.org","@graph":[{"@type":"Article","@id":"https:\/\/corresponsabl.es\/presentacio-barcelona\/#article","isPartOf":{"@id":"https:\/\/corresponsabl.es\/presentacio-barcelona\/"},"author":{"name":"corresponsabl.es","@id":"https:\/\/corresponsabl.es\/#\/schema\/person\/c1a23c8242092f58b6f70c7b68198689"},"headline":"Presentaci\u00f3 del projecte a Barcelona","datePublished":"2024-01-19T07:17:25+00:00","dateModified":"2024-01-29T08:56:12+00:00","mainEntityOfPage":{"@id":"https:\/\/corresponsabl.es\/presentacio-barcelona\/"},"wordCount":572,"commentCount":0,"publisher":{"@id":"https:\/\/corresponsabl.es\/#organization"},"image":{"@id":"https:\/\/corresponsabl.es\/presentacio-barcelona\/#primaryimage"},"thumbnailUrl":"https:\/\/corresponsabl.es\/wp-content\/uploads\/2024\/01\/2024.02.02-Presentacio-Barcelona.jpg","inLanguage":"es","potentialAction":[{"@type":"CommentAction","name":"Comment","target":["https:\/\/corresponsabl.es\/presentacio-barcelona\/#respond"]}]},{"@type":"WebPage","@id":"https:\/\/corresponsabl.es\/presentacio-barcelona\/","url":"https:\/\/corresponsabl.es\/presentacio-barcelona\/","name":"Presentaci\u00f3 del projecte a Barcelona - Masculinidades Corresponsables","isPartOf":{"@id":"https:\/\/corresponsabl.es\/#website"},"primaryImageOfPage":{"@id":"https:\/\/corresponsabl.es\/presentacio-barcelona\/#primaryimage"},"image":{"@id":"https:\/\/corresponsabl.es\/presentacio-barcelona\/#primaryimage"},"thumbnailUrl":"https:\/\/corresponsabl.es\/wp-content\/uploads\/2024\/01\/2024.02.02-Presentacio-Barcelona.jpg","datePublished":"2024-01-19T07:17:25+00:00","dateModified":"2024-01-29T08:56:12+00:00","description":"2 de febrer, 17h a 19h - Barcelona. Acte de presentaci\u00f3 del projecte Masculinitats Corresponsables al Centre Plural. I per streaming a Youtube","breadcrumb":{"@id":"https:\/\/corresponsabl.es\/presentacio-barcelona\/#breadcrumb"},"inLanguage":"es","potentialAction":[{"@type":"ReadAction","target":["https:\/\/corresponsabl.es\/presentacio-barcelona\/"]}]},{"@type":"ImageObject","inLanguage":"es","@id":"https:\/\/corresponsabl.es\/presentacio-barcelona\/#primaryimage","url":"https:\/\/corresponsabl.es\/wp-content\/uploads\/2024\/01\/2024.02.02-Presentacio-Barcelona.jpg","contentUrl":"https:\/\/corresponsabl.es\/wp-content\/uploads\/2024\/01\/2024.02.02-Presentacio-Barcelona.jpg","width":756,"height":756},{"@type":"BreadcrumbList","@id":"https:\/\/corresponsabl.es\/presentacio-barcelona\/#breadcrumb","itemListElement":[{"@type":"ListItem","position":1,"name":"Portada","item":"https:\/\/corresponsabl.es\/"},{"@type":"ListItem","position":2,"name":"Presentaci\u00f3 del projecte a Barcelona"}]},{"@type":"WebSite","@id":"https:\/\/corresponsabl.es\/#website","url":"https:\/\/corresponsabl.es\/","name":"Masculinidades Corresponsables","description":"Masculinidades Corresponsables","publisher":{"@id":"https:\/\/corresponsabl.es\/#organization"},"potentialAction":[{"@type":"SearchAction","target":{"@type":"EntryPoint","urlTemplate":"https:\/\/corresponsabl.es\/?s={search_term_string}"},"query-input":{"@type":"PropertyValueSpecification","valueRequired":true,"valueName":"search_term_string"}}],"inLanguage":"es"},{"@type":"Organization","@id":"https:\/\/corresponsabl.es\/#organization","name":"Masculinidades Corresponsables","url":"https:\/\/corresponsabl.es\/","logo":{"@type":"ImageObject","inLanguage":"es","@id":"https:\/\/corresponsabl.es\/#\/schema\/logo\/image\/","url":"https:\/\/corresponsabl.es\/wp-content\/uploads\/2023\/09\/cropped-icono-ME-original.png","contentUrl":"https:\/\/corresponsabl.es\/wp-content\/uploads\/2023\/09\/cropped-icono-ME-original.png","width":512,"height":512,"caption":"Masculinidades Corresponsables"},"image":{"@id":"https:\/\/corresponsabl.es\/#\/schema\/logo\/image\/"}},{"@type":"Person","@id":"https:\/\/corresponsabl.es\/#\/schema\/person\/c1a23c8242092f58b6f70c7b68198689","name":"corresponsabl.es","image":{"@type":"ImageObject","inLanguage":"es","@id":"https:\/\/secure.gravatar.com\/avatar\/039a7e0196014a1c37508426b3827db3baf09ba5554bfbb0da2deb2bce350299?s=96&d=mm&r=g","url":"https:\/\/secure.gravatar.com\/avatar\/039a7e0196014a1c37508426b3827db3baf09ba5554bfbb0da2deb2bce350299?s=96&d=mm&r=g","contentUrl":"https:\/\/secure.gravatar.com\/avatar\/039a7e0196014a1c37508426b3827db3baf09ba5554bfbb0da2deb2bce350299?s=96&d=mm&r=g","caption":"corresponsabl.es"},"sameAs":["http:\/\/corresponsabl.es"],"url":"https:\/\/corresponsabl.es\/author\/wp6479b169a838a\/"}]}},"_links":{"self":[{"href":"https:\/\/corresponsabl.es\/wp-json\/wp\/v2\/posts\/4076","targetHints":{"allow":["GET"]}}],"collection":[{"href":"https:\/\/corresponsabl.es\/wp-json\/wp\/v2\/posts"}],"about":[{"href":"https:\/\/corresponsabl.es\/wp-json\/wp\/v2\/types\/post"}],"author":[{"embeddable":true,"href":"https:\/\/corresponsabl.es\/wp-json\/wp\/v2\/users\/1"}],"replies":[{"embeddable":true,"href":"https:\/\/corresponsabl.es\/wp-json\/wp\/v2\/comments?post=4076"}],"version-history":[{"count":68,"href":"https:\/\/corresponsabl.es\/wp-json\/wp\/v2\/posts\/4076\/revisions"}],"predecessor-version":[{"id":4332,"href":"https:\/\/corresponsabl.es\/wp-json\/wp\/v2\/posts\/4076\/revisions\/4332"}],"wp:featuredmedia":[{"embeddable":true,"href":"https:\/\/corresponsabl.es\/wp-json\/wp\/v2\/media\/4109"}],"wp:attachment":[{"href":"https:\/\/corresponsabl.es\/wp-json\/wp\/v2\/media?parent=4076"}],"wp:term":[{"taxonomy":"category","embeddable":true,"href":"https:\/\/corresponsabl.es\/wp-json\/wp\/v2\/categories?post=4076"},{"taxonomy":"post_tag","embeddable":true,"href":"https:\/\/corresponsabl.es\/wp-json\/wp\/v2\/tags?post=4076"}],"curies":[{"name":"wp","href":"https:\/\/api.w.org\/{rel}","templated":true}]}}