{"id":6602,"date":"2025-05-05T17:21:50","date_gmt":"2025-05-05T21:21:50","guid":{"rendered":"https:\/\/buildingdecarbonization.ca\/?p=6602"},"modified":"2026-01-23T16:22:39","modified_gmt":"2026-01-23T21:22:39","slug":"mathieu-levesque","status":"publish","type":"post","link":"https:\/\/buildingdecarbonization.ca\/mathieu-levesque\/","title":{"rendered":"Mathieu L\u00e9vesque"},"content":{"rendered":"<div style=\"margin-top: 0px; margin-bottom: 0px;\" class=\"sharethis-inline-share-buttons\" ><\/div><div class=\"wp-block-post-excerpt\"><p class=\"wp-block-post-excerpt__excerpt\">Technologies &amp; Alternatives Lead <\/p><\/div>\n\n\n<p>Mathieu bridges technical expertise and policy strategy, backed by 15 years in both applied decarbonization and clean energy consulting. He has advised governments, utilities, industry groups and property owners on initiatives ranging from building-level projects to sector-wide assessments and strategies across North America. Previously, he was a Managing Consultant at Dunsky Energy + Climate Advisors where he acted as the firm\u2019s heating decarbonization lead, and was an efficiency engineer before that. Mathieu holds a master\u2019s in mechanical engineering from Polytechnique Montr\u00e9al and an MBA from HEC Montr\u00e9al and is a registered Professional Engineer in Qu\u00e9bec.<\/p>\n","protected":false},"excerpt":{"rendered":"<p>Technologies &amp; Alternatives Lead<\/p>\n","protected":false},"author":5,"featured_media":9069,"comment_status":"open","ping_status":"open","sticky":false,"template":"","format":"standard","meta":{"_acf_changed":false,"inline_featured_image":false,"footnotes":""},"categories":[1],"tags":[123],"class_list":["post-6602","post","type-post","status-publish","format-standard","has-post-thumbnail","hentry","category-uncategorized","tag-staff"],"acf":[],"yoast_head":"<!-- This site is optimized with the Yoast SEO plugin v27.4 - https:\/\/yoast.com\/product\/yoast-seo-wordpress\/ -->\n<title>Mathieu L\u00e9vesque | Building Decarbonization Alliance<\/title>\n<meta name=\"robots\" content=\"noindex, follow\" \/>\n<meta property=\"og:locale\" content=\"en_US\" \/>\n<meta property=\"og:type\" content=\"article\" \/>\n<meta property=\"og:title\" content=\"Mathieu L\u00e9vesque | Building Decarbonization Alliance\" \/>\n<meta property=\"og:description\" content=\"Technologies &amp; Alternatives Lead\" \/>\n<meta property=\"og:url\" content=\"https:\/\/buildingdecarbonization.ca\/mathieu-levesque\/\" \/>\n<meta property=\"og:site_name\" content=\"Building Decarbonization Alliance\" \/>\n<meta property=\"article:published_time\" content=\"2025-05-05T21:21:50+00:00\" \/>\n<meta property=\"article:modified_time\" content=\"2026-01-23T21:22:39+00:00\" \/>\n<meta property=\"og:image\" content=\"https:\/\/buildingdecarbonization.ca\/wp-content\/uploads\/2026\/01\/Mathieu-Levesque3_2025-scaled.jpg\" \/>\n\t<meta property=\"og:image:width\" content=\"2560\" \/>\n\t<meta property=\"og:image:height\" content=\"2560\" \/>\n\t<meta property=\"og:image:type\" content=\"image\/jpeg\" \/>\n<meta name=\"author\" content=\"Peter Hemminger\" \/>\n<meta name=\"twitter:card\" content=\"summary_large_image\" \/>\n<meta name=\"twitter:label1\" content=\"Written by\" \/>\n\t<meta name=\"twitter:data1\" content=\"Peter Hemminger\" \/>\n<script type=\"application\/ld+json\" class=\"yoast-schema-graph\">{\"@context\":\"https:\\\/\\\/schema.org\",\"@graph\":[{\"@type\":\"Article\",\"@id\":\"https:\\\/\\\/buildingdecarbonization.ca\\\/mathieu-levesque\\\/#article\",\"isPartOf\":{\"@id\":\"https:\\\/\\\/buildingdecarbonization.ca\\\/mathieu-levesque\\\/\"},\"author\":{\"name\":\"Peter Hemminger\",\"@id\":\"https:\\\/\\\/buildingdecarbonization.ca\\\/#\\\/schema\\\/person\\\/49c62821e0dbf037e5f6aaa1436c1c75\"},\"headline\":\"Mathieu L\u00e9vesque\",\"datePublished\":\"2025-05-05T21:21:50+00:00\",\"dateModified\":\"2026-01-23T21:22:39+00:00\",\"mainEntityOfPage\":{\"@id\":\"https:\\\/\\\/buildingdecarbonization.ca\\\/mathieu-levesque\\\/\"},\"wordCount\":101,\"commentCount\":0,\"publisher\":{\"@id\":\"https:\\\/\\\/buildingdecarbonization.ca\\\/#organization\"},\"image\":{\"@id\":\"https:\\\/\\\/buildingdecarbonization.ca\\\/mathieu-levesque\\\/#primaryimage\"},\"thumbnailUrl\":\"https:\\\/\\\/buildingdecarbonization.ca\\\/wp-content\\\/uploads\\\/2026\\\/01\\\/Mathieu-Levesque3_2025-scaled.jpg\",\"keywords\":[\"STAFF\"],\"inLanguage\":\"en-CA\",\"potentialAction\":[{\"@type\":\"CommentAction\",\"name\":\"Comment\",\"target\":[\"https:\\\/\\\/buildingdecarbonization.ca\\\/mathieu-levesque\\\/#respond\"]}]},{\"@type\":\"WebPage\",\"@id\":\"https:\\\/\\\/buildingdecarbonization.ca\\\/mathieu-levesque\\\/\",\"url\":\"https:\\\/\\\/buildingdecarbonization.ca\\\/mathieu-levesque\\\/\",\"name\":\"Mathieu L\u00e9vesque | Building Decarbonization Alliance\",\"isPartOf\":{\"@id\":\"https:\\\/\\\/buildingdecarbonization.ca\\\/#website\"},\"primaryImageOfPage\":{\"@id\":\"https:\\\/\\\/buildingdecarbonization.ca\\\/mathieu-levesque\\\/#primaryimage\"},\"image\":{\"@id\":\"https:\\\/\\\/buildingdecarbonization.ca\\\/mathieu-levesque\\\/#primaryimage\"},\"thumbnailUrl\":\"https:\\\/\\\/buildingdecarbonization.ca\\\/wp-content\\\/uploads\\\/2026\\\/01\\\/Mathieu-Levesque3_2025-scaled.jpg\",\"datePublished\":\"2025-05-05T21:21:50+00:00\",\"dateModified\":\"2026-01-23T21:22:39+00:00\",\"breadcrumb\":{\"@id\":\"https:\\\/\\\/buildingdecarbonization.ca\\\/mathieu-levesque\\\/#breadcrumb\"},\"inLanguage\":\"en-CA\",\"potentialAction\":[{\"@type\":\"ReadAction\",\"target\":[\"https:\\\/\\\/buildingdecarbonization.ca\\\/mathieu-levesque\\\/\"]}]},{\"@type\":\"ImageObject\",\"inLanguage\":\"en-CA\",\"@id\":\"https:\\\/\\\/buildingdecarbonization.ca\\\/mathieu-levesque\\\/#primaryimage\",\"url\":\"https:\\\/\\\/buildingdecarbonization.ca\\\/wp-content\\\/uploads\\\/2026\\\/01\\\/Mathieu-Levesque3_2025-scaled.jpg\",\"contentUrl\":\"https:\\\/\\\/buildingdecarbonization.ca\\\/wp-content\\\/uploads\\\/2026\\\/01\\\/Mathieu-Levesque3_2025-scaled.jpg\",\"width\":2560,\"height\":2560},{\"@type\":\"BreadcrumbList\",\"@id\":\"https:\\\/\\\/buildingdecarbonization.ca\\\/mathieu-levesque\\\/#breadcrumb\",\"itemListElement\":[{\"@type\":\"ListItem\",\"position\":1,\"name\":\"Home\",\"item\":\"https:\\\/\\\/buildingdecarbonization.ca\\\/\"},{\"@type\":\"ListItem\",\"position\":2,\"name\":\"Mathieu L\u00e9vesque\"}]},{\"@type\":\"WebSite\",\"@id\":\"https:\\\/\\\/buildingdecarbonization.ca\\\/#website\",\"url\":\"https:\\\/\\\/buildingdecarbonization.ca\\\/\",\"name\":\"Building Decarbonization Alliance\",\"description\":\"Canada's Voice for Building Electrification\",\"publisher\":{\"@id\":\"https:\\\/\\\/buildingdecarbonization.ca\\\/#organization\"},\"potentialAction\":[{\"@type\":\"SearchAction\",\"target\":{\"@type\":\"EntryPoint\",\"urlTemplate\":\"https:\\\/\\\/buildingdecarbonization.ca\\\/?s={search_term_string}\"},\"query-input\":{\"@type\":\"PropertyValueSpecification\",\"valueRequired\":true,\"valueName\":\"search_term_string\"}}],\"inLanguage\":\"en-CA\"},{\"@type\":\"Organization\",\"@id\":\"https:\\\/\\\/buildingdecarbonization.ca\\\/#organization\",\"name\":\"Building Decarbonization Alliance\",\"url\":\"https:\\\/\\\/buildingdecarbonization.ca\\\/\",\"logo\":{\"@type\":\"ImageObject\",\"inLanguage\":\"en-CA\",\"@id\":\"https:\\\/\\\/buildingdecarbonization.ca\\\/#\\\/schema\\\/logo\\\/image\\\/\",\"url\":\"https:\\\/\\\/buildingdecarbonization.ca\\\/wp-content\\\/uploads\\\/2025\\\/01\\\/BDA_2025Logo_Transparent.png\",\"contentUrl\":\"https:\\\/\\\/buildingdecarbonization.ca\\\/wp-content\\\/uploads\\\/2025\\\/01\\\/BDA_2025Logo_Transparent.png\",\"width\":2080,\"height\":1091,\"caption\":\"Building Decarbonization Alliance\"},\"image\":{\"@id\":\"https:\\\/\\\/buildingdecarbonization.ca\\\/#\\\/schema\\\/logo\\\/image\\\/\"}},{\"@type\":\"Person\",\"@id\":\"https:\\\/\\\/buildingdecarbonization.ca\\\/#\\\/schema\\\/person\\\/49c62821e0dbf037e5f6aaa1436c1c75\",\"name\":\"Peter Hemminger\",\"image\":{\"@type\":\"ImageObject\",\"inLanguage\":\"en-CA\",\"@id\":\"https:\\\/\\\/secure.gravatar.com\\\/avatar\\\/b4ed2d51895fe4e4d28d1a4ca2a336775580c92231a6d191e957a48b7cd2dde6?s=96&d=mm&r=g\",\"url\":\"https:\\\/\\\/secure.gravatar.com\\\/avatar\\\/b4ed2d51895fe4e4d28d1a4ca2a336775580c92231a6d191e957a48b7cd2dde6?s=96&d=mm&r=g\",\"contentUrl\":\"https:\\\/\\\/secure.gravatar.com\\\/avatar\\\/b4ed2d51895fe4e4d28d1a4ca2a336775580c92231a6d191e957a48b7cd2dde6?s=96&d=mm&r=g\",\"caption\":\"Peter Hemminger\"}}]}<\/script>\n<!-- \/ Yoast SEO plugin. -->","yoast_head_json":{"title":"Mathieu L\u00e9vesque | Building Decarbonization Alliance","robots":{"index":"noindex","follow":"follow"},"og_locale":"en_US","og_type":"article","og_title":"Mathieu L\u00e9vesque | Building Decarbonization Alliance","og_description":"Technologies &amp; Alternatives Lead","og_url":"https:\/\/buildingdecarbonization.ca\/mathieu-levesque\/","og_site_name":"Building Decarbonization Alliance","article_published_time":"2025-05-05T21:21:50+00:00","article_modified_time":"2026-01-23T21:22:39+00:00","og_image":[{"width":2560,"height":2560,"url":"https:\/\/buildingdecarbonization.ca\/wp-content\/uploads\/2026\/01\/Mathieu-Levesque3_2025-scaled.jpg","type":"image\/jpeg"}],"author":"Peter Hemminger","twitter_card":"summary_large_image","twitter_misc":{"Written by":"Peter Hemminger"},"schema":{"@context":"https:\/\/schema.org","@graph":[{"@type":"Article","@id":"https:\/\/buildingdecarbonization.ca\/mathieu-levesque\/#article","isPartOf":{"@id":"https:\/\/buildingdecarbonization.ca\/mathieu-levesque\/"},"author":{"name":"Peter Hemminger","@id":"https:\/\/buildingdecarbonization.ca\/#\/schema\/person\/49c62821e0dbf037e5f6aaa1436c1c75"},"headline":"Mathieu L\u00e9vesque","datePublished":"2025-05-05T21:21:50+00:00","dateModified":"2026-01-23T21:22:39+00:00","mainEntityOfPage":{"@id":"https:\/\/buildingdecarbonization.ca\/mathieu-levesque\/"},"wordCount":101,"commentCount":0,"publisher":{"@id":"https:\/\/buildingdecarbonization.ca\/#organization"},"image":{"@id":"https:\/\/buildingdecarbonization.ca\/mathieu-levesque\/#primaryimage"},"thumbnailUrl":"https:\/\/buildingdecarbonization.ca\/wp-content\/uploads\/2026\/01\/Mathieu-Levesque3_2025-scaled.jpg","keywords":["STAFF"],"inLanguage":"en-CA","potentialAction":[{"@type":"CommentAction","name":"Comment","target":["https:\/\/buildingdecarbonization.ca\/mathieu-levesque\/#respond"]}]},{"@type":"WebPage","@id":"https:\/\/buildingdecarbonization.ca\/mathieu-levesque\/","url":"https:\/\/buildingdecarbonization.ca\/mathieu-levesque\/","name":"Mathieu L\u00e9vesque | Building Decarbonization Alliance","isPartOf":{"@id":"https:\/\/buildingdecarbonization.ca\/#website"},"primaryImageOfPage":{"@id":"https:\/\/buildingdecarbonization.ca\/mathieu-levesque\/#primaryimage"},"image":{"@id":"https:\/\/buildingdecarbonization.ca\/mathieu-levesque\/#primaryimage"},"thumbnailUrl":"https:\/\/buildingdecarbonization.ca\/wp-content\/uploads\/2026\/01\/Mathieu-Levesque3_2025-scaled.jpg","datePublished":"2025-05-05T21:21:50+00:00","dateModified":"2026-01-23T21:22:39+00:00","breadcrumb":{"@id":"https:\/\/buildingdecarbonization.ca\/mathieu-levesque\/#breadcrumb"},"inLanguage":"en-CA","potentialAction":[{"@type":"ReadAction","target":["https:\/\/buildingdecarbonization.ca\/mathieu-levesque\/"]}]},{"@type":"ImageObject","inLanguage":"en-CA","@id":"https:\/\/buildingdecarbonization.ca\/mathieu-levesque\/#primaryimage","url":"https:\/\/buildingdecarbonization.ca\/wp-content\/uploads\/2026\/01\/Mathieu-Levesque3_2025-scaled.jpg","contentUrl":"https:\/\/buildingdecarbonization.ca\/wp-content\/uploads\/2026\/01\/Mathieu-Levesque3_2025-scaled.jpg","width":2560,"height":2560},{"@type":"BreadcrumbList","@id":"https:\/\/buildingdecarbonization.ca\/mathieu-levesque\/#breadcrumb","itemListElement":[{"@type":"ListItem","position":1,"name":"Home","item":"https:\/\/buildingdecarbonization.ca\/"},{"@type":"ListItem","position":2,"name":"Mathieu L\u00e9vesque"}]},{"@type":"WebSite","@id":"https:\/\/buildingdecarbonization.ca\/#website","url":"https:\/\/buildingdecarbonization.ca\/","name":"Building Decarbonization Alliance","description":"Canada's Voice for Building Electrification","publisher":{"@id":"https:\/\/buildingdecarbonization.ca\/#organization"},"potentialAction":[{"@type":"SearchAction","target":{"@type":"EntryPoint","urlTemplate":"https:\/\/buildingdecarbonization.ca\/?s={search_term_string}"},"query-input":{"@type":"PropertyValueSpecification","valueRequired":true,"valueName":"search_term_string"}}],"inLanguage":"en-CA"},{"@type":"Organization","@id":"https:\/\/buildingdecarbonization.ca\/#organization","name":"Building Decarbonization Alliance","url":"https:\/\/buildingdecarbonization.ca\/","logo":{"@type":"ImageObject","inLanguage":"en-CA","@id":"https:\/\/buildingdecarbonization.ca\/#\/schema\/logo\/image\/","url":"https:\/\/buildingdecarbonization.ca\/wp-content\/uploads\/2025\/01\/BDA_2025Logo_Transparent.png","contentUrl":"https:\/\/buildingdecarbonization.ca\/wp-content\/uploads\/2025\/01\/BDA_2025Logo_Transparent.png","width":2080,"height":1091,"caption":"Building Decarbonization Alliance"},"image":{"@id":"https:\/\/buildingdecarbonization.ca\/#\/schema\/logo\/image\/"}},{"@type":"Person","@id":"https:\/\/buildingdecarbonization.ca\/#\/schema\/person\/49c62821e0dbf037e5f6aaa1436c1c75","name":"Peter Hemminger","image":{"@type":"ImageObject","inLanguage":"en-CA","@id":"https:\/\/secure.gravatar.com\/avatar\/b4ed2d51895fe4e4d28d1a4ca2a336775580c92231a6d191e957a48b7cd2dde6?s=96&d=mm&r=g","url":"https:\/\/secure.gravatar.com\/avatar\/b4ed2d51895fe4e4d28d1a4ca2a336775580c92231a6d191e957a48b7cd2dde6?s=96&d=mm&r=g","contentUrl":"https:\/\/secure.gravatar.com\/avatar\/b4ed2d51895fe4e4d28d1a4ca2a336775580c92231a6d191e957a48b7cd2dde6?s=96&d=mm&r=g","caption":"Peter Hemminger"}}]}},"lang":"en","translations":{"en":6602,"fr":6606},"pll_sync_post":[],"_links":{"self":[{"href":"https:\/\/buildingdecarbonization.ca\/wp-json\/wp\/v2\/posts\/6602","targetHints":{"allow":["GET"]}}],"collection":[{"href":"https:\/\/buildingdecarbonization.ca\/wp-json\/wp\/v2\/posts"}],"about":[{"href":"https:\/\/buildingdecarbonization.ca\/wp-json\/wp\/v2\/types\/post"}],"author":[{"embeddable":true,"href":"https:\/\/buildingdecarbonization.ca\/wp-json\/wp\/v2\/users\/5"}],"replies":[{"embeddable":true,"href":"https:\/\/buildingdecarbonization.ca\/wp-json\/wp\/v2\/comments?post=6602"}],"version-history":[{"count":1,"href":"https:\/\/buildingdecarbonization.ca\/wp-json\/wp\/v2\/posts\/6602\/revisions"}],"predecessor-version":[{"id":6603,"href":"https:\/\/buildingdecarbonization.ca\/wp-json\/wp\/v2\/posts\/6602\/revisions\/6603"}],"wp:featuredmedia":[{"embeddable":true,"href":"https:\/\/buildingdecarbonization.ca\/wp-json\/wp\/v2\/media\/9069"}],"wp:attachment":[{"href":"https:\/\/buildingdecarbonization.ca\/wp-json\/wp\/v2\/media?parent=6602"}],"wp:term":[{"taxonomy":"category","embeddable":true,"href":"https:\/\/buildingdecarbonization.ca\/wp-json\/wp\/v2\/categories?post=6602"},{"taxonomy":"post_tag","embeddable":true,"href":"https:\/\/buildingdecarbonization.ca\/wp-json\/wp\/v2\/tags?post=6602"}],"curies":[{"name":"wp","href":"https:\/\/api.w.org\/{rel}","templated":true}]}}