{"id":27372,"date":"2026-03-25T12:17:37","date_gmt":"2026-03-25T11:17:37","guid":{"rendered":"https:\/\/agv-bs.de\/?p=27372"},"modified":"2026-04-22T09:35:32","modified_gmt":"2026-04-22T07:35:32","slug":"https-events-agv-bs-de","status":"publish","type":"post","link":"https:\/\/agv-bs.de\/https-events-agv-bs-de\/","title":{"rendered":"Mehr \u00dcberblick, weniger Klicks: Unsere neue Veranstaltungs-Page!"},"content":{"rendered":"\t\t<div data-elementor-type=\"wp-post\" data-elementor-id=\"27372\" class=\"elementor elementor-27372\" data-elementor-post-type=\"post\">\n\t\t\t\t\t\t<section class=\"elementor-section elementor-top-section elementor-element elementor-element-46f367a elementor-section-boxed elementor-section-height-default elementor-section-height-default\" data-id=\"46f367a\" data-element_type=\"section\" data-e-type=\"section\">\n\t\t\t\t\t\t<div class=\"elementor-container elementor-column-gap-default\">\n\t\t\t\t\t<div class=\"elementor-column elementor-col-100 elementor-top-column elementor-element elementor-element-126ad14\" data-id=\"126ad14\" data-element_type=\"column\" data-e-type=\"column\">\n\t\t\t<div class=\"elementor-widget-wrap elementor-element-populated\">\n\t\t\t\t\t\t<div class=\"elementor-element elementor-element-c6b49c2 elementor-widget elementor-widget-text-editor\" data-id=\"c6b49c2\" data-element_type=\"widget\" data-e-type=\"widget\" data-widget_type=\"text-editor.default\">\n\t\t\t\t<div class=\"elementor-widget-container\">\n\t\t\t\t\t\t\t\t\t<p><strong>Unsere Seminar- und Eventseite erstrahlt in neuem Look und ist ab sofort unter einer neuen Adresse erreichbar.<\/strong><\/p>\t\t\t\t\t\t\t\t<\/div>\n\t\t\t\t<\/div>\n\t\t\t\t\t<\/div>\n\t\t<\/div>\n\t\t\t\t\t<\/div>\n\t\t<\/section>\n\t\t\t\t<section class=\"elementor-section elementor-top-section elementor-element elementor-element-a765777 elementor-section-boxed elementor-section-height-default elementor-section-height-default\" data-id=\"a765777\" data-element_type=\"section\" data-e-type=\"section\">\n\t\t\t\t\t\t<div class=\"elementor-container elementor-column-gap-default\">\n\t\t\t\t\t<div class=\"elementor-column elementor-col-100 elementor-top-column elementor-element elementor-element-f06d85e\" data-id=\"f06d85e\" data-element_type=\"column\" data-e-type=\"column\">\n\t\t\t<div class=\"elementor-widget-wrap elementor-element-populated\">\n\t\t\t\t\t\t<div class=\"elementor-element elementor-element-73c0f3a elementor-widget elementor-widget-button\" data-id=\"73c0f3a\" data-element_type=\"widget\" data-e-type=\"widget\" data-widget_type=\"button.default\">\n\t\t\t\t<div class=\"elementor-widget-container\">\n\t\t\t\t\t\t\t\t\t<div class=\"elementor-button-wrapper\">\n\t\t\t\t\t<a class=\"elementor-button elementor-button-link elementor-size-sm\" href=\"https:\/\/events.agv-bs.de\/\">\n\t\t\t\t\t\t<span class=\"elementor-button-content-wrapper\">\n\t\t\t\t\t\t\t\t\t<span class=\"elementor-button-text\">events.aGV-bs.de<\/span>\n\t\t\t\t\t<\/span>\n\t\t\t\t\t<\/a>\n\t\t\t\t<\/div>\n\t\t\t\t\t\t\t\t<\/div>\n\t\t\t\t<\/div>\n\t\t\t\t\t<\/div>\n\t\t<\/div>\n\t\t\t\t\t<\/div>\n\t\t<\/section>\n\t\t\t\t<section class=\"elementor-section elementor-top-section elementor-element elementor-element-11d2a1a elementor-section-boxed elementor-section-height-default elementor-section-height-default\" data-id=\"11d2a1a\" data-element_type=\"section\" data-e-type=\"section\">\n\t\t\t\t\t\t<div class=\"elementor-container elementor-column-gap-default\">\n\t\t\t\t\t<div class=\"elementor-column elementor-col-100 elementor-top-column elementor-element elementor-element-0e0e3d6\" data-id=\"0e0e3d6\" data-element_type=\"column\" data-e-type=\"column\">\n\t\t\t<div class=\"elementor-widget-wrap elementor-element-populated\">\n\t\t\t\t\t\t<div class=\"elementor-element elementor-element-43450a0 elementor-widget elementor-widget-text-editor\" data-id=\"43450a0\" data-element_type=\"widget\" data-e-type=\"widget\" data-widget_type=\"text-editor.default\">\n\t\t\t\t<div class=\"elementor-widget-container\">\n\t\t\t\t\t\t\t\t\t<p>\u00a0<\/p><p>Mit dem Facelift m\u00f6chten wir einen noch besseren \u00dcberblick \u00fcber unser Veranstaltungsangebot bieten und die Orientierung\u00a0 erleichtern. Auch den Anmeldeprozess haben wir \u00fcberarbeitet, sodass die Registrierung bzw. eine Buchung f\u00fcr Sie m\u00f6glichst schnell und unkompliziert erfolgen kann.<\/p><p>Hinweise und zus\u00e4tzliche Informationen zu unseren Veranstaltungen mit Anmeldem\u00f6glichkeit, erhalten Sie selbstverst\u00e4ndlich weiterhin auch \u00fcber unsere AGV-Mailverteiler, sofern Sie registriert sind.\u00a0<\/p>\t\t\t\t\t\t\t\t<\/div>\n\t\t\t\t<\/div>\n\t\t\t\t\t<\/div>\n\t\t<\/div>\n\t\t\t\t\t<\/div>\n\t\t<\/section>\n\t\t\t\t<\/div>\n\t\t","protected":false},"excerpt":{"rendered":"<p>Unsere Seminar- und Eventseite erstrahlt in neuem Look und ist ab sofort unter einer neuen Adresse erreichbar. events.aGV-bs.de Mit dem Facelift m\u00f6chten wir einen noch besseren \u00dcberblick \u00fcber unser Veranstaltungsangebot bieten und die Orientierung\u00a0 erleichtern. Auch den Anmeldeprozess haben wir \u00fcberarbeitet, sodass die Registrierung bzw. eine Buchung f\u00fcr Sie m\u00f6glichst schnell und unkompliziert erfolgen kann.&hellip;<\/p>\n","protected":false},"author":610,"featured_media":27373,"comment_status":"closed","ping_status":"open","sticky":false,"template":"","format":"standard","meta":{"footnotes":""},"categories":[1,55],"tags":[],"class_list":["post-27372","post","type-post","status-publish","format-standard","has-post-thumbnail","hentry","category-allgemein","category-home-news"],"yoast_head":"<!-- This site is optimized with the Yoast SEO plugin v27.4 - https:\/\/yoast.com\/product\/yoast-seo-wordpress\/ -->\n<title>Mehr \u00dcberblick, weniger Klicks: Unsere neue Veranstaltungs-Page! - AGV BS<\/title>\n<meta name=\"robots\" content=\"index, follow, max-snippet:-1, max-image-preview:large, max-video-preview:-1\" \/>\n<link rel=\"canonical\" href=\"https:\/\/agv-bs.de\/https-events-agv-bs-de\/\" \/>\n<meta property=\"og:locale\" content=\"de_DE\" \/>\n<meta property=\"og:type\" content=\"article\" \/>\n<meta property=\"og:title\" content=\"Mehr \u00dcberblick, weniger Klicks: Unsere neue Veranstaltungs-Page! - AGV BS\" \/>\n<meta property=\"og:description\" content=\"Unsere Seminar- und Eventseite erstrahlt in neuem Look und ist ab sofort unter einer neuen Adresse erreichbar. events.aGV-bs.de Mit dem Facelift m\u00f6chten wir einen noch besseren \u00dcberblick \u00fcber unser Veranstaltungsangebot bieten und die Orientierung\u00a0 erleichtern. Auch den Anmeldeprozess haben wir \u00fcberarbeitet, sodass die Registrierung bzw. eine Buchung f\u00fcr Sie m\u00f6glichst schnell und unkompliziert erfolgen kann.&hellip;\" \/>\n<meta property=\"og:url\" content=\"https:\/\/agv-bs.de\/https-events-agv-bs-de\/\" \/>\n<meta property=\"og:site_name\" content=\"AGV BS\" \/>\n<meta property=\"article:publisher\" content=\"https:\/\/de-de.facebook.com\/ArbeitgeberverbandBS\/\" \/>\n<meta property=\"article:published_time\" content=\"2026-03-25T11:17:37+00:00\" \/>\n<meta property=\"article:modified_time\" content=\"2026-04-22T07:35:32+00:00\" \/>\n<meta property=\"og:image\" content=\"https:\/\/agv-bs.de\/wp-content\/uploads\/Slider_Seminare.png\" \/>\n\t<meta property=\"og:image:width\" content=\"600\" \/>\n\t<meta property=\"og:image:height\" content=\"500\" \/>\n\t<meta property=\"og:image:type\" content=\"image\/png\" \/>\n<meta name=\"author\" content=\"Volker Franck\" \/>\n<meta name=\"twitter:card\" content=\"summary_large_image\" \/>\n<meta name=\"twitter:label1\" content=\"Verfasst von\" \/>\n\t<meta name=\"twitter:data1\" content=\"Volker Franck\" \/>\n\t<meta name=\"twitter:label2\" content=\"Gesch\u00e4tzte Lesezeit\" \/>\n\t<meta name=\"twitter:data2\" content=\"1\u00a0Minute\" \/>\n<script type=\"application\/ld+json\" class=\"yoast-schema-graph\">{\"@context\":\"https:\\\/\\\/schema.org\",\"@graph\":[{\"@type\":\"Article\",\"@id\":\"https:\\\/\\\/agv-bs.de\\\/https-events-agv-bs-de\\\/#article\",\"isPartOf\":{\"@id\":\"https:\\\/\\\/agv-bs.de\\\/https-events-agv-bs-de\\\/\"},\"author\":{\"name\":\"Volker Franck\",\"@id\":\"https:\\\/\\\/agv-bs.de\\\/#\\\/schema\\\/person\\\/dca635371fa59ecd3c6aee3becad79fd\"},\"headline\":\"Mehr \u00dcberblick, weniger Klicks: Unsere neue Veranstaltungs-Page!\",\"datePublished\":\"2026-03-25T11:17:37+00:00\",\"dateModified\":\"2026-04-22T07:35:32+00:00\",\"mainEntityOfPage\":{\"@id\":\"https:\\\/\\\/agv-bs.de\\\/https-events-agv-bs-de\\\/\"},\"wordCount\":91,\"publisher\":{\"@id\":\"https:\\\/\\\/agv-bs.de\\\/#organization\"},\"image\":{\"@id\":\"https:\\\/\\\/agv-bs.de\\\/https-events-agv-bs-de\\\/#primaryimage\"},\"thumbnailUrl\":\"https:\\\/\\\/agv-bs.de\\\/wp-content\\\/uploads\\\/Slider_Seminare.png\",\"articleSection\":{\"1\":\"Home News\"},\"inLanguage\":\"de\"},{\"@type\":\"WebPage\",\"@id\":\"https:\\\/\\\/agv-bs.de\\\/https-events-agv-bs-de\\\/\",\"url\":\"https:\\\/\\\/agv-bs.de\\\/https-events-agv-bs-de\\\/\",\"name\":\"Mehr \u00dcberblick, weniger Klicks: Unsere neue Veranstaltungs-Page! - AGV BS\",\"isPartOf\":{\"@id\":\"https:\\\/\\\/agv-bs.de\\\/#website\"},\"primaryImageOfPage\":{\"@id\":\"https:\\\/\\\/agv-bs.de\\\/https-events-agv-bs-de\\\/#primaryimage\"},\"image\":{\"@id\":\"https:\\\/\\\/agv-bs.de\\\/https-events-agv-bs-de\\\/#primaryimage\"},\"thumbnailUrl\":\"https:\\\/\\\/agv-bs.de\\\/wp-content\\\/uploads\\\/Slider_Seminare.png\",\"datePublished\":\"2026-03-25T11:17:37+00:00\",\"dateModified\":\"2026-04-22T07:35:32+00:00\",\"breadcrumb\":{\"@id\":\"https:\\\/\\\/agv-bs.de\\\/https-events-agv-bs-de\\\/#breadcrumb\"},\"inLanguage\":\"de\",\"potentialAction\":[{\"@type\":\"ReadAction\",\"target\":[\"https:\\\/\\\/agv-bs.de\\\/https-events-agv-bs-de\\\/\"]}]},{\"@type\":\"ImageObject\",\"inLanguage\":\"de\",\"@id\":\"https:\\\/\\\/agv-bs.de\\\/https-events-agv-bs-de\\\/#primaryimage\",\"url\":\"https:\\\/\\\/agv-bs.de\\\/wp-content\\\/uploads\\\/Slider_Seminare.png\",\"contentUrl\":\"https:\\\/\\\/agv-bs.de\\\/wp-content\\\/uploads\\\/Slider_Seminare.png\",\"width\":600,\"height\":500},{\"@type\":\"BreadcrumbList\",\"@id\":\"https:\\\/\\\/agv-bs.de\\\/https-events-agv-bs-de\\\/#breadcrumb\",\"itemListElement\":[{\"@type\":\"ListItem\",\"position\":1,\"name\":\"Startseite\",\"item\":\"https:\\\/\\\/agv-bs.de\\\/\"},{\"@type\":\"ListItem\",\"position\":2,\"name\":\"Mehr \u00dcberblick, weniger Klicks: Unsere neue Veranstaltungs-Page!\"}]},{\"@type\":\"WebSite\",\"@id\":\"https:\\\/\\\/agv-bs.de\\\/#website\",\"url\":\"https:\\\/\\\/agv-bs.de\\\/\",\"name\":\"AGV BS\",\"description\":\"Arbeitgeberverband Region Braunschweig\",\"publisher\":{\"@id\":\"https:\\\/\\\/agv-bs.de\\\/#organization\"},\"potentialAction\":[{\"@type\":\"SearchAction\",\"target\":{\"@type\":\"EntryPoint\",\"urlTemplate\":\"https:\\\/\\\/agv-bs.de\\\/?s={search_term_string}\"},\"query-input\":{\"@type\":\"PropertyValueSpecification\",\"valueRequired\":true,\"valueName\":\"search_term_string\"}}],\"inLanguage\":\"de\"},{\"@type\":\"Organization\",\"@id\":\"https:\\\/\\\/agv-bs.de\\\/#organization\",\"name\":\"Arbeitgeberverband Region Braunschweig e.V.\",\"url\":\"https:\\\/\\\/agv-bs.de\\\/\",\"logo\":{\"@type\":\"ImageObject\",\"inLanguage\":\"de\",\"@id\":\"https:\\\/\\\/agv-bs.de\\\/#\\\/schema\\\/logo\\\/image\\\/\",\"url\":\"https:\\\/\\\/agv-bs.de\\\/wp-content\\\/uploads\\\/AGV_Logo_Bildmarke_RGB.png\",\"contentUrl\":\"https:\\\/\\\/agv-bs.de\\\/wp-content\\\/uploads\\\/AGV_Logo_Bildmarke_RGB.png\",\"width\":225,\"height\":251,\"caption\":\"Arbeitgeberverband Region Braunschweig e.V.\"},\"image\":{\"@id\":\"https:\\\/\\\/agv-bs.de\\\/#\\\/schema\\\/logo\\\/image\\\/\"},\"sameAs\":[\"https:\\\/\\\/de-de.facebook.com\\\/ArbeitgeberverbandBS\\\/\",\"https:\\\/\\\/de.linkedin.com\\\/company\\\/arbeitgeberverband-region-braunschweig-e.v\",\"https:\\\/\\\/www.youtube.com\\\/channel\\\/UCdbrbLWKAQ4VGePFDucY_hA\"]},{\"@type\":\"Person\",\"@id\":\"https:\\\/\\\/agv-bs.de\\\/#\\\/schema\\\/person\\\/dca635371fa59ecd3c6aee3becad79fd\",\"name\":\"Volker Franck\",\"image\":{\"@type\":\"ImageObject\",\"inLanguage\":\"de\",\"@id\":\"https:\\\/\\\/secure.gravatar.com\\\/avatar\\\/9e1bc526fec1d058949774ba86fe0866a8f54e8f1e0d7d81cce0279fe82b55d1?s=96&d=mm&r=g\",\"url\":\"https:\\\/\\\/secure.gravatar.com\\\/avatar\\\/9e1bc526fec1d058949774ba86fe0866a8f54e8f1e0d7d81cce0279fe82b55d1?s=96&d=mm&r=g\",\"contentUrl\":\"https:\\\/\\\/secure.gravatar.com\\\/avatar\\\/9e1bc526fec1d058949774ba86fe0866a8f54e8f1e0d7d81cce0279fe82b55d1?s=96&d=mm&r=g\",\"caption\":\"Volker Franck\"}}]}<\/script>\n<!-- \/ Yoast SEO plugin. -->","yoast_head_json":{"title":"Mehr \u00dcberblick, weniger Klicks: Unsere neue Veranstaltungs-Page! - AGV BS","robots":{"index":"index","follow":"follow","max-snippet":"max-snippet:-1","max-image-preview":"max-image-preview:large","max-video-preview":"max-video-preview:-1"},"canonical":"https:\/\/agv-bs.de\/https-events-agv-bs-de\/","og_locale":"de_DE","og_type":"article","og_title":"Mehr \u00dcberblick, weniger Klicks: Unsere neue Veranstaltungs-Page! - AGV BS","og_description":"Unsere Seminar- und Eventseite erstrahlt in neuem Look und ist ab sofort unter einer neuen Adresse erreichbar. events.aGV-bs.de Mit dem Facelift m\u00f6chten wir einen noch besseren \u00dcberblick \u00fcber unser Veranstaltungsangebot bieten und die Orientierung\u00a0 erleichtern. Auch den Anmeldeprozess haben wir \u00fcberarbeitet, sodass die Registrierung bzw. eine Buchung f\u00fcr Sie m\u00f6glichst schnell und unkompliziert erfolgen kann.&hellip;","og_url":"https:\/\/agv-bs.de\/https-events-agv-bs-de\/","og_site_name":"AGV BS","article_publisher":"https:\/\/de-de.facebook.com\/ArbeitgeberverbandBS\/","article_published_time":"2026-03-25T11:17:37+00:00","article_modified_time":"2026-04-22T07:35:32+00:00","og_image":[{"width":600,"height":500,"url":"https:\/\/agv-bs.de\/wp-content\/uploads\/Slider_Seminare.png","type":"image\/png"}],"author":"Volker Franck","twitter_card":"summary_large_image","twitter_misc":{"Verfasst von":"Volker Franck","Gesch\u00e4tzte Lesezeit":"1\u00a0Minute"},"schema":{"@context":"https:\/\/schema.org","@graph":[{"@type":"Article","@id":"https:\/\/agv-bs.de\/https-events-agv-bs-de\/#article","isPartOf":{"@id":"https:\/\/agv-bs.de\/https-events-agv-bs-de\/"},"author":{"name":"Volker Franck","@id":"https:\/\/agv-bs.de\/#\/schema\/person\/dca635371fa59ecd3c6aee3becad79fd"},"headline":"Mehr \u00dcberblick, weniger Klicks: Unsere neue Veranstaltungs-Page!","datePublished":"2026-03-25T11:17:37+00:00","dateModified":"2026-04-22T07:35:32+00:00","mainEntityOfPage":{"@id":"https:\/\/agv-bs.de\/https-events-agv-bs-de\/"},"wordCount":91,"publisher":{"@id":"https:\/\/agv-bs.de\/#organization"},"image":{"@id":"https:\/\/agv-bs.de\/https-events-agv-bs-de\/#primaryimage"},"thumbnailUrl":"https:\/\/agv-bs.de\/wp-content\/uploads\/Slider_Seminare.png","articleSection":{"1":"Home News"},"inLanguage":"de"},{"@type":"WebPage","@id":"https:\/\/agv-bs.de\/https-events-agv-bs-de\/","url":"https:\/\/agv-bs.de\/https-events-agv-bs-de\/","name":"Mehr \u00dcberblick, weniger Klicks: Unsere neue Veranstaltungs-Page! - AGV BS","isPartOf":{"@id":"https:\/\/agv-bs.de\/#website"},"primaryImageOfPage":{"@id":"https:\/\/agv-bs.de\/https-events-agv-bs-de\/#primaryimage"},"image":{"@id":"https:\/\/agv-bs.de\/https-events-agv-bs-de\/#primaryimage"},"thumbnailUrl":"https:\/\/agv-bs.de\/wp-content\/uploads\/Slider_Seminare.png","datePublished":"2026-03-25T11:17:37+00:00","dateModified":"2026-04-22T07:35:32+00:00","breadcrumb":{"@id":"https:\/\/agv-bs.de\/https-events-agv-bs-de\/#breadcrumb"},"inLanguage":"de","potentialAction":[{"@type":"ReadAction","target":["https:\/\/agv-bs.de\/https-events-agv-bs-de\/"]}]},{"@type":"ImageObject","inLanguage":"de","@id":"https:\/\/agv-bs.de\/https-events-agv-bs-de\/#primaryimage","url":"https:\/\/agv-bs.de\/wp-content\/uploads\/Slider_Seminare.png","contentUrl":"https:\/\/agv-bs.de\/wp-content\/uploads\/Slider_Seminare.png","width":600,"height":500},{"@type":"BreadcrumbList","@id":"https:\/\/agv-bs.de\/https-events-agv-bs-de\/#breadcrumb","itemListElement":[{"@type":"ListItem","position":1,"name":"Startseite","item":"https:\/\/agv-bs.de\/"},{"@type":"ListItem","position":2,"name":"Mehr \u00dcberblick, weniger Klicks: Unsere neue Veranstaltungs-Page!"}]},{"@type":"WebSite","@id":"https:\/\/agv-bs.de\/#website","url":"https:\/\/agv-bs.de\/","name":"AGV BS","description":"Arbeitgeberverband Region Braunschweig","publisher":{"@id":"https:\/\/agv-bs.de\/#organization"},"potentialAction":[{"@type":"SearchAction","target":{"@type":"EntryPoint","urlTemplate":"https:\/\/agv-bs.de\/?s={search_term_string}"},"query-input":{"@type":"PropertyValueSpecification","valueRequired":true,"valueName":"search_term_string"}}],"inLanguage":"de"},{"@type":"Organization","@id":"https:\/\/agv-bs.de\/#organization","name":"Arbeitgeberverband Region Braunschweig e.V.","url":"https:\/\/agv-bs.de\/","logo":{"@type":"ImageObject","inLanguage":"de","@id":"https:\/\/agv-bs.de\/#\/schema\/logo\/image\/","url":"https:\/\/agv-bs.de\/wp-content\/uploads\/AGV_Logo_Bildmarke_RGB.png","contentUrl":"https:\/\/agv-bs.de\/wp-content\/uploads\/AGV_Logo_Bildmarke_RGB.png","width":225,"height":251,"caption":"Arbeitgeberverband Region Braunschweig e.V."},"image":{"@id":"https:\/\/agv-bs.de\/#\/schema\/logo\/image\/"},"sameAs":["https:\/\/de-de.facebook.com\/ArbeitgeberverbandBS\/","https:\/\/de.linkedin.com\/company\/arbeitgeberverband-region-braunschweig-e.v","https:\/\/www.youtube.com\/channel\/UCdbrbLWKAQ4VGePFDucY_hA"]},{"@type":"Person","@id":"https:\/\/agv-bs.de\/#\/schema\/person\/dca635371fa59ecd3c6aee3becad79fd","name":"Volker Franck","image":{"@type":"ImageObject","inLanguage":"de","@id":"https:\/\/secure.gravatar.com\/avatar\/9e1bc526fec1d058949774ba86fe0866a8f54e8f1e0d7d81cce0279fe82b55d1?s=96&d=mm&r=g","url":"https:\/\/secure.gravatar.com\/avatar\/9e1bc526fec1d058949774ba86fe0866a8f54e8f1e0d7d81cce0279fe82b55d1?s=96&d=mm&r=g","contentUrl":"https:\/\/secure.gravatar.com\/avatar\/9e1bc526fec1d058949774ba86fe0866a8f54e8f1e0d7d81cce0279fe82b55d1?s=96&d=mm&r=g","caption":"Volker Franck"}}]}},"_links":{"self":[{"href":"https:\/\/agv-bs.de\/wp-json\/wp\/v2\/posts\/27372","targetHints":{"allow":["GET"]}}],"collection":[{"href":"https:\/\/agv-bs.de\/wp-json\/wp\/v2\/posts"}],"about":[{"href":"https:\/\/agv-bs.de\/wp-json\/wp\/v2\/types\/post"}],"author":[{"embeddable":true,"href":"https:\/\/agv-bs.de\/wp-json\/wp\/v2\/users\/610"}],"replies":[{"embeddable":true,"href":"https:\/\/agv-bs.de\/wp-json\/wp\/v2\/comments?post=27372"}],"version-history":[{"count":14,"href":"https:\/\/agv-bs.de\/wp-json\/wp\/v2\/posts\/27372\/revisions"}],"predecessor-version":[{"id":27387,"href":"https:\/\/agv-bs.de\/wp-json\/wp\/v2\/posts\/27372\/revisions\/27387"}],"wp:featuredmedia":[{"embeddable":true,"href":"https:\/\/agv-bs.de\/wp-json\/wp\/v2\/media\/27373"}],"wp:attachment":[{"href":"https:\/\/agv-bs.de\/wp-json\/wp\/v2\/media?parent=27372"}],"wp:term":[{"taxonomy":"category","embeddable":true,"href":"https:\/\/agv-bs.de\/wp-json\/wp\/v2\/categories?post=27372"},{"taxonomy":"post_tag","embeddable":true,"href":"https:\/\/agv-bs.de\/wp-json\/wp\/v2\/tags?post=27372"}],"curies":[{"name":"wp","href":"https:\/\/api.w.org\/{rel}","templated":true}]}}